{"id":639,"date":"2016-09-16T08:32:47","date_gmt":"2016-09-16T06:32:47","guid":{"rendered":"http:\/\/wp.kristdemokraterna.se\/e\/?p=639"},"modified":"2016-09-16T08:32:47","modified_gmt":"2016-09-16T06:32:47","slug":"resa-till-riksdagen-lordag-15-oktober","status":"publish","type":"post","link":"https:\/\/wp.kristdemokraterna.se\/ostergotland\/resa-till-riksdagen-lordag-15-oktober\/","title":{"rendered":"Resa till riksdagen l\u00f6rdag 15 oktober"},"content":{"rendered":"<p><img loading=\"lazy\" decoding=\"async\" class=\"aligncenter size-full wp-image-640\" src=\"http:\/\/wp.kristdemokraterna.se\/ostergotland\/files\/2016\/09\/riksdagshuset_stockholm_2011.jpg\" alt=\"riksdagshuset-stockholm-2011\" width=\"2826\" height=\"1496\" \/><\/p>\n<p>Vi vill bjuda dig som ny medlem 2016 p\u00e5 en resa till Stockholm d\u00e4r vi bes\u00f6ker v\u00e5r riksdagsledamot, Magnus Oscarsson, i riksdagshuset.<br \/>\nHan kommer d\u00e4r guida oss runt och ber\u00e4tta om sitt arbete i riksdagen.<\/p>\n<p>H\u00e4ng p\u00e5! Detta \u00e4r ett unikt tillf\u00e4lle att l\u00e4ra dig mer om Kristdemokraterna och det arbete vi g\u00f6r, men inte minst l\u00e4ra k\u00e4nna fler kristdemokrater i l\u00e4net.<\/p>\n<p><strong>Datum:<\/strong> L\u00f6rdagen den 15 oktober.<\/p>\n<p><strong>Kostnad:\u00a0<\/strong><br \/>\nPartidistriktet st\u00e5r f\u00f6r kostnaden f\u00f6r resan f\u00f6r nya medlemmar 2016.<br \/>\nTidigare medlemmar betalar 200 kr.<br \/>\nLunch och ev fika betalas av respektive deltagare.<\/p>\n<p><strong>Prelimin\u00e4rt program:<\/strong><br \/>\n7.30 Upph\u00e4mtning Mj\u00f6lby, Mc Donalds<br \/>\n8.00 Upph\u00e4mtning Link\u00f6pings fj\u00e4rrbussterminal<br \/>\n8.45 Upph\u00e4mtning Norrk\u00f6pings resecentrum hlp C3-6<br \/>\n9.45 Kaffe\/Te och macka vid rastplatsen Sillekrog<br \/>\n11.15 Ankomst Slottsbacken, vid Riksdagshuset<br \/>\n11.30 Bes\u00f6k i Riksdagshuset med Magnus Oscarsson<br \/>\n13.30 Egen tid p\u00e5 stan med lunch (egen bekostnad)<br \/>\n16.00 Samling och \u00e5terresa<\/p>\n<p><strong>Anm\u00e4lan:<\/strong><br \/>\nDu anm\u00e4ler dig till <a href=\"mailto:ostergotland@kristdemokraterna.se\">ostergotland@kristdemokraterna.se<\/a> senast den 1 oktober.<br \/>\nAntal platser \u00e4r begr\u00e4nsade s\u00e5 skynda att anm\u00e4la dig.<\/p>\n","protected":false},"excerpt":{"rendered":"<p>Vi vill bjuda dig som ny medlem 2016 p\u00e5 en resa till Stockholm d\u00e4r vi bes\u00f6ker v\u00e5r riksdagsledamot, Magnus Oscarsson, i riksdagshuset. Han kommer d\u00e4r guida oss runt och ber\u00e4tta om sitt arbete i riksdagen. H\u00e4ng p\u00e5! Detta \u00e4r ett unikt tillf\u00e4lle att l\u00e4ra dig mer om Kristdemokraterna och det arbete vi g\u00f6r, men inte <a class=\"read-more-link\" href=\"https:\/\/wp.kristdemokraterna.se\/ostergotland\/resa-till-riksdagen-lordag-15-oktober\/\">L\u00e4s mer<\/a><\/p>\n","protected":false},"author":444,"featured_media":0,"comment_status":"closed","ping_status":"closed","sticky":false,"template":"","format":"standard","meta":{"_acf_changed":false,"footnotes":""},"categories":[1],"tags":[],"class_list":["post-639","post","type-post","status-publish","format-standard","hentry","category-okategoriserade"],"acf":[],"yoast_head":"<!-- This site is optimized with the Yoast SEO plugin v27.5 - https:\/\/yoast.com\/product\/yoast-seo-wordpress\/ -->\n<title>Resa till riksdagen l\u00f6rdag 15 oktober - Kristdemokraterna | \u00d6sterg\u00f6tland<\/title>\n<meta name=\"robots\" content=\"index, follow, max-snippet:-1, max-image-preview:large, max-video-preview:-1\" \/>\n<link rel=\"canonical\" href=\"https:\/\/wp.kristdemokraterna.se\/ostergotland\/resa-till-riksdagen-lordag-15-oktober\/\" \/>\n<meta property=\"og:locale\" content=\"sv_SE\" \/>\n<meta property=\"og:type\" content=\"article\" \/>\n<meta property=\"og:title\" content=\"Resa till riksdagen l\u00f6rdag 15 oktober - Kristdemokraterna | \u00d6sterg\u00f6tland\" \/>\n<meta property=\"og:description\" content=\"Vi vill bjuda dig som ny medlem 2016 p\u00e5 en resa till Stockholm d\u00e4r vi bes\u00f6ker v\u00e5r riksdagsledamot, Magnus Oscarsson, i riksdagshuset. Han kommer d\u00e4r guida oss runt och ber\u00e4tta om sitt arbete i riksdagen. H\u00e4ng p\u00e5! Detta \u00e4r ett unikt tillf\u00e4lle att l\u00e4ra dig mer om Kristdemokraterna och det arbete vi g\u00f6r, men inte L\u00e4s mer\" \/>\n<meta property=\"og:url\" content=\"https:\/\/wp.kristdemokraterna.se\/ostergotland\/resa-till-riksdagen-lordag-15-oktober\/\" \/>\n<meta property=\"og:site_name\" content=\"Kristdemokraterna | \u00d6sterg\u00f6tland\" \/>\n<meta property=\"article:published_time\" content=\"2016-09-16T06:32:47+00:00\" \/>\n<meta property=\"og:image\" content=\"http:\/\/wp.kristdemokraterna.se\/ostergotland\/files\/2016\/09\/riksdagshuset_stockholm_2011.jpg\" \/>\n<meta name=\"author\" content=\"helpdesk\" \/>\n<meta name=\"twitter:card\" content=\"summary_large_image\" \/>\n<meta name=\"twitter:label1\" content=\"Skriven av\" \/>\n\t<meta name=\"twitter:data1\" content=\"helpdesk\" \/>\n\t<meta name=\"twitter:label2\" content=\"Ber\u00e4knad l\u00e4stid\" \/>\n\t<meta name=\"twitter:data2\" content=\"1 minut\" \/>\n<script type=\"application\/ld+json\" class=\"yoast-schema-graph\">{\"@context\":\"https:\\\/\\\/schema.org\",\"@graph\":[{\"@type\":\"Article\",\"@id\":\"https:\\\/\\\/wp.kristdemokraterna.se\\\/ostergotland\\\/resa-till-riksdagen-lordag-15-oktober\\\/#article\",\"isPartOf\":{\"@id\":\"https:\\\/\\\/wp.kristdemokraterna.se\\\/ostergotland\\\/resa-till-riksdagen-lordag-15-oktober\\\/\"},\"author\":{\"name\":\"helpdesk\",\"@id\":\"https:\\\/\\\/wp.kristdemokraterna.se\\\/ostergotland\\\/#\\\/schema\\\/person\\\/98d27838d17178471da5e8a56aa604a4\"},\"headline\":\"Resa till riksdagen l\u00f6rdag 15 oktober\",\"datePublished\":\"2016-09-16T06:32:47+00:00\",\"mainEntityOfPage\":{\"@id\":\"https:\\\/\\\/wp.kristdemokraterna.se\\\/ostergotland\\\/resa-till-riksdagen-lordag-15-oktober\\\/\"},\"wordCount\":186,\"image\":{\"@id\":\"https:\\\/\\\/wp.kristdemokraterna.se\\\/ostergotland\\\/resa-till-riksdagen-lordag-15-oktober\\\/#primaryimage\"},\"thumbnailUrl\":\"http:\\\/\\\/wp.kristdemokraterna.se\\\/ostergotland\\\/files\\\/2016\\\/09\\\/riksdagshuset_stockholm_2011.jpg\",\"inLanguage\":\"sv-SE\"},{\"@type\":\"WebPage\",\"@id\":\"https:\\\/\\\/wp.kristdemokraterna.se\\\/ostergotland\\\/resa-till-riksdagen-lordag-15-oktober\\\/\",\"url\":\"https:\\\/\\\/wp.kristdemokraterna.se\\\/ostergotland\\\/resa-till-riksdagen-lordag-15-oktober\\\/\",\"name\":\"Resa till riksdagen l\u00f6rdag 15 oktober - Kristdemokraterna | \u00d6sterg\u00f6tland\",\"isPartOf\":{\"@id\":\"https:\\\/\\\/wp.kristdemokraterna.se\\\/ostergotland\\\/#website\"},\"primaryImageOfPage\":{\"@id\":\"https:\\\/\\\/wp.kristdemokraterna.se\\\/ostergotland\\\/resa-till-riksdagen-lordag-15-oktober\\\/#primaryimage\"},\"image\":{\"@id\":\"https:\\\/\\\/wp.kristdemokraterna.se\\\/ostergotland\\\/resa-till-riksdagen-lordag-15-oktober\\\/#primaryimage\"},\"thumbnailUrl\":\"http:\\\/\\\/wp.kristdemokraterna.se\\\/ostergotland\\\/files\\\/2016\\\/09\\\/riksdagshuset_stockholm_2011.jpg\",\"datePublished\":\"2016-09-16T06:32:47+00:00\",\"author\":{\"@id\":\"https:\\\/\\\/wp.kristdemokraterna.se\\\/ostergotland\\\/#\\\/schema\\\/person\\\/98d27838d17178471da5e8a56aa604a4\"},\"breadcrumb\":{\"@id\":\"https:\\\/\\\/wp.kristdemokraterna.se\\\/ostergotland\\\/resa-till-riksdagen-lordag-15-oktober\\\/#breadcrumb\"},\"inLanguage\":\"sv-SE\",\"potentialAction\":[{\"@type\":\"ReadAction\",\"target\":[\"https:\\\/\\\/wp.kristdemokraterna.se\\\/ostergotland\\\/resa-till-riksdagen-lordag-15-oktober\\\/\"]}]},{\"@type\":\"ImageObject\",\"inLanguage\":\"sv-SE\",\"@id\":\"https:\\\/\\\/wp.kristdemokraterna.se\\\/ostergotland\\\/resa-till-riksdagen-lordag-15-oktober\\\/#primaryimage\",\"url\":\"https:\\\/\\\/wp.kristdemokraterna.se\\\/ostergotland\\\/files\\\/2016\\\/09\\\/riksdagshuset_stockholm_2011-scaled.jpg\",\"contentUrl\":\"https:\\\/\\\/wp.kristdemokraterna.se\\\/ostergotland\\\/files\\\/2016\\\/09\\\/riksdagshuset_stockholm_2011-scaled.jpg\",\"width\":2560,\"height\":1355},{\"@type\":\"BreadcrumbList\",\"@id\":\"https:\\\/\\\/wp.kristdemokraterna.se\\\/ostergotland\\\/resa-till-riksdagen-lordag-15-oktober\\\/#breadcrumb\",\"itemListElement\":[{\"@type\":\"ListItem\",\"position\":1,\"name\":\"Hem\",\"item\":\"https:\\\/\\\/wp.kristdemokraterna.se\\\/ostergotland\\\/\"},{\"@type\":\"ListItem\",\"position\":2,\"name\":\"Resa till riksdagen l\u00f6rdag 15 oktober\"}]},{\"@type\":\"WebSite\",\"@id\":\"https:\\\/\\\/wp.kristdemokraterna.se\\\/ostergotland\\\/#website\",\"url\":\"https:\\\/\\\/wp.kristdemokraterna.se\\\/ostergotland\\\/\",\"name\":\"Kristdemokraterna | \u00d6sterg\u00f6tland\",\"description\":\"V\u00e4lkommen till Kristdemokraterna i \u00d6sterg\u00f6tland\",\"inLanguage\":\"sv-SE\"},{\"@type\":\"Person\",\"@id\":\"https:\\\/\\\/wp.kristdemokraterna.se\\\/ostergotland\\\/#\\\/schema\\\/person\\\/98d27838d17178471da5e8a56aa604a4\",\"name\":\"helpdesk\",\"image\":{\"@type\":\"ImageObject\",\"inLanguage\":\"sv-SE\",\"@id\":\"https:\\\/\\\/secure.gravatar.com\\\/avatar\\\/2e747bc9a7d4e5a6ecca7d851e4175129f995f3f6d9ef18734d1ff623abe4a88?s=96&d=mm&r=g\",\"url\":\"https:\\\/\\\/secure.gravatar.com\\\/avatar\\\/2e747bc9a7d4e5a6ecca7d851e4175129f995f3f6d9ef18734d1ff623abe4a88?s=96&d=mm&r=g\",\"contentUrl\":\"https:\\\/\\\/secure.gravatar.com\\\/avatar\\\/2e747bc9a7d4e5a6ecca7d851e4175129f995f3f6d9ef18734d1ff623abe4a88?s=96&d=mm&r=g\",\"caption\":\"helpdesk\"},\"url\":\"https:\\\/\\\/wp.kristdemokraterna.se\\\/ostergotland\\\/author\\\/helpdesk\\\/\"}]}<\/script>\n<!-- \/ Yoast SEO plugin. -->","yoast_head_json":{"title":"Resa till riksdagen l\u00f6rdag 15 oktober - Kristdemokraterna | \u00d6sterg\u00f6tland","robots":{"index":"index","follow":"follow","max-snippet":"max-snippet:-1","max-image-preview":"max-image-preview:large","max-video-preview":"max-video-preview:-1"},"canonical":"https:\/\/wp.kristdemokraterna.se\/ostergotland\/resa-till-riksdagen-lordag-15-oktober\/","og_locale":"sv_SE","og_type":"article","og_title":"Resa till riksdagen l\u00f6rdag 15 oktober - Kristdemokraterna | \u00d6sterg\u00f6tland","og_description":"Vi vill bjuda dig som ny medlem 2016 p\u00e5 en resa till Stockholm d\u00e4r vi bes\u00f6ker v\u00e5r riksdagsledamot, Magnus Oscarsson, i riksdagshuset. Han kommer d\u00e4r guida oss runt och ber\u00e4tta om sitt arbete i riksdagen. H\u00e4ng p\u00e5! Detta \u00e4r ett unikt tillf\u00e4lle att l\u00e4ra dig mer om Kristdemokraterna och det arbete vi g\u00f6r, men inte L\u00e4s mer","og_url":"https:\/\/wp.kristdemokraterna.se\/ostergotland\/resa-till-riksdagen-lordag-15-oktober\/","og_site_name":"Kristdemokraterna | \u00d6sterg\u00f6tland","article_published_time":"2016-09-16T06:32:47+00:00","og_image":[{"url":"http:\/\/wp.kristdemokraterna.se\/ostergotland\/files\/2016\/09\/riksdagshuset_stockholm_2011.jpg","type":"","width":"","height":""}],"author":"helpdesk","twitter_card":"summary_large_image","twitter_misc":{"Skriven av":"helpdesk","Ber\u00e4knad l\u00e4stid":"1 minut"},"schema":{"@context":"https:\/\/schema.org","@graph":[{"@type":"Article","@id":"https:\/\/wp.kristdemokraterna.se\/ostergotland\/resa-till-riksdagen-lordag-15-oktober\/#article","isPartOf":{"@id":"https:\/\/wp.kristdemokraterna.se\/ostergotland\/resa-till-riksdagen-lordag-15-oktober\/"},"author":{"name":"helpdesk","@id":"https:\/\/wp.kristdemokraterna.se\/ostergotland\/#\/schema\/person\/98d27838d17178471da5e8a56aa604a4"},"headline":"Resa till riksdagen l\u00f6rdag 15 oktober","datePublished":"2016-09-16T06:32:47+00:00","mainEntityOfPage":{"@id":"https:\/\/wp.kristdemokraterna.se\/ostergotland\/resa-till-riksdagen-lordag-15-oktober\/"},"wordCount":186,"image":{"@id":"https:\/\/wp.kristdemokraterna.se\/ostergotland\/resa-till-riksdagen-lordag-15-oktober\/#primaryimage"},"thumbnailUrl":"http:\/\/wp.kristdemokraterna.se\/ostergotland\/files\/2016\/09\/riksdagshuset_stockholm_2011.jpg","inLanguage":"sv-SE"},{"@type":"WebPage","@id":"https:\/\/wp.kristdemokraterna.se\/ostergotland\/resa-till-riksdagen-lordag-15-oktober\/","url":"https:\/\/wp.kristdemokraterna.se\/ostergotland\/resa-till-riksdagen-lordag-15-oktober\/","name":"Resa till riksdagen l\u00f6rdag 15 oktober - Kristdemokraterna | \u00d6sterg\u00f6tland","isPartOf":{"@id":"https:\/\/wp.kristdemokraterna.se\/ostergotland\/#website"},"primaryImageOfPage":{"@id":"https:\/\/wp.kristdemokraterna.se\/ostergotland\/resa-till-riksdagen-lordag-15-oktober\/#primaryimage"},"image":{"@id":"https:\/\/wp.kristdemokraterna.se\/ostergotland\/resa-till-riksdagen-lordag-15-oktober\/#primaryimage"},"thumbnailUrl":"http:\/\/wp.kristdemokraterna.se\/ostergotland\/files\/2016\/09\/riksdagshuset_stockholm_2011.jpg","datePublished":"2016-09-16T06:32:47+00:00","author":{"@id":"https:\/\/wp.kristdemokraterna.se\/ostergotland\/#\/schema\/person\/98d27838d17178471da5e8a56aa604a4"},"breadcrumb":{"@id":"https:\/\/wp.kristdemokraterna.se\/ostergotland\/resa-till-riksdagen-lordag-15-oktober\/#breadcrumb"},"inLanguage":"sv-SE","potentialAction":[{"@type":"ReadAction","target":["https:\/\/wp.kristdemokraterna.se\/ostergotland\/resa-till-riksdagen-lordag-15-oktober\/"]}]},{"@type":"ImageObject","inLanguage":"sv-SE","@id":"https:\/\/wp.kristdemokraterna.se\/ostergotland\/resa-till-riksdagen-lordag-15-oktober\/#primaryimage","url":"https:\/\/wp.kristdemokraterna.se\/ostergotland\/files\/2016\/09\/riksdagshuset_stockholm_2011-scaled.jpg","contentUrl":"https:\/\/wp.kristdemokraterna.se\/ostergotland\/files\/2016\/09\/riksdagshuset_stockholm_2011-scaled.jpg","width":2560,"height":1355},{"@type":"BreadcrumbList","@id":"https:\/\/wp.kristdemokraterna.se\/ostergotland\/resa-till-riksdagen-lordag-15-oktober\/#breadcrumb","itemListElement":[{"@type":"ListItem","position":1,"name":"Hem","item":"https:\/\/wp.kristdemokraterna.se\/ostergotland\/"},{"@type":"ListItem","position":2,"name":"Resa till riksdagen l\u00f6rdag 15 oktober"}]},{"@type":"WebSite","@id":"https:\/\/wp.kristdemokraterna.se\/ostergotland\/#website","url":"https:\/\/wp.kristdemokraterna.se\/ostergotland\/","name":"Kristdemokraterna | \u00d6sterg\u00f6tland","description":"V\u00e4lkommen till Kristdemokraterna i \u00d6sterg\u00f6tland","inLanguage":"sv-SE"},{"@type":"Person","@id":"https:\/\/wp.kristdemokraterna.se\/ostergotland\/#\/schema\/person\/98d27838d17178471da5e8a56aa604a4","name":"helpdesk","image":{"@type":"ImageObject","inLanguage":"sv-SE","@id":"https:\/\/secure.gravatar.com\/avatar\/2e747bc9a7d4e5a6ecca7d851e4175129f995f3f6d9ef18734d1ff623abe4a88?s=96&d=mm&r=g","url":"https:\/\/secure.gravatar.com\/avatar\/2e747bc9a7d4e5a6ecca7d851e4175129f995f3f6d9ef18734d1ff623abe4a88?s=96&d=mm&r=g","contentUrl":"https:\/\/secure.gravatar.com\/avatar\/2e747bc9a7d4e5a6ecca7d851e4175129f995f3f6d9ef18734d1ff623abe4a88?s=96&d=mm&r=g","caption":"helpdesk"},"url":"https:\/\/wp.kristdemokraterna.se\/ostergotland\/author\/helpdesk\/"}]}},"_links":{"self":[{"href":"https:\/\/wp.kristdemokraterna.se\/ostergotland\/wp-json\/wp\/v2\/posts\/639","targetHints":{"allow":["GET"]}}],"collection":[{"href":"https:\/\/wp.kristdemokraterna.se\/ostergotland\/wp-json\/wp\/v2\/posts"}],"about":[{"href":"https:\/\/wp.kristdemokraterna.se\/ostergotland\/wp-json\/wp\/v2\/types\/post"}],"author":[{"embeddable":true,"href":"https:\/\/wp.kristdemokraterna.se\/ostergotland\/wp-json\/wp\/v2\/users\/444"}],"replies":[{"embeddable":true,"href":"https:\/\/wp.kristdemokraterna.se\/ostergotland\/wp-json\/wp\/v2\/comments?post=639"}],"version-history":[{"count":0,"href":"https:\/\/wp.kristdemokraterna.se\/ostergotland\/wp-json\/wp\/v2\/posts\/639\/revisions"}],"wp:attachment":[{"href":"https:\/\/wp.kristdemokraterna.se\/ostergotland\/wp-json\/wp\/v2\/media?parent=639"}],"wp:term":[{"taxonomy":"category","embeddable":true,"href":"https:\/\/wp.kristdemokraterna.se\/ostergotland\/wp-json\/wp\/v2\/categories?post=639"},{"taxonomy":"post_tag","embeddable":true,"href":"https:\/\/wp.kristdemokraterna.se\/ostergotland\/wp-json\/wp\/v2\/tags?post=639"}],"curies":[{"name":"wp","href":"https:\/\/api.w.org\/{rel}","templated":true}]}}