{"id":705,"date":"2022-04-01T18:56:28","date_gmt":"2022-04-01T16:56:28","guid":{"rendered":"https:\/\/wp.kristdemokraterna.se\/ostermalm\/?p=705"},"modified":"2022-08-08T19:36:35","modified_gmt":"2022-08-08T17:36:35","slug":"facit-2021-158-146-trygghetsinsatser","status":"publish","type":"post","link":"https:\/\/wp.kristdemokraterna.se\/ostermalm\/facit-2021-158-146-trygghetsinsatser\/","title":{"rendered":"Facit 2021: 158 146 trygghetsinsatser"},"content":{"rendered":"<p><strong>Stockholms stads kommunalt anlitade\u00a0ordningsvakter genomf\u00f6rde 158 146 trygghetsinsatser under fjol\u00e5ret. Det visar en ny sammanst\u00e4llning \u00f6ver ordningsvakternas inrapporterade insatser och arbete i staden. \u2013 Vi har under mandatperioden genomf\u00f6rt en historiskt stor satsning p\u00e5 ordningsvakter i Stockholm, och statistiken visar vilket omfattande arbete de g\u00f6r f\u00f6r tryggheten i staden, s\u00e4ger Erik Slottner (KD), trygghetsborgarr\u00e5d i Stockholms stad.<\/strong><\/p>\n<p>Ordningsvakterna rapporterade ifjol in n\u00e4rmare 160 000 trygghetsinsatser, vilket \u00e4r en \u00f6kning med drygt 40 000 insatser fr\u00e5n 2020. Ut\u00f6ver patrullering och medverkan till allm\u00e4n ordning, m\u00e4rks ocks\u00e5 v\u00e4gledning och service till allm\u00e4nheten, olika samverkansinsatser, assistans vid sjukdomsfall samt f\u00f6rebyggande och f\u00f6rhindrade \u00e5tg\u00e4rder mot brott och ordningsst\u00f6rningar.<\/p>\n<p><em>\u2013\u00a0Det \u00e4r oerh\u00f6rt viktiga insatser ordningsvakterna g\u00f6r f\u00f6r tryggheten i Stockholm och sammanst\u00e4llningen som nu presenteras visar p\u00e5 hur omfattande deras arbete \u00e4r. Vi vet sedan tidigare att ordningsvakternas blotta n\u00e4rvaro har en trygghetsskapande och\u00a0<\/em><em>preventiv<\/em><em>\u00a0effekt. Men vi ser ocks\u00e5 i statistiken att de stod f\u00f6r \u00f6ver 12 000 f\u00f6rhindrade och f\u00f6rebyggande insatser mot brott och ordningsst\u00f6rningar<\/em>, s\u00e4ger Erik Slottner (KD).<\/p>\n<p>Arbetet med kommunalt anlitade ordningsvakter har under mandatperioden varit en prioriterad politisk satsning i Stockholms stad och antalet patrullerande ordningsvakter i stadens regi har sedan 2018 \u00f6kat fr\u00e5n 18 till \u00f6ver 180 stycken. I \u00e5r f\u00f6rst\u00e4rkts projektet med ytterligare sex miljoner kronor och totalt kommer 101 miljoner kronor att l\u00e4ggas p\u00e5 ordningsvakternas arbete 2022. Samtidigt ans\u00f6ker staden regelbundet till polisen om fler tillst\u00e5ndsgivna platser f\u00f6r ordningsvakterna att verka p\u00e5.<\/p>\n<p><em>\u2013<\/em>\u00a0<em>\u201dStockholmsmodellen\u201d med kommunalt anlitade ordningsvakter har visat v\u00e4gen f\u00f6r hur man kommunalt kan kompensera f\u00f6r den polisbrist som r\u00e5der i Sverige. Synligheten av uniformerad personal p\u00e5<\/em><em>\u00a0v\u00e5ra gator och torg \u00e4r\u00a0<\/em><em>viktig f\u00f6r m\u00e4nniskors trygghet, men ocks\u00e5 f\u00f6r att avlasta polisen och frig\u00f6ra resurser f\u00f6r dem i deras arbete<\/em>, avslutar Erik Slottner (KD).<\/p>\n<h3><strong>Ordningsvakternas trygghetsskapande \u00e5tg\u00e4rder 2021<\/strong><\/h3>\n<table style=\"height: 162px\" width=\"683\">\n<tbody>\n<tr>\n<td width=\"533\">Patrullering \/ medverkan till allm\u00e4n ordning<\/td>\n<td width=\"64\">119 140<\/td>\n<\/tr>\n<tr>\n<td>Insatser<\/td>\n<td>\u00a0 38 513<\/td>\n<\/tr>\n<tr>\n<td>Varav\u00a0f\u00f6rebyggande eller f\u00f6rhindrade insatser mot brott eller ordningsst\u00f6rning<\/td>\n<td>\u00a0 12 141<\/td>\n<\/tr>\n<tr>\n<td>\u00d6vrigt<\/td>\n<td>\u00a0 \u00a0 \u00a0 493<\/td>\n<\/tr>\n<\/tbody>\n<\/table>\n<p>&nbsp;<\/p>\n","protected":false},"excerpt":{"rendered":"<p>Stockholms stads kommunalt anlitade\u00a0ordningsvakter genomf\u00f6rde 158 146 trygghetsinsatser under fjol\u00e5ret. Det visar en ny sammanst\u00e4llning \u00f6ver ordningsvakternas inrapporterade insatser och arbete i staden. \u2013 Vi har under mandatperioden genomf\u00f6rt en historiskt stor satsning p\u00e5 ordningsvakter i Stockholm, och statistiken visar vilket omfattande arbete de g\u00f6r f\u00f6r tryggheten i staden, s\u00e4ger Erik Slottner (KD), trygghetsborgarr\u00e5d i <a class=\"read-more-link\" href=\"https:\/\/wp.kristdemokraterna.se\/ostermalm\/facit-2021-158-146-trygghetsinsatser\/\">Read More<\/a><\/p>\n","protected":false},"author":989,"featured_media":0,"comment_status":"closed","ping_status":"closed","sticky":true,"template":"","format":"standard","meta":{"_acf_changed":false,"footnotes":""},"categories":[5,14,13],"tags":[],"class_list":["post-705","post","type-post","status-publish","format-standard","hentry","category-senaste","category-i-kommunen","category-inlagg"],"acf":[],"yoast_head":"<!-- This site is optimized with the Yoast SEO plugin v27.5 - https:\/\/yoast.com\/product\/yoast-seo-wordpress\/ -->\n<title>Facit 2021: 158 146 trygghetsinsatser - Kristdemokraterna | \u00d6stermalm<\/title>\n<meta name=\"robots\" content=\"index, follow, max-snippet:-1, max-image-preview:large, max-video-preview:-1\" \/>\n<link rel=\"canonical\" href=\"https:\/\/wp.kristdemokraterna.se\/ostermalm\/facit-2021-158-146-trygghetsinsatser\/\" \/>\n<meta property=\"og:locale\" content=\"sv_SE\" \/>\n<meta property=\"og:type\" content=\"article\" \/>\n<meta property=\"og:title\" content=\"Facit 2021: 158 146 trygghetsinsatser - Kristdemokraterna | \u00d6stermalm\" \/>\n<meta property=\"og:description\" content=\"Stockholms stads kommunalt anlitade\u00a0ordningsvakter genomf\u00f6rde 158 146 trygghetsinsatser under fjol\u00e5ret. Det visar en ny sammanst\u00e4llning \u00f6ver ordningsvakternas inrapporterade insatser och arbete i staden. \u2013 Vi har under mandatperioden genomf\u00f6rt en historiskt stor satsning p\u00e5 ordningsvakter i Stockholm, och statistiken visar vilket omfattande arbete de g\u00f6r f\u00f6r tryggheten i staden, s\u00e4ger Erik Slottner (KD), trygghetsborgarr\u00e5d i Read More\" \/>\n<meta property=\"og:url\" content=\"https:\/\/wp.kristdemokraterna.se\/ostermalm\/facit-2021-158-146-trygghetsinsatser\/\" \/>\n<meta property=\"og:site_name\" content=\"Kristdemokraterna | \u00d6stermalm\" \/>\n<meta property=\"article:published_time\" content=\"2022-04-01T16:56:28+00:00\" \/>\n<meta property=\"article:modified_time\" content=\"2022-08-08T17:36:35+00:00\" \/>\n<meta name=\"author\" content=\"Gaby Roseen\" \/>\n<meta name=\"twitter:card\" content=\"summary_large_image\" \/>\n<meta name=\"twitter:label1\" content=\"Skriven av\" \/>\n\t<meta name=\"twitter:data1\" content=\"Gaby Roseen\" \/>\n\t<meta name=\"twitter:label2\" content=\"Ber\u00e4knad l\u00e4stid\" \/>\n\t<meta name=\"twitter:data2\" content=\"2 minuter\" \/>\n<script type=\"application\/ld+json\" class=\"yoast-schema-graph\">{\"@context\":\"https:\\\/\\\/schema.org\",\"@graph\":[{\"@type\":\"Article\",\"@id\":\"https:\\\/\\\/wp.kristdemokraterna.se\\\/ostermalm\\\/facit-2021-158-146-trygghetsinsatser\\\/#article\",\"isPartOf\":{\"@id\":\"https:\\\/\\\/wp.kristdemokraterna.se\\\/ostermalm\\\/facit-2021-158-146-trygghetsinsatser\\\/\"},\"author\":{\"name\":\"Gaby Roseen\",\"@id\":\"https:\\\/\\\/wp.kristdemokraterna.se\\\/ostermalm\\\/#\\\/schema\\\/person\\\/00396c034a8f08dfb28fae44cad49366\"},\"headline\":\"Facit 2021: 158 146 trygghetsinsatser\",\"datePublished\":\"2022-04-01T16:56:28+00:00\",\"dateModified\":\"2022-08-08T17:36:35+00:00\",\"mainEntityOfPage\":{\"@id\":\"https:\\\/\\\/wp.kristdemokraterna.se\\\/ostermalm\\\/facit-2021-158-146-trygghetsinsatser\\\/\"},\"wordCount\":347,\"articleSection\":[\"Alla nyheter\",\"I kommunen\",\"inl\u00e4gg\"],\"inLanguage\":\"sv-SE\"},{\"@type\":\"WebPage\",\"@id\":\"https:\\\/\\\/wp.kristdemokraterna.se\\\/ostermalm\\\/facit-2021-158-146-trygghetsinsatser\\\/\",\"url\":\"https:\\\/\\\/wp.kristdemokraterna.se\\\/ostermalm\\\/facit-2021-158-146-trygghetsinsatser\\\/\",\"name\":\"Facit 2021: 158 146 trygghetsinsatser - Kristdemokraterna | \u00d6stermalm\",\"isPartOf\":{\"@id\":\"https:\\\/\\\/wp.kristdemokraterna.se\\\/ostermalm\\\/#website\"},\"datePublished\":\"2022-04-01T16:56:28+00:00\",\"dateModified\":\"2022-08-08T17:36:35+00:00\",\"author\":{\"@id\":\"https:\\\/\\\/wp.kristdemokraterna.se\\\/ostermalm\\\/#\\\/schema\\\/person\\\/00396c034a8f08dfb28fae44cad49366\"},\"breadcrumb\":{\"@id\":\"https:\\\/\\\/wp.kristdemokraterna.se\\\/ostermalm\\\/facit-2021-158-146-trygghetsinsatser\\\/#breadcrumb\"},\"inLanguage\":\"sv-SE\",\"potentialAction\":[{\"@type\":\"ReadAction\",\"target\":[\"https:\\\/\\\/wp.kristdemokraterna.se\\\/ostermalm\\\/facit-2021-158-146-trygghetsinsatser\\\/\"]}]},{\"@type\":\"BreadcrumbList\",\"@id\":\"https:\\\/\\\/wp.kristdemokraterna.se\\\/ostermalm\\\/facit-2021-158-146-trygghetsinsatser\\\/#breadcrumb\",\"itemListElement\":[{\"@type\":\"ListItem\",\"position\":1,\"name\":\"Hem\",\"item\":\"https:\\\/\\\/wp.kristdemokraterna.se\\\/ostermalm\\\/\"},{\"@type\":\"ListItem\",\"position\":2,\"name\":\"Facit 2021: 158 146 trygghetsinsatser\"}]},{\"@type\":\"WebSite\",\"@id\":\"https:\\\/\\\/wp.kristdemokraterna.se\\\/ostermalm\\\/#website\",\"url\":\"https:\\\/\\\/wp.kristdemokraterna.se\\\/ostermalm\\\/\",\"name\":\"Kristdemokraterna | \u00d6stermalm\",\"description\":\"KD Partiavdelning \u00d6stermalm\",\"inLanguage\":\"sv-SE\"},{\"@type\":\"Person\",\"@id\":\"https:\\\/\\\/wp.kristdemokraterna.se\\\/ostermalm\\\/#\\\/schema\\\/person\\\/00396c034a8f08dfb28fae44cad49366\",\"name\":\"Gaby Roseen\",\"image\":{\"@type\":\"ImageObject\",\"inLanguage\":\"sv-SE\",\"@id\":\"https:\\\/\\\/secure.gravatar.com\\\/avatar\\\/e96ca8ffb5899f5d28b6f405fd7444e74d6f07f65c6ea6cd074edb7e573a593d?s=96&d=mm&r=g\",\"url\":\"https:\\\/\\\/secure.gravatar.com\\\/avatar\\\/e96ca8ffb5899f5d28b6f405fd7444e74d6f07f65c6ea6cd074edb7e573a593d?s=96&d=mm&r=g\",\"contentUrl\":\"https:\\\/\\\/secure.gravatar.com\\\/avatar\\\/e96ca8ffb5899f5d28b6f405fd7444e74d6f07f65c6ea6cd074edb7e573a593d?s=96&d=mm&r=g\",\"caption\":\"Gaby Roseen\"},\"url\":\"https:\\\/\\\/wp.kristdemokraterna.se\\\/ostermalm\\\/author\\\/ostermalm3\\\/\"}]}<\/script>\n<!-- \/ Yoast SEO plugin. -->","yoast_head_json":{"title":"Facit 2021: 158 146 trygghetsinsatser - Kristdemokraterna | \u00d6stermalm","robots":{"index":"index","follow":"follow","max-snippet":"max-snippet:-1","max-image-preview":"max-image-preview:large","max-video-preview":"max-video-preview:-1"},"canonical":"https:\/\/wp.kristdemokraterna.se\/ostermalm\/facit-2021-158-146-trygghetsinsatser\/","og_locale":"sv_SE","og_type":"article","og_title":"Facit 2021: 158 146 trygghetsinsatser - Kristdemokraterna | \u00d6stermalm","og_description":"Stockholms stads kommunalt anlitade\u00a0ordningsvakter genomf\u00f6rde 158 146 trygghetsinsatser under fjol\u00e5ret. Det visar en ny sammanst\u00e4llning \u00f6ver ordningsvakternas inrapporterade insatser och arbete i staden. \u2013 Vi har under mandatperioden genomf\u00f6rt en historiskt stor satsning p\u00e5 ordningsvakter i Stockholm, och statistiken visar vilket omfattande arbete de g\u00f6r f\u00f6r tryggheten i staden, s\u00e4ger Erik Slottner (KD), trygghetsborgarr\u00e5d i Read More","og_url":"https:\/\/wp.kristdemokraterna.se\/ostermalm\/facit-2021-158-146-trygghetsinsatser\/","og_site_name":"Kristdemokraterna | \u00d6stermalm","article_published_time":"2022-04-01T16:56:28+00:00","article_modified_time":"2022-08-08T17:36:35+00:00","author":"Gaby Roseen","twitter_card":"summary_large_image","twitter_misc":{"Skriven av":"Gaby Roseen","Ber\u00e4knad l\u00e4stid":"2 minuter"},"schema":{"@context":"https:\/\/schema.org","@graph":[{"@type":"Article","@id":"https:\/\/wp.kristdemokraterna.se\/ostermalm\/facit-2021-158-146-trygghetsinsatser\/#article","isPartOf":{"@id":"https:\/\/wp.kristdemokraterna.se\/ostermalm\/facit-2021-158-146-trygghetsinsatser\/"},"author":{"name":"Gaby Roseen","@id":"https:\/\/wp.kristdemokraterna.se\/ostermalm\/#\/schema\/person\/00396c034a8f08dfb28fae44cad49366"},"headline":"Facit 2021: 158 146 trygghetsinsatser","datePublished":"2022-04-01T16:56:28+00:00","dateModified":"2022-08-08T17:36:35+00:00","mainEntityOfPage":{"@id":"https:\/\/wp.kristdemokraterna.se\/ostermalm\/facit-2021-158-146-trygghetsinsatser\/"},"wordCount":347,"articleSection":["Alla nyheter","I kommunen","inl\u00e4gg"],"inLanguage":"sv-SE"},{"@type":"WebPage","@id":"https:\/\/wp.kristdemokraterna.se\/ostermalm\/facit-2021-158-146-trygghetsinsatser\/","url":"https:\/\/wp.kristdemokraterna.se\/ostermalm\/facit-2021-158-146-trygghetsinsatser\/","name":"Facit 2021: 158 146 trygghetsinsatser - Kristdemokraterna | \u00d6stermalm","isPartOf":{"@id":"https:\/\/wp.kristdemokraterna.se\/ostermalm\/#website"},"datePublished":"2022-04-01T16:56:28+00:00","dateModified":"2022-08-08T17:36:35+00:00","author":{"@id":"https:\/\/wp.kristdemokraterna.se\/ostermalm\/#\/schema\/person\/00396c034a8f08dfb28fae44cad49366"},"breadcrumb":{"@id":"https:\/\/wp.kristdemokraterna.se\/ostermalm\/facit-2021-158-146-trygghetsinsatser\/#breadcrumb"},"inLanguage":"sv-SE","potentialAction":[{"@type":"ReadAction","target":["https:\/\/wp.kristdemokraterna.se\/ostermalm\/facit-2021-158-146-trygghetsinsatser\/"]}]},{"@type":"BreadcrumbList","@id":"https:\/\/wp.kristdemokraterna.se\/ostermalm\/facit-2021-158-146-trygghetsinsatser\/#breadcrumb","itemListElement":[{"@type":"ListItem","position":1,"name":"Hem","item":"https:\/\/wp.kristdemokraterna.se\/ostermalm\/"},{"@type":"ListItem","position":2,"name":"Facit 2021: 158 146 trygghetsinsatser"}]},{"@type":"WebSite","@id":"https:\/\/wp.kristdemokraterna.se\/ostermalm\/#website","url":"https:\/\/wp.kristdemokraterna.se\/ostermalm\/","name":"Kristdemokraterna | \u00d6stermalm","description":"KD Partiavdelning \u00d6stermalm","inLanguage":"sv-SE"},{"@type":"Person","@id":"https:\/\/wp.kristdemokraterna.se\/ostermalm\/#\/schema\/person\/00396c034a8f08dfb28fae44cad49366","name":"Gaby Roseen","image":{"@type":"ImageObject","inLanguage":"sv-SE","@id":"https:\/\/secure.gravatar.com\/avatar\/e96ca8ffb5899f5d28b6f405fd7444e74d6f07f65c6ea6cd074edb7e573a593d?s=96&d=mm&r=g","url":"https:\/\/secure.gravatar.com\/avatar\/e96ca8ffb5899f5d28b6f405fd7444e74d6f07f65c6ea6cd074edb7e573a593d?s=96&d=mm&r=g","contentUrl":"https:\/\/secure.gravatar.com\/avatar\/e96ca8ffb5899f5d28b6f405fd7444e74d6f07f65c6ea6cd074edb7e573a593d?s=96&d=mm&r=g","caption":"Gaby Roseen"},"url":"https:\/\/wp.kristdemokraterna.se\/ostermalm\/author\/ostermalm3\/"}]}},"_links":{"self":[{"href":"https:\/\/wp.kristdemokraterna.se\/ostermalm\/wp-json\/wp\/v2\/posts\/705","targetHints":{"allow":["GET"]}}],"collection":[{"href":"https:\/\/wp.kristdemokraterna.se\/ostermalm\/wp-json\/wp\/v2\/posts"}],"about":[{"href":"https:\/\/wp.kristdemokraterna.se\/ostermalm\/wp-json\/wp\/v2\/types\/post"}],"author":[{"embeddable":true,"href":"https:\/\/wp.kristdemokraterna.se\/ostermalm\/wp-json\/wp\/v2\/users\/989"}],"replies":[{"embeddable":true,"href":"https:\/\/wp.kristdemokraterna.se\/ostermalm\/wp-json\/wp\/v2\/comments?post=705"}],"version-history":[{"count":9,"href":"https:\/\/wp.kristdemokraterna.se\/ostermalm\/wp-json\/wp\/v2\/posts\/705\/revisions"}],"predecessor-version":[{"id":716,"href":"https:\/\/wp.kristdemokraterna.se\/ostermalm\/wp-json\/wp\/v2\/posts\/705\/revisions\/716"}],"wp:attachment":[{"href":"https:\/\/wp.kristdemokraterna.se\/ostermalm\/wp-json\/wp\/v2\/media?parent=705"}],"wp:term":[{"taxonomy":"category","embeddable":true,"href":"https:\/\/wp.kristdemokraterna.se\/ostermalm\/wp-json\/wp\/v2\/categories?post=705"},{"taxonomy":"post_tag","embeddable":true,"href":"https:\/\/wp.kristdemokraterna.se\/ostermalm\/wp-json\/wp\/v2\/tags?post=705"}],"curies":[{"name":"wp","href":"https:\/\/api.w.org\/{rel}","templated":true}]}}