{"id":529,"date":"2017-11-01T14:09:31","date_gmt":"2017-11-01T13:09:31","guid":{"rendered":"http:\/\/wp.kristdemokraterna.se\/ovanaker\/?p=529"},"modified":"2023-09-22T10:31:27","modified_gmt":"2023-09-22T08:31:27","slug":"pedagogisk-verksamhet","status":"publish","type":"post","link":"https:\/\/wp.kristdemokraterna.se\/ovanaker\/pedagogisk-verksamhet\/","title":{"rendered":"Pedagogisk verksamhet"},"content":{"rendered":"<p><strong>Till Barn- och utbildningsn\u00e4mndens ordf\u00f6rande H\u00e5kan Englund<\/strong><\/p>\n<p>Den 1 juli 2009 ersattes begreppet familjedaghem med pedagogisk omsorg i skollagen. Pedagogisk omsorg kan till exempel vara verksamhet d\u00e4r barn tas omhand i personalens eget hem (traditionellt familjedaghem) eller olika flerfamiljsl\u00f6sningar. Pedagogisk omsorg kan \u00e4ven bedrivas i en s\u00e4rskild lokal.<\/p>\n<p>Pedagogisk omsorg erbjuds ist\u00e4llet f\u00f6r f\u00f6rskola eller fritidshem och v\u00e4nder sig till barn i samma \u00e5ldrar (1-12 \u00e5r) som de barn och elever som g\u00e5r i f\u00f6rskola och p\u00e5 fritidshem. Verksamheten ska stimulera barns utveckling och l\u00e4rande och utformas s\u00e5 att den f\u00f6rbereder barnen f\u00f6r fortsatt l\u00e4rande. Huvudmannen (kommun eller enskild huvudman) ska systematiskt f\u00f6lja upp och utv\u00e4rdera pedagogisk omsorg.<\/p>\n<p>Pedagogisk omsorg kan bedrivas i kommunal eller enskild regi. Kommunen ska str\u00e4va efter att erbjuda ett barn pedagogisk omsorg ist\u00e4llet f\u00f6r f\u00f6rskola eller fritidshem om barnets v\u00e5rdnadshavare \u00f6nskar det.<\/p>\n<p>Mot bakgrund av lagstiftningen vill jag st\u00e4lla f\u00f6ljande fr\u00e5gor till barn- och utbildningsn\u00e4mndens ordf\u00f6rande<\/p>\n<p>1) Varf\u00f6r har vi ingen pedagogisk omsorg \u00a0i v\u00e5r kommun?<\/p>\n<p>2) Av Skollagen framg\u00e5r att \u201dkommunen ska str\u00e4va efter att i st\u00e4llet f\u00f6r f\u00f6rskola och fritidshem erbjuda en bra pedagogisk omsorg, om v\u00e5rdnadshavaren \u00f6nskar det\u201d. Str\u00e4var v\u00e5r kommun efter detta? I s\u00e5 fall &#8211; p\u00e5 vilket s\u00e4tt?<\/p>\n<p>Jennie Forsblom (KD)<\/p>\n","protected":false},"excerpt":{"rendered":"<p>Till Barn- och utbildningsn\u00e4mndens ordf\u00f6rande H\u00e5kan Englund Den 1 juli 2009 ersattes begreppet familjedaghem med pedagogisk omsorg i skollagen. Pedagogisk omsorg kan till exempel vara verksamhet d\u00e4r barn tas omhand i personalens eget hem (traditionellt familjedaghem) eller olika flerfamiljsl\u00f6sningar. Pedagogisk omsorg kan \u00e4ven bedrivas i en s\u00e4rskild lokal. Pedagogisk omsorg erbjuds ist\u00e4llet f\u00f6r f\u00f6rskola eller <a class=\"read-more-link\" href=\"https:\/\/wp.kristdemokraterna.se\/ovanaker\/pedagogisk-verksamhet\/\">L\u00e4s mer<\/a><\/p>\n","protected":false},"author":579,"featured_media":0,"comment_status":"closed","ping_status":"closed","sticky":false,"template":"","format":"standard","meta":{"_acf_changed":false,"footnotes":""},"categories":[1],"tags":[],"class_list":["post-529","post","type-post","status-publish","format-standard","hentry","category-okategoriserade"],"acf":[],"yoast_head":"<!-- This site is optimized with the Yoast SEO plugin v27.4 - https:\/\/yoast.com\/product\/yoast-seo-wordpress\/ -->\n<title>Pedagogisk verksamhet - Kristdemokraterna i Ovan\u00e5ker<\/title>\n<meta name=\"robots\" content=\"index, follow, max-snippet:-1, max-image-preview:large, max-video-preview:-1\" \/>\n<link rel=\"canonical\" href=\"https:\/\/wp.kristdemokraterna.se\/ovanaker\/pedagogisk-verksamhet\/\" \/>\n<meta property=\"og:locale\" content=\"sv_SE\" \/>\n<meta property=\"og:type\" content=\"article\" \/>\n<meta property=\"og:title\" content=\"Pedagogisk verksamhet - Kristdemokraterna i Ovan\u00e5ker\" \/>\n<meta property=\"og:description\" content=\"Till Barn- och utbildningsn\u00e4mndens ordf\u00f6rande H\u00e5kan Englund Den 1 juli 2009 ersattes begreppet familjedaghem med pedagogisk omsorg i skollagen. Pedagogisk omsorg kan till exempel vara verksamhet d\u00e4r barn tas omhand i personalens eget hem (traditionellt familjedaghem) eller olika flerfamiljsl\u00f6sningar. Pedagogisk omsorg kan \u00e4ven bedrivas i en s\u00e4rskild lokal. Pedagogisk omsorg erbjuds ist\u00e4llet f\u00f6r f\u00f6rskola eller L\u00e4s mer\" \/>\n<meta property=\"og:url\" content=\"https:\/\/wp.kristdemokraterna.se\/ovanaker\/pedagogisk-verksamhet\/\" \/>\n<meta property=\"og:site_name\" content=\"Kristdemokraterna i Ovan\u00e5ker\" \/>\n<meta property=\"article:published_time\" content=\"2017-11-01T13:09:31+00:00\" \/>\n<meta property=\"article:modified_time\" content=\"2023-09-22T08:31:27+00:00\" \/>\n<meta name=\"author\" content=\"ovanaker\" \/>\n<meta name=\"twitter:card\" content=\"summary_large_image\" \/>\n<meta name=\"twitter:label1\" content=\"Skriven av\" \/>\n\t<meta name=\"twitter:data1\" content=\"ovanaker\" \/>\n\t<meta name=\"twitter:label2\" content=\"Ber\u00e4knad l\u00e4stid\" \/>\n\t<meta name=\"twitter:data2\" content=\"1 minut\" \/>\n<script type=\"application\/ld+json\" class=\"yoast-schema-graph\">{\"@context\":\"https:\\\/\\\/schema.org\",\"@graph\":[{\"@type\":\"Article\",\"@id\":\"https:\\\/\\\/wp.kristdemokraterna.se\\\/ovanaker\\\/pedagogisk-verksamhet\\\/#article\",\"isPartOf\":{\"@id\":\"https:\\\/\\\/wp.kristdemokraterna.se\\\/ovanaker\\\/pedagogisk-verksamhet\\\/\"},\"author\":{\"name\":\"ovanaker\",\"@id\":\"https:\\\/\\\/wp.kristdemokraterna.se\\\/ovanaker\\\/#\\\/schema\\\/person\\\/d60f80d33fe14ed451d2af8b448f94ff\"},\"headline\":\"Pedagogisk verksamhet\",\"datePublished\":\"2017-11-01T13:09:31+00:00\",\"dateModified\":\"2023-09-22T08:31:27+00:00\",\"mainEntityOfPage\":{\"@id\":\"https:\\\/\\\/wp.kristdemokraterna.se\\\/ovanaker\\\/pedagogisk-verksamhet\\\/\"},\"wordCount\":238,\"inLanguage\":\"sv-SE\"},{\"@type\":\"WebPage\",\"@id\":\"https:\\\/\\\/wp.kristdemokraterna.se\\\/ovanaker\\\/pedagogisk-verksamhet\\\/\",\"url\":\"https:\\\/\\\/wp.kristdemokraterna.se\\\/ovanaker\\\/pedagogisk-verksamhet\\\/\",\"name\":\"Pedagogisk verksamhet - Kristdemokraterna i Ovan\u00e5ker\",\"isPartOf\":{\"@id\":\"https:\\\/\\\/wp.kristdemokraterna.se\\\/ovanaker\\\/#website\"},\"datePublished\":\"2017-11-01T13:09:31+00:00\",\"dateModified\":\"2023-09-22T08:31:27+00:00\",\"author\":{\"@id\":\"https:\\\/\\\/wp.kristdemokraterna.se\\\/ovanaker\\\/#\\\/schema\\\/person\\\/d60f80d33fe14ed451d2af8b448f94ff\"},\"breadcrumb\":{\"@id\":\"https:\\\/\\\/wp.kristdemokraterna.se\\\/ovanaker\\\/pedagogisk-verksamhet\\\/#breadcrumb\"},\"inLanguage\":\"sv-SE\",\"potentialAction\":[{\"@type\":\"ReadAction\",\"target\":[\"https:\\\/\\\/wp.kristdemokraterna.se\\\/ovanaker\\\/pedagogisk-verksamhet\\\/\"]}]},{\"@type\":\"BreadcrumbList\",\"@id\":\"https:\\\/\\\/wp.kristdemokraterna.se\\\/ovanaker\\\/pedagogisk-verksamhet\\\/#breadcrumb\",\"itemListElement\":[{\"@type\":\"ListItem\",\"position\":1,\"name\":\"Hem\",\"item\":\"https:\\\/\\\/wp.kristdemokraterna.se\\\/ovanaker\\\/\"},{\"@type\":\"ListItem\",\"position\":2,\"name\":\"Pedagogisk verksamhet\"}]},{\"@type\":\"WebSite\",\"@id\":\"https:\\\/\\\/wp.kristdemokraterna.se\\\/ovanaker\\\/#website\",\"url\":\"https:\\\/\\\/wp.kristdemokraterna.se\\\/ovanaker\\\/\",\"name\":\"Kristdemokraterna i Ovan\u00e5ker\",\"description\":\"En till Kristdemokraterna webbplats\",\"inLanguage\":\"sv-SE\"},{\"@type\":\"Person\",\"@id\":\"https:\\\/\\\/wp.kristdemokraterna.se\\\/ovanaker\\\/#\\\/schema\\\/person\\\/d60f80d33fe14ed451d2af8b448f94ff\",\"name\":\"ovanaker\",\"image\":{\"@type\":\"ImageObject\",\"inLanguage\":\"sv-SE\",\"@id\":\"https:\\\/\\\/secure.gravatar.com\\\/avatar\\\/74a760ad3e91c7c14f67f66edb8214a25bae2c6c96c53cec5d416e1f471facb7?s=96&d=mm&r=g\",\"url\":\"https:\\\/\\\/secure.gravatar.com\\\/avatar\\\/74a760ad3e91c7c14f67f66edb8214a25bae2c6c96c53cec5d416e1f471facb7?s=96&d=mm&r=g\",\"contentUrl\":\"https:\\\/\\\/secure.gravatar.com\\\/avatar\\\/74a760ad3e91c7c14f67f66edb8214a25bae2c6c96c53cec5d416e1f471facb7?s=96&d=mm&r=g\",\"caption\":\"ovanaker\"},\"url\":\"https:\\\/\\\/wp.kristdemokraterna.se\\\/ovanaker\\\/author\\\/ovanaker\\\/\"}]}<\/script>\n<!-- \/ Yoast SEO plugin. -->","yoast_head_json":{"title":"Pedagogisk verksamhet - Kristdemokraterna i Ovan\u00e5ker","robots":{"index":"index","follow":"follow","max-snippet":"max-snippet:-1","max-image-preview":"max-image-preview:large","max-video-preview":"max-video-preview:-1"},"canonical":"https:\/\/wp.kristdemokraterna.se\/ovanaker\/pedagogisk-verksamhet\/","og_locale":"sv_SE","og_type":"article","og_title":"Pedagogisk verksamhet - Kristdemokraterna i Ovan\u00e5ker","og_description":"Till Barn- och utbildningsn\u00e4mndens ordf\u00f6rande H\u00e5kan Englund Den 1 juli 2009 ersattes begreppet familjedaghem med pedagogisk omsorg i skollagen. Pedagogisk omsorg kan till exempel vara verksamhet d\u00e4r barn tas omhand i personalens eget hem (traditionellt familjedaghem) eller olika flerfamiljsl\u00f6sningar. Pedagogisk omsorg kan \u00e4ven bedrivas i en s\u00e4rskild lokal. Pedagogisk omsorg erbjuds ist\u00e4llet f\u00f6r f\u00f6rskola eller L\u00e4s mer","og_url":"https:\/\/wp.kristdemokraterna.se\/ovanaker\/pedagogisk-verksamhet\/","og_site_name":"Kristdemokraterna i Ovan\u00e5ker","article_published_time":"2017-11-01T13:09:31+00:00","article_modified_time":"2023-09-22T08:31:27+00:00","author":"ovanaker","twitter_card":"summary_large_image","twitter_misc":{"Skriven av":"ovanaker","Ber\u00e4knad l\u00e4stid":"1 minut"},"schema":{"@context":"https:\/\/schema.org","@graph":[{"@type":"Article","@id":"https:\/\/wp.kristdemokraterna.se\/ovanaker\/pedagogisk-verksamhet\/#article","isPartOf":{"@id":"https:\/\/wp.kristdemokraterna.se\/ovanaker\/pedagogisk-verksamhet\/"},"author":{"name":"ovanaker","@id":"https:\/\/wp.kristdemokraterna.se\/ovanaker\/#\/schema\/person\/d60f80d33fe14ed451d2af8b448f94ff"},"headline":"Pedagogisk verksamhet","datePublished":"2017-11-01T13:09:31+00:00","dateModified":"2023-09-22T08:31:27+00:00","mainEntityOfPage":{"@id":"https:\/\/wp.kristdemokraterna.se\/ovanaker\/pedagogisk-verksamhet\/"},"wordCount":238,"inLanguage":"sv-SE"},{"@type":"WebPage","@id":"https:\/\/wp.kristdemokraterna.se\/ovanaker\/pedagogisk-verksamhet\/","url":"https:\/\/wp.kristdemokraterna.se\/ovanaker\/pedagogisk-verksamhet\/","name":"Pedagogisk verksamhet - Kristdemokraterna i Ovan\u00e5ker","isPartOf":{"@id":"https:\/\/wp.kristdemokraterna.se\/ovanaker\/#website"},"datePublished":"2017-11-01T13:09:31+00:00","dateModified":"2023-09-22T08:31:27+00:00","author":{"@id":"https:\/\/wp.kristdemokraterna.se\/ovanaker\/#\/schema\/person\/d60f80d33fe14ed451d2af8b448f94ff"},"breadcrumb":{"@id":"https:\/\/wp.kristdemokraterna.se\/ovanaker\/pedagogisk-verksamhet\/#breadcrumb"},"inLanguage":"sv-SE","potentialAction":[{"@type":"ReadAction","target":["https:\/\/wp.kristdemokraterna.se\/ovanaker\/pedagogisk-verksamhet\/"]}]},{"@type":"BreadcrumbList","@id":"https:\/\/wp.kristdemokraterna.se\/ovanaker\/pedagogisk-verksamhet\/#breadcrumb","itemListElement":[{"@type":"ListItem","position":1,"name":"Hem","item":"https:\/\/wp.kristdemokraterna.se\/ovanaker\/"},{"@type":"ListItem","position":2,"name":"Pedagogisk verksamhet"}]},{"@type":"WebSite","@id":"https:\/\/wp.kristdemokraterna.se\/ovanaker\/#website","url":"https:\/\/wp.kristdemokraterna.se\/ovanaker\/","name":"Kristdemokraterna i Ovan\u00e5ker","description":"En till Kristdemokraterna webbplats","inLanguage":"sv-SE"},{"@type":"Person","@id":"https:\/\/wp.kristdemokraterna.se\/ovanaker\/#\/schema\/person\/d60f80d33fe14ed451d2af8b448f94ff","name":"ovanaker","image":{"@type":"ImageObject","inLanguage":"sv-SE","@id":"https:\/\/secure.gravatar.com\/avatar\/74a760ad3e91c7c14f67f66edb8214a25bae2c6c96c53cec5d416e1f471facb7?s=96&d=mm&r=g","url":"https:\/\/secure.gravatar.com\/avatar\/74a760ad3e91c7c14f67f66edb8214a25bae2c6c96c53cec5d416e1f471facb7?s=96&d=mm&r=g","contentUrl":"https:\/\/secure.gravatar.com\/avatar\/74a760ad3e91c7c14f67f66edb8214a25bae2c6c96c53cec5d416e1f471facb7?s=96&d=mm&r=g","caption":"ovanaker"},"url":"https:\/\/wp.kristdemokraterna.se\/ovanaker\/author\/ovanaker\/"}]}},"_links":{"self":[{"href":"https:\/\/wp.kristdemokraterna.se\/ovanaker\/wp-json\/wp\/v2\/posts\/529","targetHints":{"allow":["GET"]}}],"collection":[{"href":"https:\/\/wp.kristdemokraterna.se\/ovanaker\/wp-json\/wp\/v2\/posts"}],"about":[{"href":"https:\/\/wp.kristdemokraterna.se\/ovanaker\/wp-json\/wp\/v2\/types\/post"}],"author":[{"embeddable":true,"href":"https:\/\/wp.kristdemokraterna.se\/ovanaker\/wp-json\/wp\/v2\/users\/579"}],"replies":[{"embeddable":true,"href":"https:\/\/wp.kristdemokraterna.se\/ovanaker\/wp-json\/wp\/v2\/comments?post=529"}],"version-history":[{"count":1,"href":"https:\/\/wp.kristdemokraterna.se\/ovanaker\/wp-json\/wp\/v2\/posts\/529\/revisions"}],"predecessor-version":[{"id":530,"href":"https:\/\/wp.kristdemokraterna.se\/ovanaker\/wp-json\/wp\/v2\/posts\/529\/revisions\/530"}],"wp:attachment":[{"href":"https:\/\/wp.kristdemokraterna.se\/ovanaker\/wp-json\/wp\/v2\/media?parent=529"}],"wp:term":[{"taxonomy":"category","embeddable":true,"href":"https:\/\/wp.kristdemokraterna.se\/ovanaker\/wp-json\/wp\/v2\/categories?post=529"},{"taxonomy":"post_tag","embeddable":true,"href":"https:\/\/wp.kristdemokraterna.se\/ovanaker\/wp-json\/wp\/v2\/tags?post=529"}],"curies":[{"name":"wp","href":"https:\/\/api.w.org\/{rel}","templated":true}]}}