{"id":531,"date":"2018-08-16T14:13:16","date_gmt":"2018-08-16T12:13:16","guid":{"rendered":"http:\/\/wp.kristdemokraterna.se\/ovanaker\/?p=531"},"modified":"2023-09-22T10:31:42","modified_gmt":"2023-09-22T08:31:42","slug":"minska-spridningen-av-mikroplaster","status":"publish","type":"post","link":"https:\/\/wp.kristdemokraterna.se\/ovanaker\/minska-spridningen-av-mikroplaster\/","title":{"rendered":"Minska spridningen av mikroplaster"},"content":{"rendered":"<p>Microplast kallas de sm\u00e5 plastpartiklar som \u00e4r mindre \u00e4n 5 mm i diameter, vilket utg\u00f6r den st\u00f6rsta andelen av allt plastskr\u00e4p i haven. Microplast kan spridas till olika typer av vattendrag via t.ex. avlopp, dagvatten, och sn\u00f6tippning. Problemet \u00e4r att djur, inte minst fiskar, f\u00e5r i sig dessa plaster, vilket i sin tur p\u00e5verkar andra delar av n\u00e4ringskedjan, i f\u00f6rl\u00e4ngningen \u00e4ven oss m\u00e4nniskor.<\/p>\n<p>Kristdemokraterna utg\u00e5r i milj\u00f6politiska fr\u00e5gor fr\u00e5n det vi kallar f\u00f6rvaltarskapstanken, vilket inneb\u00e4r att vi m\u00e5ste ta ansvar f\u00f6r v\u00e5ra gemensamma tillg\u00e5ngar och hantera dem s\u00e5 att \u00e4ven kommande generationer ska ha m\u00f6jlighet till ren luft, vatten och natur.<\/p>\n<p>Vi f\u00f6resl\u00e5r fullm\u00e4ktige besluta:<\/p>\n<p><strong>att<\/strong>ge l\u00e4mplig avdelning i uppdrag att g\u00f6ra en kunskapssammanst\u00e4llning \u00f6ver lokala k\u00e4llor som sprider microplaster till v\u00e5ra vatten och ta fram f\u00f6rslag p\u00e5 \u00e5tg\u00e4rder p\u00e5 hur kommunen kan minska den lokala spridningen av microplaster<\/p>\n<p>&nbsp;<\/p>\n<p>Jennie Forsblom<\/p>\n<p>Gruppledare kristdemokraternas fullm\u00e4ktigegrupp, Ovan\u00e5ker<\/p>\n","protected":false},"excerpt":{"rendered":"<p>Microplast kallas de sm\u00e5 plastpartiklar som \u00e4r mindre \u00e4n 5 mm i diameter, vilket utg\u00f6r den st\u00f6rsta andelen av allt plastskr\u00e4p i haven. Microplast kan spridas till olika typer av vattendrag via t.ex. avlopp, dagvatten, och sn\u00f6tippning. Problemet \u00e4r att djur, inte minst fiskar, f\u00e5r i sig dessa plaster, vilket i sin tur p\u00e5verkar andra <a class=\"read-more-link\" href=\"https:\/\/wp.kristdemokraterna.se\/ovanaker\/minska-spridningen-av-mikroplaster\/\">L\u00e4s mer<\/a><\/p>\n","protected":false},"author":579,"featured_media":0,"comment_status":"closed","ping_status":"closed","sticky":false,"template":"","format":"standard","meta":{"_acf_changed":false,"footnotes":""},"categories":[1],"tags":[],"class_list":["post-531","post","type-post","status-publish","format-standard","hentry","category-okategoriserade"],"acf":[],"yoast_head":"<!-- This site is optimized with the Yoast SEO plugin v27.4 - https:\/\/yoast.com\/product\/yoast-seo-wordpress\/ -->\n<title>Minska spridningen av mikroplaster - Kristdemokraterna i Ovan\u00e5ker<\/title>\n<meta name=\"robots\" content=\"index, follow, max-snippet:-1, max-image-preview:large, max-video-preview:-1\" \/>\n<link rel=\"canonical\" href=\"https:\/\/wp.kristdemokraterna.se\/ovanaker\/minska-spridningen-av-mikroplaster\/\" \/>\n<meta property=\"og:locale\" content=\"sv_SE\" \/>\n<meta property=\"og:type\" content=\"article\" \/>\n<meta property=\"og:title\" content=\"Minska spridningen av mikroplaster - Kristdemokraterna i Ovan\u00e5ker\" \/>\n<meta property=\"og:description\" content=\"Microplast kallas de sm\u00e5 plastpartiklar som \u00e4r mindre \u00e4n 5 mm i diameter, vilket utg\u00f6r den st\u00f6rsta andelen av allt plastskr\u00e4p i haven. Microplast kan spridas till olika typer av vattendrag via t.ex. avlopp, dagvatten, och sn\u00f6tippning. Problemet \u00e4r att djur, inte minst fiskar, f\u00e5r i sig dessa plaster, vilket i sin tur p\u00e5verkar andra L\u00e4s mer\" \/>\n<meta property=\"og:url\" content=\"https:\/\/wp.kristdemokraterna.se\/ovanaker\/minska-spridningen-av-mikroplaster\/\" \/>\n<meta property=\"og:site_name\" content=\"Kristdemokraterna i Ovan\u00e5ker\" \/>\n<meta property=\"article:published_time\" content=\"2018-08-16T12:13:16+00:00\" \/>\n<meta property=\"article:modified_time\" content=\"2023-09-22T08:31:42+00:00\" \/>\n<meta name=\"author\" content=\"ovanaker\" \/>\n<meta name=\"twitter:card\" content=\"summary_large_image\" \/>\n<meta name=\"twitter:label1\" content=\"Skriven av\" \/>\n\t<meta name=\"twitter:data1\" content=\"ovanaker\" \/>\n\t<meta name=\"twitter:label2\" content=\"Ber\u00e4knad l\u00e4stid\" \/>\n\t<meta name=\"twitter:data2\" content=\"1 minut\" \/>\n<script type=\"application\/ld+json\" class=\"yoast-schema-graph\">{\"@context\":\"https:\\\/\\\/schema.org\",\"@graph\":[{\"@type\":\"Article\",\"@id\":\"https:\\\/\\\/wp.kristdemokraterna.se\\\/ovanaker\\\/minska-spridningen-av-mikroplaster\\\/#article\",\"isPartOf\":{\"@id\":\"https:\\\/\\\/wp.kristdemokraterna.se\\\/ovanaker\\\/minska-spridningen-av-mikroplaster\\\/\"},\"author\":{\"name\":\"ovanaker\",\"@id\":\"https:\\\/\\\/wp.kristdemokraterna.se\\\/ovanaker\\\/#\\\/schema\\\/person\\\/d60f80d33fe14ed451d2af8b448f94ff\"},\"headline\":\"Minska spridningen av mikroplaster\",\"datePublished\":\"2018-08-16T12:13:16+00:00\",\"dateModified\":\"2023-09-22T08:31:42+00:00\",\"mainEntityOfPage\":{\"@id\":\"https:\\\/\\\/wp.kristdemokraterna.se\\\/ovanaker\\\/minska-spridningen-av-mikroplaster\\\/\"},\"wordCount\":183,\"inLanguage\":\"sv-SE\"},{\"@type\":\"WebPage\",\"@id\":\"https:\\\/\\\/wp.kristdemokraterna.se\\\/ovanaker\\\/minska-spridningen-av-mikroplaster\\\/\",\"url\":\"https:\\\/\\\/wp.kristdemokraterna.se\\\/ovanaker\\\/minska-spridningen-av-mikroplaster\\\/\",\"name\":\"Minska spridningen av mikroplaster - Kristdemokraterna i Ovan\u00e5ker\",\"isPartOf\":{\"@id\":\"https:\\\/\\\/wp.kristdemokraterna.se\\\/ovanaker\\\/#website\"},\"datePublished\":\"2018-08-16T12:13:16+00:00\",\"dateModified\":\"2023-09-22T08:31:42+00:00\",\"author\":{\"@id\":\"https:\\\/\\\/wp.kristdemokraterna.se\\\/ovanaker\\\/#\\\/schema\\\/person\\\/d60f80d33fe14ed451d2af8b448f94ff\"},\"breadcrumb\":{\"@id\":\"https:\\\/\\\/wp.kristdemokraterna.se\\\/ovanaker\\\/minska-spridningen-av-mikroplaster\\\/#breadcrumb\"},\"inLanguage\":\"sv-SE\",\"potentialAction\":[{\"@type\":\"ReadAction\",\"target\":[\"https:\\\/\\\/wp.kristdemokraterna.se\\\/ovanaker\\\/minska-spridningen-av-mikroplaster\\\/\"]}]},{\"@type\":\"BreadcrumbList\",\"@id\":\"https:\\\/\\\/wp.kristdemokraterna.se\\\/ovanaker\\\/minska-spridningen-av-mikroplaster\\\/#breadcrumb\",\"itemListElement\":[{\"@type\":\"ListItem\",\"position\":1,\"name\":\"Hem\",\"item\":\"https:\\\/\\\/wp.kristdemokraterna.se\\\/ovanaker\\\/\"},{\"@type\":\"ListItem\",\"position\":2,\"name\":\"Minska spridningen av mikroplaster\"}]},{\"@type\":\"WebSite\",\"@id\":\"https:\\\/\\\/wp.kristdemokraterna.se\\\/ovanaker\\\/#website\",\"url\":\"https:\\\/\\\/wp.kristdemokraterna.se\\\/ovanaker\\\/\",\"name\":\"Kristdemokraterna i Ovan\u00e5ker\",\"description\":\"En till Kristdemokraterna webbplats\",\"inLanguage\":\"sv-SE\"},{\"@type\":\"Person\",\"@id\":\"https:\\\/\\\/wp.kristdemokraterna.se\\\/ovanaker\\\/#\\\/schema\\\/person\\\/d60f80d33fe14ed451d2af8b448f94ff\",\"name\":\"ovanaker\",\"image\":{\"@type\":\"ImageObject\",\"inLanguage\":\"sv-SE\",\"@id\":\"https:\\\/\\\/secure.gravatar.com\\\/avatar\\\/74a760ad3e91c7c14f67f66edb8214a25bae2c6c96c53cec5d416e1f471facb7?s=96&d=mm&r=g\",\"url\":\"https:\\\/\\\/secure.gravatar.com\\\/avatar\\\/74a760ad3e91c7c14f67f66edb8214a25bae2c6c96c53cec5d416e1f471facb7?s=96&d=mm&r=g\",\"contentUrl\":\"https:\\\/\\\/secure.gravatar.com\\\/avatar\\\/74a760ad3e91c7c14f67f66edb8214a25bae2c6c96c53cec5d416e1f471facb7?s=96&d=mm&r=g\",\"caption\":\"ovanaker\"},\"url\":\"https:\\\/\\\/wp.kristdemokraterna.se\\\/ovanaker\\\/author\\\/ovanaker\\\/\"}]}<\/script>\n<!-- \/ Yoast SEO plugin. -->","yoast_head_json":{"title":"Minska spridningen av mikroplaster - Kristdemokraterna i Ovan\u00e5ker","robots":{"index":"index","follow":"follow","max-snippet":"max-snippet:-1","max-image-preview":"max-image-preview:large","max-video-preview":"max-video-preview:-1"},"canonical":"https:\/\/wp.kristdemokraterna.se\/ovanaker\/minska-spridningen-av-mikroplaster\/","og_locale":"sv_SE","og_type":"article","og_title":"Minska spridningen av mikroplaster - Kristdemokraterna i Ovan\u00e5ker","og_description":"Microplast kallas de sm\u00e5 plastpartiklar som \u00e4r mindre \u00e4n 5 mm i diameter, vilket utg\u00f6r den st\u00f6rsta andelen av allt plastskr\u00e4p i haven. Microplast kan spridas till olika typer av vattendrag via t.ex. avlopp, dagvatten, och sn\u00f6tippning. Problemet \u00e4r att djur, inte minst fiskar, f\u00e5r i sig dessa plaster, vilket i sin tur p\u00e5verkar andra L\u00e4s mer","og_url":"https:\/\/wp.kristdemokraterna.se\/ovanaker\/minska-spridningen-av-mikroplaster\/","og_site_name":"Kristdemokraterna i Ovan\u00e5ker","article_published_time":"2018-08-16T12:13:16+00:00","article_modified_time":"2023-09-22T08:31:42+00:00","author":"ovanaker","twitter_card":"summary_large_image","twitter_misc":{"Skriven av":"ovanaker","Ber\u00e4knad l\u00e4stid":"1 minut"},"schema":{"@context":"https:\/\/schema.org","@graph":[{"@type":"Article","@id":"https:\/\/wp.kristdemokraterna.se\/ovanaker\/minska-spridningen-av-mikroplaster\/#article","isPartOf":{"@id":"https:\/\/wp.kristdemokraterna.se\/ovanaker\/minska-spridningen-av-mikroplaster\/"},"author":{"name":"ovanaker","@id":"https:\/\/wp.kristdemokraterna.se\/ovanaker\/#\/schema\/person\/d60f80d33fe14ed451d2af8b448f94ff"},"headline":"Minska spridningen av mikroplaster","datePublished":"2018-08-16T12:13:16+00:00","dateModified":"2023-09-22T08:31:42+00:00","mainEntityOfPage":{"@id":"https:\/\/wp.kristdemokraterna.se\/ovanaker\/minska-spridningen-av-mikroplaster\/"},"wordCount":183,"inLanguage":"sv-SE"},{"@type":"WebPage","@id":"https:\/\/wp.kristdemokraterna.se\/ovanaker\/minska-spridningen-av-mikroplaster\/","url":"https:\/\/wp.kristdemokraterna.se\/ovanaker\/minska-spridningen-av-mikroplaster\/","name":"Minska spridningen av mikroplaster - Kristdemokraterna i Ovan\u00e5ker","isPartOf":{"@id":"https:\/\/wp.kristdemokraterna.se\/ovanaker\/#website"},"datePublished":"2018-08-16T12:13:16+00:00","dateModified":"2023-09-22T08:31:42+00:00","author":{"@id":"https:\/\/wp.kristdemokraterna.se\/ovanaker\/#\/schema\/person\/d60f80d33fe14ed451d2af8b448f94ff"},"breadcrumb":{"@id":"https:\/\/wp.kristdemokraterna.se\/ovanaker\/minska-spridningen-av-mikroplaster\/#breadcrumb"},"inLanguage":"sv-SE","potentialAction":[{"@type":"ReadAction","target":["https:\/\/wp.kristdemokraterna.se\/ovanaker\/minska-spridningen-av-mikroplaster\/"]}]},{"@type":"BreadcrumbList","@id":"https:\/\/wp.kristdemokraterna.se\/ovanaker\/minska-spridningen-av-mikroplaster\/#breadcrumb","itemListElement":[{"@type":"ListItem","position":1,"name":"Hem","item":"https:\/\/wp.kristdemokraterna.se\/ovanaker\/"},{"@type":"ListItem","position":2,"name":"Minska spridningen av mikroplaster"}]},{"@type":"WebSite","@id":"https:\/\/wp.kristdemokraterna.se\/ovanaker\/#website","url":"https:\/\/wp.kristdemokraterna.se\/ovanaker\/","name":"Kristdemokraterna i Ovan\u00e5ker","description":"En till Kristdemokraterna webbplats","inLanguage":"sv-SE"},{"@type":"Person","@id":"https:\/\/wp.kristdemokraterna.se\/ovanaker\/#\/schema\/person\/d60f80d33fe14ed451d2af8b448f94ff","name":"ovanaker","image":{"@type":"ImageObject","inLanguage":"sv-SE","@id":"https:\/\/secure.gravatar.com\/avatar\/74a760ad3e91c7c14f67f66edb8214a25bae2c6c96c53cec5d416e1f471facb7?s=96&d=mm&r=g","url":"https:\/\/secure.gravatar.com\/avatar\/74a760ad3e91c7c14f67f66edb8214a25bae2c6c96c53cec5d416e1f471facb7?s=96&d=mm&r=g","contentUrl":"https:\/\/secure.gravatar.com\/avatar\/74a760ad3e91c7c14f67f66edb8214a25bae2c6c96c53cec5d416e1f471facb7?s=96&d=mm&r=g","caption":"ovanaker"},"url":"https:\/\/wp.kristdemokraterna.se\/ovanaker\/author\/ovanaker\/"}]}},"_links":{"self":[{"href":"https:\/\/wp.kristdemokraterna.se\/ovanaker\/wp-json\/wp\/v2\/posts\/531","targetHints":{"allow":["GET"]}}],"collection":[{"href":"https:\/\/wp.kristdemokraterna.se\/ovanaker\/wp-json\/wp\/v2\/posts"}],"about":[{"href":"https:\/\/wp.kristdemokraterna.se\/ovanaker\/wp-json\/wp\/v2\/types\/post"}],"author":[{"embeddable":true,"href":"https:\/\/wp.kristdemokraterna.se\/ovanaker\/wp-json\/wp\/v2\/users\/579"}],"replies":[{"embeddable":true,"href":"https:\/\/wp.kristdemokraterna.se\/ovanaker\/wp-json\/wp\/v2\/comments?post=531"}],"version-history":[{"count":1,"href":"https:\/\/wp.kristdemokraterna.se\/ovanaker\/wp-json\/wp\/v2\/posts\/531\/revisions"}],"predecessor-version":[{"id":532,"href":"https:\/\/wp.kristdemokraterna.se\/ovanaker\/wp-json\/wp\/v2\/posts\/531\/revisions\/532"}],"wp:attachment":[{"href":"https:\/\/wp.kristdemokraterna.se\/ovanaker\/wp-json\/wp\/v2\/media?parent=531"}],"wp:term":[{"taxonomy":"category","embeddable":true,"href":"https:\/\/wp.kristdemokraterna.se\/ovanaker\/wp-json\/wp\/v2\/categories?post=531"},{"taxonomy":"post_tag","embeddable":true,"href":"https:\/\/wp.kristdemokraterna.se\/ovanaker\/wp-json\/wp\/v2\/tags?post=531"}],"curies":[{"name":"wp","href":"https:\/\/api.w.org\/{rel}","templated":true}]}}