{"id":731,"date":"2023-10-19T10:52:28","date_gmt":"2023-10-19T08:52:28","guid":{"rendered":"https:\/\/wp.kristdemokraterna.se\/ovanaker\/?p=731"},"modified":"2023-10-19T11:44:13","modified_gmt":"2023-10-19T09:44:13","slug":"var-stallning-kring-budget-2024","status":"publish","type":"post","link":"https:\/\/wp.kristdemokraterna.se\/ovanaker\/var-stallning-kring-budget-2024\/","title":{"rendered":"V\u00e5r st\u00e4llning kring budget 2024"},"content":{"rendered":"<p>Vi i KD gruppen har tillsammans med SD valt att st\u00f6dja S och C budgeten f\u00f6r 2024. Vi har d\u00e4rmed inte \u00f6vergett v\u00e5rt samarbete med M och L utan vi s\u00e5g annorlunda p\u00e5 situationen just nu och f\u00f6r oss \u00e4r det inget vi ser som n\u00e5got negativt utan vi tycker s\u00e5 bara.<\/p>\n<p>V\u00e5r fr\u00e4msta motivering \u00e4r att vi anser att i sv\u00e5ra tider b\u00f6r man samarbeta och det ska man ocks\u00e5 verka f\u00f6r generellt .<\/p>\n<p>Vi tror att v\u00e5ra medborgare f\u00f6rv\u00e4ntar av oss att vi agerar h\u00e5llbart och \u00e4r rej\u00e4la. Vi har i god dialog med S o C f\u00e5tt geh\u00f6r f\u00f6r de saker som vi inte gillade och vi har kommit \u00f6verens p\u00e5 ett bra s\u00e4tt. De saker som var viktiga f\u00f6r oss var att vi f\u00f6rhandlade bort de sparf\u00f6rslag som l\u00e5g p\u00e5 fria framtidens f\u00f6rskola p\u00e5 ca 900000kr. Vi fick beh\u00e5lla Trygg i Ovan\u00e5ker. Och vi har skickat med n\u00e5gra viktiga uppdrag till n\u00e4mnderna.<\/p>\n<p>I \u00f6vrigt s\u00e5 var det inget som skilde sig \u00e5t fr\u00e5n hur vi t\u00e4nkt. Vi har tuffa tider och vi m\u00e5ste anpassa oss efter det. Och alla verksamheter m\u00e5ste hj\u00e4lpas \u00e5t f\u00f6r att spara och vara f\u00f6rsiktig med v\u00e5ra gemensamma skattepengar.<\/p>\n<p>\/\/KD gruppen<\/p>\n","protected":false},"excerpt":{"rendered":"<p>Vi i KD gruppen har tillsammans med SD valt att st\u00f6dja S och C budgeten f\u00f6r 2024. Vi har d\u00e4rmed inte \u00f6vergett v\u00e5rt samarbete med M och L utan vi s\u00e5g annorlunda p\u00e5 situationen just nu och f\u00f6r oss \u00e4r det inget vi ser som n\u00e5got negativt utan vi tycker s\u00e5 bara. V\u00e5r fr\u00e4msta motivering <a class=\"read-more-link\" href=\"https:\/\/wp.kristdemokraterna.se\/ovanaker\/var-stallning-kring-budget-2024\/\">L\u00e4s mer<\/a><\/p>\n","protected":false},"author":1060,"featured_media":0,"comment_status":"closed","ping_status":"closed","sticky":false,"template":"","format":"standard","meta":{"_acf_changed":false,"footnotes":""},"categories":[10],"tags":[],"class_list":["post-731","post","type-post","status-publish","format-standard","hentry","category-nyheter"],"acf":[],"yoast_head":"<!-- This site is optimized with the Yoast SEO plugin v27.4 - https:\/\/yoast.com\/product\/yoast-seo-wordpress\/ -->\n<title>V\u00e5r st\u00e4llning kring budget 2024 - Kristdemokraterna i Ovan\u00e5ker<\/title>\n<meta name=\"robots\" content=\"index, follow, max-snippet:-1, max-image-preview:large, max-video-preview:-1\" \/>\n<link rel=\"canonical\" href=\"https:\/\/wp.kristdemokraterna.se\/ovanaker\/var-stallning-kring-budget-2024\/\" \/>\n<meta property=\"og:locale\" content=\"sv_SE\" \/>\n<meta property=\"og:type\" content=\"article\" \/>\n<meta property=\"og:title\" content=\"V\u00e5r st\u00e4llning kring budget 2024 - Kristdemokraterna i Ovan\u00e5ker\" \/>\n<meta property=\"og:description\" content=\"Vi i KD gruppen har tillsammans med SD valt att st\u00f6dja S och C budgeten f\u00f6r 2024. Vi har d\u00e4rmed inte \u00f6vergett v\u00e5rt samarbete med M och L utan vi s\u00e5g annorlunda p\u00e5 situationen just nu och f\u00f6r oss \u00e4r det inget vi ser som n\u00e5got negativt utan vi tycker s\u00e5 bara. V\u00e5r fr\u00e4msta motivering L\u00e4s mer\" \/>\n<meta property=\"og:url\" content=\"https:\/\/wp.kristdemokraterna.se\/ovanaker\/var-stallning-kring-budget-2024\/\" \/>\n<meta property=\"og:site_name\" content=\"Kristdemokraterna i Ovan\u00e5ker\" \/>\n<meta property=\"article:published_time\" content=\"2023-10-19T08:52:28+00:00\" \/>\n<meta property=\"article:modified_time\" content=\"2023-10-19T09:44:13+00:00\" \/>\n<meta name=\"author\" content=\"karsbo\" \/>\n<meta name=\"twitter:card\" content=\"summary_large_image\" \/>\n<meta name=\"twitter:label1\" content=\"Skriven av\" \/>\n\t<meta name=\"twitter:data1\" content=\"karsbo\" \/>\n\t<meta name=\"twitter:label2\" content=\"Ber\u00e4knad l\u00e4stid\" \/>\n\t<meta name=\"twitter:data2\" content=\"1 minut\" \/>\n<script type=\"application\/ld+json\" class=\"yoast-schema-graph\">{\"@context\":\"https:\\\/\\\/schema.org\",\"@graph\":[{\"@type\":\"Article\",\"@id\":\"https:\\\/\\\/wp.kristdemokraterna.se\\\/ovanaker\\\/var-stallning-kring-budget-2024\\\/#article\",\"isPartOf\":{\"@id\":\"https:\\\/\\\/wp.kristdemokraterna.se\\\/ovanaker\\\/var-stallning-kring-budget-2024\\\/\"},\"author\":{\"name\":\"karsbo\",\"@id\":\"https:\\\/\\\/wp.kristdemokraterna.se\\\/ovanaker\\\/#\\\/schema\\\/person\\\/ac56cae0585188fe44889fd7a194e5ec\"},\"headline\":\"V\u00e5r st\u00e4llning kring budget 2024\",\"datePublished\":\"2023-10-19T08:52:28+00:00\",\"dateModified\":\"2023-10-19T09:44:13+00:00\",\"mainEntityOfPage\":{\"@id\":\"https:\\\/\\\/wp.kristdemokraterna.se\\\/ovanaker\\\/var-stallning-kring-budget-2024\\\/\"},\"wordCount\":241,\"articleSection\":[\"Nyheter\"],\"inLanguage\":\"sv-SE\"},{\"@type\":\"WebPage\",\"@id\":\"https:\\\/\\\/wp.kristdemokraterna.se\\\/ovanaker\\\/var-stallning-kring-budget-2024\\\/\",\"url\":\"https:\\\/\\\/wp.kristdemokraterna.se\\\/ovanaker\\\/var-stallning-kring-budget-2024\\\/\",\"name\":\"V\u00e5r st\u00e4llning kring budget 2024 - Kristdemokraterna i Ovan\u00e5ker\",\"isPartOf\":{\"@id\":\"https:\\\/\\\/wp.kristdemokraterna.se\\\/ovanaker\\\/#website\"},\"datePublished\":\"2023-10-19T08:52:28+00:00\",\"dateModified\":\"2023-10-19T09:44:13+00:00\",\"author\":{\"@id\":\"https:\\\/\\\/wp.kristdemokraterna.se\\\/ovanaker\\\/#\\\/schema\\\/person\\\/ac56cae0585188fe44889fd7a194e5ec\"},\"breadcrumb\":{\"@id\":\"https:\\\/\\\/wp.kristdemokraterna.se\\\/ovanaker\\\/var-stallning-kring-budget-2024\\\/#breadcrumb\"},\"inLanguage\":\"sv-SE\",\"potentialAction\":[{\"@type\":\"ReadAction\",\"target\":[\"https:\\\/\\\/wp.kristdemokraterna.se\\\/ovanaker\\\/var-stallning-kring-budget-2024\\\/\"]}]},{\"@type\":\"BreadcrumbList\",\"@id\":\"https:\\\/\\\/wp.kristdemokraterna.se\\\/ovanaker\\\/var-stallning-kring-budget-2024\\\/#breadcrumb\",\"itemListElement\":[{\"@type\":\"ListItem\",\"position\":1,\"name\":\"Hem\",\"item\":\"https:\\\/\\\/wp.kristdemokraterna.se\\\/ovanaker\\\/\"},{\"@type\":\"ListItem\",\"position\":2,\"name\":\"V\u00e5r st\u00e4llning kring budget 2024\"}]},{\"@type\":\"WebSite\",\"@id\":\"https:\\\/\\\/wp.kristdemokraterna.se\\\/ovanaker\\\/#website\",\"url\":\"https:\\\/\\\/wp.kristdemokraterna.se\\\/ovanaker\\\/\",\"name\":\"Kristdemokraterna i Ovan\u00e5ker\",\"description\":\"En till Kristdemokraterna webbplats\",\"inLanguage\":\"sv-SE\"},{\"@type\":\"Person\",\"@id\":\"https:\\\/\\\/wp.kristdemokraterna.se\\\/ovanaker\\\/#\\\/schema\\\/person\\\/ac56cae0585188fe44889fd7a194e5ec\",\"name\":\"karsbo\",\"image\":{\"@type\":\"ImageObject\",\"inLanguage\":\"sv-SE\",\"@id\":\"https:\\\/\\\/secure.gravatar.com\\\/avatar\\\/184480407c1d0eb986e98977e905e9b28504c36f4996b4b95c0101a264eb0025?s=96&d=mm&r=g\",\"url\":\"https:\\\/\\\/secure.gravatar.com\\\/avatar\\\/184480407c1d0eb986e98977e905e9b28504c36f4996b4b95c0101a264eb0025?s=96&d=mm&r=g\",\"contentUrl\":\"https:\\\/\\\/secure.gravatar.com\\\/avatar\\\/184480407c1d0eb986e98977e905e9b28504c36f4996b4b95c0101a264eb0025?s=96&d=mm&r=g\",\"caption\":\"karsbo\"},\"url\":\"https:\\\/\\\/wp.kristdemokraterna.se\\\/ovanaker\\\/author\\\/karsbo\\\/\"}]}<\/script>\n<!-- \/ Yoast SEO plugin. -->","yoast_head_json":{"title":"V\u00e5r st\u00e4llning kring budget 2024 - Kristdemokraterna i Ovan\u00e5ker","robots":{"index":"index","follow":"follow","max-snippet":"max-snippet:-1","max-image-preview":"max-image-preview:large","max-video-preview":"max-video-preview:-1"},"canonical":"https:\/\/wp.kristdemokraterna.se\/ovanaker\/var-stallning-kring-budget-2024\/","og_locale":"sv_SE","og_type":"article","og_title":"V\u00e5r st\u00e4llning kring budget 2024 - Kristdemokraterna i Ovan\u00e5ker","og_description":"Vi i KD gruppen har tillsammans med SD valt att st\u00f6dja S och C budgeten f\u00f6r 2024. Vi har d\u00e4rmed inte \u00f6vergett v\u00e5rt samarbete med M och L utan vi s\u00e5g annorlunda p\u00e5 situationen just nu och f\u00f6r oss \u00e4r det inget vi ser som n\u00e5got negativt utan vi tycker s\u00e5 bara. V\u00e5r fr\u00e4msta motivering L\u00e4s mer","og_url":"https:\/\/wp.kristdemokraterna.se\/ovanaker\/var-stallning-kring-budget-2024\/","og_site_name":"Kristdemokraterna i Ovan\u00e5ker","article_published_time":"2023-10-19T08:52:28+00:00","article_modified_time":"2023-10-19T09:44:13+00:00","author":"karsbo","twitter_card":"summary_large_image","twitter_misc":{"Skriven av":"karsbo","Ber\u00e4knad l\u00e4stid":"1 minut"},"schema":{"@context":"https:\/\/schema.org","@graph":[{"@type":"Article","@id":"https:\/\/wp.kristdemokraterna.se\/ovanaker\/var-stallning-kring-budget-2024\/#article","isPartOf":{"@id":"https:\/\/wp.kristdemokraterna.se\/ovanaker\/var-stallning-kring-budget-2024\/"},"author":{"name":"karsbo","@id":"https:\/\/wp.kristdemokraterna.se\/ovanaker\/#\/schema\/person\/ac56cae0585188fe44889fd7a194e5ec"},"headline":"V\u00e5r st\u00e4llning kring budget 2024","datePublished":"2023-10-19T08:52:28+00:00","dateModified":"2023-10-19T09:44:13+00:00","mainEntityOfPage":{"@id":"https:\/\/wp.kristdemokraterna.se\/ovanaker\/var-stallning-kring-budget-2024\/"},"wordCount":241,"articleSection":["Nyheter"],"inLanguage":"sv-SE"},{"@type":"WebPage","@id":"https:\/\/wp.kristdemokraterna.se\/ovanaker\/var-stallning-kring-budget-2024\/","url":"https:\/\/wp.kristdemokraterna.se\/ovanaker\/var-stallning-kring-budget-2024\/","name":"V\u00e5r st\u00e4llning kring budget 2024 - Kristdemokraterna i Ovan\u00e5ker","isPartOf":{"@id":"https:\/\/wp.kristdemokraterna.se\/ovanaker\/#website"},"datePublished":"2023-10-19T08:52:28+00:00","dateModified":"2023-10-19T09:44:13+00:00","author":{"@id":"https:\/\/wp.kristdemokraterna.se\/ovanaker\/#\/schema\/person\/ac56cae0585188fe44889fd7a194e5ec"},"breadcrumb":{"@id":"https:\/\/wp.kristdemokraterna.se\/ovanaker\/var-stallning-kring-budget-2024\/#breadcrumb"},"inLanguage":"sv-SE","potentialAction":[{"@type":"ReadAction","target":["https:\/\/wp.kristdemokraterna.se\/ovanaker\/var-stallning-kring-budget-2024\/"]}]},{"@type":"BreadcrumbList","@id":"https:\/\/wp.kristdemokraterna.se\/ovanaker\/var-stallning-kring-budget-2024\/#breadcrumb","itemListElement":[{"@type":"ListItem","position":1,"name":"Hem","item":"https:\/\/wp.kristdemokraterna.se\/ovanaker\/"},{"@type":"ListItem","position":2,"name":"V\u00e5r st\u00e4llning kring budget 2024"}]},{"@type":"WebSite","@id":"https:\/\/wp.kristdemokraterna.se\/ovanaker\/#website","url":"https:\/\/wp.kristdemokraterna.se\/ovanaker\/","name":"Kristdemokraterna i Ovan\u00e5ker","description":"En till Kristdemokraterna webbplats","inLanguage":"sv-SE"},{"@type":"Person","@id":"https:\/\/wp.kristdemokraterna.se\/ovanaker\/#\/schema\/person\/ac56cae0585188fe44889fd7a194e5ec","name":"karsbo","image":{"@type":"ImageObject","inLanguage":"sv-SE","@id":"https:\/\/secure.gravatar.com\/avatar\/184480407c1d0eb986e98977e905e9b28504c36f4996b4b95c0101a264eb0025?s=96&d=mm&r=g","url":"https:\/\/secure.gravatar.com\/avatar\/184480407c1d0eb986e98977e905e9b28504c36f4996b4b95c0101a264eb0025?s=96&d=mm&r=g","contentUrl":"https:\/\/secure.gravatar.com\/avatar\/184480407c1d0eb986e98977e905e9b28504c36f4996b4b95c0101a264eb0025?s=96&d=mm&r=g","caption":"karsbo"},"url":"https:\/\/wp.kristdemokraterna.se\/ovanaker\/author\/karsbo\/"}]}},"_links":{"self":[{"href":"https:\/\/wp.kristdemokraterna.se\/ovanaker\/wp-json\/wp\/v2\/posts\/731","targetHints":{"allow":["GET"]}}],"collection":[{"href":"https:\/\/wp.kristdemokraterna.se\/ovanaker\/wp-json\/wp\/v2\/posts"}],"about":[{"href":"https:\/\/wp.kristdemokraterna.se\/ovanaker\/wp-json\/wp\/v2\/types\/post"}],"author":[{"embeddable":true,"href":"https:\/\/wp.kristdemokraterna.se\/ovanaker\/wp-json\/wp\/v2\/users\/1060"}],"replies":[{"embeddable":true,"href":"https:\/\/wp.kristdemokraterna.se\/ovanaker\/wp-json\/wp\/v2\/comments?post=731"}],"version-history":[{"count":2,"href":"https:\/\/wp.kristdemokraterna.se\/ovanaker\/wp-json\/wp\/v2\/posts\/731\/revisions"}],"predecessor-version":[{"id":734,"href":"https:\/\/wp.kristdemokraterna.se\/ovanaker\/wp-json\/wp\/v2\/posts\/731\/revisions\/734"}],"wp:attachment":[{"href":"https:\/\/wp.kristdemokraterna.se\/ovanaker\/wp-json\/wp\/v2\/media?parent=731"}],"wp:term":[{"taxonomy":"category","embeddable":true,"href":"https:\/\/wp.kristdemokraterna.se\/ovanaker\/wp-json\/wp\/v2\/categories?post=731"},{"taxonomy":"post_tag","embeddable":true,"href":"https:\/\/wp.kristdemokraterna.se\/ovanaker\/wp-json\/wp\/v2\/tags?post=731"}],"curies":[{"name":"wp","href":"https:\/\/api.w.org\/{rel}","templated":true}]}}