{"id":1344,"date":"2023-03-03T19:59:58","date_gmt":"2023-03-03T18:59:58","guid":{"rendered":"https:\/\/wp.kristdemokraterna.se\/oxelosund\/?p=1344"},"modified":"2023-03-03T20:29:21","modified_gmt":"2023-03-03T19:29:21","slug":"traffa-sveriges-landsbygdsminister-8-3-i-nykoping","status":"publish","type":"post","link":"https:\/\/wp.kristdemokraterna.se\/oxelosund\/traffa-sveriges-landsbygdsminister-8-3-i-nykoping\/","title":{"rendered":"Tr\u00e4ffa Sveriges Landsbygdsminister 8\/3 i Nyk\u00f6ping"},"content":{"rendered":"<div class=\"x_elementToProof\">Nu p\u00e5 onsdag den 8 mars kommer Sveriges <span class=\"x_ContentPasted2\">Landsbygdsminister<\/span><span class=\"x_ContentPasted2\"><span class=\"x_Apple-converted-space x_ContentPasted2\">\u00a0<\/span><\/span>Peter Kullgren (KD) till Nyk\u00f6ping. Ett ypperligt tillf\u00e4lle att &#8221;tanka&#8221; lite KD-energi:<\/div>\n<div class=\"x_elementToProof\">\n<ul>\n<li>Tr\u00e4ffa partiv\u00e4nner fr\u00e5n Nyk\u00f6ping och S\u00f6rmland<\/li>\n<li class=\"x_elementToProof\">Njut av en god AW-buff\u00e9<\/li>\n<li class=\"x_elementToProof\">Lyssna p\u00e5 en av v\u00e5ra KD-ministrar<\/li>\n<\/ul>\n<\/div>\n<div class=\"x_elementToProof\">Detta \u00e4r precis vad vi beh\u00f6ver nu n\u00e4r vi &#8221;tar stryk&#8221; i opinionsunders\u00f6kningarna, och det kanske k\u00e4nns lite jobbigt att vara kristdemokrat&#8230; Peter Kullgren kommer att ber\u00e4tta (<span class=\"x_ContentPasted3\">p\u00e5 gemytlig v\u00e4rml\u00e4ndska <\/span><span class=\"x_ContentPasted3\"><span id=\"x_\ud83d\ude42\">\ud83d\ude42<\/span><\/span><span class=\"x_ContentPasted3\">)\u00a0<\/span>om regeringens arbete och alla goda nyheter som inte kommer ut i media. Anm\u00e4lan senast m\u00e5ndag den 6\/3 till\u00a0Niclas p\u00e5\u00a0070\u2013405 9 504.<\/div>\n<div><\/div>\n<div class=\"x_elementToProof\">Tid: \u00a0onsdag den 8 mars kl. 18.00<\/div>\n<div class=\"x_elementToProof\">Plats: Elverket Caf\u00e9, V\u00e4stra Kvarngatan 62, Nyk\u00f6ping<\/div>\n<div><\/div>\n<div class=\"x_elementToProof\"><span class=\"x_ContentPasted1\">Program:<\/span><span class=\"x_ContentPasted1\"><span class=\"x_Apple-converted-space x_ContentPasted1\">\u00a0<\/span><\/span><\/div>\n<div class=\"x_elementToProof\">\n<ul>\n<li class=\"x_x_MsoPlainText x_elementToProof\"><span class=\"x_ContentPasted1\">18.00 \u00a0Distriktsordf\u00f6rande Ulf Ros\u00e9n h\u00e4lsar v\u00e4lkommen.\u00a0<\/span>Cecilia Ekberg, \u00e4gare till Hellmanska G\u00e5rden, ber\u00e4ttar om sin verksamhet<\/li>\n<li class=\"x_x_MsoPlainText x_elementToProof\"><span class=\"x_ContentPasted1\">18.10 \u00a0Peter Kullgren ber\u00e4ttar om \u201dl\u00e4get\u201d i regeringen. Vi f\u00e5r st\u00e4lla fr\u00e5gor till Peter.<\/span><\/li>\n<li class=\"x_x_MsoPlainText x_elementToProof\"><span class=\"x_ContentPasted1\">18.35 \u00a0AW-buff\u00e9, och samtal runt borden med kristdemokratiska v\u00e4nner fr\u00e5n S\u00f6rmland<\/span><\/li>\n<li class=\"x_x_MsoPlainText x_elementToProof\"><span class=\"x_ContentPasted1\">19.10 \u00a0Eric H\u00e4ggblom, ordf. KD Nyk\u00f6ping, ber\u00e4ttar om l\u00e4get i partiavdelning Nyk\u00f6ping<\/span><\/li>\n<li class=\"x_x_MsoPlainText x_elementToProof\">19.20 \u00a0Kort information fr\u00e5n Partidistrikt S\u00f6rmland<\/li>\n<li class=\"x_x_MsoPlainText x_elementToProof\"><span class=\"x_ContentPasted1\">19.30 \u00a0Slut<\/span><span class=\"x_ContentPasted1\"><span class=\"x_Apple-converted-space x_ContentPasted1\">\u00a0<\/span><\/span><\/li>\n<\/ul>\n<p class=\"x_x_MsoNormal x_ContentPasted1 x_elementToProof\"><i>AW-buff\u00e9n kostar 150 kr och inkluderar: \u00a0Dagens soppa i glas,\u00a0Pizzaslice med vegetarisk topping,\u00a0Surdegstapas med f\u00e4rskostr\u00f6ror,\u00a0Vatten och\u00a0Kaffe. Annan dryck kan best\u00e4llas, likas\u00e5 bakverk till kaffet.<\/i><\/p>\n<\/div>\n","protected":false},"excerpt":{"rendered":"<p>Nu p\u00e5 onsdag den 8 mars kommer Sveriges Landsbygdsminister\u00a0Peter Kullgren (KD) till Nyk\u00f6ping. Ett ypperligt tillf\u00e4lle att &#8221;tanka&#8221; lite KD-energi: Tr\u00e4ffa partiv\u00e4nner fr\u00e5n Nyk\u00f6ping och S\u00f6rmland Njut av en god AW-buff\u00e9 Lyssna p\u00e5 en av v\u00e5ra KD-ministrar Detta \u00e4r precis vad vi beh\u00f6ver nu n\u00e4r vi &#8221;tar stryk&#8221; i opinionsunders\u00f6kningarna, och det kanske k\u00e4nns lite <a class=\"read-more-link\" href=\"https:\/\/wp.kristdemokraterna.se\/oxelosund\/traffa-sveriges-landsbygdsminister-8-3-i-nykoping\/\">L\u00e4s mer<\/a><\/p>\n","protected":false},"author":1005,"featured_media":714,"comment_status":"closed","ping_status":"closed","sticky":false,"template":"","format":"standard","meta":{"_acf_changed":false,"footnotes":""},"categories":[18,14],"tags":[],"class_list":["post-1344","post","type-post","status-publish","format-standard","hentry","category-kd-sormland","category-kd-oxelosund"],"acf":[],"yoast_head":"<!-- This site is optimized with the Yoast SEO plugin v27.4 - https:\/\/yoast.com\/product\/yoast-seo-wordpress\/ -->\n<title>Tr\u00e4ffa Sveriges Landsbygdsminister 8\/3 i Nyk\u00f6ping - Kristdemokraterna | Oxel\u00f6sund<\/title>\n<meta name=\"robots\" content=\"index, follow, max-snippet:-1, max-image-preview:large, max-video-preview:-1\" \/>\n<link rel=\"canonical\" href=\"https:\/\/wp.kristdemokraterna.se\/oxelosund\/traffa-sveriges-landsbygdsminister-8-3-i-nykoping\/\" \/>\n<meta property=\"og:locale\" content=\"sv_SE\" \/>\n<meta property=\"og:type\" content=\"article\" \/>\n<meta property=\"og:title\" content=\"Tr\u00e4ffa Sveriges Landsbygdsminister 8\/3 i Nyk\u00f6ping - Kristdemokraterna | Oxel\u00f6sund\" \/>\n<meta property=\"og:description\" content=\"Nu p\u00e5 onsdag den 8 mars kommer Sveriges Landsbygdsminister\u00a0Peter Kullgren (KD) till Nyk\u00f6ping. Ett ypperligt tillf\u00e4lle att &#8221;tanka&#8221; lite KD-energi: Tr\u00e4ffa partiv\u00e4nner fr\u00e5n Nyk\u00f6ping och S\u00f6rmland Njut av en god AW-buff\u00e9 Lyssna p\u00e5 en av v\u00e5ra KD-ministrar Detta \u00e4r precis vad vi beh\u00f6ver nu n\u00e4r vi &#8221;tar stryk&#8221; i opinionsunders\u00f6kningarna, och det kanske k\u00e4nns lite L\u00e4s mer\" \/>\n<meta property=\"og:url\" content=\"https:\/\/wp.kristdemokraterna.se\/oxelosund\/traffa-sveriges-landsbygdsminister-8-3-i-nykoping\/\" \/>\n<meta property=\"og:site_name\" content=\"Kristdemokraterna | Oxel\u00f6sund\" \/>\n<meta property=\"article:published_time\" content=\"2023-03-03T18:59:58+00:00\" \/>\n<meta property=\"article:modified_time\" content=\"2023-03-03T19:29:21+00:00\" \/>\n<meta name=\"author\" content=\"Niclas Lindgren\" \/>\n<meta name=\"twitter:card\" content=\"summary_large_image\" \/>\n<meta name=\"twitter:label1\" content=\"Skriven av\" \/>\n\t<meta name=\"twitter:data1\" content=\"Niclas Lindgren\" \/>\n\t<meta name=\"twitter:label2\" content=\"Ber\u00e4knad l\u00e4stid\" \/>\n\t<meta name=\"twitter:data2\" content=\"1 minut\" \/>\n<script type=\"application\/ld+json\" class=\"yoast-schema-graph\">{\"@context\":\"https:\\\/\\\/schema.org\",\"@graph\":[{\"@type\":\"Article\",\"@id\":\"https:\\\/\\\/wp.kristdemokraterna.se\\\/oxelosund\\\/traffa-sveriges-landsbygdsminister-8-3-i-nykoping\\\/#article\",\"isPartOf\":{\"@id\":\"https:\\\/\\\/wp.kristdemokraterna.se\\\/oxelosund\\\/traffa-sveriges-landsbygdsminister-8-3-i-nykoping\\\/\"},\"author\":{\"name\":\"Niclas Lindgren\",\"@id\":\"https:\\\/\\\/wp.kristdemokraterna.se\\\/oxelosund\\\/#\\\/schema\\\/person\\\/8ba1eb387db21e7f60902c8fdea4ce98\"},\"headline\":\"Tr\u00e4ffa Sveriges Landsbygdsminister 8\\\/3 i Nyk\u00f6ping\",\"datePublished\":\"2023-03-03T18:59:58+00:00\",\"dateModified\":\"2023-03-03T19:29:21+00:00\",\"mainEntityOfPage\":{\"@id\":\"https:\\\/\\\/wp.kristdemokraterna.se\\\/oxelosund\\\/traffa-sveriges-landsbygdsminister-8-3-i-nykoping\\\/\"},\"wordCount\":232,\"image\":{\"@id\":\"https:\\\/\\\/wp.kristdemokraterna.se\\\/oxelosund\\\/traffa-sveriges-landsbygdsminister-8-3-i-nykoping\\\/#primaryimage\"},\"thumbnailUrl\":\"\",\"articleSection\":[\"KD S\u00f6rmland\",\"Om oss\"],\"inLanguage\":\"sv-SE\"},{\"@type\":\"WebPage\",\"@id\":\"https:\\\/\\\/wp.kristdemokraterna.se\\\/oxelosund\\\/traffa-sveriges-landsbygdsminister-8-3-i-nykoping\\\/\",\"url\":\"https:\\\/\\\/wp.kristdemokraterna.se\\\/oxelosund\\\/traffa-sveriges-landsbygdsminister-8-3-i-nykoping\\\/\",\"name\":\"Tr\u00e4ffa Sveriges Landsbygdsminister 8\\\/3 i Nyk\u00f6ping - Kristdemokraterna | Oxel\u00f6sund\",\"isPartOf\":{\"@id\":\"https:\\\/\\\/wp.kristdemokraterna.se\\\/oxelosund\\\/#website\"},\"primaryImageOfPage\":{\"@id\":\"https:\\\/\\\/wp.kristdemokraterna.se\\\/oxelosund\\\/traffa-sveriges-landsbygdsminister-8-3-i-nykoping\\\/#primaryimage\"},\"image\":{\"@id\":\"https:\\\/\\\/wp.kristdemokraterna.se\\\/oxelosund\\\/traffa-sveriges-landsbygdsminister-8-3-i-nykoping\\\/#primaryimage\"},\"thumbnailUrl\":\"\",\"datePublished\":\"2023-03-03T18:59:58+00:00\",\"dateModified\":\"2023-03-03T19:29:21+00:00\",\"author\":{\"@id\":\"https:\\\/\\\/wp.kristdemokraterna.se\\\/oxelosund\\\/#\\\/schema\\\/person\\\/8ba1eb387db21e7f60902c8fdea4ce98\"},\"breadcrumb\":{\"@id\":\"https:\\\/\\\/wp.kristdemokraterna.se\\\/oxelosund\\\/traffa-sveriges-landsbygdsminister-8-3-i-nykoping\\\/#breadcrumb\"},\"inLanguage\":\"sv-SE\",\"potentialAction\":[{\"@type\":\"ReadAction\",\"target\":[\"https:\\\/\\\/wp.kristdemokraterna.se\\\/oxelosund\\\/traffa-sveriges-landsbygdsminister-8-3-i-nykoping\\\/\"]}]},{\"@type\":\"ImageObject\",\"inLanguage\":\"sv-SE\",\"@id\":\"https:\\\/\\\/wp.kristdemokraterna.se\\\/oxelosund\\\/traffa-sveriges-landsbygdsminister-8-3-i-nykoping\\\/#primaryimage\",\"url\":\"\",\"contentUrl\":\"\"},{\"@type\":\"BreadcrumbList\",\"@id\":\"https:\\\/\\\/wp.kristdemokraterna.se\\\/oxelosund\\\/traffa-sveriges-landsbygdsminister-8-3-i-nykoping\\\/#breadcrumb\",\"itemListElement\":[{\"@type\":\"ListItem\",\"position\":1,\"name\":\"Hem\",\"item\":\"https:\\\/\\\/wp.kristdemokraterna.se\\\/oxelosund\\\/\"},{\"@type\":\"ListItem\",\"position\":2,\"name\":\"Tr\u00e4ffa Sveriges Landsbygdsminister 8\\\/3 i Nyk\u00f6ping\"}]},{\"@type\":\"WebSite\",\"@id\":\"https:\\\/\\\/wp.kristdemokraterna.se\\\/oxelosund\\\/#website\",\"url\":\"https:\\\/\\\/wp.kristdemokraterna.se\\\/oxelosund\\\/\",\"name\":\"Kristdemokraterna | Oxel\u00f6sund\",\"description\":\"Kuststaden i Hj\u00e4rtlandet\",\"inLanguage\":\"sv-SE\"},{\"@type\":\"Person\",\"@id\":\"https:\\\/\\\/wp.kristdemokraterna.se\\\/oxelosund\\\/#\\\/schema\\\/person\\\/8ba1eb387db21e7f60902c8fdea4ce98\",\"name\":\"Niclas Lindgren\",\"image\":{\"@type\":\"ImageObject\",\"inLanguage\":\"sv-SE\",\"@id\":\"https:\\\/\\\/secure.gravatar.com\\\/avatar\\\/827ffab4af96d045d979a9a71fd6797d820fa2eb24813b0a210bf4b6ad2978a4?s=96&d=mm&r=g\",\"url\":\"https:\\\/\\\/secure.gravatar.com\\\/avatar\\\/827ffab4af96d045d979a9a71fd6797d820fa2eb24813b0a210bf4b6ad2978a4?s=96&d=mm&r=g\",\"contentUrl\":\"https:\\\/\\\/secure.gravatar.com\\\/avatar\\\/827ffab4af96d045d979a9a71fd6797d820fa2eb24813b0a210bf4b6ad2978a4?s=96&d=mm&r=g\",\"caption\":\"Niclas Lindgren\"},\"url\":\"https:\\\/\\\/wp.kristdemokraterna.se\\\/oxelosund\\\/author\\\/niklalund\\\/\"}]}<\/script>\n<!-- \/ Yoast SEO plugin. -->","yoast_head_json":{"title":"Tr\u00e4ffa Sveriges Landsbygdsminister 8\/3 i Nyk\u00f6ping - Kristdemokraterna | Oxel\u00f6sund","robots":{"index":"index","follow":"follow","max-snippet":"max-snippet:-1","max-image-preview":"max-image-preview:large","max-video-preview":"max-video-preview:-1"},"canonical":"https:\/\/wp.kristdemokraterna.se\/oxelosund\/traffa-sveriges-landsbygdsminister-8-3-i-nykoping\/","og_locale":"sv_SE","og_type":"article","og_title":"Tr\u00e4ffa Sveriges Landsbygdsminister 8\/3 i Nyk\u00f6ping - Kristdemokraterna | Oxel\u00f6sund","og_description":"Nu p\u00e5 onsdag den 8 mars kommer Sveriges Landsbygdsminister\u00a0Peter Kullgren (KD) till Nyk\u00f6ping. Ett ypperligt tillf\u00e4lle att &#8221;tanka&#8221; lite KD-energi: Tr\u00e4ffa partiv\u00e4nner fr\u00e5n Nyk\u00f6ping och S\u00f6rmland Njut av en god AW-buff\u00e9 Lyssna p\u00e5 en av v\u00e5ra KD-ministrar Detta \u00e4r precis vad vi beh\u00f6ver nu n\u00e4r vi &#8221;tar stryk&#8221; i opinionsunders\u00f6kningarna, och det kanske k\u00e4nns lite L\u00e4s mer","og_url":"https:\/\/wp.kristdemokraterna.se\/oxelosund\/traffa-sveriges-landsbygdsminister-8-3-i-nykoping\/","og_site_name":"Kristdemokraterna | Oxel\u00f6sund","article_published_time":"2023-03-03T18:59:58+00:00","article_modified_time":"2023-03-03T19:29:21+00:00","author":"Niclas Lindgren","twitter_card":"summary_large_image","twitter_misc":{"Skriven av":"Niclas Lindgren","Ber\u00e4knad l\u00e4stid":"1 minut"},"schema":{"@context":"https:\/\/schema.org","@graph":[{"@type":"Article","@id":"https:\/\/wp.kristdemokraterna.se\/oxelosund\/traffa-sveriges-landsbygdsminister-8-3-i-nykoping\/#article","isPartOf":{"@id":"https:\/\/wp.kristdemokraterna.se\/oxelosund\/traffa-sveriges-landsbygdsminister-8-3-i-nykoping\/"},"author":{"name":"Niclas Lindgren","@id":"https:\/\/wp.kristdemokraterna.se\/oxelosund\/#\/schema\/person\/8ba1eb387db21e7f60902c8fdea4ce98"},"headline":"Tr\u00e4ffa Sveriges Landsbygdsminister 8\/3 i Nyk\u00f6ping","datePublished":"2023-03-03T18:59:58+00:00","dateModified":"2023-03-03T19:29:21+00:00","mainEntityOfPage":{"@id":"https:\/\/wp.kristdemokraterna.se\/oxelosund\/traffa-sveriges-landsbygdsminister-8-3-i-nykoping\/"},"wordCount":232,"image":{"@id":"https:\/\/wp.kristdemokraterna.se\/oxelosund\/traffa-sveriges-landsbygdsminister-8-3-i-nykoping\/#primaryimage"},"thumbnailUrl":"","articleSection":["KD S\u00f6rmland","Om oss"],"inLanguage":"sv-SE"},{"@type":"WebPage","@id":"https:\/\/wp.kristdemokraterna.se\/oxelosund\/traffa-sveriges-landsbygdsminister-8-3-i-nykoping\/","url":"https:\/\/wp.kristdemokraterna.se\/oxelosund\/traffa-sveriges-landsbygdsminister-8-3-i-nykoping\/","name":"Tr\u00e4ffa Sveriges Landsbygdsminister 8\/3 i Nyk\u00f6ping - Kristdemokraterna | Oxel\u00f6sund","isPartOf":{"@id":"https:\/\/wp.kristdemokraterna.se\/oxelosund\/#website"},"primaryImageOfPage":{"@id":"https:\/\/wp.kristdemokraterna.se\/oxelosund\/traffa-sveriges-landsbygdsminister-8-3-i-nykoping\/#primaryimage"},"image":{"@id":"https:\/\/wp.kristdemokraterna.se\/oxelosund\/traffa-sveriges-landsbygdsminister-8-3-i-nykoping\/#primaryimage"},"thumbnailUrl":"","datePublished":"2023-03-03T18:59:58+00:00","dateModified":"2023-03-03T19:29:21+00:00","author":{"@id":"https:\/\/wp.kristdemokraterna.se\/oxelosund\/#\/schema\/person\/8ba1eb387db21e7f60902c8fdea4ce98"},"breadcrumb":{"@id":"https:\/\/wp.kristdemokraterna.se\/oxelosund\/traffa-sveriges-landsbygdsminister-8-3-i-nykoping\/#breadcrumb"},"inLanguage":"sv-SE","potentialAction":[{"@type":"ReadAction","target":["https:\/\/wp.kristdemokraterna.se\/oxelosund\/traffa-sveriges-landsbygdsminister-8-3-i-nykoping\/"]}]},{"@type":"ImageObject","inLanguage":"sv-SE","@id":"https:\/\/wp.kristdemokraterna.se\/oxelosund\/traffa-sveriges-landsbygdsminister-8-3-i-nykoping\/#primaryimage","url":"","contentUrl":""},{"@type":"BreadcrumbList","@id":"https:\/\/wp.kristdemokraterna.se\/oxelosund\/traffa-sveriges-landsbygdsminister-8-3-i-nykoping\/#breadcrumb","itemListElement":[{"@type":"ListItem","position":1,"name":"Hem","item":"https:\/\/wp.kristdemokraterna.se\/oxelosund\/"},{"@type":"ListItem","position":2,"name":"Tr\u00e4ffa Sveriges Landsbygdsminister 8\/3 i Nyk\u00f6ping"}]},{"@type":"WebSite","@id":"https:\/\/wp.kristdemokraterna.se\/oxelosund\/#website","url":"https:\/\/wp.kristdemokraterna.se\/oxelosund\/","name":"Kristdemokraterna | Oxel\u00f6sund","description":"Kuststaden i Hj\u00e4rtlandet","inLanguage":"sv-SE"},{"@type":"Person","@id":"https:\/\/wp.kristdemokraterna.se\/oxelosund\/#\/schema\/person\/8ba1eb387db21e7f60902c8fdea4ce98","name":"Niclas Lindgren","image":{"@type":"ImageObject","inLanguage":"sv-SE","@id":"https:\/\/secure.gravatar.com\/avatar\/827ffab4af96d045d979a9a71fd6797d820fa2eb24813b0a210bf4b6ad2978a4?s=96&d=mm&r=g","url":"https:\/\/secure.gravatar.com\/avatar\/827ffab4af96d045d979a9a71fd6797d820fa2eb24813b0a210bf4b6ad2978a4?s=96&d=mm&r=g","contentUrl":"https:\/\/secure.gravatar.com\/avatar\/827ffab4af96d045d979a9a71fd6797d820fa2eb24813b0a210bf4b6ad2978a4?s=96&d=mm&r=g","caption":"Niclas Lindgren"},"url":"https:\/\/wp.kristdemokraterna.se\/oxelosund\/author\/niklalund\/"}]}},"_links":{"self":[{"href":"https:\/\/wp.kristdemokraterna.se\/oxelosund\/wp-json\/wp\/v2\/posts\/1344","targetHints":{"allow":["GET"]}}],"collection":[{"href":"https:\/\/wp.kristdemokraterna.se\/oxelosund\/wp-json\/wp\/v2\/posts"}],"about":[{"href":"https:\/\/wp.kristdemokraterna.se\/oxelosund\/wp-json\/wp\/v2\/types\/post"}],"author":[{"embeddable":true,"href":"https:\/\/wp.kristdemokraterna.se\/oxelosund\/wp-json\/wp\/v2\/users\/1005"}],"replies":[{"embeddable":true,"href":"https:\/\/wp.kristdemokraterna.se\/oxelosund\/wp-json\/wp\/v2\/comments?post=1344"}],"version-history":[{"count":6,"href":"https:\/\/wp.kristdemokraterna.se\/oxelosund\/wp-json\/wp\/v2\/posts\/1344\/revisions"}],"predecessor-version":[{"id":1354,"href":"https:\/\/wp.kristdemokraterna.se\/oxelosund\/wp-json\/wp\/v2\/posts\/1344\/revisions\/1354"}],"wp:featuredmedia":[{"embeddable":true,"href":"https:\/\/wp.kristdemokraterna.se\/oxelosund\/wp-json\/"}],"wp:attachment":[{"href":"https:\/\/wp.kristdemokraterna.se\/oxelosund\/wp-json\/wp\/v2\/media?parent=1344"}],"wp:term":[{"taxonomy":"category","embeddable":true,"href":"https:\/\/wp.kristdemokraterna.se\/oxelosund\/wp-json\/wp\/v2\/categories?post=1344"},{"taxonomy":"post_tag","embeddable":true,"href":"https:\/\/wp.kristdemokraterna.se\/oxelosund\/wp-json\/wp\/v2\/tags?post=1344"}],"curies":[{"name":"wp","href":"https:\/\/api.w.org\/{rel}","templated":true}]}}