{"id":76,"date":"2024-12-02T11:49:58","date_gmt":"2024-12-02T10:49:58","guid":{"rendered":"https:\/\/wp.kristdemokraterna.se\/avdelningsmall\/?p=76"},"modified":"2024-12-02T12:01:33","modified_gmt":"2024-12-02T11:01:33","slug":"det-brottsforebyggande-ansvaret-starks","status":"publish","type":"post","link":"https:\/\/wp.kristdemokraterna.se\/partiavdelningsmall\/det-brottsforebyggande-ansvaret-starks\/","title":{"rendered":"Det brottsf\u00f6rebyggande ansvaret st\u00e4rks"},"content":{"rendered":"<div id=\"svid12_7c8c4632192bd23a401dc7d\" class=\"sv-text-portlet sv-use-margins\">\n<div class=\"sv-text-portlet-content\">\n<p class=\"font-description\"><strong>Vi beh\u00f6ver jobba mer brottsf\u00f6rebyggande f\u00f6r att motverka att barn och unga hamnar i kriminalitet. I dag l\u00e4mnade Kristdemokraterna och regeringen en komplettering av f\u00f6rslagen i lagr\u00e5dsremissen om den nya socialtj\u00e4nstlagen. Socialn\u00e4mnden ska f\u00e5 ett st\u00e4rkt och mer uttalat brottsf\u00f6rebyggande ansvar. <\/strong><\/p>\n<\/div>\n<\/div>\n<div id=\"svid12_7c8c4632192bd23a401dc7e\" class=\"sv-text-portlet sv-use-margins\">\n<div id=\"Innehall\"><\/div>\n<div class=\"sv-text-portlet-content\">\n<p class=\"font-normal\">G\u00e4ngbrottsligheten \u00e4r ett tydligt exempel p\u00e5 ett stort samh\u00e4llsproblem. Det p\u00e5verkar b\u00e5de enskilda och samh\u00e4llet i stort. Vi beh\u00f6ver tidiga insatser f\u00f6r att f\u00f6rhindra och motverka att problem uppst\u00e5r, speciellt bland barn och unga. Vi beh\u00f6ver ocks\u00e5 arbeta utifr\u00e5n b\u00e4sta tillg\u00e4ngliga kunskap om vilka insatser och metoder som faktiskt fungerar.<\/p>\n<p>I somras presenterade Kristdemokraterna och regeringen ett f\u00f6rslag till en ny f\u00f6rebyggande socialtj\u00e4nstlag \u2013 f\u00f6r \u00f6kade r\u00e4ttigheter, skyldigheter och m\u00f6jligheter. Den ska ers\u00e4tta nuvarande socialtj\u00e4nstlag, som l\u00e4gger grunden f\u00f6r socialtj\u00e4nstens arbete. I arbetet med den nya lagen har det varit viktigt att sl\u00e5 fast en ny inriktning, d\u00e4r socialtj\u00e4nsten arbetar mer f\u00f6rebyggande och kunskapsbaserat.<\/p>\n<p>Regeringen l\u00e4mnade idag en komplettering av f\u00f6rslagen som l\u00e4mnas i lagr\u00e5dsremissen, med f\u00f6rslag om ett st\u00e4rkt och mer uttalat brottsf\u00f6rebyggande ansvar f\u00f6r socialn\u00e4mnden. Det ska tydligg\u00f6ras i den nya socialtj\u00e4nstlagen att socialn\u00e4mnden ska arbeta f\u00f6r att f\u00f6rebygga och motverka brottslighet. Socialn\u00e4mnden ska ocks\u00e5 arbeta aktivt f\u00f6r att f\u00f6rebygga och motverka brottslighet bland barn och unga.<br \/>\n\u2013 Trygga familjer och r\u00e4tt v\u00e4rderingar \u00e4r det som b\u00e4st f\u00f6rebygger brott, men hela samh\u00e4llet beh\u00f6ver vara med och bek\u00e4mpa brotten. Nu st\u00e4rker vi socialtj\u00e4nstens brottsf\u00f6rebyggande arbete, s\u00e5 att vi p\u00e5 allvar kan g\u00f6ra Sverige tryggare, s\u00e4ger Christian Carlsson, socialutskottets ordf\u00f6rande.<\/p>\n<p>Insatser eller metoder anges inte i lagen utan beh\u00f6ver anpassas efter lokala behov. Men det kan handla om insatser f\u00f6r att motverka normbrytande beteende och kriminalitet. Det kan ocks\u00e5 handla om allm\u00e4npreventiva insatser som f\u00f6r\u00e4ldraskapsst\u00f6d, upps\u00f6kande arbete, kontaktperson eller kontaktfamilj med en brottsf\u00f6rebyggande inriktning, eller insatser beroende av aktuell problematik. Samverkan med andra ber\u00f6rda akt\u00f6rer kan ocks\u00e5 vara n\u00f6dv\u00e4ndigt.<\/p>\n<p>Regeringen har i budgetpropositionen f\u00f6r 2025 f\u00f6reslagit att 200 miljoner kronor f\u00f6rdelas n\u00e4sta \u00e5r f\u00f6r att st\u00f6dja kommunerna i omst\u00e4llningen mot att socialtj\u00e4nsten ska arbeta mer brottsf\u00f6rebyggande. F\u00f6r 2026 har det aviserats 300 miljoner kronor och 600 miljoner kronor f\u00f6r \u00e4ndam\u00e5let under 2027\u20132028.<br \/>\nLag\u00e4ndringarna f\u00f6resl\u00e5s tr\u00e4da i kraft samtidigt som f\u00f6rslaget om en ny socialtj\u00e4nstlag den 1 juli 2025.<\/p>\n<p><strong>Christian Carlsson<\/strong><br \/>\nsocialutskottets ordf\u00f6rande<\/p>\n<p>Riksdagsledamot<br \/>\nKristdemokraterna<\/p>\n<\/div>\n<\/div>\n","protected":false},"excerpt":{"rendered":"<p>Vi beh\u00f6ver jobba mer brottsf\u00f6rebyggande f\u00f6r att motverka att barn och unga hamnar i kriminalitet. I dag l\u00e4mnade Kristdemokraterna och regeringen en komplettering av f\u00f6rslagen i lagr\u00e5dsremissen om den nya socialtj\u00e4nstlagen. Socialn\u00e4mnden ska f\u00e5 ett st\u00e4rkt och mer uttalat brottsf\u00f6rebyggande ansvar. G\u00e4ngbrottsligheten \u00e4r ett tydligt exempel p\u00e5 ett stort samh\u00e4llsproblem. Det p\u00e5verkar b\u00e5de enskilda och <a class=\"read-more-link\" href=\"https:\/\/wp.kristdemokraterna.se\/partiavdelningsmall\/det-brottsforebyggande-ansvaret-starks\/\">L\u00e4s mer<\/a><\/p>\n","protected":false},"author":2,"featured_media":622,"comment_status":"closed","ping_status":"closed","sticky":false,"template":"","format":"standard","meta":{"_acf_changed":false,"footnotes":""},"categories":[5,10,3],"tags":[],"class_list":["post-76","post","type-post","status-publish","format-standard","hentry","category-i-landstinget","category-nyheter","category-var-politik"],"acf":[],"yoast_head":"<!-- This site is optimized with the Yoast SEO plugin v27.5 - https:\/\/yoast.com\/product\/yoast-seo-wordpress\/ -->\n<title>Det brottsf\u00f6rebyggande ansvaret st\u00e4rks - Kristdemokraterna | Partiavdelning<\/title>\n<meta name=\"robots\" content=\"index, follow, max-snippet:-1, max-image-preview:large, max-video-preview:-1\" \/>\n<link rel=\"canonical\" href=\"https:\/\/wp.kristdemokraterna.se\/partiavdelningsmall\/det-brottsforebyggande-ansvaret-starks\/\" \/>\n<meta property=\"og:locale\" content=\"sv_SE\" \/>\n<meta property=\"og:type\" content=\"article\" \/>\n<meta property=\"og:title\" content=\"Det brottsf\u00f6rebyggande ansvaret st\u00e4rks - Kristdemokraterna | Partiavdelning\" \/>\n<meta property=\"og:description\" content=\"Vi beh\u00f6ver jobba mer brottsf\u00f6rebyggande f\u00f6r att motverka att barn och unga hamnar i kriminalitet. I dag l\u00e4mnade Kristdemokraterna och regeringen en komplettering av f\u00f6rslagen i lagr\u00e5dsremissen om den nya socialtj\u00e4nstlagen. Socialn\u00e4mnden ska f\u00e5 ett st\u00e4rkt och mer uttalat brottsf\u00f6rebyggande ansvar. G\u00e4ngbrottsligheten \u00e4r ett tydligt exempel p\u00e5 ett stort samh\u00e4llsproblem. Det p\u00e5verkar b\u00e5de enskilda och L\u00e4s mer\" \/>\n<meta property=\"og:url\" content=\"https:\/\/wp.kristdemokraterna.se\/partiavdelningsmall\/det-brottsforebyggande-ansvaret-starks\/\" \/>\n<meta property=\"og:site_name\" content=\"Kristdemokraterna | Partiavdelning\" \/>\n<meta property=\"article:published_time\" content=\"2024-12-02T10:49:58+00:00\" \/>\n<meta property=\"article:modified_time\" content=\"2024-12-02T11:01:33+00:00\" \/>\n<meta property=\"og:image\" content=\"https:\/\/wp.kristdemokraterna.se\/partiavdelningsmall\/files\/2024\/12\/standard_kd.jpg\" \/>\n\t<meta property=\"og:image:width\" content=\"478\" \/>\n\t<meta property=\"og:image:height\" content=\"262\" \/>\n\t<meta property=\"og:image:type\" content=\"image\/jpeg\" \/>\n<meta name=\"author\" content=\"Helpdesk Kristdemokraterna\" \/>\n<meta name=\"twitter:card\" content=\"summary_large_image\" \/>\n<meta name=\"twitter:label1\" content=\"Skriven av\" \/>\n\t<meta name=\"twitter:data1\" content=\"Helpdesk Kristdemokraterna\" \/>\n\t<meta name=\"twitter:label2\" content=\"Ber\u00e4knad l\u00e4stid\" \/>\n\t<meta name=\"twitter:data2\" content=\"2 minuter\" \/>\n<script type=\"application\/ld+json\" class=\"yoast-schema-graph\">{\"@context\":\"https:\\\/\\\/schema.org\",\"@graph\":[{\"@type\":\"Article\",\"@id\":\"https:\\\/\\\/wp.kristdemokraterna.se\\\/partiavdelningsmall\\\/det-brottsforebyggande-ansvaret-starks\\\/#article\",\"isPartOf\":{\"@id\":\"https:\\\/\\\/wp.kristdemokraterna.se\\\/partiavdelningsmall\\\/det-brottsforebyggande-ansvaret-starks\\\/\"},\"author\":{\"name\":\"Helpdesk Kristdemokraterna\",\"@id\":\"https:\\\/\\\/wp.kristdemokraterna.se\\\/partiavdelningsmall\\\/#\\\/schema\\\/person\\\/6562e20e17e2df58423fa0f4dc8de535\"},\"headline\":\"Det brottsf\u00f6rebyggande ansvaret st\u00e4rks\",\"datePublished\":\"2024-12-02T10:49:58+00:00\",\"dateModified\":\"2024-12-02T11:01:33+00:00\",\"mainEntityOfPage\":{\"@id\":\"https:\\\/\\\/wp.kristdemokraterna.se\\\/partiavdelningsmall\\\/det-brottsforebyggande-ansvaret-starks\\\/\"},\"wordCount\":459,\"image\":{\"@id\":\"https:\\\/\\\/wp.kristdemokraterna.se\\\/partiavdelningsmall\\\/det-brottsforebyggande-ansvaret-starks\\\/#primaryimage\"},\"thumbnailUrl\":\"https:\\\/\\\/wp.kristdemokraterna.se\\\/partiavdelningsmall\\\/files\\\/2024\\\/12\\\/standard_kd.jpg\",\"articleSection\":[\"I Regionen\",\"Nyheter\",\"V\u00e5r politik\"],\"inLanguage\":\"sv-SE\"},{\"@type\":\"WebPage\",\"@id\":\"https:\\\/\\\/wp.kristdemokraterna.se\\\/partiavdelningsmall\\\/det-brottsforebyggande-ansvaret-starks\\\/\",\"url\":\"https:\\\/\\\/wp.kristdemokraterna.se\\\/partiavdelningsmall\\\/det-brottsforebyggande-ansvaret-starks\\\/\",\"name\":\"Det brottsf\u00f6rebyggande ansvaret st\u00e4rks - Kristdemokraterna | Partiavdelning\",\"isPartOf\":{\"@id\":\"https:\\\/\\\/wp.kristdemokraterna.se\\\/partiavdelningsmall\\\/#website\"},\"primaryImageOfPage\":{\"@id\":\"https:\\\/\\\/wp.kristdemokraterna.se\\\/partiavdelningsmall\\\/det-brottsforebyggande-ansvaret-starks\\\/#primaryimage\"},\"image\":{\"@id\":\"https:\\\/\\\/wp.kristdemokraterna.se\\\/partiavdelningsmall\\\/det-brottsforebyggande-ansvaret-starks\\\/#primaryimage\"},\"thumbnailUrl\":\"https:\\\/\\\/wp.kristdemokraterna.se\\\/partiavdelningsmall\\\/files\\\/2024\\\/12\\\/standard_kd.jpg\",\"datePublished\":\"2024-12-02T10:49:58+00:00\",\"dateModified\":\"2024-12-02T11:01:33+00:00\",\"author\":{\"@id\":\"https:\\\/\\\/wp.kristdemokraterna.se\\\/partiavdelningsmall\\\/#\\\/schema\\\/person\\\/6562e20e17e2df58423fa0f4dc8de535\"},\"breadcrumb\":{\"@id\":\"https:\\\/\\\/wp.kristdemokraterna.se\\\/partiavdelningsmall\\\/det-brottsforebyggande-ansvaret-starks\\\/#breadcrumb\"},\"inLanguage\":\"sv-SE\",\"potentialAction\":[{\"@type\":\"ReadAction\",\"target\":[\"https:\\\/\\\/wp.kristdemokraterna.se\\\/partiavdelningsmall\\\/det-brottsforebyggande-ansvaret-starks\\\/\"]}]},{\"@type\":\"ImageObject\",\"inLanguage\":\"sv-SE\",\"@id\":\"https:\\\/\\\/wp.kristdemokraterna.se\\\/partiavdelningsmall\\\/det-brottsforebyggande-ansvaret-starks\\\/#primaryimage\",\"url\":\"https:\\\/\\\/wp.kristdemokraterna.se\\\/partiavdelningsmall\\\/files\\\/2024\\\/12\\\/standard_kd.jpg\",\"contentUrl\":\"https:\\\/\\\/wp.kristdemokraterna.se\\\/partiavdelningsmall\\\/files\\\/2024\\\/12\\\/standard_kd.jpg\",\"width\":478,\"height\":262,\"caption\":\"KD-logga med bl\u00e5rutig bakgrund\"},{\"@type\":\"BreadcrumbList\",\"@id\":\"https:\\\/\\\/wp.kristdemokraterna.se\\\/partiavdelningsmall\\\/det-brottsforebyggande-ansvaret-starks\\\/#breadcrumb\",\"itemListElement\":[{\"@type\":\"ListItem\",\"position\":1,\"name\":\"Hem\",\"item\":\"https:\\\/\\\/wp.kristdemokraterna.se\\\/partiavdelningsmall\\\/\"},{\"@type\":\"ListItem\",\"position\":2,\"name\":\"Det brottsf\u00f6rebyggande ansvaret st\u00e4rks\"}]},{\"@type\":\"WebSite\",\"@id\":\"https:\\\/\\\/wp.kristdemokraterna.se\\\/partiavdelningsmall\\\/#website\",\"url\":\"https:\\\/\\\/wp.kristdemokraterna.se\\\/partiavdelningsmall\\\/\",\"name\":\"Kristdemokraterna | Partiavdelning\",\"description\":\"En till Kristdemokraterna webbplats\",\"inLanguage\":\"sv-SE\"},{\"@type\":\"Person\",\"@id\":\"https:\\\/\\\/wp.kristdemokraterna.se\\\/partiavdelningsmall\\\/#\\\/schema\\\/person\\\/6562e20e17e2df58423fa0f4dc8de535\",\"name\":\"Helpdesk Kristdemokraterna\",\"image\":{\"@type\":\"ImageObject\",\"inLanguage\":\"sv-SE\",\"@id\":\"https:\\\/\\\/secure.gravatar.com\\\/avatar\\\/8ea49a6cb5a559b7be600a852cfc8614108618c76571e208b9e938ffcb7f15ff?s=96&d=mm&r=g\",\"url\":\"https:\\\/\\\/secure.gravatar.com\\\/avatar\\\/8ea49a6cb5a559b7be600a852cfc8614108618c76571e208b9e938ffcb7f15ff?s=96&d=mm&r=g\",\"contentUrl\":\"https:\\\/\\\/secure.gravatar.com\\\/avatar\\\/8ea49a6cb5a559b7be600a852cfc8614108618c76571e208b9e938ffcb7f15ff?s=96&d=mm&r=g\",\"caption\":\"Helpdesk Kristdemokraterna\"},\"description\":\"helpdesk@kristdemokraterna.se eller 08-723 25 55\",\"url\":\"https:\\\/\\\/wp.kristdemokraterna.se\\\/partiavdelningsmall\\\/author\\\/admin\\\/\"}]}<\/script>\n<!-- \/ Yoast SEO plugin. -->","yoast_head_json":{"title":"Det brottsf\u00f6rebyggande ansvaret st\u00e4rks - Kristdemokraterna | Partiavdelning","robots":{"index":"index","follow":"follow","max-snippet":"max-snippet:-1","max-image-preview":"max-image-preview:large","max-video-preview":"max-video-preview:-1"},"canonical":"https:\/\/wp.kristdemokraterna.se\/partiavdelningsmall\/det-brottsforebyggande-ansvaret-starks\/","og_locale":"sv_SE","og_type":"article","og_title":"Det brottsf\u00f6rebyggande ansvaret st\u00e4rks - Kristdemokraterna | Partiavdelning","og_description":"Vi beh\u00f6ver jobba mer brottsf\u00f6rebyggande f\u00f6r att motverka att barn och unga hamnar i kriminalitet. I dag l\u00e4mnade Kristdemokraterna och regeringen en komplettering av f\u00f6rslagen i lagr\u00e5dsremissen om den nya socialtj\u00e4nstlagen. Socialn\u00e4mnden ska f\u00e5 ett st\u00e4rkt och mer uttalat brottsf\u00f6rebyggande ansvar. G\u00e4ngbrottsligheten \u00e4r ett tydligt exempel p\u00e5 ett stort samh\u00e4llsproblem. Det p\u00e5verkar b\u00e5de enskilda och L\u00e4s mer","og_url":"https:\/\/wp.kristdemokraterna.se\/partiavdelningsmall\/det-brottsforebyggande-ansvaret-starks\/","og_site_name":"Kristdemokraterna | Partiavdelning","article_published_time":"2024-12-02T10:49:58+00:00","article_modified_time":"2024-12-02T11:01:33+00:00","og_image":[{"width":478,"height":262,"url":"https:\/\/wp.kristdemokraterna.se\/partiavdelningsmall\/files\/2024\/12\/standard_kd.jpg","type":"image\/jpeg"}],"author":"Helpdesk Kristdemokraterna","twitter_card":"summary_large_image","twitter_misc":{"Skriven av":"Helpdesk Kristdemokraterna","Ber\u00e4knad l\u00e4stid":"2 minuter"},"schema":{"@context":"https:\/\/schema.org","@graph":[{"@type":"Article","@id":"https:\/\/wp.kristdemokraterna.se\/partiavdelningsmall\/det-brottsforebyggande-ansvaret-starks\/#article","isPartOf":{"@id":"https:\/\/wp.kristdemokraterna.se\/partiavdelningsmall\/det-brottsforebyggande-ansvaret-starks\/"},"author":{"name":"Helpdesk Kristdemokraterna","@id":"https:\/\/wp.kristdemokraterna.se\/partiavdelningsmall\/#\/schema\/person\/6562e20e17e2df58423fa0f4dc8de535"},"headline":"Det brottsf\u00f6rebyggande ansvaret st\u00e4rks","datePublished":"2024-12-02T10:49:58+00:00","dateModified":"2024-12-02T11:01:33+00:00","mainEntityOfPage":{"@id":"https:\/\/wp.kristdemokraterna.se\/partiavdelningsmall\/det-brottsforebyggande-ansvaret-starks\/"},"wordCount":459,"image":{"@id":"https:\/\/wp.kristdemokraterna.se\/partiavdelningsmall\/det-brottsforebyggande-ansvaret-starks\/#primaryimage"},"thumbnailUrl":"https:\/\/wp.kristdemokraterna.se\/partiavdelningsmall\/files\/2024\/12\/standard_kd.jpg","articleSection":["I Regionen","Nyheter","V\u00e5r politik"],"inLanguage":"sv-SE"},{"@type":"WebPage","@id":"https:\/\/wp.kristdemokraterna.se\/partiavdelningsmall\/det-brottsforebyggande-ansvaret-starks\/","url":"https:\/\/wp.kristdemokraterna.se\/partiavdelningsmall\/det-brottsforebyggande-ansvaret-starks\/","name":"Det brottsf\u00f6rebyggande ansvaret st\u00e4rks - Kristdemokraterna | Partiavdelning","isPartOf":{"@id":"https:\/\/wp.kristdemokraterna.se\/partiavdelningsmall\/#website"},"primaryImageOfPage":{"@id":"https:\/\/wp.kristdemokraterna.se\/partiavdelningsmall\/det-brottsforebyggande-ansvaret-starks\/#primaryimage"},"image":{"@id":"https:\/\/wp.kristdemokraterna.se\/partiavdelningsmall\/det-brottsforebyggande-ansvaret-starks\/#primaryimage"},"thumbnailUrl":"https:\/\/wp.kristdemokraterna.se\/partiavdelningsmall\/files\/2024\/12\/standard_kd.jpg","datePublished":"2024-12-02T10:49:58+00:00","dateModified":"2024-12-02T11:01:33+00:00","author":{"@id":"https:\/\/wp.kristdemokraterna.se\/partiavdelningsmall\/#\/schema\/person\/6562e20e17e2df58423fa0f4dc8de535"},"breadcrumb":{"@id":"https:\/\/wp.kristdemokraterna.se\/partiavdelningsmall\/det-brottsforebyggande-ansvaret-starks\/#breadcrumb"},"inLanguage":"sv-SE","potentialAction":[{"@type":"ReadAction","target":["https:\/\/wp.kristdemokraterna.se\/partiavdelningsmall\/det-brottsforebyggande-ansvaret-starks\/"]}]},{"@type":"ImageObject","inLanguage":"sv-SE","@id":"https:\/\/wp.kristdemokraterna.se\/partiavdelningsmall\/det-brottsforebyggande-ansvaret-starks\/#primaryimage","url":"https:\/\/wp.kristdemokraterna.se\/partiavdelningsmall\/files\/2024\/12\/standard_kd.jpg","contentUrl":"https:\/\/wp.kristdemokraterna.se\/partiavdelningsmall\/files\/2024\/12\/standard_kd.jpg","width":478,"height":262,"caption":"KD-logga med bl\u00e5rutig bakgrund"},{"@type":"BreadcrumbList","@id":"https:\/\/wp.kristdemokraterna.se\/partiavdelningsmall\/det-brottsforebyggande-ansvaret-starks\/#breadcrumb","itemListElement":[{"@type":"ListItem","position":1,"name":"Hem","item":"https:\/\/wp.kristdemokraterna.se\/partiavdelningsmall\/"},{"@type":"ListItem","position":2,"name":"Det brottsf\u00f6rebyggande ansvaret st\u00e4rks"}]},{"@type":"WebSite","@id":"https:\/\/wp.kristdemokraterna.se\/partiavdelningsmall\/#website","url":"https:\/\/wp.kristdemokraterna.se\/partiavdelningsmall\/","name":"Kristdemokraterna | Partiavdelning","description":"En till Kristdemokraterna webbplats","inLanguage":"sv-SE"},{"@type":"Person","@id":"https:\/\/wp.kristdemokraterna.se\/partiavdelningsmall\/#\/schema\/person\/6562e20e17e2df58423fa0f4dc8de535","name":"Helpdesk Kristdemokraterna","image":{"@type":"ImageObject","inLanguage":"sv-SE","@id":"https:\/\/secure.gravatar.com\/avatar\/8ea49a6cb5a559b7be600a852cfc8614108618c76571e208b9e938ffcb7f15ff?s=96&d=mm&r=g","url":"https:\/\/secure.gravatar.com\/avatar\/8ea49a6cb5a559b7be600a852cfc8614108618c76571e208b9e938ffcb7f15ff?s=96&d=mm&r=g","contentUrl":"https:\/\/secure.gravatar.com\/avatar\/8ea49a6cb5a559b7be600a852cfc8614108618c76571e208b9e938ffcb7f15ff?s=96&d=mm&r=g","caption":"Helpdesk Kristdemokraterna"},"description":"helpdesk@kristdemokraterna.se eller 08-723 25 55","url":"https:\/\/wp.kristdemokraterna.se\/partiavdelningsmall\/author\/admin\/"}]}},"_links":{"self":[{"href":"https:\/\/wp.kristdemokraterna.se\/partiavdelningsmall\/wp-json\/wp\/v2\/posts\/76","targetHints":{"allow":["GET"]}}],"collection":[{"href":"https:\/\/wp.kristdemokraterna.se\/partiavdelningsmall\/wp-json\/wp\/v2\/posts"}],"about":[{"href":"https:\/\/wp.kristdemokraterna.se\/partiavdelningsmall\/wp-json\/wp\/v2\/types\/post"}],"author":[{"embeddable":true,"href":"https:\/\/wp.kristdemokraterna.se\/partiavdelningsmall\/wp-json\/wp\/v2\/users\/2"}],"replies":[{"embeddable":true,"href":"https:\/\/wp.kristdemokraterna.se\/partiavdelningsmall\/wp-json\/wp\/v2\/comments?post=76"}],"version-history":[{"count":5,"href":"https:\/\/wp.kristdemokraterna.se\/partiavdelningsmall\/wp-json\/wp\/v2\/posts\/76\/revisions"}],"predecessor-version":[{"id":634,"href":"https:\/\/wp.kristdemokraterna.se\/partiavdelningsmall\/wp-json\/wp\/v2\/posts\/76\/revisions\/634"}],"wp:featuredmedia":[{"embeddable":true,"href":"https:\/\/wp.kristdemokraterna.se\/partiavdelningsmall\/wp-json\/wp\/v2\/media\/622"}],"wp:attachment":[{"href":"https:\/\/wp.kristdemokraterna.se\/partiavdelningsmall\/wp-json\/wp\/v2\/media?parent=76"}],"wp:term":[{"taxonomy":"category","embeddable":true,"href":"https:\/\/wp.kristdemokraterna.se\/partiavdelningsmall\/wp-json\/wp\/v2\/categories?post=76"},{"taxonomy":"post_tag","embeddable":true,"href":"https:\/\/wp.kristdemokraterna.se\/partiavdelningsmall\/wp-json\/wp\/v2\/tags?post=76"}],"curies":[{"name":"wp","href":"https:\/\/api.w.org\/{rel}","templated":true}]}}