{"id":524,"date":"2025-02-03T22:33:43","date_gmt":"2025-02-03T21:33:43","guid":{"rendered":"https:\/\/wp.kristdemokraterna.se\/perstorp\/?p=524"},"modified":"2025-02-03T22:37:29","modified_gmt":"2025-02-03T21:37:29","slug":"arsmote","status":"publish","type":"post","link":"https:\/\/wp.kristdemokraterna.se\/perstorp\/arsmote\/","title":{"rendered":"\u00c5rsm\u00f6te"},"content":{"rendered":"<p style=\"font-weight: 400\">\u00c5rsm\u00f6te i partiavdelningen den 11 februari kl. 18. Vi m\u00f6ts i Ugglehallen.<\/p>\n<p style=\"font-weight: 400\">M\u00f6tet inleds med ett intressant bes\u00f6k och d\u00e4refter bjuds p\u00e5 sm\u00f6rg\u00e5st\u00e5rta.<\/p>\n<p style=\"font-weight: 400\">Sedvanliga f\u00f6rhandlingar enligt stadgad dagordning.<\/p>\n<p style=\"font-weight: 400\">V\u00e4lkomna<\/p>\n","protected":false},"excerpt":{"rendered":"<p>\u00c5rsm\u00f6te i partiavdelningen den 11 februari kl. 18. Vi m\u00f6ts i Ugglehallen. M\u00f6tet inleds med ett intressant bes\u00f6k och d\u00e4refter bjuds p\u00e5 sm\u00f6rg\u00e5st\u00e5rta. Sedvanliga f\u00f6rhandlingar enligt stadgad dagordning. V\u00e4lkomna<\/p>\n","protected":false},"author":1050,"featured_media":0,"comment_status":"closed","ping_status":"closed","sticky":false,"template":"","format":"standard","meta":{"_acf_changed":false,"footnotes":""},"categories":[10,1],"tags":[],"class_list":["post-524","post","type-post","status-publish","format-standard","hentry","category-nyheter","category-okategoriserade"],"acf":[],"yoast_head":"<!-- This site is optimized with the Yoast SEO plugin v27.5 - https:\/\/yoast.com\/product\/yoast-seo-wordpress\/ -->\n<title>\u00c5rsm\u00f6te - Kristdemokraterna | Perstorp<\/title>\n<meta name=\"robots\" content=\"index, follow, max-snippet:-1, max-image-preview:large, max-video-preview:-1\" \/>\n<link rel=\"canonical\" href=\"https:\/\/wp.kristdemokraterna.se\/perstorp\/arsmote\/\" \/>\n<meta property=\"og:locale\" content=\"sv_SE\" \/>\n<meta property=\"og:type\" content=\"article\" \/>\n<meta property=\"og:title\" content=\"\u00c5rsm\u00f6te - Kristdemokraterna | Perstorp\" \/>\n<meta property=\"og:description\" content=\"\u00c5rsm\u00f6te i partiavdelningen den 11 februari kl. 18. Vi m\u00f6ts i Ugglehallen. M\u00f6tet inleds med ett intressant bes\u00f6k och d\u00e4refter bjuds p\u00e5 sm\u00f6rg\u00e5st\u00e5rta. Sedvanliga f\u00f6rhandlingar enligt stadgad dagordning. V\u00e4lkomna\" \/>\n<meta property=\"og:url\" content=\"https:\/\/wp.kristdemokraterna.se\/perstorp\/arsmote\/\" \/>\n<meta property=\"og:site_name\" content=\"Kristdemokraterna | Perstorp\" \/>\n<meta property=\"article:published_time\" content=\"2025-02-03T21:33:43+00:00\" \/>\n<meta property=\"article:modified_time\" content=\"2025-02-03T21:37:29+00:00\" \/>\n<meta name=\"author\" content=\"svensand\" \/>\n<meta name=\"twitter:card\" content=\"summary_large_image\" \/>\n<meta name=\"twitter:label1\" content=\"Skriven av\" \/>\n\t<meta name=\"twitter:data1\" content=\"svensand\" \/>\n\t<meta name=\"twitter:label2\" content=\"Ber\u00e4knad l\u00e4stid\" \/>\n\t<meta name=\"twitter:data2\" content=\"1 minut\" \/>\n<script type=\"application\/ld+json\" class=\"yoast-schema-graph\">{\"@context\":\"https:\\\/\\\/schema.org\",\"@graph\":[{\"@type\":\"Article\",\"@id\":\"https:\\\/\\\/wp.kristdemokraterna.se\\\/perstorp\\\/arsmote\\\/#article\",\"isPartOf\":{\"@id\":\"https:\\\/\\\/wp.kristdemokraterna.se\\\/perstorp\\\/arsmote\\\/\"},\"author\":{\"name\":\"svensand\",\"@id\":\"https:\\\/\\\/wp.kristdemokraterna.se\\\/perstorp\\\/#\\\/schema\\\/person\\\/1bed5ec114f3d9f1055834cfc630a4d3\"},\"headline\":\"\u00c5rsm\u00f6te\",\"datePublished\":\"2025-02-03T21:33:43+00:00\",\"dateModified\":\"2025-02-03T21:37:29+00:00\",\"mainEntityOfPage\":{\"@id\":\"https:\\\/\\\/wp.kristdemokraterna.se\\\/perstorp\\\/arsmote\\\/\"},\"wordCount\":39,\"articleSection\":[\"Nyheter\"],\"inLanguage\":\"sv-SE\"},{\"@type\":\"WebPage\",\"@id\":\"https:\\\/\\\/wp.kristdemokraterna.se\\\/perstorp\\\/arsmote\\\/\",\"url\":\"https:\\\/\\\/wp.kristdemokraterna.se\\\/perstorp\\\/arsmote\\\/\",\"name\":\"\u00c5rsm\u00f6te - Kristdemokraterna | Perstorp\",\"isPartOf\":{\"@id\":\"https:\\\/\\\/wp.kristdemokraterna.se\\\/perstorp\\\/#website\"},\"datePublished\":\"2025-02-03T21:33:43+00:00\",\"dateModified\":\"2025-02-03T21:37:29+00:00\",\"author\":{\"@id\":\"https:\\\/\\\/wp.kristdemokraterna.se\\\/perstorp\\\/#\\\/schema\\\/person\\\/1bed5ec114f3d9f1055834cfc630a4d3\"},\"breadcrumb\":{\"@id\":\"https:\\\/\\\/wp.kristdemokraterna.se\\\/perstorp\\\/arsmote\\\/#breadcrumb\"},\"inLanguage\":\"sv-SE\",\"potentialAction\":[{\"@type\":\"ReadAction\",\"target\":[\"https:\\\/\\\/wp.kristdemokraterna.se\\\/perstorp\\\/arsmote\\\/\"]}]},{\"@type\":\"BreadcrumbList\",\"@id\":\"https:\\\/\\\/wp.kristdemokraterna.se\\\/perstorp\\\/arsmote\\\/#breadcrumb\",\"itemListElement\":[{\"@type\":\"ListItem\",\"position\":1,\"name\":\"Hem\",\"item\":\"https:\\\/\\\/wp.kristdemokraterna.se\\\/perstorp\\\/\"},{\"@type\":\"ListItem\",\"position\":2,\"name\":\"\u00c5rsm\u00f6te\"}]},{\"@type\":\"WebSite\",\"@id\":\"https:\\\/\\\/wp.kristdemokraterna.se\\\/perstorp\\\/#website\",\"url\":\"https:\\\/\\\/wp.kristdemokraterna.se\\\/perstorp\\\/\",\"name\":\"Kristdemokraterna | Perstorp\",\"description\":\"En till Kristdemokraterna webbplats\",\"inLanguage\":\"sv-SE\"},{\"@type\":\"Person\",\"@id\":\"https:\\\/\\\/wp.kristdemokraterna.se\\\/perstorp\\\/#\\\/schema\\\/person\\\/1bed5ec114f3d9f1055834cfc630a4d3\",\"name\":\"svensand\",\"image\":{\"@type\":\"ImageObject\",\"inLanguage\":\"sv-SE\",\"@id\":\"https:\\\/\\\/secure.gravatar.com\\\/avatar\\\/82009b139ca59772f67512278621b72310cb0e1be88ce0fa807331c3a5049542?s=96&d=mm&r=g\",\"url\":\"https:\\\/\\\/secure.gravatar.com\\\/avatar\\\/82009b139ca59772f67512278621b72310cb0e1be88ce0fa807331c3a5049542?s=96&d=mm&r=g\",\"contentUrl\":\"https:\\\/\\\/secure.gravatar.com\\\/avatar\\\/82009b139ca59772f67512278621b72310cb0e1be88ce0fa807331c3a5049542?s=96&d=mm&r=g\",\"caption\":\"svensand\"},\"url\":\"https:\\\/\\\/wp.kristdemokraterna.se\\\/perstorp\\\/author\\\/svensand\\\/\"}]}<\/script>\n<!-- \/ Yoast SEO plugin. -->","yoast_head_json":{"title":"\u00c5rsm\u00f6te - Kristdemokraterna | Perstorp","robots":{"index":"index","follow":"follow","max-snippet":"max-snippet:-1","max-image-preview":"max-image-preview:large","max-video-preview":"max-video-preview:-1"},"canonical":"https:\/\/wp.kristdemokraterna.se\/perstorp\/arsmote\/","og_locale":"sv_SE","og_type":"article","og_title":"\u00c5rsm\u00f6te - Kristdemokraterna | Perstorp","og_description":"\u00c5rsm\u00f6te i partiavdelningen den 11 februari kl. 18. Vi m\u00f6ts i Ugglehallen. M\u00f6tet inleds med ett intressant bes\u00f6k och d\u00e4refter bjuds p\u00e5 sm\u00f6rg\u00e5st\u00e5rta. Sedvanliga f\u00f6rhandlingar enligt stadgad dagordning. V\u00e4lkomna","og_url":"https:\/\/wp.kristdemokraterna.se\/perstorp\/arsmote\/","og_site_name":"Kristdemokraterna | Perstorp","article_published_time":"2025-02-03T21:33:43+00:00","article_modified_time":"2025-02-03T21:37:29+00:00","author":"svensand","twitter_card":"summary_large_image","twitter_misc":{"Skriven av":"svensand","Ber\u00e4knad l\u00e4stid":"1 minut"},"schema":{"@context":"https:\/\/schema.org","@graph":[{"@type":"Article","@id":"https:\/\/wp.kristdemokraterna.se\/perstorp\/arsmote\/#article","isPartOf":{"@id":"https:\/\/wp.kristdemokraterna.se\/perstorp\/arsmote\/"},"author":{"name":"svensand","@id":"https:\/\/wp.kristdemokraterna.se\/perstorp\/#\/schema\/person\/1bed5ec114f3d9f1055834cfc630a4d3"},"headline":"\u00c5rsm\u00f6te","datePublished":"2025-02-03T21:33:43+00:00","dateModified":"2025-02-03T21:37:29+00:00","mainEntityOfPage":{"@id":"https:\/\/wp.kristdemokraterna.se\/perstorp\/arsmote\/"},"wordCount":39,"articleSection":["Nyheter"],"inLanguage":"sv-SE"},{"@type":"WebPage","@id":"https:\/\/wp.kristdemokraterna.se\/perstorp\/arsmote\/","url":"https:\/\/wp.kristdemokraterna.se\/perstorp\/arsmote\/","name":"\u00c5rsm\u00f6te - Kristdemokraterna | Perstorp","isPartOf":{"@id":"https:\/\/wp.kristdemokraterna.se\/perstorp\/#website"},"datePublished":"2025-02-03T21:33:43+00:00","dateModified":"2025-02-03T21:37:29+00:00","author":{"@id":"https:\/\/wp.kristdemokraterna.se\/perstorp\/#\/schema\/person\/1bed5ec114f3d9f1055834cfc630a4d3"},"breadcrumb":{"@id":"https:\/\/wp.kristdemokraterna.se\/perstorp\/arsmote\/#breadcrumb"},"inLanguage":"sv-SE","potentialAction":[{"@type":"ReadAction","target":["https:\/\/wp.kristdemokraterna.se\/perstorp\/arsmote\/"]}]},{"@type":"BreadcrumbList","@id":"https:\/\/wp.kristdemokraterna.se\/perstorp\/arsmote\/#breadcrumb","itemListElement":[{"@type":"ListItem","position":1,"name":"Hem","item":"https:\/\/wp.kristdemokraterna.se\/perstorp\/"},{"@type":"ListItem","position":2,"name":"\u00c5rsm\u00f6te"}]},{"@type":"WebSite","@id":"https:\/\/wp.kristdemokraterna.se\/perstorp\/#website","url":"https:\/\/wp.kristdemokraterna.se\/perstorp\/","name":"Kristdemokraterna | Perstorp","description":"En till Kristdemokraterna webbplats","inLanguage":"sv-SE"},{"@type":"Person","@id":"https:\/\/wp.kristdemokraterna.se\/perstorp\/#\/schema\/person\/1bed5ec114f3d9f1055834cfc630a4d3","name":"svensand","image":{"@type":"ImageObject","inLanguage":"sv-SE","@id":"https:\/\/secure.gravatar.com\/avatar\/82009b139ca59772f67512278621b72310cb0e1be88ce0fa807331c3a5049542?s=96&d=mm&r=g","url":"https:\/\/secure.gravatar.com\/avatar\/82009b139ca59772f67512278621b72310cb0e1be88ce0fa807331c3a5049542?s=96&d=mm&r=g","contentUrl":"https:\/\/secure.gravatar.com\/avatar\/82009b139ca59772f67512278621b72310cb0e1be88ce0fa807331c3a5049542?s=96&d=mm&r=g","caption":"svensand"},"url":"https:\/\/wp.kristdemokraterna.se\/perstorp\/author\/svensand\/"}]}},"_links":{"self":[{"href":"https:\/\/wp.kristdemokraterna.se\/perstorp\/wp-json\/wp\/v2\/posts\/524","targetHints":{"allow":["GET"]}}],"collection":[{"href":"https:\/\/wp.kristdemokraterna.se\/perstorp\/wp-json\/wp\/v2\/posts"}],"about":[{"href":"https:\/\/wp.kristdemokraterna.se\/perstorp\/wp-json\/wp\/v2\/types\/post"}],"author":[{"embeddable":true,"href":"https:\/\/wp.kristdemokraterna.se\/perstorp\/wp-json\/wp\/v2\/users\/1050"}],"replies":[{"embeddable":true,"href":"https:\/\/wp.kristdemokraterna.se\/perstorp\/wp-json\/wp\/v2\/comments?post=524"}],"version-history":[{"count":1,"href":"https:\/\/wp.kristdemokraterna.se\/perstorp\/wp-json\/wp\/v2\/posts\/524\/revisions"}],"predecessor-version":[{"id":527,"href":"https:\/\/wp.kristdemokraterna.se\/perstorp\/wp-json\/wp\/v2\/posts\/524\/revisions\/527"}],"wp:attachment":[{"href":"https:\/\/wp.kristdemokraterna.se\/perstorp\/wp-json\/wp\/v2\/media?parent=524"}],"wp:term":[{"taxonomy":"category","embeddable":true,"href":"https:\/\/wp.kristdemokraterna.se\/perstorp\/wp-json\/wp\/v2\/categories?post=524"},{"taxonomy":"post_tag","embeddable":true,"href":"https:\/\/wp.kristdemokraterna.se\/perstorp\/wp-json\/wp\/v2\/tags?post=524"}],"curies":[{"name":"wp","href":"https:\/\/api.w.org\/{rel}","templated":true}]}}