{"id":119,"date":"2015-06-23T11:45:40","date_gmt":"2015-06-23T09:45:40","guid":{"rendered":"http:\/\/wp.kristdemokraterna.se\/pitea\/?p=119"},"modified":"2019-03-05T10:09:35","modified_gmt":"2019-03-05T09:09:35","slug":"motion-om-familjeradgivning-for-forstagangsforaldrar","status":"publish","type":"post","link":"https:\/\/wp.kristdemokraterna.se\/pitea\/motion-om-familjeradgivning-for-forstagangsforaldrar\/","title":{"rendered":"Motion om familjer\u00e5dgivning f\u00f6r f\u00f6rstag\u00e5ngsf\u00f6r\u00e4ldrar"},"content":{"rendered":"<p>Ett av livets st\u00f6rsta f\u00f6r\u00e4ndring och utmaning intr\u00e4ffar n\u00e4r man som par ut\u00f6kas till en familj, dvs. n\u00e4r man f\u00e5r sitt f\u00f6rsta barn. Fr\u00e5n att ha haft allt fokus p\u00e5 sina egna och partnerns behov blir pl\u00f6tsligt detta fokus \u00f6ver en natt flyttat till det egna barnet. Barnets behov av k\u00e4rlek och uppm\u00e4rksamhet kommer, som sig b\u00f6r, som prio ett och parf\u00f6rh\u00e5llandet f\u00e5r en stor utmaning, kanske den st\u00f6rsta n\u00e5gonsin, samtidigt som det \u00e4r just d\u00e5 man som mest beh\u00f6ver varandras st\u00f6d och k\u00e4rlek liksom det lilla barnet har r\u00e4tt till b\u00e5da f\u00f6r\u00e4ldrarnas k\u00e4rlek och uppm\u00e4rksamhet.<\/p>\n<p>I Barnkonventionens inledning stycke sex st\u00e5r: \u201d Konventionsstaterna \u00e4r \u00f6vertygade om att familjen, s\u00e5som den grundl\u00e4ggande enheten i samh\u00e4llet och den naturliga milj\u00f6n f\u00f6r alla dess medlemmars och s\u00e4rskilt f\u00f6r barnens utveckling och v\u00e4lf\u00e4rd, b\u00f6r ges n\u00f6dv\u00e4ndigt skydd och bist\u00e5nd s\u00e5 att den till fullo kan ta p\u00e5 sig sitt ansvar i samh\u00e4llet. \u201d<\/p>\n<p>Och vidare i stycke sju: \u201d Konventionsstaterna erk\u00e4nner att barnet f\u00f6r att kunna uppn\u00e5 en fullst\u00e4ndig och harmonisk utveckling av sin personlighet, b\u00f6r v\u00e4xa upp i en familjemilj\u00f6, i en omgivning av lycka, k\u00e4rlek och f\u00f6rst\u00e5else. \u201d<\/p>\n<p>Kommunen vill ju \u00f6ka sin befolkning till 43.000 till \u00e5r 2020 och detta vore en bra satsning f\u00f6r barnfamiljer som vi vill ska flytta in till kommunen. Vi tror att de nya f\u00f6r\u00e4ldrarna skulle ha nytta och gl\u00e4dje av att g\u00e5 p\u00e5 familjer\u00e5dgivning f\u00f6r att f\u00e5 r\u00e5d och st\u00f6d att hantera sina relationer s\u00e5 att k\u00e4rleken och f\u00f6rst\u00e5elsen f\u00f6r varandra utvecklas och f\u00f6rdjupas.<\/p>\n<p>D\u00e4rf\u00f6r vill vi Kristdemokrater:<\/p>\n<ul>\n<li>att kommunen unders\u00f6ker m\u00f6jligheten att f\u00f6r\u00e4ldrar som f\u00e5tt sitt f\u00f6rsta barn erbjuds gratis familjer\u00e5dgivning vid n\u00e5got eller n\u00e5gra tillf\u00e4llen.<\/li>\n<\/ul>\n<p>\/Hel\u00e9n Lindb\u00e4ck\/ \/ Christina Lund\/<\/p>\n","protected":false},"excerpt":{"rendered":"<p>Ett av livets st\u00f6rsta f\u00f6r\u00e4ndring och utmaning intr\u00e4ffar n\u00e4r man som par ut\u00f6kas till en familj, dvs. n\u00e4r man f\u00e5r sitt f\u00f6rsta barn. Fr\u00e5n att ha haft allt fokus p\u00e5 sina egna och partnerns behov blir pl\u00f6tsligt detta fokus \u00f6ver en natt flyttat till det egna barnet. Barnets behov av k\u00e4rlek och uppm\u00e4rksamhet kommer, som <a class=\"read-more-link\" href=\"https:\/\/wp.kristdemokraterna.se\/pitea\/motion-om-familjeradgivning-for-forstagangsforaldrar\/\">Read More<\/a><\/p>\n","protected":false},"author":693,"featured_media":260,"comment_status":"closed","ping_status":"closed","sticky":false,"template":"","format":"standard","meta":{"_acf_changed":false,"footnotes":""},"categories":[19],"tags":[30,32],"class_list":["post-119","post","type-post","status-publish","format-standard","hentry","category-kd-pitea","tag-familj","tag-motioner"],"acf":[],"yoast_head":"<!-- This site is optimized with the Yoast SEO plugin v27.4 - https:\/\/yoast.com\/product\/yoast-seo-wordpress\/ -->\n<title>Motion om familjer\u00e5dgivning f\u00f6r f\u00f6rstag\u00e5ngsf\u00f6r\u00e4ldrar - Kristdemokraterna Pite\u00e5<\/title>\n<meta name=\"robots\" content=\"index, follow, max-snippet:-1, max-image-preview:large, max-video-preview:-1\" \/>\n<link rel=\"canonical\" href=\"https:\/\/wp.kristdemokraterna.se\/pitea\/motion-om-familjeradgivning-for-forstagangsforaldrar\/\" \/>\n<meta property=\"og:locale\" content=\"sv_SE\" \/>\n<meta property=\"og:type\" content=\"article\" \/>\n<meta property=\"og:title\" content=\"Motion om familjer\u00e5dgivning f\u00f6r f\u00f6rstag\u00e5ngsf\u00f6r\u00e4ldrar - Kristdemokraterna Pite\u00e5\" \/>\n<meta property=\"og:description\" content=\"Ett av livets st\u00f6rsta f\u00f6r\u00e4ndring och utmaning intr\u00e4ffar n\u00e4r man som par ut\u00f6kas till en familj, dvs. n\u00e4r man f\u00e5r sitt f\u00f6rsta barn. Fr\u00e5n att ha haft allt fokus p\u00e5 sina egna och partnerns behov blir pl\u00f6tsligt detta fokus \u00f6ver en natt flyttat till det egna barnet. Barnets behov av k\u00e4rlek och uppm\u00e4rksamhet kommer, som Read More\" \/>\n<meta property=\"og:url\" content=\"https:\/\/wp.kristdemokraterna.se\/pitea\/motion-om-familjeradgivning-for-forstagangsforaldrar\/\" \/>\n<meta property=\"og:site_name\" content=\"Kristdemokraterna Pite\u00e5\" \/>\n<meta property=\"article:published_time\" content=\"2015-06-23T09:45:40+00:00\" \/>\n<meta property=\"article:modified_time\" content=\"2019-03-05T09:09:35+00:00\" \/>\n<meta property=\"og:image\" content=\"https:\/\/wp.kristdemokraterna.se\/pitea\/files\/2017\/07\/fam-rost-high.jpg\" \/>\n\t<meta property=\"og:image:width\" content=\"90\" \/>\n\t<meta property=\"og:image:height\" content=\"120\" \/>\n\t<meta property=\"og:image:type\" content=\"image\/jpeg\" \/>\n<meta name=\"author\" content=\"Charlotta Burman\" \/>\n<meta name=\"twitter:card\" content=\"summary_large_image\" \/>\n<meta name=\"twitter:label1\" content=\"Skriven av\" \/>\n\t<meta name=\"twitter:data1\" content=\"Charlotta Burman\" \/>\n\t<meta name=\"twitter:label2\" content=\"Ber\u00e4knad l\u00e4stid\" \/>\n\t<meta name=\"twitter:data2\" content=\"2 minuter\" \/>\n<script type=\"application\/ld+json\" class=\"yoast-schema-graph\">{\"@context\":\"https:\\\/\\\/schema.org\",\"@graph\":[{\"@type\":\"Article\",\"@id\":\"https:\\\/\\\/wp.kristdemokraterna.se\\\/pitea\\\/motion-om-familjeradgivning-for-forstagangsforaldrar\\\/#article\",\"isPartOf\":{\"@id\":\"https:\\\/\\\/wp.kristdemokraterna.se\\\/pitea\\\/motion-om-familjeradgivning-for-forstagangsforaldrar\\\/\"},\"author\":{\"name\":\"Charlotta Burman\",\"@id\":\"https:\\\/\\\/wp.kristdemokraterna.se\\\/pitea\\\/#\\\/schema\\\/person\\\/db9e90e3d802950af7a0ac8336a625da\"},\"headline\":\"Motion om familjer\u00e5dgivning f\u00f6r f\u00f6rstag\u00e5ngsf\u00f6r\u00e4ldrar\",\"datePublished\":\"2015-06-23T09:45:40+00:00\",\"dateModified\":\"2019-03-05T09:09:35+00:00\",\"mainEntityOfPage\":{\"@id\":\"https:\\\/\\\/wp.kristdemokraterna.se\\\/pitea\\\/motion-om-familjeradgivning-for-forstagangsforaldrar\\\/\"},\"wordCount\":360,\"image\":{\"@id\":\"https:\\\/\\\/wp.kristdemokraterna.se\\\/pitea\\\/motion-om-familjeradgivning-for-forstagangsforaldrar\\\/#primaryimage\"},\"thumbnailUrl\":\"https:\\\/\\\/wp.kristdemokraterna.se\\\/pitea\\\/files\\\/2017\\\/07\\\/fam-rost-high.jpg\",\"keywords\":[\"Familj\",\"Motioner\"],\"articleSection\":[\"KD Pite\u00e5\"],\"inLanguage\":\"sv-SE\"},{\"@type\":\"WebPage\",\"@id\":\"https:\\\/\\\/wp.kristdemokraterna.se\\\/pitea\\\/motion-om-familjeradgivning-for-forstagangsforaldrar\\\/\",\"url\":\"https:\\\/\\\/wp.kristdemokraterna.se\\\/pitea\\\/motion-om-familjeradgivning-for-forstagangsforaldrar\\\/\",\"name\":\"Motion om familjer\u00e5dgivning f\u00f6r f\u00f6rstag\u00e5ngsf\u00f6r\u00e4ldrar - Kristdemokraterna Pite\u00e5\",\"isPartOf\":{\"@id\":\"https:\\\/\\\/wp.kristdemokraterna.se\\\/pitea\\\/#website\"},\"primaryImageOfPage\":{\"@id\":\"https:\\\/\\\/wp.kristdemokraterna.se\\\/pitea\\\/motion-om-familjeradgivning-for-forstagangsforaldrar\\\/#primaryimage\"},\"image\":{\"@id\":\"https:\\\/\\\/wp.kristdemokraterna.se\\\/pitea\\\/motion-om-familjeradgivning-for-forstagangsforaldrar\\\/#primaryimage\"},\"thumbnailUrl\":\"https:\\\/\\\/wp.kristdemokraterna.se\\\/pitea\\\/files\\\/2017\\\/07\\\/fam-rost-high.jpg\",\"datePublished\":\"2015-06-23T09:45:40+00:00\",\"dateModified\":\"2019-03-05T09:09:35+00:00\",\"author\":{\"@id\":\"https:\\\/\\\/wp.kristdemokraterna.se\\\/pitea\\\/#\\\/schema\\\/person\\\/db9e90e3d802950af7a0ac8336a625da\"},\"breadcrumb\":{\"@id\":\"https:\\\/\\\/wp.kristdemokraterna.se\\\/pitea\\\/motion-om-familjeradgivning-for-forstagangsforaldrar\\\/#breadcrumb\"},\"inLanguage\":\"sv-SE\",\"potentialAction\":[{\"@type\":\"ReadAction\",\"target\":[\"https:\\\/\\\/wp.kristdemokraterna.se\\\/pitea\\\/motion-om-familjeradgivning-for-forstagangsforaldrar\\\/\"]}]},{\"@type\":\"ImageObject\",\"inLanguage\":\"sv-SE\",\"@id\":\"https:\\\/\\\/wp.kristdemokraterna.se\\\/pitea\\\/motion-om-familjeradgivning-for-forstagangsforaldrar\\\/#primaryimage\",\"url\":\"https:\\\/\\\/wp.kristdemokraterna.se\\\/pitea\\\/files\\\/2017\\\/07\\\/fam-rost-high.jpg\",\"contentUrl\":\"https:\\\/\\\/wp.kristdemokraterna.se\\\/pitea\\\/files\\\/2017\\\/07\\\/fam-rost-high.jpg\",\"width\":90,\"height\":120},{\"@type\":\"BreadcrumbList\",\"@id\":\"https:\\\/\\\/wp.kristdemokraterna.se\\\/pitea\\\/motion-om-familjeradgivning-for-forstagangsforaldrar\\\/#breadcrumb\",\"itemListElement\":[{\"@type\":\"ListItem\",\"position\":1,\"name\":\"Hem\",\"item\":\"https:\\\/\\\/wp.kristdemokraterna.se\\\/pitea\\\/\"},{\"@type\":\"ListItem\",\"position\":2,\"name\":\"Motion om familjer\u00e5dgivning f\u00f6r f\u00f6rstag\u00e5ngsf\u00f6r\u00e4ldrar\"}]},{\"@type\":\"WebSite\",\"@id\":\"https:\\\/\\\/wp.kristdemokraterna.se\\\/pitea\\\/#website\",\"url\":\"https:\\\/\\\/wp.kristdemokraterna.se\\\/pitea\\\/\",\"name\":\"Kristdemokraterna Pite\u00e5\",\"description\":\"Trygga familjer bygger ett tryggare Sverige\",\"inLanguage\":\"sv-SE\"},{\"@type\":\"Person\",\"@id\":\"https:\\\/\\\/wp.kristdemokraterna.se\\\/pitea\\\/#\\\/schema\\\/person\\\/db9e90e3d802950af7a0ac8336a625da\",\"name\":\"Charlotta Burman\",\"image\":{\"@type\":\"ImageObject\",\"inLanguage\":\"sv-SE\",\"@id\":\"https:\\\/\\\/secure.gravatar.com\\\/avatar\\\/89bee22518553877e7f2f600ca146a42e65908e5fd55043c0459319e20022f4b?s=96&d=mm&r=g\",\"url\":\"https:\\\/\\\/secure.gravatar.com\\\/avatar\\\/89bee22518553877e7f2f600ca146a42e65908e5fd55043c0459319e20022f4b?s=96&d=mm&r=g\",\"contentUrl\":\"https:\\\/\\\/secure.gravatar.com\\\/avatar\\\/89bee22518553877e7f2f600ca146a42e65908e5fd55043c0459319e20022f4b?s=96&d=mm&r=g\",\"caption\":\"Charlotta Burman\"},\"url\":\"https:\\\/\\\/wp.kristdemokraterna.se\\\/pitea\\\/author\\\/charlotta\\\/\"}]}<\/script>\n<!-- \/ Yoast SEO plugin. -->","yoast_head_json":{"title":"Motion om familjer\u00e5dgivning f\u00f6r f\u00f6rstag\u00e5ngsf\u00f6r\u00e4ldrar - Kristdemokraterna Pite\u00e5","robots":{"index":"index","follow":"follow","max-snippet":"max-snippet:-1","max-image-preview":"max-image-preview:large","max-video-preview":"max-video-preview:-1"},"canonical":"https:\/\/wp.kristdemokraterna.se\/pitea\/motion-om-familjeradgivning-for-forstagangsforaldrar\/","og_locale":"sv_SE","og_type":"article","og_title":"Motion om familjer\u00e5dgivning f\u00f6r f\u00f6rstag\u00e5ngsf\u00f6r\u00e4ldrar - Kristdemokraterna Pite\u00e5","og_description":"Ett av livets st\u00f6rsta f\u00f6r\u00e4ndring och utmaning intr\u00e4ffar n\u00e4r man som par ut\u00f6kas till en familj, dvs. n\u00e4r man f\u00e5r sitt f\u00f6rsta barn. Fr\u00e5n att ha haft allt fokus p\u00e5 sina egna och partnerns behov blir pl\u00f6tsligt detta fokus \u00f6ver en natt flyttat till det egna barnet. Barnets behov av k\u00e4rlek och uppm\u00e4rksamhet kommer, som Read More","og_url":"https:\/\/wp.kristdemokraterna.se\/pitea\/motion-om-familjeradgivning-for-forstagangsforaldrar\/","og_site_name":"Kristdemokraterna Pite\u00e5","article_published_time":"2015-06-23T09:45:40+00:00","article_modified_time":"2019-03-05T09:09:35+00:00","og_image":[{"width":90,"height":120,"url":"https:\/\/wp.kristdemokraterna.se\/pitea\/files\/2017\/07\/fam-rost-high.jpg","type":"image\/jpeg"}],"author":"Charlotta Burman","twitter_card":"summary_large_image","twitter_misc":{"Skriven av":"Charlotta Burman","Ber\u00e4knad l\u00e4stid":"2 minuter"},"schema":{"@context":"https:\/\/schema.org","@graph":[{"@type":"Article","@id":"https:\/\/wp.kristdemokraterna.se\/pitea\/motion-om-familjeradgivning-for-forstagangsforaldrar\/#article","isPartOf":{"@id":"https:\/\/wp.kristdemokraterna.se\/pitea\/motion-om-familjeradgivning-for-forstagangsforaldrar\/"},"author":{"name":"Charlotta Burman","@id":"https:\/\/wp.kristdemokraterna.se\/pitea\/#\/schema\/person\/db9e90e3d802950af7a0ac8336a625da"},"headline":"Motion om familjer\u00e5dgivning f\u00f6r f\u00f6rstag\u00e5ngsf\u00f6r\u00e4ldrar","datePublished":"2015-06-23T09:45:40+00:00","dateModified":"2019-03-05T09:09:35+00:00","mainEntityOfPage":{"@id":"https:\/\/wp.kristdemokraterna.se\/pitea\/motion-om-familjeradgivning-for-forstagangsforaldrar\/"},"wordCount":360,"image":{"@id":"https:\/\/wp.kristdemokraterna.se\/pitea\/motion-om-familjeradgivning-for-forstagangsforaldrar\/#primaryimage"},"thumbnailUrl":"https:\/\/wp.kristdemokraterna.se\/pitea\/files\/2017\/07\/fam-rost-high.jpg","keywords":["Familj","Motioner"],"articleSection":["KD Pite\u00e5"],"inLanguage":"sv-SE"},{"@type":"WebPage","@id":"https:\/\/wp.kristdemokraterna.se\/pitea\/motion-om-familjeradgivning-for-forstagangsforaldrar\/","url":"https:\/\/wp.kristdemokraterna.se\/pitea\/motion-om-familjeradgivning-for-forstagangsforaldrar\/","name":"Motion om familjer\u00e5dgivning f\u00f6r f\u00f6rstag\u00e5ngsf\u00f6r\u00e4ldrar - Kristdemokraterna Pite\u00e5","isPartOf":{"@id":"https:\/\/wp.kristdemokraterna.se\/pitea\/#website"},"primaryImageOfPage":{"@id":"https:\/\/wp.kristdemokraterna.se\/pitea\/motion-om-familjeradgivning-for-forstagangsforaldrar\/#primaryimage"},"image":{"@id":"https:\/\/wp.kristdemokraterna.se\/pitea\/motion-om-familjeradgivning-for-forstagangsforaldrar\/#primaryimage"},"thumbnailUrl":"https:\/\/wp.kristdemokraterna.se\/pitea\/files\/2017\/07\/fam-rost-high.jpg","datePublished":"2015-06-23T09:45:40+00:00","dateModified":"2019-03-05T09:09:35+00:00","author":{"@id":"https:\/\/wp.kristdemokraterna.se\/pitea\/#\/schema\/person\/db9e90e3d802950af7a0ac8336a625da"},"breadcrumb":{"@id":"https:\/\/wp.kristdemokraterna.se\/pitea\/motion-om-familjeradgivning-for-forstagangsforaldrar\/#breadcrumb"},"inLanguage":"sv-SE","potentialAction":[{"@type":"ReadAction","target":["https:\/\/wp.kristdemokraterna.se\/pitea\/motion-om-familjeradgivning-for-forstagangsforaldrar\/"]}]},{"@type":"ImageObject","inLanguage":"sv-SE","@id":"https:\/\/wp.kristdemokraterna.se\/pitea\/motion-om-familjeradgivning-for-forstagangsforaldrar\/#primaryimage","url":"https:\/\/wp.kristdemokraterna.se\/pitea\/files\/2017\/07\/fam-rost-high.jpg","contentUrl":"https:\/\/wp.kristdemokraterna.se\/pitea\/files\/2017\/07\/fam-rost-high.jpg","width":90,"height":120},{"@type":"BreadcrumbList","@id":"https:\/\/wp.kristdemokraterna.se\/pitea\/motion-om-familjeradgivning-for-forstagangsforaldrar\/#breadcrumb","itemListElement":[{"@type":"ListItem","position":1,"name":"Hem","item":"https:\/\/wp.kristdemokraterna.se\/pitea\/"},{"@type":"ListItem","position":2,"name":"Motion om familjer\u00e5dgivning f\u00f6r f\u00f6rstag\u00e5ngsf\u00f6r\u00e4ldrar"}]},{"@type":"WebSite","@id":"https:\/\/wp.kristdemokraterna.se\/pitea\/#website","url":"https:\/\/wp.kristdemokraterna.se\/pitea\/","name":"Kristdemokraterna Pite\u00e5","description":"Trygga familjer bygger ett tryggare Sverige","inLanguage":"sv-SE"},{"@type":"Person","@id":"https:\/\/wp.kristdemokraterna.se\/pitea\/#\/schema\/person\/db9e90e3d802950af7a0ac8336a625da","name":"Charlotta Burman","image":{"@type":"ImageObject","inLanguage":"sv-SE","@id":"https:\/\/secure.gravatar.com\/avatar\/89bee22518553877e7f2f600ca146a42e65908e5fd55043c0459319e20022f4b?s=96&d=mm&r=g","url":"https:\/\/secure.gravatar.com\/avatar\/89bee22518553877e7f2f600ca146a42e65908e5fd55043c0459319e20022f4b?s=96&d=mm&r=g","contentUrl":"https:\/\/secure.gravatar.com\/avatar\/89bee22518553877e7f2f600ca146a42e65908e5fd55043c0459319e20022f4b?s=96&d=mm&r=g","caption":"Charlotta Burman"},"url":"https:\/\/wp.kristdemokraterna.se\/pitea\/author\/charlotta\/"}]}},"_links":{"self":[{"href":"https:\/\/wp.kristdemokraterna.se\/pitea\/wp-json\/wp\/v2\/posts\/119","targetHints":{"allow":["GET"]}}],"collection":[{"href":"https:\/\/wp.kristdemokraterna.se\/pitea\/wp-json\/wp\/v2\/posts"}],"about":[{"href":"https:\/\/wp.kristdemokraterna.se\/pitea\/wp-json\/wp\/v2\/types\/post"}],"author":[{"embeddable":true,"href":"https:\/\/wp.kristdemokraterna.se\/pitea\/wp-json\/wp\/v2\/users\/693"}],"replies":[{"embeddable":true,"href":"https:\/\/wp.kristdemokraterna.se\/pitea\/wp-json\/wp\/v2\/comments?post=119"}],"version-history":[{"count":6,"href":"https:\/\/wp.kristdemokraterna.se\/pitea\/wp-json\/wp\/v2\/posts\/119\/revisions"}],"predecessor-version":[{"id":268,"href":"https:\/\/wp.kristdemokraterna.se\/pitea\/wp-json\/wp\/v2\/posts\/119\/revisions\/268"}],"wp:featuredmedia":[{"embeddable":true,"href":"https:\/\/wp.kristdemokraterna.se\/pitea\/wp-json\/wp\/v2\/media\/260"}],"wp:attachment":[{"href":"https:\/\/wp.kristdemokraterna.se\/pitea\/wp-json\/wp\/v2\/media?parent=119"}],"wp:term":[{"taxonomy":"category","embeddable":true,"href":"https:\/\/wp.kristdemokraterna.se\/pitea\/wp-json\/wp\/v2\/categories?post=119"},{"taxonomy":"post_tag","embeddable":true,"href":"https:\/\/wp.kristdemokraterna.se\/pitea\/wp-json\/wp\/v2\/tags?post=119"}],"curies":[{"name":"wp","href":"https:\/\/api.w.org\/{rel}","templated":true}]}}