{"id":126,"date":"2015-07-29T12:30:54","date_gmt":"2015-07-29T10:30:54","guid":{"rendered":"http:\/\/wp.kristdemokraterna.se\/pitea\/?p=126"},"modified":"2019-03-05T10:09:14","modified_gmt":"2019-03-05T09:09:14","slug":"javredagen","status":"publish","type":"post","link":"https:\/\/wp.kristdemokraterna.se\/pitea\/javredagen\/","title":{"rendered":"J\u00e4vredagen"},"content":{"rendered":"<p>S\u00f6ndagen den 26 Juli anordnades den \u00e5rliga J\u00e4vredagen vid Skags fyr med aktiviteter f\u00f6r gammal som Ung. J\u00e4vredagen \u00e4r den dag n\u00e4r alla J\u00e4vref\u00f6reningar samlas nere vid fyren och det ville vi s\u00e5klart inte missa.<\/p>\n<p>Vi &#8211; Kristdemokraterna Pite\u00e5 &#8211; fanns p\u00e5 plats med information och lekar\/t\u00e4vlingar. V\u00e4dret var inte det b\u00e4sta men p\u00e5 det stora hela blev det \u00e4nd\u00e5 en trevlig och lyckad dag. Det ryktas om uppemot 2000 bes\u00f6kare som ville ta del av <a href=\"http:\/\/www.swedishlapland.se\/se\/Resmal\/Pitea\/Gora\/Pa-gang\/Arets-Javredag-vid-fyren\/\">evenemanget<\/a>.<\/p>\n<p><img loading=\"lazy\" decoding=\"async\" class=\"alignnone size-large wp-image-127\" src=\"http:\/\/wp.kristdemokraterna.se\/pitea\/files\/2015\/07\/javredagen_2015-1024x768.jpg\" alt=\"javredagen_2015\" width=\"584\" height=\"438\" srcset=\"https:\/\/wp.kristdemokraterna.se\/pitea\/files\/2015\/07\/javredagen_2015-1024x768.jpg 1024w, https:\/\/wp.kristdemokraterna.se\/pitea\/files\/2015\/07\/javredagen_2015-300x225.jpg 300w, https:\/\/wp.kristdemokraterna.se\/pitea\/files\/2015\/07\/javredagen_2015-461x346.jpg 461w, https:\/\/wp.kristdemokraterna.se\/pitea\/files\/2015\/07\/javredagen_2015-149x112.jpg 149w, https:\/\/wp.kristdemokraterna.se\/pitea\/files\/2015\/07\/javredagen_2015.jpg 1280w\" sizes=\"auto, (max-width: 584px) 100vw, 584px\" \/><\/p>\n<p><img loading=\"lazy\" decoding=\"async\" class=\"alignnone size-large wp-image-128\" src=\"http:\/\/wp.kristdemokraterna.se\/pitea\/files\/2015\/07\/javredagen2015_2-765x1024.jpg\" alt=\"javredagen2015_2\" width=\"584\" height=\"782\" srcset=\"https:\/\/wp.kristdemokraterna.se\/pitea\/files\/2015\/07\/javredagen2015_2-765x1024.jpg 765w, https:\/\/wp.kristdemokraterna.se\/pitea\/files\/2015\/07\/javredagen2015_2-224x300.jpg 224w, https:\/\/wp.kristdemokraterna.se\/pitea\/files\/2015\/07\/javredagen2015_2-258x346.jpg 258w, https:\/\/wp.kristdemokraterna.se\/pitea\/files\/2015\/07\/javredagen2015_2-84x112.jpg 84w, https:\/\/wp.kristdemokraterna.se\/pitea\/files\/2015\/07\/javredagen2015_2.jpg 1936w\" sizes=\"auto, (max-width: 584px) 100vw, 584px\" \/><\/p>\n","protected":false},"excerpt":{"rendered":"<p>S\u00f6ndagen den 26 Juli anordnades den \u00e5rliga J\u00e4vredagen vid Skags fyr med aktiviteter f\u00f6r gammal som Ung. J\u00e4vredagen \u00e4r den dag n\u00e4r alla J\u00e4vref\u00f6reningar samlas nere vid fyren och det ville vi s\u00e5klart inte missa. Vi &#8211; Kristdemokraterna Pite\u00e5 &#8211; fanns p\u00e5 plats med information och lekar\/t\u00e4vlingar. V\u00e4dret var inte det b\u00e4sta men p\u00e5 det <a class=\"read-more-link\" href=\"https:\/\/wp.kristdemokraterna.se\/pitea\/javredagen\/\">Read More<\/a><\/p>\n","protected":false},"author":693,"featured_media":127,"comment_status":"closed","ping_status":"closed","sticky":false,"template":"","format":"standard","meta":{"_acf_changed":false,"footnotes":""},"categories":[19],"tags":[],"class_list":["post-126","post","type-post","status-publish","format-standard","hentry","category-kd-pitea"],"acf":[],"yoast_head":"<!-- This site is optimized with the Yoast SEO plugin v27.4 - https:\/\/yoast.com\/product\/yoast-seo-wordpress\/ -->\n<title>J\u00e4vredagen - Kristdemokraterna Pite\u00e5<\/title>\n<meta name=\"robots\" content=\"index, follow, max-snippet:-1, max-image-preview:large, max-video-preview:-1\" \/>\n<link rel=\"canonical\" href=\"https:\/\/wp.kristdemokraterna.se\/pitea\/javredagen\/\" \/>\n<meta property=\"og:locale\" content=\"sv_SE\" \/>\n<meta property=\"og:type\" content=\"article\" \/>\n<meta property=\"og:title\" content=\"J\u00e4vredagen - Kristdemokraterna Pite\u00e5\" \/>\n<meta property=\"og:description\" content=\"S\u00f6ndagen den 26 Juli anordnades den \u00e5rliga J\u00e4vredagen vid Skags fyr med aktiviteter f\u00f6r gammal som Ung. J\u00e4vredagen \u00e4r den dag n\u00e4r alla J\u00e4vref\u00f6reningar samlas nere vid fyren och det ville vi s\u00e5klart inte missa. Vi &#8211; Kristdemokraterna Pite\u00e5 &#8211; fanns p\u00e5 plats med information och lekar\/t\u00e4vlingar. V\u00e4dret var inte det b\u00e4sta men p\u00e5 det Read More\" \/>\n<meta property=\"og:url\" content=\"https:\/\/wp.kristdemokraterna.se\/pitea\/javredagen\/\" \/>\n<meta property=\"og:site_name\" content=\"Kristdemokraterna Pite\u00e5\" \/>\n<meta property=\"article:published_time\" content=\"2015-07-29T10:30:54+00:00\" \/>\n<meta property=\"article:modified_time\" content=\"2019-03-05T09:09:14+00:00\" \/>\n<meta property=\"og:image\" content=\"https:\/\/wp.kristdemokraterna.se\/pitea\/files\/2015\/07\/javredagen_2015.jpg\" \/>\n\t<meta property=\"og:image:width\" content=\"1280\" \/>\n\t<meta property=\"og:image:height\" content=\"960\" \/>\n\t<meta property=\"og:image:type\" content=\"image\/jpeg\" \/>\n<meta name=\"author\" content=\"Charlotta Burman\" \/>\n<meta name=\"twitter:card\" content=\"summary_large_image\" \/>\n<meta name=\"twitter:label1\" content=\"Skriven av\" \/>\n\t<meta name=\"twitter:data1\" content=\"Charlotta Burman\" \/>\n<script type=\"application\/ld+json\" class=\"yoast-schema-graph\">{\"@context\":\"https:\\\/\\\/schema.org\",\"@graph\":[{\"@type\":\"Article\",\"@id\":\"https:\\\/\\\/wp.kristdemokraterna.se\\\/pitea\\\/javredagen\\\/#article\",\"isPartOf\":{\"@id\":\"https:\\\/\\\/wp.kristdemokraterna.se\\\/pitea\\\/javredagen\\\/\"},\"author\":{\"name\":\"Charlotta Burman\",\"@id\":\"https:\\\/\\\/wp.kristdemokraterna.se\\\/pitea\\\/#\\\/schema\\\/person\\\/db9e90e3d802950af7a0ac8336a625da\"},\"headline\":\"J\u00e4vredagen\",\"datePublished\":\"2015-07-29T10:30:54+00:00\",\"dateModified\":\"2019-03-05T09:09:14+00:00\",\"mainEntityOfPage\":{\"@id\":\"https:\\\/\\\/wp.kristdemokraterna.se\\\/pitea\\\/javredagen\\\/\"},\"wordCount\":90,\"image\":{\"@id\":\"https:\\\/\\\/wp.kristdemokraterna.se\\\/pitea\\\/javredagen\\\/#primaryimage\"},\"thumbnailUrl\":\"https:\\\/\\\/wp.kristdemokraterna.se\\\/pitea\\\/files\\\/2015\\\/07\\\/javredagen_2015.jpg\",\"articleSection\":[\"KD Pite\u00e5\"],\"inLanguage\":\"sv-SE\"},{\"@type\":\"WebPage\",\"@id\":\"https:\\\/\\\/wp.kristdemokraterna.se\\\/pitea\\\/javredagen\\\/\",\"url\":\"https:\\\/\\\/wp.kristdemokraterna.se\\\/pitea\\\/javredagen\\\/\",\"name\":\"J\u00e4vredagen - Kristdemokraterna Pite\u00e5\",\"isPartOf\":{\"@id\":\"https:\\\/\\\/wp.kristdemokraterna.se\\\/pitea\\\/#website\"},\"primaryImageOfPage\":{\"@id\":\"https:\\\/\\\/wp.kristdemokraterna.se\\\/pitea\\\/javredagen\\\/#primaryimage\"},\"image\":{\"@id\":\"https:\\\/\\\/wp.kristdemokraterna.se\\\/pitea\\\/javredagen\\\/#primaryimage\"},\"thumbnailUrl\":\"https:\\\/\\\/wp.kristdemokraterna.se\\\/pitea\\\/files\\\/2015\\\/07\\\/javredagen_2015.jpg\",\"datePublished\":\"2015-07-29T10:30:54+00:00\",\"dateModified\":\"2019-03-05T09:09:14+00:00\",\"author\":{\"@id\":\"https:\\\/\\\/wp.kristdemokraterna.se\\\/pitea\\\/#\\\/schema\\\/person\\\/db9e90e3d802950af7a0ac8336a625da\"},\"breadcrumb\":{\"@id\":\"https:\\\/\\\/wp.kristdemokraterna.se\\\/pitea\\\/javredagen\\\/#breadcrumb\"},\"inLanguage\":\"sv-SE\",\"potentialAction\":[{\"@type\":\"ReadAction\",\"target\":[\"https:\\\/\\\/wp.kristdemokraterna.se\\\/pitea\\\/javredagen\\\/\"]}]},{\"@type\":\"ImageObject\",\"inLanguage\":\"sv-SE\",\"@id\":\"https:\\\/\\\/wp.kristdemokraterna.se\\\/pitea\\\/javredagen\\\/#primaryimage\",\"url\":\"https:\\\/\\\/wp.kristdemokraterna.se\\\/pitea\\\/files\\\/2015\\\/07\\\/javredagen_2015.jpg\",\"contentUrl\":\"https:\\\/\\\/wp.kristdemokraterna.se\\\/pitea\\\/files\\\/2015\\\/07\\\/javredagen_2015.jpg\",\"width\":1280,\"height\":960},{\"@type\":\"BreadcrumbList\",\"@id\":\"https:\\\/\\\/wp.kristdemokraterna.se\\\/pitea\\\/javredagen\\\/#breadcrumb\",\"itemListElement\":[{\"@type\":\"ListItem\",\"position\":1,\"name\":\"Hem\",\"item\":\"https:\\\/\\\/wp.kristdemokraterna.se\\\/pitea\\\/\"},{\"@type\":\"ListItem\",\"position\":2,\"name\":\"J\u00e4vredagen\"}]},{\"@type\":\"WebSite\",\"@id\":\"https:\\\/\\\/wp.kristdemokraterna.se\\\/pitea\\\/#website\",\"url\":\"https:\\\/\\\/wp.kristdemokraterna.se\\\/pitea\\\/\",\"name\":\"Kristdemokraterna Pite\u00e5\",\"description\":\"Trygga familjer bygger ett tryggare Sverige\",\"inLanguage\":\"sv-SE\"},{\"@type\":\"Person\",\"@id\":\"https:\\\/\\\/wp.kristdemokraterna.se\\\/pitea\\\/#\\\/schema\\\/person\\\/db9e90e3d802950af7a0ac8336a625da\",\"name\":\"Charlotta Burman\",\"image\":{\"@type\":\"ImageObject\",\"inLanguage\":\"sv-SE\",\"@id\":\"https:\\\/\\\/secure.gravatar.com\\\/avatar\\\/89bee22518553877e7f2f600ca146a42e65908e5fd55043c0459319e20022f4b?s=96&d=mm&r=g\",\"url\":\"https:\\\/\\\/secure.gravatar.com\\\/avatar\\\/89bee22518553877e7f2f600ca146a42e65908e5fd55043c0459319e20022f4b?s=96&d=mm&r=g\",\"contentUrl\":\"https:\\\/\\\/secure.gravatar.com\\\/avatar\\\/89bee22518553877e7f2f600ca146a42e65908e5fd55043c0459319e20022f4b?s=96&d=mm&r=g\",\"caption\":\"Charlotta Burman\"},\"url\":\"https:\\\/\\\/wp.kristdemokraterna.se\\\/pitea\\\/author\\\/charlotta\\\/\"}]}<\/script>\n<!-- \/ Yoast SEO plugin. -->","yoast_head_json":{"title":"J\u00e4vredagen - Kristdemokraterna Pite\u00e5","robots":{"index":"index","follow":"follow","max-snippet":"max-snippet:-1","max-image-preview":"max-image-preview:large","max-video-preview":"max-video-preview:-1"},"canonical":"https:\/\/wp.kristdemokraterna.se\/pitea\/javredagen\/","og_locale":"sv_SE","og_type":"article","og_title":"J\u00e4vredagen - Kristdemokraterna Pite\u00e5","og_description":"S\u00f6ndagen den 26 Juli anordnades den \u00e5rliga J\u00e4vredagen vid Skags fyr med aktiviteter f\u00f6r gammal som Ung. J\u00e4vredagen \u00e4r den dag n\u00e4r alla J\u00e4vref\u00f6reningar samlas nere vid fyren och det ville vi s\u00e5klart inte missa. Vi &#8211; Kristdemokraterna Pite\u00e5 &#8211; fanns p\u00e5 plats med information och lekar\/t\u00e4vlingar. V\u00e4dret var inte det b\u00e4sta men p\u00e5 det Read More","og_url":"https:\/\/wp.kristdemokraterna.se\/pitea\/javredagen\/","og_site_name":"Kristdemokraterna Pite\u00e5","article_published_time":"2015-07-29T10:30:54+00:00","article_modified_time":"2019-03-05T09:09:14+00:00","og_image":[{"width":1280,"height":960,"url":"https:\/\/wp.kristdemokraterna.se\/pitea\/files\/2015\/07\/javredagen_2015.jpg","type":"image\/jpeg"}],"author":"Charlotta Burman","twitter_card":"summary_large_image","twitter_misc":{"Skriven av":"Charlotta Burman"},"schema":{"@context":"https:\/\/schema.org","@graph":[{"@type":"Article","@id":"https:\/\/wp.kristdemokraterna.se\/pitea\/javredagen\/#article","isPartOf":{"@id":"https:\/\/wp.kristdemokraterna.se\/pitea\/javredagen\/"},"author":{"name":"Charlotta Burman","@id":"https:\/\/wp.kristdemokraterna.se\/pitea\/#\/schema\/person\/db9e90e3d802950af7a0ac8336a625da"},"headline":"J\u00e4vredagen","datePublished":"2015-07-29T10:30:54+00:00","dateModified":"2019-03-05T09:09:14+00:00","mainEntityOfPage":{"@id":"https:\/\/wp.kristdemokraterna.se\/pitea\/javredagen\/"},"wordCount":90,"image":{"@id":"https:\/\/wp.kristdemokraterna.se\/pitea\/javredagen\/#primaryimage"},"thumbnailUrl":"https:\/\/wp.kristdemokraterna.se\/pitea\/files\/2015\/07\/javredagen_2015.jpg","articleSection":["KD Pite\u00e5"],"inLanguage":"sv-SE"},{"@type":"WebPage","@id":"https:\/\/wp.kristdemokraterna.se\/pitea\/javredagen\/","url":"https:\/\/wp.kristdemokraterna.se\/pitea\/javredagen\/","name":"J\u00e4vredagen - Kristdemokraterna Pite\u00e5","isPartOf":{"@id":"https:\/\/wp.kristdemokraterna.se\/pitea\/#website"},"primaryImageOfPage":{"@id":"https:\/\/wp.kristdemokraterna.se\/pitea\/javredagen\/#primaryimage"},"image":{"@id":"https:\/\/wp.kristdemokraterna.se\/pitea\/javredagen\/#primaryimage"},"thumbnailUrl":"https:\/\/wp.kristdemokraterna.se\/pitea\/files\/2015\/07\/javredagen_2015.jpg","datePublished":"2015-07-29T10:30:54+00:00","dateModified":"2019-03-05T09:09:14+00:00","author":{"@id":"https:\/\/wp.kristdemokraterna.se\/pitea\/#\/schema\/person\/db9e90e3d802950af7a0ac8336a625da"},"breadcrumb":{"@id":"https:\/\/wp.kristdemokraterna.se\/pitea\/javredagen\/#breadcrumb"},"inLanguage":"sv-SE","potentialAction":[{"@type":"ReadAction","target":["https:\/\/wp.kristdemokraterna.se\/pitea\/javredagen\/"]}]},{"@type":"ImageObject","inLanguage":"sv-SE","@id":"https:\/\/wp.kristdemokraterna.se\/pitea\/javredagen\/#primaryimage","url":"https:\/\/wp.kristdemokraterna.se\/pitea\/files\/2015\/07\/javredagen_2015.jpg","contentUrl":"https:\/\/wp.kristdemokraterna.se\/pitea\/files\/2015\/07\/javredagen_2015.jpg","width":1280,"height":960},{"@type":"BreadcrumbList","@id":"https:\/\/wp.kristdemokraterna.se\/pitea\/javredagen\/#breadcrumb","itemListElement":[{"@type":"ListItem","position":1,"name":"Hem","item":"https:\/\/wp.kristdemokraterna.se\/pitea\/"},{"@type":"ListItem","position":2,"name":"J\u00e4vredagen"}]},{"@type":"WebSite","@id":"https:\/\/wp.kristdemokraterna.se\/pitea\/#website","url":"https:\/\/wp.kristdemokraterna.se\/pitea\/","name":"Kristdemokraterna Pite\u00e5","description":"Trygga familjer bygger ett tryggare Sverige","inLanguage":"sv-SE"},{"@type":"Person","@id":"https:\/\/wp.kristdemokraterna.se\/pitea\/#\/schema\/person\/db9e90e3d802950af7a0ac8336a625da","name":"Charlotta Burman","image":{"@type":"ImageObject","inLanguage":"sv-SE","@id":"https:\/\/secure.gravatar.com\/avatar\/89bee22518553877e7f2f600ca146a42e65908e5fd55043c0459319e20022f4b?s=96&d=mm&r=g","url":"https:\/\/secure.gravatar.com\/avatar\/89bee22518553877e7f2f600ca146a42e65908e5fd55043c0459319e20022f4b?s=96&d=mm&r=g","contentUrl":"https:\/\/secure.gravatar.com\/avatar\/89bee22518553877e7f2f600ca146a42e65908e5fd55043c0459319e20022f4b?s=96&d=mm&r=g","caption":"Charlotta Burman"},"url":"https:\/\/wp.kristdemokraterna.se\/pitea\/author\/charlotta\/"}]}},"_links":{"self":[{"href":"https:\/\/wp.kristdemokraterna.se\/pitea\/wp-json\/wp\/v2\/posts\/126","targetHints":{"allow":["GET"]}}],"collection":[{"href":"https:\/\/wp.kristdemokraterna.se\/pitea\/wp-json\/wp\/v2\/posts"}],"about":[{"href":"https:\/\/wp.kristdemokraterna.se\/pitea\/wp-json\/wp\/v2\/types\/post"}],"author":[{"embeddable":true,"href":"https:\/\/wp.kristdemokraterna.se\/pitea\/wp-json\/wp\/v2\/users\/693"}],"replies":[{"embeddable":true,"href":"https:\/\/wp.kristdemokraterna.se\/pitea\/wp-json\/wp\/v2\/comments?post=126"}],"version-history":[{"count":2,"href":"https:\/\/wp.kristdemokraterna.se\/pitea\/wp-json\/wp\/v2\/posts\/126\/revisions"}],"predecessor-version":[{"id":130,"href":"https:\/\/wp.kristdemokraterna.se\/pitea\/wp-json\/wp\/v2\/posts\/126\/revisions\/130"}],"wp:featuredmedia":[{"embeddable":true,"href":"https:\/\/wp.kristdemokraterna.se\/pitea\/wp-json\/wp\/v2\/media\/127"}],"wp:attachment":[{"href":"https:\/\/wp.kristdemokraterna.se\/pitea\/wp-json\/wp\/v2\/media?parent=126"}],"wp:term":[{"taxonomy":"category","embeddable":true,"href":"https:\/\/wp.kristdemokraterna.se\/pitea\/wp-json\/wp\/v2\/categories?post=126"},{"taxonomy":"post_tag","embeddable":true,"href":"https:\/\/wp.kristdemokraterna.se\/pitea\/wp-json\/wp\/v2\/tags?post=126"}],"curies":[{"name":"wp","href":"https:\/\/api.w.org\/{rel}","templated":true}]}}