{"id":137,"date":"2015-09-04T14:01:29","date_gmt":"2015-09-04T12:01:29","guid":{"rendered":"http:\/\/wp.kristdemokraterna.se\/pitea\/?p=137"},"modified":"2019-03-05T10:08:55","modified_gmt":"2019-03-05T09:08:55","slug":"foreningarnas-dag-2015","status":"publish","type":"post","link":"https:\/\/wp.kristdemokraterna.se\/pitea\/foreningarnas-dag-2015\/","title":{"rendered":"F\u00f6reningarnas dag 2015"},"content":{"rendered":"<p>L\u00f6rdag den 22 Augusti var det F\u00f6reningarnas dag i Pite\u00e5. Kristdemokraterna fanns d\u00e4r f\u00f6r att visa upp sig, anordna lekar\/t\u00e4vlingar samt dela ut ett pris.<\/p>\n<h2>Vitsippspriset<\/h2>\n<p>Kristdemokraterna i Pite\u00e5 delar varje \u00e5r ut ett Vitsippspris f\u00f6r att uppmuntra och uppm\u00e4rksamma positiva saker som g\u00f6rs. Det \u00e4r enskilda personer, f\u00f6reningar eller personal som har utr\u00e4ttat n\u00e5got positivt som g\u00f6r kommunen b\u00e4ttre att leva i och som f\u00f6rtj\u00e4nar att lyftas fram. I \u00e5r\u00a0delades priset ut\u00a0p\u00e5 F\u00f6reningarnas dag i Badhusparken.<\/p>\n<p>Vitsippspriset har f\u00e5tt namnet efter den fina v\u00e5rblomman, vitsippan, som ocks\u00e5 \u00e4r symbolen f\u00f6r KD. Blomman talar om enkelhet, \u00e4kthet och ofullkomlighet. Mitt i denna ofullkomlighet utr\u00e4ttar m\u00e4nniskor stord\u00e5d, ofta i det tysta. Tidigare \u00e5r har Familjens hus, Kvinnojouren, Munkberga demensboende, R\u00e4dda barnen och f\u00f6reningen Lilla hj\u00e4rtat f\u00e5tt Vitsippspriset. Pristagaren erh\u00e5ller, f\u00f6rutom\u00a0\u00e4ran att vara utvald till detta pris, en tavla med en inglasad vitsippstuva, gjord av konstn\u00e4ren Kerstin Gullvert Carlsson samt ett diplom med motiveringen.\u00a0F\u00f6rskoll\u00e4raren och pedagogen Martina Lundstr\u00f6m fr\u00e5n Rokn\u00e4s blev \u00e5rets pristagare.<\/p>\n<p><img loading=\"lazy\" decoding=\"async\" class=\"alignnone wp-image-138 size-large\" src=\"http:\/\/wp.kristdemokraterna.se\/pitea\/files\/2015\/09\/foreningsdag15-2-1024x765.jpg\" alt=\"Vinnare av Vitsippspriset 2015\" width=\"584\" height=\"436\" srcset=\"https:\/\/wp.kristdemokraterna.se\/pitea\/files\/2015\/09\/foreningsdag15-2-1024x765.jpg 1024w, https:\/\/wp.kristdemokraterna.se\/pitea\/files\/2015\/09\/foreningsdag15-2-300x224.jpg 300w, https:\/\/wp.kristdemokraterna.se\/pitea\/files\/2015\/09\/foreningsdag15-2-463x346.jpg 463w, https:\/\/wp.kristdemokraterna.se\/pitea\/files\/2015\/09\/foreningsdag15-2-150x112.jpg 150w\" sizes=\"auto, (max-width: 584px) 100vw, 584px\" \/><\/p>\n<p>Martina\u00a0har i m\u00e5nga \u00e5r arbetat med fr\u00e5gor som r\u00f6r f\u00f6rskoleutveckling. Framf\u00f6r allt, s\u00e5 vill hon fr\u00e4mja barnens r\u00f6st och barnens r\u00e4tt. Martina\u00a0f\u00e5r priset med motiveringen \u201d F\u00f6r ditt fina engagemang f\u00f6r att fr\u00e4mja barnens r\u00f6st och barnens r\u00e4tt. Du vill att vi ska t\u00e4nka utifr\u00e5n barnens perspektiv, f\u00f6r barn ska bem\u00f6tas p\u00e5 samma s\u00e4tt som vuxna.\u201d F\u00f6r KD \u00e4r ju familjen och s\u00e4rskilt barnen en hj\u00e4rtefr\u00e5ga. Det \u00e4r s\u00e5 viktigt att v\u00e5ra barn och ungdomar m\u00e5r bra och blir sedda och lyssnade till. Och det jobbar Martina verkligen f\u00f6r. Hel\u00e9n Lindb\u00e4ck fr\u00e5n Kristdemokraterna Pite\u00e5 delade ut priset.<\/p>\n<p>Barn beh\u00f6ver vuxna som har tid. F\u00f6r\u00e4ldrar som har tid att lyssna. F\u00f6rskoll\u00e4rare som hinner se alla barn och l\u00e4rare som har tid att se sina elever. M\u00e5nga har sv\u00e5rt att f\u00e5 ihop vardagen med arbete, familj, v\u00e4nner och fritid. KD vill g\u00f6ra det enklare att f\u00e5 ihop det. M\u00e5r barnen och ungdomarna bra och blir lyssnade till s\u00e5 m\u00e5r hela samh\u00e4llet bra.<\/p>\n<p>Tillsammans med 37 andra f\u00f6reningar hade KD ett bord i parken med lotterif\u00f6rs\u00e4ljning, informationsblad och t\u00e4vling f\u00f6r barn med priser till alla.<\/p>\n<p><img loading=\"lazy\" decoding=\"async\" class=\"alignnone wp-image-139 size-large\" src=\"http:\/\/wp.kristdemokraterna.se\/pitea\/files\/2015\/09\/foreningsdag15-1-1024x765.jpg\" alt=\"Kristdemokraternas bord p\u00e5 F\u00f6reningarnas dag 2015\" width=\"584\" height=\"436\" srcset=\"https:\/\/wp.kristdemokraterna.se\/pitea\/files\/2015\/09\/foreningsdag15-1-1024x765.jpg 1024w, https:\/\/wp.kristdemokraterna.se\/pitea\/files\/2015\/09\/foreningsdag15-1-300x224.jpg 300w, https:\/\/wp.kristdemokraterna.se\/pitea\/files\/2015\/09\/foreningsdag15-1-463x346.jpg 463w, https:\/\/wp.kristdemokraterna.se\/pitea\/files\/2015\/09\/foreningsdag15-1-150x112.jpg 150w\" sizes=\"auto, (max-width: 584px) 100vw, 584px\" \/><\/p>\n","protected":false},"excerpt":{"rendered":"<p>L\u00f6rdag den 22 Augusti var det F\u00f6reningarnas dag i Pite\u00e5. Kristdemokraterna fanns d\u00e4r f\u00f6r att visa upp sig, anordna lekar\/t\u00e4vlingar samt dela ut ett pris. Vitsippspriset Kristdemokraterna i Pite\u00e5 delar varje \u00e5r ut ett Vitsippspris f\u00f6r att uppmuntra och uppm\u00e4rksamma positiva saker som g\u00f6rs. Det \u00e4r enskilda personer, f\u00f6reningar eller personal som har utr\u00e4ttat n\u00e5got <a class=\"read-more-link\" href=\"https:\/\/wp.kristdemokraterna.se\/pitea\/foreningarnas-dag-2015\/\">Read More<\/a><\/p>\n","protected":false},"author":693,"featured_media":138,"comment_status":"closed","ping_status":"closed","sticky":false,"template":"","format":"standard","meta":{"_acf_changed":false,"footnotes":""},"categories":[19],"tags":[30,33],"class_list":["post-137","post","type-post","status-publish","format-standard","hentry","category-kd-pitea","tag-familj","tag-vitsippan"],"acf":[],"yoast_head":"<!-- This site is optimized with the Yoast SEO plugin v27.4 - https:\/\/yoast.com\/product\/yoast-seo-wordpress\/ -->\n<title>F\u00f6reningarnas dag 2015 - Kristdemokraterna Pite\u00e5<\/title>\n<meta name=\"robots\" content=\"index, follow, max-snippet:-1, max-image-preview:large, max-video-preview:-1\" \/>\n<link rel=\"canonical\" href=\"https:\/\/wp.kristdemokraterna.se\/pitea\/foreningarnas-dag-2015\/\" \/>\n<meta property=\"og:locale\" content=\"sv_SE\" \/>\n<meta property=\"og:type\" content=\"article\" \/>\n<meta property=\"og:title\" content=\"F\u00f6reningarnas dag 2015 - Kristdemokraterna Pite\u00e5\" \/>\n<meta property=\"og:description\" content=\"L\u00f6rdag den 22 Augusti var det F\u00f6reningarnas dag i Pite\u00e5. Kristdemokraterna fanns d\u00e4r f\u00f6r att visa upp sig, anordna lekar\/t\u00e4vlingar samt dela ut ett pris. Vitsippspriset Kristdemokraterna i Pite\u00e5 delar varje \u00e5r ut ett Vitsippspris f\u00f6r att uppmuntra och uppm\u00e4rksamma positiva saker som g\u00f6rs. Det \u00e4r enskilda personer, f\u00f6reningar eller personal som har utr\u00e4ttat n\u00e5got Read More\" \/>\n<meta property=\"og:url\" content=\"https:\/\/wp.kristdemokraterna.se\/pitea\/foreningarnas-dag-2015\/\" \/>\n<meta property=\"og:site_name\" content=\"Kristdemokraterna Pite\u00e5\" \/>\n<meta property=\"article:published_time\" content=\"2015-09-04T12:01:29+00:00\" \/>\n<meta property=\"article:modified_time\" content=\"2019-03-05T09:08:55+00:00\" \/>\n<meta property=\"og:image\" content=\"https:\/\/wp.kristdemokraterna.se\/pitea\/files\/2015\/09\/foreningsdag15-2-1024x765.jpg\" \/>\n\t<meta property=\"og:image:width\" content=\"1024\" \/>\n\t<meta property=\"og:image:height\" content=\"765\" \/>\n\t<meta property=\"og:image:type\" content=\"image\/jpeg\" \/>\n<meta name=\"author\" content=\"Charlotta Burman\" \/>\n<meta name=\"twitter:card\" content=\"summary_large_image\" \/>\n<meta name=\"twitter:label1\" content=\"Skriven av\" \/>\n\t<meta name=\"twitter:data1\" content=\"Charlotta Burman\" \/>\n\t<meta name=\"twitter:label2\" content=\"Ber\u00e4knad l\u00e4stid\" \/>\n\t<meta name=\"twitter:data2\" content=\"2 minuter\" \/>\n<script type=\"application\/ld+json\" class=\"yoast-schema-graph\">{\"@context\":\"https:\\\/\\\/schema.org\",\"@graph\":[{\"@type\":\"Article\",\"@id\":\"https:\\\/\\\/wp.kristdemokraterna.se\\\/pitea\\\/foreningarnas-dag-2015\\\/#article\",\"isPartOf\":{\"@id\":\"https:\\\/\\\/wp.kristdemokraterna.se\\\/pitea\\\/foreningarnas-dag-2015\\\/\"},\"author\":{\"name\":\"Charlotta Burman\",\"@id\":\"https:\\\/\\\/wp.kristdemokraterna.se\\\/pitea\\\/#\\\/schema\\\/person\\\/db9e90e3d802950af7a0ac8336a625da\"},\"headline\":\"F\u00f6reningarnas dag 2015\",\"datePublished\":\"2015-09-04T12:01:29+00:00\",\"dateModified\":\"2019-03-05T09:08:55+00:00\",\"mainEntityOfPage\":{\"@id\":\"https:\\\/\\\/wp.kristdemokraterna.se\\\/pitea\\\/foreningarnas-dag-2015\\\/\"},\"wordCount\":431,\"image\":{\"@id\":\"https:\\\/\\\/wp.kristdemokraterna.se\\\/pitea\\\/foreningarnas-dag-2015\\\/#primaryimage\"},\"thumbnailUrl\":\"https:\\\/\\\/wp.kristdemokraterna.se\\\/pitea\\\/files\\\/2015\\\/09\\\/foreningsdag15-2.jpg\",\"keywords\":[\"Familj\",\"Vitsippan\"],\"articleSection\":[\"KD Pite\u00e5\"],\"inLanguage\":\"sv-SE\"},{\"@type\":\"WebPage\",\"@id\":\"https:\\\/\\\/wp.kristdemokraterna.se\\\/pitea\\\/foreningarnas-dag-2015\\\/\",\"url\":\"https:\\\/\\\/wp.kristdemokraterna.se\\\/pitea\\\/foreningarnas-dag-2015\\\/\",\"name\":\"F\u00f6reningarnas dag 2015 - Kristdemokraterna Pite\u00e5\",\"isPartOf\":{\"@id\":\"https:\\\/\\\/wp.kristdemokraterna.se\\\/pitea\\\/#website\"},\"primaryImageOfPage\":{\"@id\":\"https:\\\/\\\/wp.kristdemokraterna.se\\\/pitea\\\/foreningarnas-dag-2015\\\/#primaryimage\"},\"image\":{\"@id\":\"https:\\\/\\\/wp.kristdemokraterna.se\\\/pitea\\\/foreningarnas-dag-2015\\\/#primaryimage\"},\"thumbnailUrl\":\"https:\\\/\\\/wp.kristdemokraterna.se\\\/pitea\\\/files\\\/2015\\\/09\\\/foreningsdag15-2.jpg\",\"datePublished\":\"2015-09-04T12:01:29+00:00\",\"dateModified\":\"2019-03-05T09:08:55+00:00\",\"author\":{\"@id\":\"https:\\\/\\\/wp.kristdemokraterna.se\\\/pitea\\\/#\\\/schema\\\/person\\\/db9e90e3d802950af7a0ac8336a625da\"},\"breadcrumb\":{\"@id\":\"https:\\\/\\\/wp.kristdemokraterna.se\\\/pitea\\\/foreningarnas-dag-2015\\\/#breadcrumb\"},\"inLanguage\":\"sv-SE\",\"potentialAction\":[{\"@type\":\"ReadAction\",\"target\":[\"https:\\\/\\\/wp.kristdemokraterna.se\\\/pitea\\\/foreningarnas-dag-2015\\\/\"]}]},{\"@type\":\"ImageObject\",\"inLanguage\":\"sv-SE\",\"@id\":\"https:\\\/\\\/wp.kristdemokraterna.se\\\/pitea\\\/foreningarnas-dag-2015\\\/#primaryimage\",\"url\":\"https:\\\/\\\/wp.kristdemokraterna.se\\\/pitea\\\/files\\\/2015\\\/09\\\/foreningsdag15-2.jpg\",\"contentUrl\":\"https:\\\/\\\/wp.kristdemokraterna.se\\\/pitea\\\/files\\\/2015\\\/09\\\/foreningsdag15-2.jpg\",\"width\":2592,\"height\":1936,\"caption\":\"Vinnare av Vitsippspriset 2015\"},{\"@type\":\"BreadcrumbList\",\"@id\":\"https:\\\/\\\/wp.kristdemokraterna.se\\\/pitea\\\/foreningarnas-dag-2015\\\/#breadcrumb\",\"itemListElement\":[{\"@type\":\"ListItem\",\"position\":1,\"name\":\"Hem\",\"item\":\"https:\\\/\\\/wp.kristdemokraterna.se\\\/pitea\\\/\"},{\"@type\":\"ListItem\",\"position\":2,\"name\":\"F\u00f6reningarnas dag 2015\"}]},{\"@type\":\"WebSite\",\"@id\":\"https:\\\/\\\/wp.kristdemokraterna.se\\\/pitea\\\/#website\",\"url\":\"https:\\\/\\\/wp.kristdemokraterna.se\\\/pitea\\\/\",\"name\":\"Kristdemokraterna Pite\u00e5\",\"description\":\"Trygga familjer bygger ett tryggare Sverige\",\"inLanguage\":\"sv-SE\"},{\"@type\":\"Person\",\"@id\":\"https:\\\/\\\/wp.kristdemokraterna.se\\\/pitea\\\/#\\\/schema\\\/person\\\/db9e90e3d802950af7a0ac8336a625da\",\"name\":\"Charlotta Burman\",\"image\":{\"@type\":\"ImageObject\",\"inLanguage\":\"sv-SE\",\"@id\":\"https:\\\/\\\/secure.gravatar.com\\\/avatar\\\/89bee22518553877e7f2f600ca146a42e65908e5fd55043c0459319e20022f4b?s=96&d=mm&r=g\",\"url\":\"https:\\\/\\\/secure.gravatar.com\\\/avatar\\\/89bee22518553877e7f2f600ca146a42e65908e5fd55043c0459319e20022f4b?s=96&d=mm&r=g\",\"contentUrl\":\"https:\\\/\\\/secure.gravatar.com\\\/avatar\\\/89bee22518553877e7f2f600ca146a42e65908e5fd55043c0459319e20022f4b?s=96&d=mm&r=g\",\"caption\":\"Charlotta Burman\"},\"url\":\"https:\\\/\\\/wp.kristdemokraterna.se\\\/pitea\\\/author\\\/charlotta\\\/\"}]}<\/script>\n<!-- \/ Yoast SEO plugin. -->","yoast_head_json":{"title":"F\u00f6reningarnas dag 2015 - Kristdemokraterna Pite\u00e5","robots":{"index":"index","follow":"follow","max-snippet":"max-snippet:-1","max-image-preview":"max-image-preview:large","max-video-preview":"max-video-preview:-1"},"canonical":"https:\/\/wp.kristdemokraterna.se\/pitea\/foreningarnas-dag-2015\/","og_locale":"sv_SE","og_type":"article","og_title":"F\u00f6reningarnas dag 2015 - Kristdemokraterna Pite\u00e5","og_description":"L\u00f6rdag den 22 Augusti var det F\u00f6reningarnas dag i Pite\u00e5. Kristdemokraterna fanns d\u00e4r f\u00f6r att visa upp sig, anordna lekar\/t\u00e4vlingar samt dela ut ett pris. Vitsippspriset Kristdemokraterna i Pite\u00e5 delar varje \u00e5r ut ett Vitsippspris f\u00f6r att uppmuntra och uppm\u00e4rksamma positiva saker som g\u00f6rs. Det \u00e4r enskilda personer, f\u00f6reningar eller personal som har utr\u00e4ttat n\u00e5got Read More","og_url":"https:\/\/wp.kristdemokraterna.se\/pitea\/foreningarnas-dag-2015\/","og_site_name":"Kristdemokraterna Pite\u00e5","article_published_time":"2015-09-04T12:01:29+00:00","article_modified_time":"2019-03-05T09:08:55+00:00","og_image":[{"width":1024,"height":765,"url":"https:\/\/wp.kristdemokraterna.se\/pitea\/files\/2015\/09\/foreningsdag15-2-1024x765.jpg","type":"image\/jpeg"}],"author":"Charlotta Burman","twitter_card":"summary_large_image","twitter_misc":{"Skriven av":"Charlotta Burman","Ber\u00e4knad l\u00e4stid":"2 minuter"},"schema":{"@context":"https:\/\/schema.org","@graph":[{"@type":"Article","@id":"https:\/\/wp.kristdemokraterna.se\/pitea\/foreningarnas-dag-2015\/#article","isPartOf":{"@id":"https:\/\/wp.kristdemokraterna.se\/pitea\/foreningarnas-dag-2015\/"},"author":{"name":"Charlotta Burman","@id":"https:\/\/wp.kristdemokraterna.se\/pitea\/#\/schema\/person\/db9e90e3d802950af7a0ac8336a625da"},"headline":"F\u00f6reningarnas dag 2015","datePublished":"2015-09-04T12:01:29+00:00","dateModified":"2019-03-05T09:08:55+00:00","mainEntityOfPage":{"@id":"https:\/\/wp.kristdemokraterna.se\/pitea\/foreningarnas-dag-2015\/"},"wordCount":431,"image":{"@id":"https:\/\/wp.kristdemokraterna.se\/pitea\/foreningarnas-dag-2015\/#primaryimage"},"thumbnailUrl":"https:\/\/wp.kristdemokraterna.se\/pitea\/files\/2015\/09\/foreningsdag15-2.jpg","keywords":["Familj","Vitsippan"],"articleSection":["KD Pite\u00e5"],"inLanguage":"sv-SE"},{"@type":"WebPage","@id":"https:\/\/wp.kristdemokraterna.se\/pitea\/foreningarnas-dag-2015\/","url":"https:\/\/wp.kristdemokraterna.se\/pitea\/foreningarnas-dag-2015\/","name":"F\u00f6reningarnas dag 2015 - Kristdemokraterna Pite\u00e5","isPartOf":{"@id":"https:\/\/wp.kristdemokraterna.se\/pitea\/#website"},"primaryImageOfPage":{"@id":"https:\/\/wp.kristdemokraterna.se\/pitea\/foreningarnas-dag-2015\/#primaryimage"},"image":{"@id":"https:\/\/wp.kristdemokraterna.se\/pitea\/foreningarnas-dag-2015\/#primaryimage"},"thumbnailUrl":"https:\/\/wp.kristdemokraterna.se\/pitea\/files\/2015\/09\/foreningsdag15-2.jpg","datePublished":"2015-09-04T12:01:29+00:00","dateModified":"2019-03-05T09:08:55+00:00","author":{"@id":"https:\/\/wp.kristdemokraterna.se\/pitea\/#\/schema\/person\/db9e90e3d802950af7a0ac8336a625da"},"breadcrumb":{"@id":"https:\/\/wp.kristdemokraterna.se\/pitea\/foreningarnas-dag-2015\/#breadcrumb"},"inLanguage":"sv-SE","potentialAction":[{"@type":"ReadAction","target":["https:\/\/wp.kristdemokraterna.se\/pitea\/foreningarnas-dag-2015\/"]}]},{"@type":"ImageObject","inLanguage":"sv-SE","@id":"https:\/\/wp.kristdemokraterna.se\/pitea\/foreningarnas-dag-2015\/#primaryimage","url":"https:\/\/wp.kristdemokraterna.se\/pitea\/files\/2015\/09\/foreningsdag15-2.jpg","contentUrl":"https:\/\/wp.kristdemokraterna.se\/pitea\/files\/2015\/09\/foreningsdag15-2.jpg","width":2592,"height":1936,"caption":"Vinnare av Vitsippspriset 2015"},{"@type":"BreadcrumbList","@id":"https:\/\/wp.kristdemokraterna.se\/pitea\/foreningarnas-dag-2015\/#breadcrumb","itemListElement":[{"@type":"ListItem","position":1,"name":"Hem","item":"https:\/\/wp.kristdemokraterna.se\/pitea\/"},{"@type":"ListItem","position":2,"name":"F\u00f6reningarnas dag 2015"}]},{"@type":"WebSite","@id":"https:\/\/wp.kristdemokraterna.se\/pitea\/#website","url":"https:\/\/wp.kristdemokraterna.se\/pitea\/","name":"Kristdemokraterna Pite\u00e5","description":"Trygga familjer bygger ett tryggare Sverige","inLanguage":"sv-SE"},{"@type":"Person","@id":"https:\/\/wp.kristdemokraterna.se\/pitea\/#\/schema\/person\/db9e90e3d802950af7a0ac8336a625da","name":"Charlotta Burman","image":{"@type":"ImageObject","inLanguage":"sv-SE","@id":"https:\/\/secure.gravatar.com\/avatar\/89bee22518553877e7f2f600ca146a42e65908e5fd55043c0459319e20022f4b?s=96&d=mm&r=g","url":"https:\/\/secure.gravatar.com\/avatar\/89bee22518553877e7f2f600ca146a42e65908e5fd55043c0459319e20022f4b?s=96&d=mm&r=g","contentUrl":"https:\/\/secure.gravatar.com\/avatar\/89bee22518553877e7f2f600ca146a42e65908e5fd55043c0459319e20022f4b?s=96&d=mm&r=g","caption":"Charlotta Burman"},"url":"https:\/\/wp.kristdemokraterna.se\/pitea\/author\/charlotta\/"}]}},"_links":{"self":[{"href":"https:\/\/wp.kristdemokraterna.se\/pitea\/wp-json\/wp\/v2\/posts\/137","targetHints":{"allow":["GET"]}}],"collection":[{"href":"https:\/\/wp.kristdemokraterna.se\/pitea\/wp-json\/wp\/v2\/posts"}],"about":[{"href":"https:\/\/wp.kristdemokraterna.se\/pitea\/wp-json\/wp\/v2\/types\/post"}],"author":[{"embeddable":true,"href":"https:\/\/wp.kristdemokraterna.se\/pitea\/wp-json\/wp\/v2\/users\/693"}],"replies":[{"embeddable":true,"href":"https:\/\/wp.kristdemokraterna.se\/pitea\/wp-json\/wp\/v2\/comments?post=137"}],"version-history":[{"count":16,"href":"https:\/\/wp.kristdemokraterna.se\/pitea\/wp-json\/wp\/v2\/posts\/137\/revisions"}],"predecessor-version":[{"id":215,"href":"https:\/\/wp.kristdemokraterna.se\/pitea\/wp-json\/wp\/v2\/posts\/137\/revisions\/215"}],"wp:featuredmedia":[{"embeddable":true,"href":"https:\/\/wp.kristdemokraterna.se\/pitea\/wp-json\/wp\/v2\/media\/138"}],"wp:attachment":[{"href":"https:\/\/wp.kristdemokraterna.se\/pitea\/wp-json\/wp\/v2\/media?parent=137"}],"wp:term":[{"taxonomy":"category","embeddable":true,"href":"https:\/\/wp.kristdemokraterna.se\/pitea\/wp-json\/wp\/v2\/categories?post=137"},{"taxonomy":"post_tag","embeddable":true,"href":"https:\/\/wp.kristdemokraterna.se\/pitea\/wp-json\/wp\/v2\/tags?post=137"}],"curies":[{"name":"wp","href":"https:\/\/api.w.org\/{rel}","templated":true}]}}