{"id":148,"date":"2016-03-09T13:52:41","date_gmt":"2016-03-09T12:52:41","guid":{"rendered":"http:\/\/wp.kristdemokraterna.se\/pitea\/?p=148"},"modified":"2017-07-31T18:00:35","modified_gmt":"2017-07-31T16:00:35","slug":"arsmote-2","status":"publish","type":"post","link":"https:\/\/wp.kristdemokraterna.se\/pitea\/arsmote-2\/","title":{"rendered":"\u00c5rsm\u00f6te"},"content":{"rendered":"<p>Kristdemokraterna i Pite\u00e5 har haft \u00e5rsm\u00f6te. Medverkade gjorde riksdagsledamot Penilla Gunther som har uppdrag i arbetsmarknadsutskottet och n\u00e4ringsutskottet. Hon ansvarar ocks\u00e5 f\u00f6r integration, j\u00e4mst\u00e4lldhet, turism och id\u00e9burna f\u00f6retag.<\/p>\n<p>F\u00f6r nio \u00e5r sedan hj\u00e4rttransplanterades hon och d\u00e4rf\u00f6r passar det utm\u00e4rkt att hon ocks\u00e5 driver fr\u00e5gor som r\u00f6r organdonation och j\u00e4mlik v\u00e5rd.<\/p>\n<p><img loading=\"lazy\" decoding=\"async\" class=\"alignnone wp-image-150 size-large\" src=\"http:\/\/wp.kristdemokraterna.se\/pitea\/files\/2016\/03\/penilla-gunther-och-helen-lindback-1024x765.jpg\" alt=\"\" width=\"584\" height=\"436\" srcset=\"https:\/\/wp.kristdemokraterna.se\/pitea\/files\/2016\/03\/penilla-gunther-och-helen-lindback-1024x765.jpg 1024w, https:\/\/wp.kristdemokraterna.se\/pitea\/files\/2016\/03\/penilla-gunther-och-helen-lindback-300x224.jpg 300w, https:\/\/wp.kristdemokraterna.se\/pitea\/files\/2016\/03\/penilla-gunther-och-helen-lindback-768x574.jpg 768w, https:\/\/wp.kristdemokraterna.se\/pitea\/files\/2016\/03\/penilla-gunther-och-helen-lindback-463x346.jpg 463w, https:\/\/wp.kristdemokraterna.se\/pitea\/files\/2016\/03\/penilla-gunther-och-helen-lindback-150x112.jpg 150w\" sizes=\"auto, (max-width: 584px) 100vw, 584px\" \/><\/p>\n<h2>KD vill f\u00f6rstatliga sjukv\u00e5rden<\/h2>\n<p>Olika landsting har olika datasystem. Man m\u00e5ste sl\u00e5 ihop landstingen f\u00f6r att f\u00e5 bort de administrativa gr\u00e4nserna och en j\u00e4mlik v\u00e5rd f\u00f6r alla. KD \u00e4r f\u00f6r ett f\u00f6rstatligande av v\u00e5rden.<\/p>\n<h2>Allas unika och lika v\u00e4rde<\/h2>\n<p>KD \u00e4r ocks\u00e5 unik med personalismen. Det betyder att se alla m\u00e4nniskors unika och lika v\u00e4rde. Alla ska f\u00e5 arbeta 100 procent av sin arbetsf\u00f6rm\u00e5ga. Det m\u00e5ste vara ett socialt t\u00e4nk i f\u00f6retagen och \u00f6verallt i samh\u00e4llet.<\/p>\n<h2>Flyktingsituationen<\/h2>\n<p>N\u00e4r det g\u00e4ller flyktingsituationen \u00e4r det ej kris totalt sett i Sverige. Vi har m\u00f6jlighet att ta emot dessa flyktingar som flyr krig och umb\u00e4randen. De kommer att vara en tillg\u00e5ng i framtiden. V\u00e4lutbildade b\u00f6r f\u00e5 en yrkesanpassad SFI f\u00f6r att snabbt komma ut i arbetslivet.<\/p>\n<h2>F\u00f6retagande<\/h2>\n<p>Bes\u00f6ksn\u00e4ringen \u00e4r viktig f\u00f6r utvecklingen. Det besl\u00f6ts att Penilla Gunther ska \u00e5terkomma till Pite\u00e5 till h\u00f6sten och att gruppledaren Hel\u00e9n Lindb\u00e4ck ska anordna fyra-fem f\u00f6retagsbes\u00f6k samt lunchm\u00f6te hos v\u00e4xande och levande f\u00f6retag som v\u00e5gar satsa.<\/p>\n<h2>Aktiviteter<\/h2>\n<p>I \u00f6vrigt har KD haft en rik verksamhet under det g\u00e5ngna \u00e5ret. N\u00e4mnas kan utf\u00e4rden med hela familjen till J\u00e4vre p\u00e5 J\u00e4vredagen med lotterif\u00f6rs\u00e4ljning samt t\u00e4vling f\u00f6r barnen &#8211; med vinster till alla. Detta \u00e5terupprepades p\u00e5 F\u00f6reningarnas dag i badhusparken d\u00e4r \u00e4ven Vitsippspriset utdelades.<\/p>\n<h2>Utbildning och styrelse<\/h2>\n<p>Styrelsen \u00e5tervaldes och best\u00e5r av ordf\u00f6rande Richard Br\u00e4nnstr\u00f6m, vice ordf\u00f6rande Hel\u00e9n Lindb\u00e4ck, Olof Hammarb\u00e4ck, Ingrid Nilsson, Mayvor Ekberg, Christina Lund och Helena Burvall, kass\u00f6r. Till ers\u00e4ttare valdes Nils-Olof Nilsson och Charlotta Burman. Verksamhetsplanen f\u00f6r 2016 antogs och nytt \u00e4r en utbildningssatsning av alla medlemmar.<\/p>\n","protected":false},"excerpt":{"rendered":"<p>Kristdemokraterna i Pite\u00e5 har haft \u00e5rsm\u00f6te. Medverkade gjorde riksdagsledamot Penilla Gunther som har uppdrag i arbetsmarknadsutskottet och n\u00e4ringsutskottet. Hon ansvarar ocks\u00e5 f\u00f6r integration, j\u00e4mst\u00e4lldhet, turism och id\u00e9burna f\u00f6retag. F\u00f6r nio \u00e5r sedan hj\u00e4rttransplanterades hon och d\u00e4rf\u00f6r passar det utm\u00e4rkt att hon ocks\u00e5 driver fr\u00e5gor som r\u00f6r organdonation och j\u00e4mlik v\u00e5rd. KD vill f\u00f6rstatliga sjukv\u00e5rden Olika <a class=\"read-more-link\" href=\"https:\/\/wp.kristdemokraterna.se\/pitea\/arsmote-2\/\">Read More<\/a><\/p>\n","protected":false},"author":693,"featured_media":257,"comment_status":"closed","ping_status":"closed","sticky":false,"template":"","format":"standard","meta":{"_acf_changed":false,"footnotes":""},"categories":[19],"tags":[],"class_list":["post-148","post","type-post","status-publish","format-standard","hentry","category-kd-pitea"],"acf":[],"yoast_head":"<!-- This site is optimized with the Yoast SEO plugin v27.4 - https:\/\/yoast.com\/product\/yoast-seo-wordpress\/ -->\n<title>\u00c5rsm\u00f6te - Kristdemokraterna Pite\u00e5<\/title>\n<meta name=\"robots\" content=\"index, follow, max-snippet:-1, max-image-preview:large, max-video-preview:-1\" \/>\n<link rel=\"canonical\" href=\"https:\/\/wp.kristdemokraterna.se\/pitea\/arsmote-2\/\" \/>\n<meta property=\"og:locale\" content=\"sv_SE\" \/>\n<meta property=\"og:type\" content=\"article\" \/>\n<meta property=\"og:title\" content=\"\u00c5rsm\u00f6te - Kristdemokraterna Pite\u00e5\" \/>\n<meta property=\"og:description\" content=\"Kristdemokraterna i Pite\u00e5 har haft \u00e5rsm\u00f6te. Medverkade gjorde riksdagsledamot Penilla Gunther som har uppdrag i arbetsmarknadsutskottet och n\u00e4ringsutskottet. Hon ansvarar ocks\u00e5 f\u00f6r integration, j\u00e4mst\u00e4lldhet, turism och id\u00e9burna f\u00f6retag. F\u00f6r nio \u00e5r sedan hj\u00e4rttransplanterades hon och d\u00e4rf\u00f6r passar det utm\u00e4rkt att hon ocks\u00e5 driver fr\u00e5gor som r\u00f6r organdonation och j\u00e4mlik v\u00e5rd. KD vill f\u00f6rstatliga sjukv\u00e5rden Olika Read More\" \/>\n<meta property=\"og:url\" content=\"https:\/\/wp.kristdemokraterna.se\/pitea\/arsmote-2\/\" \/>\n<meta property=\"og:site_name\" content=\"Kristdemokraterna Pite\u00e5\" \/>\n<meta property=\"article:published_time\" content=\"2016-03-09T12:52:41+00:00\" \/>\n<meta property=\"article:modified_time\" content=\"2017-07-31T16:00:35+00:00\" \/>\n<meta property=\"og:image\" content=\"https:\/\/wp.kristdemokraterna.se\/pitea\/files\/2016\/03\/workshop-1746275_1920.jpg\" \/>\n\t<meta property=\"og:image:width\" content=\"1920\" \/>\n\t<meta property=\"og:image:height\" content=\"1242\" \/>\n\t<meta property=\"og:image:type\" content=\"image\/jpeg\" \/>\n<meta name=\"author\" content=\"Charlotta Burman\" \/>\n<meta name=\"twitter:card\" content=\"summary_large_image\" \/>\n<meta name=\"twitter:label1\" content=\"Skriven av\" \/>\n\t<meta name=\"twitter:data1\" content=\"Charlotta Burman\" \/>\n\t<meta name=\"twitter:label2\" content=\"Ber\u00e4knad l\u00e4stid\" \/>\n\t<meta name=\"twitter:data2\" content=\"2 minuter\" \/>\n<script type=\"application\/ld+json\" class=\"yoast-schema-graph\">{\"@context\":\"https:\\\/\\\/schema.org\",\"@graph\":[{\"@type\":\"Article\",\"@id\":\"https:\\\/\\\/wp.kristdemokraterna.se\\\/pitea\\\/arsmote-2\\\/#article\",\"isPartOf\":{\"@id\":\"https:\\\/\\\/wp.kristdemokraterna.se\\\/pitea\\\/arsmote-2\\\/\"},\"author\":{\"name\":\"Charlotta Burman\",\"@id\":\"https:\\\/\\\/wp.kristdemokraterna.se\\\/pitea\\\/#\\\/schema\\\/person\\\/db9e90e3d802950af7a0ac8336a625da\"},\"headline\":\"\u00c5rsm\u00f6te\",\"datePublished\":\"2016-03-09T12:52:41+00:00\",\"dateModified\":\"2017-07-31T16:00:35+00:00\",\"mainEntityOfPage\":{\"@id\":\"https:\\\/\\\/wp.kristdemokraterna.se\\\/pitea\\\/arsmote-2\\\/\"},\"wordCount\":381,\"image\":{\"@id\":\"https:\\\/\\\/wp.kristdemokraterna.se\\\/pitea\\\/arsmote-2\\\/#primaryimage\"},\"thumbnailUrl\":\"https:\\\/\\\/wp.kristdemokraterna.se\\\/pitea\\\/files\\\/2016\\\/03\\\/workshop-1746275_1920.jpg\",\"articleSection\":[\"KD Pite\u00e5\"],\"inLanguage\":\"sv-SE\"},{\"@type\":\"WebPage\",\"@id\":\"https:\\\/\\\/wp.kristdemokraterna.se\\\/pitea\\\/arsmote-2\\\/\",\"url\":\"https:\\\/\\\/wp.kristdemokraterna.se\\\/pitea\\\/arsmote-2\\\/\",\"name\":\"\u00c5rsm\u00f6te - Kristdemokraterna Pite\u00e5\",\"isPartOf\":{\"@id\":\"https:\\\/\\\/wp.kristdemokraterna.se\\\/pitea\\\/#website\"},\"primaryImageOfPage\":{\"@id\":\"https:\\\/\\\/wp.kristdemokraterna.se\\\/pitea\\\/arsmote-2\\\/#primaryimage\"},\"image\":{\"@id\":\"https:\\\/\\\/wp.kristdemokraterna.se\\\/pitea\\\/arsmote-2\\\/#primaryimage\"},\"thumbnailUrl\":\"https:\\\/\\\/wp.kristdemokraterna.se\\\/pitea\\\/files\\\/2016\\\/03\\\/workshop-1746275_1920.jpg\",\"datePublished\":\"2016-03-09T12:52:41+00:00\",\"dateModified\":\"2017-07-31T16:00:35+00:00\",\"author\":{\"@id\":\"https:\\\/\\\/wp.kristdemokraterna.se\\\/pitea\\\/#\\\/schema\\\/person\\\/db9e90e3d802950af7a0ac8336a625da\"},\"breadcrumb\":{\"@id\":\"https:\\\/\\\/wp.kristdemokraterna.se\\\/pitea\\\/arsmote-2\\\/#breadcrumb\"},\"inLanguage\":\"sv-SE\",\"potentialAction\":[{\"@type\":\"ReadAction\",\"target\":[\"https:\\\/\\\/wp.kristdemokraterna.se\\\/pitea\\\/arsmote-2\\\/\"]}]},{\"@type\":\"ImageObject\",\"inLanguage\":\"sv-SE\",\"@id\":\"https:\\\/\\\/wp.kristdemokraterna.se\\\/pitea\\\/arsmote-2\\\/#primaryimage\",\"url\":\"https:\\\/\\\/wp.kristdemokraterna.se\\\/pitea\\\/files\\\/2016\\\/03\\\/workshop-1746275_1920.jpg\",\"contentUrl\":\"https:\\\/\\\/wp.kristdemokraterna.se\\\/pitea\\\/files\\\/2016\\\/03\\\/workshop-1746275_1920.jpg\",\"width\":1920,\"height\":1242},{\"@type\":\"BreadcrumbList\",\"@id\":\"https:\\\/\\\/wp.kristdemokraterna.se\\\/pitea\\\/arsmote-2\\\/#breadcrumb\",\"itemListElement\":[{\"@type\":\"ListItem\",\"position\":1,\"name\":\"Hem\",\"item\":\"https:\\\/\\\/wp.kristdemokraterna.se\\\/pitea\\\/\"},{\"@type\":\"ListItem\",\"position\":2,\"name\":\"\u00c5rsm\u00f6te\"}]},{\"@type\":\"WebSite\",\"@id\":\"https:\\\/\\\/wp.kristdemokraterna.se\\\/pitea\\\/#website\",\"url\":\"https:\\\/\\\/wp.kristdemokraterna.se\\\/pitea\\\/\",\"name\":\"Kristdemokraterna Pite\u00e5\",\"description\":\"Trygga familjer bygger ett tryggare Sverige\",\"inLanguage\":\"sv-SE\"},{\"@type\":\"Person\",\"@id\":\"https:\\\/\\\/wp.kristdemokraterna.se\\\/pitea\\\/#\\\/schema\\\/person\\\/db9e90e3d802950af7a0ac8336a625da\",\"name\":\"Charlotta Burman\",\"image\":{\"@type\":\"ImageObject\",\"inLanguage\":\"sv-SE\",\"@id\":\"https:\\\/\\\/secure.gravatar.com\\\/avatar\\\/89bee22518553877e7f2f600ca146a42e65908e5fd55043c0459319e20022f4b?s=96&d=mm&r=g\",\"url\":\"https:\\\/\\\/secure.gravatar.com\\\/avatar\\\/89bee22518553877e7f2f600ca146a42e65908e5fd55043c0459319e20022f4b?s=96&d=mm&r=g\",\"contentUrl\":\"https:\\\/\\\/secure.gravatar.com\\\/avatar\\\/89bee22518553877e7f2f600ca146a42e65908e5fd55043c0459319e20022f4b?s=96&d=mm&r=g\",\"caption\":\"Charlotta Burman\"},\"url\":\"https:\\\/\\\/wp.kristdemokraterna.se\\\/pitea\\\/author\\\/charlotta\\\/\"}]}<\/script>\n<!-- \/ Yoast SEO plugin. -->","yoast_head_json":{"title":"\u00c5rsm\u00f6te - Kristdemokraterna Pite\u00e5","robots":{"index":"index","follow":"follow","max-snippet":"max-snippet:-1","max-image-preview":"max-image-preview:large","max-video-preview":"max-video-preview:-1"},"canonical":"https:\/\/wp.kristdemokraterna.se\/pitea\/arsmote-2\/","og_locale":"sv_SE","og_type":"article","og_title":"\u00c5rsm\u00f6te - Kristdemokraterna Pite\u00e5","og_description":"Kristdemokraterna i Pite\u00e5 har haft \u00e5rsm\u00f6te. Medverkade gjorde riksdagsledamot Penilla Gunther som har uppdrag i arbetsmarknadsutskottet och n\u00e4ringsutskottet. Hon ansvarar ocks\u00e5 f\u00f6r integration, j\u00e4mst\u00e4lldhet, turism och id\u00e9burna f\u00f6retag. F\u00f6r nio \u00e5r sedan hj\u00e4rttransplanterades hon och d\u00e4rf\u00f6r passar det utm\u00e4rkt att hon ocks\u00e5 driver fr\u00e5gor som r\u00f6r organdonation och j\u00e4mlik v\u00e5rd. KD vill f\u00f6rstatliga sjukv\u00e5rden Olika Read More","og_url":"https:\/\/wp.kristdemokraterna.se\/pitea\/arsmote-2\/","og_site_name":"Kristdemokraterna Pite\u00e5","article_published_time":"2016-03-09T12:52:41+00:00","article_modified_time":"2017-07-31T16:00:35+00:00","og_image":[{"width":1920,"height":1242,"url":"https:\/\/wp.kristdemokraterna.se\/pitea\/files\/2016\/03\/workshop-1746275_1920.jpg","type":"image\/jpeg"}],"author":"Charlotta Burman","twitter_card":"summary_large_image","twitter_misc":{"Skriven av":"Charlotta Burman","Ber\u00e4knad l\u00e4stid":"2 minuter"},"schema":{"@context":"https:\/\/schema.org","@graph":[{"@type":"Article","@id":"https:\/\/wp.kristdemokraterna.se\/pitea\/arsmote-2\/#article","isPartOf":{"@id":"https:\/\/wp.kristdemokraterna.se\/pitea\/arsmote-2\/"},"author":{"name":"Charlotta Burman","@id":"https:\/\/wp.kristdemokraterna.se\/pitea\/#\/schema\/person\/db9e90e3d802950af7a0ac8336a625da"},"headline":"\u00c5rsm\u00f6te","datePublished":"2016-03-09T12:52:41+00:00","dateModified":"2017-07-31T16:00:35+00:00","mainEntityOfPage":{"@id":"https:\/\/wp.kristdemokraterna.se\/pitea\/arsmote-2\/"},"wordCount":381,"image":{"@id":"https:\/\/wp.kristdemokraterna.se\/pitea\/arsmote-2\/#primaryimage"},"thumbnailUrl":"https:\/\/wp.kristdemokraterna.se\/pitea\/files\/2016\/03\/workshop-1746275_1920.jpg","articleSection":["KD Pite\u00e5"],"inLanguage":"sv-SE"},{"@type":"WebPage","@id":"https:\/\/wp.kristdemokraterna.se\/pitea\/arsmote-2\/","url":"https:\/\/wp.kristdemokraterna.se\/pitea\/arsmote-2\/","name":"\u00c5rsm\u00f6te - Kristdemokraterna Pite\u00e5","isPartOf":{"@id":"https:\/\/wp.kristdemokraterna.se\/pitea\/#website"},"primaryImageOfPage":{"@id":"https:\/\/wp.kristdemokraterna.se\/pitea\/arsmote-2\/#primaryimage"},"image":{"@id":"https:\/\/wp.kristdemokraterna.se\/pitea\/arsmote-2\/#primaryimage"},"thumbnailUrl":"https:\/\/wp.kristdemokraterna.se\/pitea\/files\/2016\/03\/workshop-1746275_1920.jpg","datePublished":"2016-03-09T12:52:41+00:00","dateModified":"2017-07-31T16:00:35+00:00","author":{"@id":"https:\/\/wp.kristdemokraterna.se\/pitea\/#\/schema\/person\/db9e90e3d802950af7a0ac8336a625da"},"breadcrumb":{"@id":"https:\/\/wp.kristdemokraterna.se\/pitea\/arsmote-2\/#breadcrumb"},"inLanguage":"sv-SE","potentialAction":[{"@type":"ReadAction","target":["https:\/\/wp.kristdemokraterna.se\/pitea\/arsmote-2\/"]}]},{"@type":"ImageObject","inLanguage":"sv-SE","@id":"https:\/\/wp.kristdemokraterna.se\/pitea\/arsmote-2\/#primaryimage","url":"https:\/\/wp.kristdemokraterna.se\/pitea\/files\/2016\/03\/workshop-1746275_1920.jpg","contentUrl":"https:\/\/wp.kristdemokraterna.se\/pitea\/files\/2016\/03\/workshop-1746275_1920.jpg","width":1920,"height":1242},{"@type":"BreadcrumbList","@id":"https:\/\/wp.kristdemokraterna.se\/pitea\/arsmote-2\/#breadcrumb","itemListElement":[{"@type":"ListItem","position":1,"name":"Hem","item":"https:\/\/wp.kristdemokraterna.se\/pitea\/"},{"@type":"ListItem","position":2,"name":"\u00c5rsm\u00f6te"}]},{"@type":"WebSite","@id":"https:\/\/wp.kristdemokraterna.se\/pitea\/#website","url":"https:\/\/wp.kristdemokraterna.se\/pitea\/","name":"Kristdemokraterna Pite\u00e5","description":"Trygga familjer bygger ett tryggare Sverige","inLanguage":"sv-SE"},{"@type":"Person","@id":"https:\/\/wp.kristdemokraterna.se\/pitea\/#\/schema\/person\/db9e90e3d802950af7a0ac8336a625da","name":"Charlotta Burman","image":{"@type":"ImageObject","inLanguage":"sv-SE","@id":"https:\/\/secure.gravatar.com\/avatar\/89bee22518553877e7f2f600ca146a42e65908e5fd55043c0459319e20022f4b?s=96&d=mm&r=g","url":"https:\/\/secure.gravatar.com\/avatar\/89bee22518553877e7f2f600ca146a42e65908e5fd55043c0459319e20022f4b?s=96&d=mm&r=g","contentUrl":"https:\/\/secure.gravatar.com\/avatar\/89bee22518553877e7f2f600ca146a42e65908e5fd55043c0459319e20022f4b?s=96&d=mm&r=g","caption":"Charlotta Burman"},"url":"https:\/\/wp.kristdemokraterna.se\/pitea\/author\/charlotta\/"}]}},"_links":{"self":[{"href":"https:\/\/wp.kristdemokraterna.se\/pitea\/wp-json\/wp\/v2\/posts\/148","targetHints":{"allow":["GET"]}}],"collection":[{"href":"https:\/\/wp.kristdemokraterna.se\/pitea\/wp-json\/wp\/v2\/posts"}],"about":[{"href":"https:\/\/wp.kristdemokraterna.se\/pitea\/wp-json\/wp\/v2\/types\/post"}],"author":[{"embeddable":true,"href":"https:\/\/wp.kristdemokraterna.se\/pitea\/wp-json\/wp\/v2\/users\/693"}],"replies":[{"embeddable":true,"href":"https:\/\/wp.kristdemokraterna.se\/pitea\/wp-json\/wp\/v2\/comments?post=148"}],"version-history":[{"count":8,"href":"https:\/\/wp.kristdemokraterna.se\/pitea\/wp-json\/wp\/v2\/posts\/148\/revisions"}],"predecessor-version":[{"id":216,"href":"https:\/\/wp.kristdemokraterna.se\/pitea\/wp-json\/wp\/v2\/posts\/148\/revisions\/216"}],"wp:featuredmedia":[{"embeddable":true,"href":"https:\/\/wp.kristdemokraterna.se\/pitea\/wp-json\/wp\/v2\/media\/257"}],"wp:attachment":[{"href":"https:\/\/wp.kristdemokraterna.se\/pitea\/wp-json\/wp\/v2\/media?parent=148"}],"wp:term":[{"taxonomy":"category","embeddable":true,"href":"https:\/\/wp.kristdemokraterna.se\/pitea\/wp-json\/wp\/v2\/categories?post=148"},{"taxonomy":"post_tag","embeddable":true,"href":"https:\/\/wp.kristdemokraterna.se\/pitea\/wp-json\/wp\/v2\/tags?post=148"}],"curies":[{"name":"wp","href":"https:\/\/api.w.org\/{rel}","templated":true}]}}