{"id":161,"date":"2017-04-07T17:42:21","date_gmt":"2017-04-07T15:42:21","guid":{"rendered":"http:\/\/wp.kristdemokraterna.se\/pitea\/?p=161"},"modified":"2019-03-05T11:06:14","modified_gmt":"2019-03-05T10:06:14","slug":"ny-logotype","status":"publish","type":"post","link":"https:\/\/wp.kristdemokraterna.se\/pitea\/ny-logotype\/","title":{"rendered":"Ny logotype"},"content":{"rendered":"<p><img loading=\"lazy\" decoding=\"async\" class=\"alignnone wp-image-157\" src=\"http:\/\/wp.kristdemokraterna.se\/pitea\/files\/2017\/04\/https-kristdemokraterna.se-wp-content-uploads-2017-04-kd_standard_cmyk.jpg\" alt=\"\" width=\"300\" height=\"278\" \/><\/p>\n<p>Sedan 1996 har vi haft v\u00e5r tidigare kl\u00e4dsel, nu svidar vi om. Nu tar vi steget och f\u00f6rnyar v\u00e5r logotyp och v\u00e5r visuella presentation. Vi \u00e4r s\u00e5klart fortfarande Kristdemokraterna, med v\u00e5r kristna m\u00e4nniskosyn och v\u00e4rdegrund, men vi byter v\u00e5r logotyp och grafiska profil. Genom v\u00e5r nya logotyp f\u00f6rmedlar vi snabbt och sj\u00e4lvklart att det \u00e4r vi, Kristdemokrater som \u00e4r avs\u00e4ndare. V\u00e5r nya logotyp \u00e4r stilren, tidl\u00f6s och modern p\u00e5 samma g\u00e5ng.<\/p>\n<p>Texten och logotypen h\u00e4mtad fr\u00e5n <a href=\"http:\/\/www.kristdemokraterna.se\" target=\"_blank\" rel=\"noopener noreferrer\">www.kristdemokraterna.se<\/a><\/p>\n<p>V\u00e5r lokala sajt har ett tema som \u00e4ndras centralt, i dagsl\u00e4get vet vi inte n\u00e4r wordpresstemat kommer att \u00e4ndras\/uppdateras.<\/p>\n","protected":false},"excerpt":{"rendered":"<p>Sedan 1996 har vi haft v\u00e5r tidigare kl\u00e4dsel, nu svidar vi om. Nu tar vi steget och f\u00f6rnyar v\u00e5r logotyp och v\u00e5r visuella presentation. Vi \u00e4r s\u00e5klart fortfarande Kristdemokraterna, med v\u00e5r kristna m\u00e4nniskosyn och v\u00e4rdegrund, men vi byter v\u00e5r logotyp och grafiska profil. Genom v\u00e5r nya logotyp f\u00f6rmedlar vi snabbt och sj\u00e4lvklart att det \u00e4r <a class=\"read-more-link\" href=\"https:\/\/wp.kristdemokraterna.se\/pitea\/ny-logotype\/\">Read More<\/a><\/p>\n","protected":false},"author":693,"featured_media":224,"comment_status":"closed","ping_status":"closed","sticky":false,"template":"","format":"standard","meta":{"_acf_changed":false,"footnotes":""},"categories":[19,11],"tags":[],"class_list":["post-161","post","type-post","status-publish","format-standard","hentry","category-kd-pitea","category-kd-riks"],"acf":[],"yoast_head":"<!-- This site is optimized with the Yoast SEO plugin v27.4 - https:\/\/yoast.com\/product\/yoast-seo-wordpress\/ -->\n<title>Ny logotype - Kristdemokraterna Pite\u00e5<\/title>\n<meta name=\"robots\" content=\"index, follow, max-snippet:-1, max-image-preview:large, max-video-preview:-1\" \/>\n<link rel=\"canonical\" href=\"https:\/\/wp.kristdemokraterna.se\/pitea\/ny-logotype\/\" \/>\n<meta property=\"og:locale\" content=\"sv_SE\" \/>\n<meta property=\"og:type\" content=\"article\" \/>\n<meta property=\"og:title\" content=\"Ny logotype - Kristdemokraterna Pite\u00e5\" \/>\n<meta property=\"og:description\" content=\"Sedan 1996 har vi haft v\u00e5r tidigare kl\u00e4dsel, nu svidar vi om. Nu tar vi steget och f\u00f6rnyar v\u00e5r logotyp och v\u00e5r visuella presentation. Vi \u00e4r s\u00e5klart fortfarande Kristdemokraterna, med v\u00e5r kristna m\u00e4nniskosyn och v\u00e4rdegrund, men vi byter v\u00e5r logotyp och grafiska profil. Genom v\u00e5r nya logotyp f\u00f6rmedlar vi snabbt och sj\u00e4lvklart att det \u00e4r Read More\" \/>\n<meta property=\"og:url\" content=\"https:\/\/wp.kristdemokraterna.se\/pitea\/ny-logotype\/\" \/>\n<meta property=\"og:site_name\" content=\"Kristdemokraterna Pite\u00e5\" \/>\n<meta property=\"article:published_time\" content=\"2017-04-07T15:42:21+00:00\" \/>\n<meta property=\"article:modified_time\" content=\"2019-03-05T10:06:14+00:00\" \/>\n<meta property=\"og:image\" content=\"https:\/\/wp.kristdemokraterna.se\/pitea\/files\/2017\/06\/bildbak2-e1551779706271.jpg\" \/>\n\t<meta property=\"og:image:width\" content=\"791\" \/>\n\t<meta property=\"og:image:height\" content=\"232\" \/>\n\t<meta property=\"og:image:type\" content=\"image\/jpeg\" \/>\n<meta name=\"author\" content=\"Charlotta Burman\" \/>\n<meta name=\"twitter:card\" content=\"summary_large_image\" \/>\n<meta name=\"twitter:label1\" content=\"Skriven av\" \/>\n\t<meta name=\"twitter:data1\" content=\"Charlotta Burman\" \/>\n\t<meta name=\"twitter:label2\" content=\"Ber\u00e4knad l\u00e4stid\" \/>\n\t<meta name=\"twitter:data2\" content=\"1 minut\" \/>\n<script type=\"application\/ld+json\" class=\"yoast-schema-graph\">{\"@context\":\"https:\\\/\\\/schema.org\",\"@graph\":[{\"@type\":\"Article\",\"@id\":\"https:\\\/\\\/wp.kristdemokraterna.se\\\/pitea\\\/ny-logotype\\\/#article\",\"isPartOf\":{\"@id\":\"https:\\\/\\\/wp.kristdemokraterna.se\\\/pitea\\\/ny-logotype\\\/\"},\"author\":{\"name\":\"Charlotta Burman\",\"@id\":\"https:\\\/\\\/wp.kristdemokraterna.se\\\/pitea\\\/#\\\/schema\\\/person\\\/db9e90e3d802950af7a0ac8336a625da\"},\"headline\":\"Ny logotype\",\"datePublished\":\"2017-04-07T15:42:21+00:00\",\"dateModified\":\"2019-03-05T10:06:14+00:00\",\"mainEntityOfPage\":{\"@id\":\"https:\\\/\\\/wp.kristdemokraterna.se\\\/pitea\\\/ny-logotype\\\/\"},\"wordCount\":122,\"image\":{\"@id\":\"https:\\\/\\\/wp.kristdemokraterna.se\\\/pitea\\\/ny-logotype\\\/#primaryimage\"},\"thumbnailUrl\":\"https:\\\/\\\/wp.kristdemokraterna.se\\\/pitea\\\/files\\\/2017\\\/06\\\/bildbak2-e1551779706271.jpg\",\"articleSection\":[\"KD Pite\u00e5\",\"KD Riks\"],\"inLanguage\":\"sv-SE\"},{\"@type\":\"WebPage\",\"@id\":\"https:\\\/\\\/wp.kristdemokraterna.se\\\/pitea\\\/ny-logotype\\\/\",\"url\":\"https:\\\/\\\/wp.kristdemokraterna.se\\\/pitea\\\/ny-logotype\\\/\",\"name\":\"Ny logotype - Kristdemokraterna Pite\u00e5\",\"isPartOf\":{\"@id\":\"https:\\\/\\\/wp.kristdemokraterna.se\\\/pitea\\\/#website\"},\"primaryImageOfPage\":{\"@id\":\"https:\\\/\\\/wp.kristdemokraterna.se\\\/pitea\\\/ny-logotype\\\/#primaryimage\"},\"image\":{\"@id\":\"https:\\\/\\\/wp.kristdemokraterna.se\\\/pitea\\\/ny-logotype\\\/#primaryimage\"},\"thumbnailUrl\":\"https:\\\/\\\/wp.kristdemokraterna.se\\\/pitea\\\/files\\\/2017\\\/06\\\/bildbak2-e1551779706271.jpg\",\"datePublished\":\"2017-04-07T15:42:21+00:00\",\"dateModified\":\"2019-03-05T10:06:14+00:00\",\"author\":{\"@id\":\"https:\\\/\\\/wp.kristdemokraterna.se\\\/pitea\\\/#\\\/schema\\\/person\\\/db9e90e3d802950af7a0ac8336a625da\"},\"breadcrumb\":{\"@id\":\"https:\\\/\\\/wp.kristdemokraterna.se\\\/pitea\\\/ny-logotype\\\/#breadcrumb\"},\"inLanguage\":\"sv-SE\",\"potentialAction\":[{\"@type\":\"ReadAction\",\"target\":[\"https:\\\/\\\/wp.kristdemokraterna.se\\\/pitea\\\/ny-logotype\\\/\"]}]},{\"@type\":\"ImageObject\",\"inLanguage\":\"sv-SE\",\"@id\":\"https:\\\/\\\/wp.kristdemokraterna.se\\\/pitea\\\/ny-logotype\\\/#primaryimage\",\"url\":\"https:\\\/\\\/wp.kristdemokraterna.se\\\/pitea\\\/files\\\/2017\\\/06\\\/bildbak2-e1551779706271.jpg\",\"contentUrl\":\"https:\\\/\\\/wp.kristdemokraterna.se\\\/pitea\\\/files\\\/2017\\\/06\\\/bildbak2-e1551779706271.jpg\",\"width\":791,\"height\":232},{\"@type\":\"BreadcrumbList\",\"@id\":\"https:\\\/\\\/wp.kristdemokraterna.se\\\/pitea\\\/ny-logotype\\\/#breadcrumb\",\"itemListElement\":[{\"@type\":\"ListItem\",\"position\":1,\"name\":\"Hem\",\"item\":\"https:\\\/\\\/wp.kristdemokraterna.se\\\/pitea\\\/\"},{\"@type\":\"ListItem\",\"position\":2,\"name\":\"Ny logotype\"}]},{\"@type\":\"WebSite\",\"@id\":\"https:\\\/\\\/wp.kristdemokraterna.se\\\/pitea\\\/#website\",\"url\":\"https:\\\/\\\/wp.kristdemokraterna.se\\\/pitea\\\/\",\"name\":\"Kristdemokraterna Pite\u00e5\",\"description\":\"Trygga familjer bygger ett tryggare Sverige\",\"inLanguage\":\"sv-SE\"},{\"@type\":\"Person\",\"@id\":\"https:\\\/\\\/wp.kristdemokraterna.se\\\/pitea\\\/#\\\/schema\\\/person\\\/db9e90e3d802950af7a0ac8336a625da\",\"name\":\"Charlotta Burman\",\"image\":{\"@type\":\"ImageObject\",\"inLanguage\":\"sv-SE\",\"@id\":\"https:\\\/\\\/secure.gravatar.com\\\/avatar\\\/89bee22518553877e7f2f600ca146a42e65908e5fd55043c0459319e20022f4b?s=96&d=mm&r=g\",\"url\":\"https:\\\/\\\/secure.gravatar.com\\\/avatar\\\/89bee22518553877e7f2f600ca146a42e65908e5fd55043c0459319e20022f4b?s=96&d=mm&r=g\",\"contentUrl\":\"https:\\\/\\\/secure.gravatar.com\\\/avatar\\\/89bee22518553877e7f2f600ca146a42e65908e5fd55043c0459319e20022f4b?s=96&d=mm&r=g\",\"caption\":\"Charlotta Burman\"},\"url\":\"https:\\\/\\\/wp.kristdemokraterna.se\\\/pitea\\\/author\\\/charlotta\\\/\"}]}<\/script>\n<!-- \/ Yoast SEO plugin. -->","yoast_head_json":{"title":"Ny logotype - Kristdemokraterna Pite\u00e5","robots":{"index":"index","follow":"follow","max-snippet":"max-snippet:-1","max-image-preview":"max-image-preview:large","max-video-preview":"max-video-preview:-1"},"canonical":"https:\/\/wp.kristdemokraterna.se\/pitea\/ny-logotype\/","og_locale":"sv_SE","og_type":"article","og_title":"Ny logotype - Kristdemokraterna Pite\u00e5","og_description":"Sedan 1996 har vi haft v\u00e5r tidigare kl\u00e4dsel, nu svidar vi om. Nu tar vi steget och f\u00f6rnyar v\u00e5r logotyp och v\u00e5r visuella presentation. Vi \u00e4r s\u00e5klart fortfarande Kristdemokraterna, med v\u00e5r kristna m\u00e4nniskosyn och v\u00e4rdegrund, men vi byter v\u00e5r logotyp och grafiska profil. Genom v\u00e5r nya logotyp f\u00f6rmedlar vi snabbt och sj\u00e4lvklart att det \u00e4r Read More","og_url":"https:\/\/wp.kristdemokraterna.se\/pitea\/ny-logotype\/","og_site_name":"Kristdemokraterna Pite\u00e5","article_published_time":"2017-04-07T15:42:21+00:00","article_modified_time":"2019-03-05T10:06:14+00:00","og_image":[{"width":791,"height":232,"url":"https:\/\/wp.kristdemokraterna.se\/pitea\/files\/2017\/06\/bildbak2-e1551779706271.jpg","type":"image\/jpeg"}],"author":"Charlotta Burman","twitter_card":"summary_large_image","twitter_misc":{"Skriven av":"Charlotta Burman","Ber\u00e4knad l\u00e4stid":"1 minut"},"schema":{"@context":"https:\/\/schema.org","@graph":[{"@type":"Article","@id":"https:\/\/wp.kristdemokraterna.se\/pitea\/ny-logotype\/#article","isPartOf":{"@id":"https:\/\/wp.kristdemokraterna.se\/pitea\/ny-logotype\/"},"author":{"name":"Charlotta Burman","@id":"https:\/\/wp.kristdemokraterna.se\/pitea\/#\/schema\/person\/db9e90e3d802950af7a0ac8336a625da"},"headline":"Ny logotype","datePublished":"2017-04-07T15:42:21+00:00","dateModified":"2019-03-05T10:06:14+00:00","mainEntityOfPage":{"@id":"https:\/\/wp.kristdemokraterna.se\/pitea\/ny-logotype\/"},"wordCount":122,"image":{"@id":"https:\/\/wp.kristdemokraterna.se\/pitea\/ny-logotype\/#primaryimage"},"thumbnailUrl":"https:\/\/wp.kristdemokraterna.se\/pitea\/files\/2017\/06\/bildbak2-e1551779706271.jpg","articleSection":["KD Pite\u00e5","KD Riks"],"inLanguage":"sv-SE"},{"@type":"WebPage","@id":"https:\/\/wp.kristdemokraterna.se\/pitea\/ny-logotype\/","url":"https:\/\/wp.kristdemokraterna.se\/pitea\/ny-logotype\/","name":"Ny logotype - Kristdemokraterna Pite\u00e5","isPartOf":{"@id":"https:\/\/wp.kristdemokraterna.se\/pitea\/#website"},"primaryImageOfPage":{"@id":"https:\/\/wp.kristdemokraterna.se\/pitea\/ny-logotype\/#primaryimage"},"image":{"@id":"https:\/\/wp.kristdemokraterna.se\/pitea\/ny-logotype\/#primaryimage"},"thumbnailUrl":"https:\/\/wp.kristdemokraterna.se\/pitea\/files\/2017\/06\/bildbak2-e1551779706271.jpg","datePublished":"2017-04-07T15:42:21+00:00","dateModified":"2019-03-05T10:06:14+00:00","author":{"@id":"https:\/\/wp.kristdemokraterna.se\/pitea\/#\/schema\/person\/db9e90e3d802950af7a0ac8336a625da"},"breadcrumb":{"@id":"https:\/\/wp.kristdemokraterna.se\/pitea\/ny-logotype\/#breadcrumb"},"inLanguage":"sv-SE","potentialAction":[{"@type":"ReadAction","target":["https:\/\/wp.kristdemokraterna.se\/pitea\/ny-logotype\/"]}]},{"@type":"ImageObject","inLanguage":"sv-SE","@id":"https:\/\/wp.kristdemokraterna.se\/pitea\/ny-logotype\/#primaryimage","url":"https:\/\/wp.kristdemokraterna.se\/pitea\/files\/2017\/06\/bildbak2-e1551779706271.jpg","contentUrl":"https:\/\/wp.kristdemokraterna.se\/pitea\/files\/2017\/06\/bildbak2-e1551779706271.jpg","width":791,"height":232},{"@type":"BreadcrumbList","@id":"https:\/\/wp.kristdemokraterna.se\/pitea\/ny-logotype\/#breadcrumb","itemListElement":[{"@type":"ListItem","position":1,"name":"Hem","item":"https:\/\/wp.kristdemokraterna.se\/pitea\/"},{"@type":"ListItem","position":2,"name":"Ny logotype"}]},{"@type":"WebSite","@id":"https:\/\/wp.kristdemokraterna.se\/pitea\/#website","url":"https:\/\/wp.kristdemokraterna.se\/pitea\/","name":"Kristdemokraterna Pite\u00e5","description":"Trygga familjer bygger ett tryggare Sverige","inLanguage":"sv-SE"},{"@type":"Person","@id":"https:\/\/wp.kristdemokraterna.se\/pitea\/#\/schema\/person\/db9e90e3d802950af7a0ac8336a625da","name":"Charlotta Burman","image":{"@type":"ImageObject","inLanguage":"sv-SE","@id":"https:\/\/secure.gravatar.com\/avatar\/89bee22518553877e7f2f600ca146a42e65908e5fd55043c0459319e20022f4b?s=96&d=mm&r=g","url":"https:\/\/secure.gravatar.com\/avatar\/89bee22518553877e7f2f600ca146a42e65908e5fd55043c0459319e20022f4b?s=96&d=mm&r=g","contentUrl":"https:\/\/secure.gravatar.com\/avatar\/89bee22518553877e7f2f600ca146a42e65908e5fd55043c0459319e20022f4b?s=96&d=mm&r=g","caption":"Charlotta Burman"},"url":"https:\/\/wp.kristdemokraterna.se\/pitea\/author\/charlotta\/"}]}},"_links":{"self":[{"href":"https:\/\/wp.kristdemokraterna.se\/pitea\/wp-json\/wp\/v2\/posts\/161","targetHints":{"allow":["GET"]}}],"collection":[{"href":"https:\/\/wp.kristdemokraterna.se\/pitea\/wp-json\/wp\/v2\/posts"}],"about":[{"href":"https:\/\/wp.kristdemokraterna.se\/pitea\/wp-json\/wp\/v2\/types\/post"}],"author":[{"embeddable":true,"href":"https:\/\/wp.kristdemokraterna.se\/pitea\/wp-json\/wp\/v2\/users\/693"}],"replies":[{"embeddable":true,"href":"https:\/\/wp.kristdemokraterna.se\/pitea\/wp-json\/wp\/v2\/comments?post=161"}],"version-history":[{"count":10,"href":"https:\/\/wp.kristdemokraterna.se\/pitea\/wp-json\/wp\/v2\/posts\/161\/revisions"}],"predecessor-version":[{"id":453,"href":"https:\/\/wp.kristdemokraterna.se\/pitea\/wp-json\/wp\/v2\/posts\/161\/revisions\/453"}],"wp:featuredmedia":[{"embeddable":true,"href":"https:\/\/wp.kristdemokraterna.se\/pitea\/wp-json\/wp\/v2\/media\/224"}],"wp:attachment":[{"href":"https:\/\/wp.kristdemokraterna.se\/pitea\/wp-json\/wp\/v2\/media?parent=161"}],"wp:term":[{"taxonomy":"category","embeddable":true,"href":"https:\/\/wp.kristdemokraterna.se\/pitea\/wp-json\/wp\/v2\/categories?post=161"},{"taxonomy":"post_tag","embeddable":true,"href":"https:\/\/wp.kristdemokraterna.se\/pitea\/wp-json\/wp\/v2\/tags?post=161"}],"curies":[{"name":"wp","href":"https:\/\/api.w.org\/{rel}","templated":true}]}}