{"id":167,"date":"2017-06-07T11:19:06","date_gmt":"2017-06-07T09:19:06","guid":{"rendered":"http:\/\/wp.kristdemokraterna.se\/pitea\/?p=167"},"modified":"2019-03-05T10:08:31","modified_gmt":"2019-03-05T09:08:31","slug":"sa-vill-vi-satsa-pa-barn-och-ungas-halsa","status":"publish","type":"post","link":"https:\/\/wp.kristdemokraterna.se\/pitea\/sa-vill-vi-satsa-pa-barn-och-ungas-halsa\/","title":{"rendered":"S\u00e5 vill vi satsa p\u00e5 barn och ungas h\u00e4lsa"},"content":{"rendered":"<p>Med anledning av: \u201dS\u00e5 vill vi satsa p\u00e5 barn och ungas h\u00e4lsa\u201d publicerad 29 maj i Pite\u00e5-Tidningen.<\/p>\n<p>Den psykiska oh\u00e4lsan bland barn och unga v\u00e4xer oavbrutet. Den har stadigt \u00f6kat fr\u00e5n 1980 fram till idag. Insatser kr\u00e4vs nu f\u00f6r att f\u00f6rebygga oh\u00e4lsan. Barn som m\u00e5r d\u00e5ligt m\u00e5ste f\u00e5 hj\u00e4lp p\u00e5 en g\u00e5ng och det f\u00f6rebyggande arbetet beh\u00f6ver st\u00e4rkas. D\u00e4rf\u00f6r presenterade kristdemokraterna i v\u00e5rbudgeten ett paket med flera \u00e5tg\u00e4rder f\u00f6r att f\u00f6rb\u00e4ttra barns v\u00e4lm\u00e5ende.<\/p>\n<p>F\u00f6rst\u00e4rka barn- och ungdomsh\u00e4lsov\u00e5rden de kommande fyra \u00e5ren med 400 miljoner per \u00e5r. Samtidigt ska en elevh\u00e4lsogaranti inf\u00f6ras som inneb\u00e4r att varje elev har r\u00e4tt att f\u00e5 kontakt med elevh\u00e4lsan inom ett dygn.<\/p>\n<p>-Samla ansvaret f\u00f6r hela barn- och ungdomsh\u00e4lsov\u00e5rden under en huvudman.<\/p>\n<p>-KD vill korta v\u00e4ntetiderna till den specialiserade barn- och ungdomspsykiatrin ytterligare. F\u00f6r att kunna uppn\u00e5 det avs\u00e4tter vi 250 miljoner kronor.<\/p>\n<p>-KD vill \u00f6ka tillg\u00e5ngen till f\u00f6r\u00e4ldrautbildning genom att g\u00f6ra det obligatoriskt f\u00f6r kommunerna att erbjuda tv\u00e5 f\u00f6r\u00e4ldrautbildningar under barnets uppv\u00e4xt-b\u00e5de till f\u00f6r\u00e4ldrar till mindre barn och till ton\u00e5rsf\u00f6r\u00e4ldrar.<\/p>\n<p>-250 miljoner mot mobbing. L\u00e4rare och elever har enligt skollagen r\u00e4tt till en lugn, s\u00e4ker och trygg skolmilj\u00f6.<\/p>\n<p>Hel\u00e9n Lindb\u00e4ck (KD)<\/p>\n","protected":false},"excerpt":{"rendered":"<p>Med anledning av: \u201dS\u00e5 vill vi satsa p\u00e5 barn och ungas h\u00e4lsa\u201d publicerad 29 maj i Pite\u00e5-Tidningen. Den psykiska oh\u00e4lsan bland barn och unga v\u00e4xer oavbrutet. Den har stadigt \u00f6kat fr\u00e5n 1980 fram till idag. Insatser kr\u00e4vs nu f\u00f6r att f\u00f6rebygga oh\u00e4lsan. Barn som m\u00e5r d\u00e5ligt m\u00e5ste f\u00e5 hj\u00e4lp p\u00e5 en g\u00e5ng och det f\u00f6rebyggande <a class=\"read-more-link\" href=\"https:\/\/wp.kristdemokraterna.se\/pitea\/sa-vill-vi-satsa-pa-barn-och-ungas-halsa\/\">Read More<\/a><\/p>\n","protected":false},"author":693,"featured_media":175,"comment_status":"closed","ping_status":"closed","sticky":false,"template":"","format":"standard","meta":{"_acf_changed":false,"footnotes":""},"categories":[19],"tags":[30],"class_list":["post-167","post","type-post","status-publish","format-standard","hentry","category-kd-pitea","tag-familj"],"acf":[],"yoast_head":"<!-- This site is optimized with the Yoast SEO plugin v27.4 - https:\/\/yoast.com\/product\/yoast-seo-wordpress\/ -->\n<title>S\u00e5 vill vi satsa p\u00e5 barn och ungas h\u00e4lsa - Kristdemokraterna Pite\u00e5<\/title>\n<meta name=\"robots\" content=\"index, follow, max-snippet:-1, max-image-preview:large, max-video-preview:-1\" \/>\n<link rel=\"canonical\" href=\"https:\/\/wp.kristdemokraterna.se\/pitea\/sa-vill-vi-satsa-pa-barn-och-ungas-halsa\/\" \/>\n<meta property=\"og:locale\" content=\"sv_SE\" \/>\n<meta property=\"og:type\" content=\"article\" \/>\n<meta property=\"og:title\" content=\"S\u00e5 vill vi satsa p\u00e5 barn och ungas h\u00e4lsa - Kristdemokraterna Pite\u00e5\" \/>\n<meta property=\"og:description\" content=\"Med anledning av: \u201dS\u00e5 vill vi satsa p\u00e5 barn och ungas h\u00e4lsa\u201d publicerad 29 maj i Pite\u00e5-Tidningen. Den psykiska oh\u00e4lsan bland barn och unga v\u00e4xer oavbrutet. Den har stadigt \u00f6kat fr\u00e5n 1980 fram till idag. Insatser kr\u00e4vs nu f\u00f6r att f\u00f6rebygga oh\u00e4lsan. Barn som m\u00e5r d\u00e5ligt m\u00e5ste f\u00e5 hj\u00e4lp p\u00e5 en g\u00e5ng och det f\u00f6rebyggande Read More\" \/>\n<meta property=\"og:url\" content=\"https:\/\/wp.kristdemokraterna.se\/pitea\/sa-vill-vi-satsa-pa-barn-och-ungas-halsa\/\" \/>\n<meta property=\"og:site_name\" content=\"Kristdemokraterna Pite\u00e5\" \/>\n<meta property=\"article:published_time\" content=\"2017-06-07T09:19:06+00:00\" \/>\n<meta property=\"article:modified_time\" content=\"2019-03-05T09:08:31+00:00\" \/>\n<meta property=\"og:image\" content=\"https:\/\/wp.kristdemokraterna.se\/pitea\/files\/2017\/06\/omslagsbild3.png\" \/>\n\t<meta property=\"og:image:width\" content=\"820\" \/>\n\t<meta property=\"og:image:height\" content=\"340\" \/>\n\t<meta property=\"og:image:type\" content=\"image\/png\" \/>\n<meta name=\"author\" content=\"Charlotta Burman\" \/>\n<meta name=\"twitter:card\" content=\"summary_large_image\" \/>\n<meta name=\"twitter:label1\" content=\"Skriven av\" \/>\n\t<meta name=\"twitter:data1\" content=\"Charlotta Burman\" \/>\n\t<meta name=\"twitter:label2\" content=\"Ber\u00e4knad l\u00e4stid\" \/>\n\t<meta name=\"twitter:data2\" content=\"1 minut\" \/>\n<script type=\"application\/ld+json\" class=\"yoast-schema-graph\">{\"@context\":\"https:\\\/\\\/schema.org\",\"@graph\":[{\"@type\":\"Article\",\"@id\":\"https:\\\/\\\/wp.kristdemokraterna.se\\\/pitea\\\/sa-vill-vi-satsa-pa-barn-och-ungas-halsa\\\/#article\",\"isPartOf\":{\"@id\":\"https:\\\/\\\/wp.kristdemokraterna.se\\\/pitea\\\/sa-vill-vi-satsa-pa-barn-och-ungas-halsa\\\/\"},\"author\":{\"name\":\"Charlotta Burman\",\"@id\":\"https:\\\/\\\/wp.kristdemokraterna.se\\\/pitea\\\/#\\\/schema\\\/person\\\/db9e90e3d802950af7a0ac8336a625da\"},\"headline\":\"S\u00e5 vill vi satsa p\u00e5 barn och ungas h\u00e4lsa\",\"datePublished\":\"2017-06-07T09:19:06+00:00\",\"dateModified\":\"2019-03-05T09:08:31+00:00\",\"mainEntityOfPage\":{\"@id\":\"https:\\\/\\\/wp.kristdemokraterna.se\\\/pitea\\\/sa-vill-vi-satsa-pa-barn-och-ungas-halsa\\\/\"},\"wordCount\":252,\"image\":{\"@id\":\"https:\\\/\\\/wp.kristdemokraterna.se\\\/pitea\\\/sa-vill-vi-satsa-pa-barn-och-ungas-halsa\\\/#primaryimage\"},\"thumbnailUrl\":\"https:\\\/\\\/wp.kristdemokraterna.se\\\/pitea\\\/files\\\/2017\\\/06\\\/omslagsbild3.png\",\"keywords\":[\"Familj\"],\"articleSection\":[\"KD Pite\u00e5\"],\"inLanguage\":\"sv-SE\"},{\"@type\":\"WebPage\",\"@id\":\"https:\\\/\\\/wp.kristdemokraterna.se\\\/pitea\\\/sa-vill-vi-satsa-pa-barn-och-ungas-halsa\\\/\",\"url\":\"https:\\\/\\\/wp.kristdemokraterna.se\\\/pitea\\\/sa-vill-vi-satsa-pa-barn-och-ungas-halsa\\\/\",\"name\":\"S\u00e5 vill vi satsa p\u00e5 barn och ungas h\u00e4lsa - Kristdemokraterna Pite\u00e5\",\"isPartOf\":{\"@id\":\"https:\\\/\\\/wp.kristdemokraterna.se\\\/pitea\\\/#website\"},\"primaryImageOfPage\":{\"@id\":\"https:\\\/\\\/wp.kristdemokraterna.se\\\/pitea\\\/sa-vill-vi-satsa-pa-barn-och-ungas-halsa\\\/#primaryimage\"},\"image\":{\"@id\":\"https:\\\/\\\/wp.kristdemokraterna.se\\\/pitea\\\/sa-vill-vi-satsa-pa-barn-och-ungas-halsa\\\/#primaryimage\"},\"thumbnailUrl\":\"https:\\\/\\\/wp.kristdemokraterna.se\\\/pitea\\\/files\\\/2017\\\/06\\\/omslagsbild3.png\",\"datePublished\":\"2017-06-07T09:19:06+00:00\",\"dateModified\":\"2019-03-05T09:08:31+00:00\",\"author\":{\"@id\":\"https:\\\/\\\/wp.kristdemokraterna.se\\\/pitea\\\/#\\\/schema\\\/person\\\/db9e90e3d802950af7a0ac8336a625da\"},\"breadcrumb\":{\"@id\":\"https:\\\/\\\/wp.kristdemokraterna.se\\\/pitea\\\/sa-vill-vi-satsa-pa-barn-och-ungas-halsa\\\/#breadcrumb\"},\"inLanguage\":\"sv-SE\",\"potentialAction\":[{\"@type\":\"ReadAction\",\"target\":[\"https:\\\/\\\/wp.kristdemokraterna.se\\\/pitea\\\/sa-vill-vi-satsa-pa-barn-och-ungas-halsa\\\/\"]}]},{\"@type\":\"ImageObject\",\"inLanguage\":\"sv-SE\",\"@id\":\"https:\\\/\\\/wp.kristdemokraterna.se\\\/pitea\\\/sa-vill-vi-satsa-pa-barn-och-ungas-halsa\\\/#primaryimage\",\"url\":\"https:\\\/\\\/wp.kristdemokraterna.se\\\/pitea\\\/files\\\/2017\\\/06\\\/omslagsbild3.png\",\"contentUrl\":\"https:\\\/\\\/wp.kristdemokraterna.se\\\/pitea\\\/files\\\/2017\\\/06\\\/omslagsbild3.png\",\"width\":820,\"height\":340},{\"@type\":\"BreadcrumbList\",\"@id\":\"https:\\\/\\\/wp.kristdemokraterna.se\\\/pitea\\\/sa-vill-vi-satsa-pa-barn-och-ungas-halsa\\\/#breadcrumb\",\"itemListElement\":[{\"@type\":\"ListItem\",\"position\":1,\"name\":\"Hem\",\"item\":\"https:\\\/\\\/wp.kristdemokraterna.se\\\/pitea\\\/\"},{\"@type\":\"ListItem\",\"position\":2,\"name\":\"S\u00e5 vill vi satsa p\u00e5 barn och ungas h\u00e4lsa\"}]},{\"@type\":\"WebSite\",\"@id\":\"https:\\\/\\\/wp.kristdemokraterna.se\\\/pitea\\\/#website\",\"url\":\"https:\\\/\\\/wp.kristdemokraterna.se\\\/pitea\\\/\",\"name\":\"Kristdemokraterna Pite\u00e5\",\"description\":\"Trygga familjer bygger ett tryggare Sverige\",\"inLanguage\":\"sv-SE\"},{\"@type\":\"Person\",\"@id\":\"https:\\\/\\\/wp.kristdemokraterna.se\\\/pitea\\\/#\\\/schema\\\/person\\\/db9e90e3d802950af7a0ac8336a625da\",\"name\":\"Charlotta Burman\",\"image\":{\"@type\":\"ImageObject\",\"inLanguage\":\"sv-SE\",\"@id\":\"https:\\\/\\\/secure.gravatar.com\\\/avatar\\\/89bee22518553877e7f2f600ca146a42e65908e5fd55043c0459319e20022f4b?s=96&d=mm&r=g\",\"url\":\"https:\\\/\\\/secure.gravatar.com\\\/avatar\\\/89bee22518553877e7f2f600ca146a42e65908e5fd55043c0459319e20022f4b?s=96&d=mm&r=g\",\"contentUrl\":\"https:\\\/\\\/secure.gravatar.com\\\/avatar\\\/89bee22518553877e7f2f600ca146a42e65908e5fd55043c0459319e20022f4b?s=96&d=mm&r=g\",\"caption\":\"Charlotta Burman\"},\"url\":\"https:\\\/\\\/wp.kristdemokraterna.se\\\/pitea\\\/author\\\/charlotta\\\/\"}]}<\/script>\n<!-- \/ Yoast SEO plugin. -->","yoast_head_json":{"title":"S\u00e5 vill vi satsa p\u00e5 barn och ungas h\u00e4lsa - Kristdemokraterna Pite\u00e5","robots":{"index":"index","follow":"follow","max-snippet":"max-snippet:-1","max-image-preview":"max-image-preview:large","max-video-preview":"max-video-preview:-1"},"canonical":"https:\/\/wp.kristdemokraterna.se\/pitea\/sa-vill-vi-satsa-pa-barn-och-ungas-halsa\/","og_locale":"sv_SE","og_type":"article","og_title":"S\u00e5 vill vi satsa p\u00e5 barn och ungas h\u00e4lsa - Kristdemokraterna Pite\u00e5","og_description":"Med anledning av: \u201dS\u00e5 vill vi satsa p\u00e5 barn och ungas h\u00e4lsa\u201d publicerad 29 maj i Pite\u00e5-Tidningen. Den psykiska oh\u00e4lsan bland barn och unga v\u00e4xer oavbrutet. Den har stadigt \u00f6kat fr\u00e5n 1980 fram till idag. Insatser kr\u00e4vs nu f\u00f6r att f\u00f6rebygga oh\u00e4lsan. Barn som m\u00e5r d\u00e5ligt m\u00e5ste f\u00e5 hj\u00e4lp p\u00e5 en g\u00e5ng och det f\u00f6rebyggande Read More","og_url":"https:\/\/wp.kristdemokraterna.se\/pitea\/sa-vill-vi-satsa-pa-barn-och-ungas-halsa\/","og_site_name":"Kristdemokraterna Pite\u00e5","article_published_time":"2017-06-07T09:19:06+00:00","article_modified_time":"2019-03-05T09:08:31+00:00","og_image":[{"width":820,"height":340,"url":"https:\/\/wp.kristdemokraterna.se\/pitea\/files\/2017\/06\/omslagsbild3.png","type":"image\/png"}],"author":"Charlotta Burman","twitter_card":"summary_large_image","twitter_misc":{"Skriven av":"Charlotta Burman","Ber\u00e4knad l\u00e4stid":"1 minut"},"schema":{"@context":"https:\/\/schema.org","@graph":[{"@type":"Article","@id":"https:\/\/wp.kristdemokraterna.se\/pitea\/sa-vill-vi-satsa-pa-barn-och-ungas-halsa\/#article","isPartOf":{"@id":"https:\/\/wp.kristdemokraterna.se\/pitea\/sa-vill-vi-satsa-pa-barn-och-ungas-halsa\/"},"author":{"name":"Charlotta Burman","@id":"https:\/\/wp.kristdemokraterna.se\/pitea\/#\/schema\/person\/db9e90e3d802950af7a0ac8336a625da"},"headline":"S\u00e5 vill vi satsa p\u00e5 barn och ungas h\u00e4lsa","datePublished":"2017-06-07T09:19:06+00:00","dateModified":"2019-03-05T09:08:31+00:00","mainEntityOfPage":{"@id":"https:\/\/wp.kristdemokraterna.se\/pitea\/sa-vill-vi-satsa-pa-barn-och-ungas-halsa\/"},"wordCount":252,"image":{"@id":"https:\/\/wp.kristdemokraterna.se\/pitea\/sa-vill-vi-satsa-pa-barn-och-ungas-halsa\/#primaryimage"},"thumbnailUrl":"https:\/\/wp.kristdemokraterna.se\/pitea\/files\/2017\/06\/omslagsbild3.png","keywords":["Familj"],"articleSection":["KD Pite\u00e5"],"inLanguage":"sv-SE"},{"@type":"WebPage","@id":"https:\/\/wp.kristdemokraterna.se\/pitea\/sa-vill-vi-satsa-pa-barn-och-ungas-halsa\/","url":"https:\/\/wp.kristdemokraterna.se\/pitea\/sa-vill-vi-satsa-pa-barn-och-ungas-halsa\/","name":"S\u00e5 vill vi satsa p\u00e5 barn och ungas h\u00e4lsa - Kristdemokraterna Pite\u00e5","isPartOf":{"@id":"https:\/\/wp.kristdemokraterna.se\/pitea\/#website"},"primaryImageOfPage":{"@id":"https:\/\/wp.kristdemokraterna.se\/pitea\/sa-vill-vi-satsa-pa-barn-och-ungas-halsa\/#primaryimage"},"image":{"@id":"https:\/\/wp.kristdemokraterna.se\/pitea\/sa-vill-vi-satsa-pa-barn-och-ungas-halsa\/#primaryimage"},"thumbnailUrl":"https:\/\/wp.kristdemokraterna.se\/pitea\/files\/2017\/06\/omslagsbild3.png","datePublished":"2017-06-07T09:19:06+00:00","dateModified":"2019-03-05T09:08:31+00:00","author":{"@id":"https:\/\/wp.kristdemokraterna.se\/pitea\/#\/schema\/person\/db9e90e3d802950af7a0ac8336a625da"},"breadcrumb":{"@id":"https:\/\/wp.kristdemokraterna.se\/pitea\/sa-vill-vi-satsa-pa-barn-och-ungas-halsa\/#breadcrumb"},"inLanguage":"sv-SE","potentialAction":[{"@type":"ReadAction","target":["https:\/\/wp.kristdemokraterna.se\/pitea\/sa-vill-vi-satsa-pa-barn-och-ungas-halsa\/"]}]},{"@type":"ImageObject","inLanguage":"sv-SE","@id":"https:\/\/wp.kristdemokraterna.se\/pitea\/sa-vill-vi-satsa-pa-barn-och-ungas-halsa\/#primaryimage","url":"https:\/\/wp.kristdemokraterna.se\/pitea\/files\/2017\/06\/omslagsbild3.png","contentUrl":"https:\/\/wp.kristdemokraterna.se\/pitea\/files\/2017\/06\/omslagsbild3.png","width":820,"height":340},{"@type":"BreadcrumbList","@id":"https:\/\/wp.kristdemokraterna.se\/pitea\/sa-vill-vi-satsa-pa-barn-och-ungas-halsa\/#breadcrumb","itemListElement":[{"@type":"ListItem","position":1,"name":"Hem","item":"https:\/\/wp.kristdemokraterna.se\/pitea\/"},{"@type":"ListItem","position":2,"name":"S\u00e5 vill vi satsa p\u00e5 barn och ungas h\u00e4lsa"}]},{"@type":"WebSite","@id":"https:\/\/wp.kristdemokraterna.se\/pitea\/#website","url":"https:\/\/wp.kristdemokraterna.se\/pitea\/","name":"Kristdemokraterna Pite\u00e5","description":"Trygga familjer bygger ett tryggare Sverige","inLanguage":"sv-SE"},{"@type":"Person","@id":"https:\/\/wp.kristdemokraterna.se\/pitea\/#\/schema\/person\/db9e90e3d802950af7a0ac8336a625da","name":"Charlotta Burman","image":{"@type":"ImageObject","inLanguage":"sv-SE","@id":"https:\/\/secure.gravatar.com\/avatar\/89bee22518553877e7f2f600ca146a42e65908e5fd55043c0459319e20022f4b?s=96&d=mm&r=g","url":"https:\/\/secure.gravatar.com\/avatar\/89bee22518553877e7f2f600ca146a42e65908e5fd55043c0459319e20022f4b?s=96&d=mm&r=g","contentUrl":"https:\/\/secure.gravatar.com\/avatar\/89bee22518553877e7f2f600ca146a42e65908e5fd55043c0459319e20022f4b?s=96&d=mm&r=g","caption":"Charlotta Burman"},"url":"https:\/\/wp.kristdemokraterna.se\/pitea\/author\/charlotta\/"}]}},"_links":{"self":[{"href":"https:\/\/wp.kristdemokraterna.se\/pitea\/wp-json\/wp\/v2\/posts\/167","targetHints":{"allow":["GET"]}}],"collection":[{"href":"https:\/\/wp.kristdemokraterna.se\/pitea\/wp-json\/wp\/v2\/posts"}],"about":[{"href":"https:\/\/wp.kristdemokraterna.se\/pitea\/wp-json\/wp\/v2\/types\/post"}],"author":[{"embeddable":true,"href":"https:\/\/wp.kristdemokraterna.se\/pitea\/wp-json\/wp\/v2\/users\/693"}],"replies":[{"embeddable":true,"href":"https:\/\/wp.kristdemokraterna.se\/pitea\/wp-json\/wp\/v2\/comments?post=167"}],"version-history":[{"count":7,"href":"https:\/\/wp.kristdemokraterna.se\/pitea\/wp-json\/wp\/v2\/posts\/167\/revisions"}],"predecessor-version":[{"id":222,"href":"https:\/\/wp.kristdemokraterna.se\/pitea\/wp-json\/wp\/v2\/posts\/167\/revisions\/222"}],"wp:featuredmedia":[{"embeddable":true,"href":"https:\/\/wp.kristdemokraterna.se\/pitea\/wp-json\/wp\/v2\/media\/175"}],"wp:attachment":[{"href":"https:\/\/wp.kristdemokraterna.se\/pitea\/wp-json\/wp\/v2\/media?parent=167"}],"wp:term":[{"taxonomy":"category","embeddable":true,"href":"https:\/\/wp.kristdemokraterna.se\/pitea\/wp-json\/wp\/v2\/categories?post=167"},{"taxonomy":"post_tag","embeddable":true,"href":"https:\/\/wp.kristdemokraterna.se\/pitea\/wp-json\/wp\/v2\/tags?post=167"}],"curies":[{"name":"wp","href":"https:\/\/api.w.org\/{rel}","templated":true}]}}