{"id":169,"date":"2017-06-15T11:30:57","date_gmt":"2017-06-15T09:30:57","guid":{"rendered":"http:\/\/wp.kristdemokraterna.se\/pitea\/?p=169"},"modified":"2019-03-05T10:08:18","modified_gmt":"2019-03-05T09:08:18","slug":"familjen-ar-den-viktigaste-byggstenen-i-vart-samhalle","status":"publish","type":"post","link":"https:\/\/wp.kristdemokraterna.se\/pitea\/familjen-ar-den-viktigaste-byggstenen-i-vart-samhalle\/","title":{"rendered":"Familjen \u00e4r den viktigaste byggstenen i v\u00e5rt samh\u00e4lle"},"content":{"rendered":"<p>Det var inte l\u00e4nge sedan som det var internationella familjedagen.<\/p>\n<p>Det p\u00e5minde mig om att familjen \u00e4r den viktigaste byggstenen i v\u00e5rt samh\u00e4lle. D\u00e4rf\u00f6r har vi kristdemokrater under m\u00e5nga \u00e5r arbetat f\u00f6r att f\u00f6rb\u00e4ttra f\u00f6r v\u00e5ra familjer i Pite\u00e5 kommun.<\/p>\n<p>Bland annat ville vi uppr\u00e4tta en lokal handlingsplan f\u00f6r att f\u00e5 fler m\u00e4n i f\u00f6rskolan. Barn beh\u00f6ver goda f\u00f6rebilder av b\u00e5da k\u00f6nen.<\/p>\n<p>Mer idrott och fysisk aktivitet i skolan har vi ocks\u00e5 \u201dmotionerat\u201d om. Daglig r\u00f6relse och fysisk aktivitet f\u00f6r alla barn och ungdomar borde vara en sj\u00e4lvklarhet. Det vore v\u00e4rt att pr\u00f6va i n\u00e5gon av Pite\u00e5 kommuns skolor och sedan utv\u00e4rdera. P\u00e5 andra h\u00e5ll i landet har det visat sig ge goda resultat, b\u00e5de studiem\u00e4ssigt och f\u00f6r h\u00e4lsan.<\/p>\n<p>\u201dNuddisar\u201d \u2013 ett elektroniskt system som m\u00e4ter f\u00f6rskolebarns n\u00e4rvaro har KD ocks\u00e5 motionerat om. Syftet \u00e4r att f\u00f6rb\u00e4ttra kvalit\u00e9n inom f\u00f6rskolan och \u00e4ven minska personalens administrativa arbete.<\/p>\n<p>En annan motion som r\u00f6r familjen \u00e4r den vi skrev om att erbjuda f\u00f6rstag\u00e5ngsf\u00f6r\u00e4ldrar gratis familjer\u00e5dgivning ett par-tre g\u00e5nger. Det \u00e4r en stor omst\u00e4llning i familjen att f\u00e5 barn. Det \u00e4r viktigt att f\u00f6rh\u00e5llandet mellan f\u00f6r\u00e4ldrarna h\u00e5ller och att familjen m\u00e5r bra.<\/p>\n<p>Slutligen \u00e4r det kristdemokraterna som har motionerat i kommunfullm\u00e4ktige om att personalen inom f\u00f6rskolan ska f\u00e5 arbetskl\u00e4der. Det \u00e4r viktigt f\u00f6r deras arbete med det b\u00e4sta vi har, v\u00e5ra barn och barnbarn. Sj\u00e4lvklart ska de ha \u00e4ndam\u00e5lsenliga arbetskl\u00e4der i detta viktiga arbete. B\u00e5de \u201dnuddisar\u201d och arbetskl\u00e4der \u00e4r p\u00e5 g\u00e5ng.<\/p>\n<p>Kristdemokraterna vill verkligen lyfta familjens betydelse. Om vi bygger starka barn beh\u00f6ver vi inte laga s\u00e5 m\u00e5nga trasiga vuxna.<\/p>\n<p>Hel\u00e9n Lindb\u00e4ck (KD)<\/p>\n","protected":false},"excerpt":{"rendered":"<p>Det var inte l\u00e4nge sedan som det var internationella familjedagen. Det p\u00e5minde mig om att familjen \u00e4r den viktigaste byggstenen i v\u00e5rt samh\u00e4lle. D\u00e4rf\u00f6r har vi kristdemokrater under m\u00e5nga \u00e5r arbetat f\u00f6r att f\u00f6rb\u00e4ttra f\u00f6r v\u00e5ra familjer i Pite\u00e5 kommun. Bland annat ville vi uppr\u00e4tta en lokal handlingsplan f\u00f6r att f\u00e5 fler m\u00e4n i f\u00f6rskolan. <a class=\"read-more-link\" href=\"https:\/\/wp.kristdemokraterna.se\/pitea\/familjen-ar-den-viktigaste-byggstenen-i-vart-samhalle\/\">Read More<\/a><\/p>\n","protected":false},"author":693,"featured_media":234,"comment_status":"closed","ping_status":"closed","sticky":false,"template":"","format":"standard","meta":{"_acf_changed":false,"footnotes":""},"categories":[19],"tags":[30,32],"class_list":["post-169","post","type-post","status-publish","format-standard","hentry","category-kd-pitea","tag-familj","tag-motioner"],"acf":[],"yoast_head":"<!-- This site is optimized with the Yoast SEO plugin v27.4 - https:\/\/yoast.com\/product\/yoast-seo-wordpress\/ -->\n<title>Familjen \u00e4r den viktigaste byggstenen i v\u00e5rt samh\u00e4lle - Kristdemokraterna Pite\u00e5<\/title>\n<meta name=\"robots\" content=\"index, follow, max-snippet:-1, max-image-preview:large, max-video-preview:-1\" \/>\n<link rel=\"canonical\" href=\"https:\/\/wp.kristdemokraterna.se\/pitea\/familjen-ar-den-viktigaste-byggstenen-i-vart-samhalle\/\" \/>\n<meta property=\"og:locale\" content=\"sv_SE\" \/>\n<meta property=\"og:type\" content=\"article\" \/>\n<meta property=\"og:title\" content=\"Familjen \u00e4r den viktigaste byggstenen i v\u00e5rt samh\u00e4lle - Kristdemokraterna Pite\u00e5\" \/>\n<meta property=\"og:description\" content=\"Det var inte l\u00e4nge sedan som det var internationella familjedagen. Det p\u00e5minde mig om att familjen \u00e4r den viktigaste byggstenen i v\u00e5rt samh\u00e4lle. D\u00e4rf\u00f6r har vi kristdemokrater under m\u00e5nga \u00e5r arbetat f\u00f6r att f\u00f6rb\u00e4ttra f\u00f6r v\u00e5ra familjer i Pite\u00e5 kommun. Bland annat ville vi uppr\u00e4tta en lokal handlingsplan f\u00f6r att f\u00e5 fler m\u00e4n i f\u00f6rskolan. Read More\" \/>\n<meta property=\"og:url\" content=\"https:\/\/wp.kristdemokraterna.se\/pitea\/familjen-ar-den-viktigaste-byggstenen-i-vart-samhalle\/\" \/>\n<meta property=\"og:site_name\" content=\"Kristdemokraterna Pite\u00e5\" \/>\n<meta property=\"article:published_time\" content=\"2017-06-15T09:30:57+00:00\" \/>\n<meta property=\"article:modified_time\" content=\"2019-03-05T09:08:18+00:00\" \/>\n<meta property=\"og:image\" content=\"https:\/\/wp.kristdemokraterna.se\/pitea\/files\/2017\/06\/familj_ej_logga.jpg\" \/>\n\t<meta property=\"og:image:width\" content=\"478\" \/>\n\t<meta property=\"og:image:height\" content=\"262\" \/>\n\t<meta property=\"og:image:type\" content=\"image\/jpeg\" \/>\n<meta name=\"author\" content=\"Charlotta Burman\" \/>\n<meta name=\"twitter:card\" content=\"summary_large_image\" \/>\n<meta name=\"twitter:label1\" content=\"Skriven av\" \/>\n\t<meta name=\"twitter:data1\" content=\"Charlotta Burman\" \/>\n\t<meta name=\"twitter:label2\" content=\"Ber\u00e4knad l\u00e4stid\" \/>\n\t<meta name=\"twitter:data2\" content=\"2 minuter\" \/>\n<script type=\"application\/ld+json\" class=\"yoast-schema-graph\">{\"@context\":\"https:\\\/\\\/schema.org\",\"@graph\":[{\"@type\":\"Article\",\"@id\":\"https:\\\/\\\/wp.kristdemokraterna.se\\\/pitea\\\/familjen-ar-den-viktigaste-byggstenen-i-vart-samhalle\\\/#article\",\"isPartOf\":{\"@id\":\"https:\\\/\\\/wp.kristdemokraterna.se\\\/pitea\\\/familjen-ar-den-viktigaste-byggstenen-i-vart-samhalle\\\/\"},\"author\":{\"name\":\"Charlotta Burman\",\"@id\":\"https:\\\/\\\/wp.kristdemokraterna.se\\\/pitea\\\/#\\\/schema\\\/person\\\/db9e90e3d802950af7a0ac8336a625da\"},\"headline\":\"Familjen \u00e4r den viktigaste byggstenen i v\u00e5rt samh\u00e4lle\",\"datePublished\":\"2017-06-15T09:30:57+00:00\",\"dateModified\":\"2019-03-05T09:08:18+00:00\",\"mainEntityOfPage\":{\"@id\":\"https:\\\/\\\/wp.kristdemokraterna.se\\\/pitea\\\/familjen-ar-den-viktigaste-byggstenen-i-vart-samhalle\\\/\"},\"wordCount\":337,\"image\":{\"@id\":\"https:\\\/\\\/wp.kristdemokraterna.se\\\/pitea\\\/familjen-ar-den-viktigaste-byggstenen-i-vart-samhalle\\\/#primaryimage\"},\"thumbnailUrl\":\"https:\\\/\\\/wp.kristdemokraterna.se\\\/pitea\\\/files\\\/2017\\\/06\\\/familj_ej_logga.jpg\",\"keywords\":[\"Familj\",\"Motioner\"],\"articleSection\":[\"KD Pite\u00e5\"],\"inLanguage\":\"sv-SE\"},{\"@type\":\"WebPage\",\"@id\":\"https:\\\/\\\/wp.kristdemokraterna.se\\\/pitea\\\/familjen-ar-den-viktigaste-byggstenen-i-vart-samhalle\\\/\",\"url\":\"https:\\\/\\\/wp.kristdemokraterna.se\\\/pitea\\\/familjen-ar-den-viktigaste-byggstenen-i-vart-samhalle\\\/\",\"name\":\"Familjen \u00e4r den viktigaste byggstenen i v\u00e5rt samh\u00e4lle - Kristdemokraterna Pite\u00e5\",\"isPartOf\":{\"@id\":\"https:\\\/\\\/wp.kristdemokraterna.se\\\/pitea\\\/#website\"},\"primaryImageOfPage\":{\"@id\":\"https:\\\/\\\/wp.kristdemokraterna.se\\\/pitea\\\/familjen-ar-den-viktigaste-byggstenen-i-vart-samhalle\\\/#primaryimage\"},\"image\":{\"@id\":\"https:\\\/\\\/wp.kristdemokraterna.se\\\/pitea\\\/familjen-ar-den-viktigaste-byggstenen-i-vart-samhalle\\\/#primaryimage\"},\"thumbnailUrl\":\"https:\\\/\\\/wp.kristdemokraterna.se\\\/pitea\\\/files\\\/2017\\\/06\\\/familj_ej_logga.jpg\",\"datePublished\":\"2017-06-15T09:30:57+00:00\",\"dateModified\":\"2019-03-05T09:08:18+00:00\",\"author\":{\"@id\":\"https:\\\/\\\/wp.kristdemokraterna.se\\\/pitea\\\/#\\\/schema\\\/person\\\/db9e90e3d802950af7a0ac8336a625da\"},\"breadcrumb\":{\"@id\":\"https:\\\/\\\/wp.kristdemokraterna.se\\\/pitea\\\/familjen-ar-den-viktigaste-byggstenen-i-vart-samhalle\\\/#breadcrumb\"},\"inLanguage\":\"sv-SE\",\"potentialAction\":[{\"@type\":\"ReadAction\",\"target\":[\"https:\\\/\\\/wp.kristdemokraterna.se\\\/pitea\\\/familjen-ar-den-viktigaste-byggstenen-i-vart-samhalle\\\/\"]}]},{\"@type\":\"ImageObject\",\"inLanguage\":\"sv-SE\",\"@id\":\"https:\\\/\\\/wp.kristdemokraterna.se\\\/pitea\\\/familjen-ar-den-viktigaste-byggstenen-i-vart-samhalle\\\/#primaryimage\",\"url\":\"https:\\\/\\\/wp.kristdemokraterna.se\\\/pitea\\\/files\\\/2017\\\/06\\\/familj_ej_logga.jpg\",\"contentUrl\":\"https:\\\/\\\/wp.kristdemokraterna.se\\\/pitea\\\/files\\\/2017\\\/06\\\/familj_ej_logga.jpg\",\"width\":478,\"height\":262},{\"@type\":\"BreadcrumbList\",\"@id\":\"https:\\\/\\\/wp.kristdemokraterna.se\\\/pitea\\\/familjen-ar-den-viktigaste-byggstenen-i-vart-samhalle\\\/#breadcrumb\",\"itemListElement\":[{\"@type\":\"ListItem\",\"position\":1,\"name\":\"Hem\",\"item\":\"https:\\\/\\\/wp.kristdemokraterna.se\\\/pitea\\\/\"},{\"@type\":\"ListItem\",\"position\":2,\"name\":\"Familjen \u00e4r den viktigaste byggstenen i v\u00e5rt samh\u00e4lle\"}]},{\"@type\":\"WebSite\",\"@id\":\"https:\\\/\\\/wp.kristdemokraterna.se\\\/pitea\\\/#website\",\"url\":\"https:\\\/\\\/wp.kristdemokraterna.se\\\/pitea\\\/\",\"name\":\"Kristdemokraterna Pite\u00e5\",\"description\":\"Trygga familjer bygger ett tryggare Sverige\",\"inLanguage\":\"sv-SE\"},{\"@type\":\"Person\",\"@id\":\"https:\\\/\\\/wp.kristdemokraterna.se\\\/pitea\\\/#\\\/schema\\\/person\\\/db9e90e3d802950af7a0ac8336a625da\",\"name\":\"Charlotta Burman\",\"image\":{\"@type\":\"ImageObject\",\"inLanguage\":\"sv-SE\",\"@id\":\"https:\\\/\\\/secure.gravatar.com\\\/avatar\\\/89bee22518553877e7f2f600ca146a42e65908e5fd55043c0459319e20022f4b?s=96&d=mm&r=g\",\"url\":\"https:\\\/\\\/secure.gravatar.com\\\/avatar\\\/89bee22518553877e7f2f600ca146a42e65908e5fd55043c0459319e20022f4b?s=96&d=mm&r=g\",\"contentUrl\":\"https:\\\/\\\/secure.gravatar.com\\\/avatar\\\/89bee22518553877e7f2f600ca146a42e65908e5fd55043c0459319e20022f4b?s=96&d=mm&r=g\",\"caption\":\"Charlotta Burman\"},\"url\":\"https:\\\/\\\/wp.kristdemokraterna.se\\\/pitea\\\/author\\\/charlotta\\\/\"}]}<\/script>\n<!-- \/ Yoast SEO plugin. -->","yoast_head_json":{"title":"Familjen \u00e4r den viktigaste byggstenen i v\u00e5rt samh\u00e4lle - Kristdemokraterna Pite\u00e5","robots":{"index":"index","follow":"follow","max-snippet":"max-snippet:-1","max-image-preview":"max-image-preview:large","max-video-preview":"max-video-preview:-1"},"canonical":"https:\/\/wp.kristdemokraterna.se\/pitea\/familjen-ar-den-viktigaste-byggstenen-i-vart-samhalle\/","og_locale":"sv_SE","og_type":"article","og_title":"Familjen \u00e4r den viktigaste byggstenen i v\u00e5rt samh\u00e4lle - Kristdemokraterna Pite\u00e5","og_description":"Det var inte l\u00e4nge sedan som det var internationella familjedagen. Det p\u00e5minde mig om att familjen \u00e4r den viktigaste byggstenen i v\u00e5rt samh\u00e4lle. D\u00e4rf\u00f6r har vi kristdemokrater under m\u00e5nga \u00e5r arbetat f\u00f6r att f\u00f6rb\u00e4ttra f\u00f6r v\u00e5ra familjer i Pite\u00e5 kommun. Bland annat ville vi uppr\u00e4tta en lokal handlingsplan f\u00f6r att f\u00e5 fler m\u00e4n i f\u00f6rskolan. Read More","og_url":"https:\/\/wp.kristdemokraterna.se\/pitea\/familjen-ar-den-viktigaste-byggstenen-i-vart-samhalle\/","og_site_name":"Kristdemokraterna Pite\u00e5","article_published_time":"2017-06-15T09:30:57+00:00","article_modified_time":"2019-03-05T09:08:18+00:00","og_image":[{"width":478,"height":262,"url":"https:\/\/wp.kristdemokraterna.se\/pitea\/files\/2017\/06\/familj_ej_logga.jpg","type":"image\/jpeg"}],"author":"Charlotta Burman","twitter_card":"summary_large_image","twitter_misc":{"Skriven av":"Charlotta Burman","Ber\u00e4knad l\u00e4stid":"2 minuter"},"schema":{"@context":"https:\/\/schema.org","@graph":[{"@type":"Article","@id":"https:\/\/wp.kristdemokraterna.se\/pitea\/familjen-ar-den-viktigaste-byggstenen-i-vart-samhalle\/#article","isPartOf":{"@id":"https:\/\/wp.kristdemokraterna.se\/pitea\/familjen-ar-den-viktigaste-byggstenen-i-vart-samhalle\/"},"author":{"name":"Charlotta Burman","@id":"https:\/\/wp.kristdemokraterna.se\/pitea\/#\/schema\/person\/db9e90e3d802950af7a0ac8336a625da"},"headline":"Familjen \u00e4r den viktigaste byggstenen i v\u00e5rt samh\u00e4lle","datePublished":"2017-06-15T09:30:57+00:00","dateModified":"2019-03-05T09:08:18+00:00","mainEntityOfPage":{"@id":"https:\/\/wp.kristdemokraterna.se\/pitea\/familjen-ar-den-viktigaste-byggstenen-i-vart-samhalle\/"},"wordCount":337,"image":{"@id":"https:\/\/wp.kristdemokraterna.se\/pitea\/familjen-ar-den-viktigaste-byggstenen-i-vart-samhalle\/#primaryimage"},"thumbnailUrl":"https:\/\/wp.kristdemokraterna.se\/pitea\/files\/2017\/06\/familj_ej_logga.jpg","keywords":["Familj","Motioner"],"articleSection":["KD Pite\u00e5"],"inLanguage":"sv-SE"},{"@type":"WebPage","@id":"https:\/\/wp.kristdemokraterna.se\/pitea\/familjen-ar-den-viktigaste-byggstenen-i-vart-samhalle\/","url":"https:\/\/wp.kristdemokraterna.se\/pitea\/familjen-ar-den-viktigaste-byggstenen-i-vart-samhalle\/","name":"Familjen \u00e4r den viktigaste byggstenen i v\u00e5rt samh\u00e4lle - Kristdemokraterna Pite\u00e5","isPartOf":{"@id":"https:\/\/wp.kristdemokraterna.se\/pitea\/#website"},"primaryImageOfPage":{"@id":"https:\/\/wp.kristdemokraterna.se\/pitea\/familjen-ar-den-viktigaste-byggstenen-i-vart-samhalle\/#primaryimage"},"image":{"@id":"https:\/\/wp.kristdemokraterna.se\/pitea\/familjen-ar-den-viktigaste-byggstenen-i-vart-samhalle\/#primaryimage"},"thumbnailUrl":"https:\/\/wp.kristdemokraterna.se\/pitea\/files\/2017\/06\/familj_ej_logga.jpg","datePublished":"2017-06-15T09:30:57+00:00","dateModified":"2019-03-05T09:08:18+00:00","author":{"@id":"https:\/\/wp.kristdemokraterna.se\/pitea\/#\/schema\/person\/db9e90e3d802950af7a0ac8336a625da"},"breadcrumb":{"@id":"https:\/\/wp.kristdemokraterna.se\/pitea\/familjen-ar-den-viktigaste-byggstenen-i-vart-samhalle\/#breadcrumb"},"inLanguage":"sv-SE","potentialAction":[{"@type":"ReadAction","target":["https:\/\/wp.kristdemokraterna.se\/pitea\/familjen-ar-den-viktigaste-byggstenen-i-vart-samhalle\/"]}]},{"@type":"ImageObject","inLanguage":"sv-SE","@id":"https:\/\/wp.kristdemokraterna.se\/pitea\/familjen-ar-den-viktigaste-byggstenen-i-vart-samhalle\/#primaryimage","url":"https:\/\/wp.kristdemokraterna.se\/pitea\/files\/2017\/06\/familj_ej_logga.jpg","contentUrl":"https:\/\/wp.kristdemokraterna.se\/pitea\/files\/2017\/06\/familj_ej_logga.jpg","width":478,"height":262},{"@type":"BreadcrumbList","@id":"https:\/\/wp.kristdemokraterna.se\/pitea\/familjen-ar-den-viktigaste-byggstenen-i-vart-samhalle\/#breadcrumb","itemListElement":[{"@type":"ListItem","position":1,"name":"Hem","item":"https:\/\/wp.kristdemokraterna.se\/pitea\/"},{"@type":"ListItem","position":2,"name":"Familjen \u00e4r den viktigaste byggstenen i v\u00e5rt samh\u00e4lle"}]},{"@type":"WebSite","@id":"https:\/\/wp.kristdemokraterna.se\/pitea\/#website","url":"https:\/\/wp.kristdemokraterna.se\/pitea\/","name":"Kristdemokraterna Pite\u00e5","description":"Trygga familjer bygger ett tryggare Sverige","inLanguage":"sv-SE"},{"@type":"Person","@id":"https:\/\/wp.kristdemokraterna.se\/pitea\/#\/schema\/person\/db9e90e3d802950af7a0ac8336a625da","name":"Charlotta Burman","image":{"@type":"ImageObject","inLanguage":"sv-SE","@id":"https:\/\/secure.gravatar.com\/avatar\/89bee22518553877e7f2f600ca146a42e65908e5fd55043c0459319e20022f4b?s=96&d=mm&r=g","url":"https:\/\/secure.gravatar.com\/avatar\/89bee22518553877e7f2f600ca146a42e65908e5fd55043c0459319e20022f4b?s=96&d=mm&r=g","contentUrl":"https:\/\/secure.gravatar.com\/avatar\/89bee22518553877e7f2f600ca146a42e65908e5fd55043c0459319e20022f4b?s=96&d=mm&r=g","caption":"Charlotta Burman"},"url":"https:\/\/wp.kristdemokraterna.se\/pitea\/author\/charlotta\/"}]}},"_links":{"self":[{"href":"https:\/\/wp.kristdemokraterna.se\/pitea\/wp-json\/wp\/v2\/posts\/169","targetHints":{"allow":["GET"]}}],"collection":[{"href":"https:\/\/wp.kristdemokraterna.se\/pitea\/wp-json\/wp\/v2\/posts"}],"about":[{"href":"https:\/\/wp.kristdemokraterna.se\/pitea\/wp-json\/wp\/v2\/types\/post"}],"author":[{"embeddable":true,"href":"https:\/\/wp.kristdemokraterna.se\/pitea\/wp-json\/wp\/v2\/users\/693"}],"replies":[{"embeddable":true,"href":"https:\/\/wp.kristdemokraterna.se\/pitea\/wp-json\/wp\/v2\/comments?post=169"}],"version-history":[{"count":2,"href":"https:\/\/wp.kristdemokraterna.se\/pitea\/wp-json\/wp\/v2\/posts\/169\/revisions"}],"predecessor-version":[{"id":249,"href":"https:\/\/wp.kristdemokraterna.se\/pitea\/wp-json\/wp\/v2\/posts\/169\/revisions\/249"}],"wp:featuredmedia":[{"embeddable":true,"href":"https:\/\/wp.kristdemokraterna.se\/pitea\/wp-json\/wp\/v2\/media\/234"}],"wp:attachment":[{"href":"https:\/\/wp.kristdemokraterna.se\/pitea\/wp-json\/wp\/v2\/media?parent=169"}],"wp:term":[{"taxonomy":"category","embeddable":true,"href":"https:\/\/wp.kristdemokraterna.se\/pitea\/wp-json\/wp\/v2\/categories?post=169"},{"taxonomy":"post_tag","embeddable":true,"href":"https:\/\/wp.kristdemokraterna.se\/pitea\/wp-json\/wp\/v2\/tags?post=169"}],"curies":[{"name":"wp","href":"https:\/\/api.w.org\/{rel}","templated":true}]}}