{"id":172,"date":"2017-08-01T11:00:15","date_gmt":"2017-08-01T09:00:15","guid":{"rendered":"http:\/\/wp.kristdemokraterna.se\/pitea\/?p=172"},"modified":"2019-03-05T10:07:17","modified_gmt":"2019-03-05T09:07:17","slug":"rosta-i-kyrkovalet","status":"publish","type":"post","link":"https:\/\/wp.kristdemokraterna.se\/pitea\/rosta-i-kyrkovalet\/","title":{"rendered":"R\u00f6sta i kyrkovalet"},"content":{"rendered":"<h2>1. Vilken \u00e4r er nomineringsgrupps viktigaste fr\u00e5ga?<\/h2>\n<p>En levande kyrka n\u00e4ra m\u00e4nniskor. En kyrka som erbjuder gemenskap, v\u00e4rme och ett andligt hem. F\u00f6rsamlingslivets gemenskap \u00e4r d\u00e4rf\u00f6r n\u00e5got som vi prioriterar mycket h\u00f6gt. Kyrkan ska f\u00f6rknippas med delaktighet och sammanhang, frihet och f\u00f6rnyelse, andlighet och djup, gl\u00e4dje och fest. Samtidigt ska kyrkan vara ett st\u00f6d f\u00f6r enskilda m\u00e4nniskor och familjer i livets alla faser. .<\/p>\n<h2>2. Varf\u00f6r ska man r\u00f6sta p\u00e5 just er nomineringsgrupp?<\/h2>\n<p>Vi vill g\u00f6ra skillnad! Vi vill att kyrkan ska vara en levande kyrka som \u00e4r tydlig i sitt s\u00e4tt att f\u00f6ra fram det kristna budskapet, d\u00e4r Jesus Kristus \u00e4r ett tydligt centrum. Vi vill ocks\u00e5 p\u00e5 sikt inf\u00f6ra ett helt annat valsystem, d\u00e4r man inte r\u00f6star p\u00e5 partier och grupper, utan har ett renodlat personval.<\/p>\n<h2>3. Hur kan Svenska kyrkan bli mer angel\u00e4gen f\u00f6r m\u00e4nniskor?<\/h2>\n<p>Genom att vara en relevant och naturlig kyrka f\u00f6r den moderna m\u00e4nniskan. M\u00e5ngfald och delaktighet ska vara nyckelord, s\u00e5 att alla som vill ryms i f\u00f6rsamlingen, k\u00e4nner sig sedda och hittar sin plats. Kyrkan ska ocks\u00e5 vara en f\u00f6rebild i att v\u00e4rna Guds skapelse s\u00e5 att v\u00e5r gemensamma jord bevaras till kommande generationer.<\/p>\n<p>&nbsp;<\/p>\n","protected":false},"excerpt":{"rendered":"<p>1. Vilken \u00e4r er nomineringsgrupps viktigaste fr\u00e5ga? En levande kyrka n\u00e4ra m\u00e4nniskor. En kyrka som erbjuder gemenskap, v\u00e4rme och ett andligt hem. F\u00f6rsamlingslivets gemenskap \u00e4r d\u00e4rf\u00f6r n\u00e5got som vi prioriterar mycket h\u00f6gt. Kyrkan ska f\u00f6rknippas med delaktighet och sammanhang, frihet och f\u00f6rnyelse, andlighet och djup, gl\u00e4dje och fest. Samtidigt ska kyrkan vara ett st\u00f6d f\u00f6r <a class=\"read-more-link\" href=\"https:\/\/wp.kristdemokraterna.se\/pitea\/rosta-i-kyrkovalet\/\">Read More<\/a><\/p>\n","protected":false},"author":693,"featured_media":248,"comment_status":"closed","ping_status":"closed","sticky":false,"template":"","format":"standard","meta":{"_acf_changed":false,"footnotes":""},"categories":[19],"tags":[29],"class_list":["post-172","post","type-post","status-publish","format-standard","hentry","category-kd-pitea","tag-val"],"acf":[],"yoast_head":"<!-- This site is optimized with the Yoast SEO plugin v27.4 - https:\/\/yoast.com\/product\/yoast-seo-wordpress\/ -->\n<title>R\u00f6sta i kyrkovalet - Kristdemokraterna Pite\u00e5<\/title>\n<meta name=\"robots\" content=\"index, follow, max-snippet:-1, max-image-preview:large, max-video-preview:-1\" \/>\n<link rel=\"canonical\" href=\"https:\/\/wp.kristdemokraterna.se\/pitea\/rosta-i-kyrkovalet\/\" \/>\n<meta property=\"og:locale\" content=\"sv_SE\" \/>\n<meta property=\"og:type\" content=\"article\" \/>\n<meta property=\"og:title\" content=\"R\u00f6sta i kyrkovalet - Kristdemokraterna Pite\u00e5\" \/>\n<meta property=\"og:description\" content=\"1. Vilken \u00e4r er nomineringsgrupps viktigaste fr\u00e5ga? En levande kyrka n\u00e4ra m\u00e4nniskor. En kyrka som erbjuder gemenskap, v\u00e4rme och ett andligt hem. F\u00f6rsamlingslivets gemenskap \u00e4r d\u00e4rf\u00f6r n\u00e5got som vi prioriterar mycket h\u00f6gt. Kyrkan ska f\u00f6rknippas med delaktighet och sammanhang, frihet och f\u00f6rnyelse, andlighet och djup, gl\u00e4dje och fest. Samtidigt ska kyrkan vara ett st\u00f6d f\u00f6r Read More\" \/>\n<meta property=\"og:url\" content=\"https:\/\/wp.kristdemokraterna.se\/pitea\/rosta-i-kyrkovalet\/\" \/>\n<meta property=\"og:site_name\" content=\"Kristdemokraterna Pite\u00e5\" \/>\n<meta property=\"article:published_time\" content=\"2017-08-01T09:00:15+00:00\" \/>\n<meta property=\"article:modified_time\" content=\"2019-03-05T09:07:17+00:00\" \/>\n<meta property=\"og:image\" content=\"https:\/\/wp.kristdemokraterna.se\/pitea\/files\/2017\/06\/elections-1496436_1280-e1497086644314.png\" \/>\n\t<meta property=\"og:image:width\" content=\"300\" \/>\n\t<meta property=\"og:image:height\" content=\"244\" \/>\n\t<meta property=\"og:image:type\" content=\"image\/png\" \/>\n<meta name=\"author\" content=\"Charlotta Burman\" \/>\n<meta name=\"twitter:card\" content=\"summary_large_image\" \/>\n<meta name=\"twitter:label1\" content=\"Skriven av\" \/>\n\t<meta name=\"twitter:data1\" content=\"Charlotta Burman\" \/>\n\t<meta name=\"twitter:label2\" content=\"Ber\u00e4knad l\u00e4stid\" \/>\n\t<meta name=\"twitter:data2\" content=\"1 minut\" \/>\n<script type=\"application\/ld+json\" class=\"yoast-schema-graph\">{\"@context\":\"https:\\\/\\\/schema.org\",\"@graph\":[{\"@type\":\"Article\",\"@id\":\"https:\\\/\\\/wp.kristdemokraterna.se\\\/pitea\\\/rosta-i-kyrkovalet\\\/#article\",\"isPartOf\":{\"@id\":\"https:\\\/\\\/wp.kristdemokraterna.se\\\/pitea\\\/rosta-i-kyrkovalet\\\/\"},\"author\":{\"name\":\"Charlotta Burman\",\"@id\":\"https:\\\/\\\/wp.kristdemokraterna.se\\\/pitea\\\/#\\\/schema\\\/person\\\/db9e90e3d802950af7a0ac8336a625da\"},\"headline\":\"R\u00f6sta i kyrkovalet\",\"datePublished\":\"2017-08-01T09:00:15+00:00\",\"dateModified\":\"2019-03-05T09:07:17+00:00\",\"mainEntityOfPage\":{\"@id\":\"https:\\\/\\\/wp.kristdemokraterna.se\\\/pitea\\\/rosta-i-kyrkovalet\\\/\"},\"wordCount\":227,\"image\":{\"@id\":\"https:\\\/\\\/wp.kristdemokraterna.se\\\/pitea\\\/rosta-i-kyrkovalet\\\/#primaryimage\"},\"thumbnailUrl\":\"https:\\\/\\\/wp.kristdemokraterna.se\\\/pitea\\\/files\\\/2017\\\/06\\\/elections-1496436_1280-e1497086644314.png\",\"keywords\":[\"Val\"],\"articleSection\":[\"KD Pite\u00e5\"],\"inLanguage\":\"sv-SE\"},{\"@type\":\"WebPage\",\"@id\":\"https:\\\/\\\/wp.kristdemokraterna.se\\\/pitea\\\/rosta-i-kyrkovalet\\\/\",\"url\":\"https:\\\/\\\/wp.kristdemokraterna.se\\\/pitea\\\/rosta-i-kyrkovalet\\\/\",\"name\":\"R\u00f6sta i kyrkovalet - Kristdemokraterna Pite\u00e5\",\"isPartOf\":{\"@id\":\"https:\\\/\\\/wp.kristdemokraterna.se\\\/pitea\\\/#website\"},\"primaryImageOfPage\":{\"@id\":\"https:\\\/\\\/wp.kristdemokraterna.se\\\/pitea\\\/rosta-i-kyrkovalet\\\/#primaryimage\"},\"image\":{\"@id\":\"https:\\\/\\\/wp.kristdemokraterna.se\\\/pitea\\\/rosta-i-kyrkovalet\\\/#primaryimage\"},\"thumbnailUrl\":\"https:\\\/\\\/wp.kristdemokraterna.se\\\/pitea\\\/files\\\/2017\\\/06\\\/elections-1496436_1280-e1497086644314.png\",\"datePublished\":\"2017-08-01T09:00:15+00:00\",\"dateModified\":\"2019-03-05T09:07:17+00:00\",\"author\":{\"@id\":\"https:\\\/\\\/wp.kristdemokraterna.se\\\/pitea\\\/#\\\/schema\\\/person\\\/db9e90e3d802950af7a0ac8336a625da\"},\"breadcrumb\":{\"@id\":\"https:\\\/\\\/wp.kristdemokraterna.se\\\/pitea\\\/rosta-i-kyrkovalet\\\/#breadcrumb\"},\"inLanguage\":\"sv-SE\",\"potentialAction\":[{\"@type\":\"ReadAction\",\"target\":[\"https:\\\/\\\/wp.kristdemokraterna.se\\\/pitea\\\/rosta-i-kyrkovalet\\\/\"]}]},{\"@type\":\"ImageObject\",\"inLanguage\":\"sv-SE\",\"@id\":\"https:\\\/\\\/wp.kristdemokraterna.se\\\/pitea\\\/rosta-i-kyrkovalet\\\/#primaryimage\",\"url\":\"https:\\\/\\\/wp.kristdemokraterna.se\\\/pitea\\\/files\\\/2017\\\/06\\\/elections-1496436_1280-e1497086644314.png\",\"contentUrl\":\"https:\\\/\\\/wp.kristdemokraterna.se\\\/pitea\\\/files\\\/2017\\\/06\\\/elections-1496436_1280-e1497086644314.png\",\"width\":300,\"height\":244},{\"@type\":\"BreadcrumbList\",\"@id\":\"https:\\\/\\\/wp.kristdemokraterna.se\\\/pitea\\\/rosta-i-kyrkovalet\\\/#breadcrumb\",\"itemListElement\":[{\"@type\":\"ListItem\",\"position\":1,\"name\":\"Hem\",\"item\":\"https:\\\/\\\/wp.kristdemokraterna.se\\\/pitea\\\/\"},{\"@type\":\"ListItem\",\"position\":2,\"name\":\"R\u00f6sta i kyrkovalet\"}]},{\"@type\":\"WebSite\",\"@id\":\"https:\\\/\\\/wp.kristdemokraterna.se\\\/pitea\\\/#website\",\"url\":\"https:\\\/\\\/wp.kristdemokraterna.se\\\/pitea\\\/\",\"name\":\"Kristdemokraterna Pite\u00e5\",\"description\":\"Trygga familjer bygger ett tryggare Sverige\",\"inLanguage\":\"sv-SE\"},{\"@type\":\"Person\",\"@id\":\"https:\\\/\\\/wp.kristdemokraterna.se\\\/pitea\\\/#\\\/schema\\\/person\\\/db9e90e3d802950af7a0ac8336a625da\",\"name\":\"Charlotta Burman\",\"image\":{\"@type\":\"ImageObject\",\"inLanguage\":\"sv-SE\",\"@id\":\"https:\\\/\\\/secure.gravatar.com\\\/avatar\\\/89bee22518553877e7f2f600ca146a42e65908e5fd55043c0459319e20022f4b?s=96&d=mm&r=g\",\"url\":\"https:\\\/\\\/secure.gravatar.com\\\/avatar\\\/89bee22518553877e7f2f600ca146a42e65908e5fd55043c0459319e20022f4b?s=96&d=mm&r=g\",\"contentUrl\":\"https:\\\/\\\/secure.gravatar.com\\\/avatar\\\/89bee22518553877e7f2f600ca146a42e65908e5fd55043c0459319e20022f4b?s=96&d=mm&r=g\",\"caption\":\"Charlotta Burman\"},\"url\":\"https:\\\/\\\/wp.kristdemokraterna.se\\\/pitea\\\/author\\\/charlotta\\\/\"}]}<\/script>\n<!-- \/ Yoast SEO plugin. -->","yoast_head_json":{"title":"R\u00f6sta i kyrkovalet - Kristdemokraterna Pite\u00e5","robots":{"index":"index","follow":"follow","max-snippet":"max-snippet:-1","max-image-preview":"max-image-preview:large","max-video-preview":"max-video-preview:-1"},"canonical":"https:\/\/wp.kristdemokraterna.se\/pitea\/rosta-i-kyrkovalet\/","og_locale":"sv_SE","og_type":"article","og_title":"R\u00f6sta i kyrkovalet - Kristdemokraterna Pite\u00e5","og_description":"1. Vilken \u00e4r er nomineringsgrupps viktigaste fr\u00e5ga? En levande kyrka n\u00e4ra m\u00e4nniskor. En kyrka som erbjuder gemenskap, v\u00e4rme och ett andligt hem. F\u00f6rsamlingslivets gemenskap \u00e4r d\u00e4rf\u00f6r n\u00e5got som vi prioriterar mycket h\u00f6gt. Kyrkan ska f\u00f6rknippas med delaktighet och sammanhang, frihet och f\u00f6rnyelse, andlighet och djup, gl\u00e4dje och fest. Samtidigt ska kyrkan vara ett st\u00f6d f\u00f6r Read More","og_url":"https:\/\/wp.kristdemokraterna.se\/pitea\/rosta-i-kyrkovalet\/","og_site_name":"Kristdemokraterna Pite\u00e5","article_published_time":"2017-08-01T09:00:15+00:00","article_modified_time":"2019-03-05T09:07:17+00:00","og_image":[{"width":300,"height":244,"url":"https:\/\/wp.kristdemokraterna.se\/pitea\/files\/2017\/06\/elections-1496436_1280-e1497086644314.png","type":"image\/png"}],"author":"Charlotta Burman","twitter_card":"summary_large_image","twitter_misc":{"Skriven av":"Charlotta Burman","Ber\u00e4knad l\u00e4stid":"1 minut"},"schema":{"@context":"https:\/\/schema.org","@graph":[{"@type":"Article","@id":"https:\/\/wp.kristdemokraterna.se\/pitea\/rosta-i-kyrkovalet\/#article","isPartOf":{"@id":"https:\/\/wp.kristdemokraterna.se\/pitea\/rosta-i-kyrkovalet\/"},"author":{"name":"Charlotta Burman","@id":"https:\/\/wp.kristdemokraterna.se\/pitea\/#\/schema\/person\/db9e90e3d802950af7a0ac8336a625da"},"headline":"R\u00f6sta i kyrkovalet","datePublished":"2017-08-01T09:00:15+00:00","dateModified":"2019-03-05T09:07:17+00:00","mainEntityOfPage":{"@id":"https:\/\/wp.kristdemokraterna.se\/pitea\/rosta-i-kyrkovalet\/"},"wordCount":227,"image":{"@id":"https:\/\/wp.kristdemokraterna.se\/pitea\/rosta-i-kyrkovalet\/#primaryimage"},"thumbnailUrl":"https:\/\/wp.kristdemokraterna.se\/pitea\/files\/2017\/06\/elections-1496436_1280-e1497086644314.png","keywords":["Val"],"articleSection":["KD Pite\u00e5"],"inLanguage":"sv-SE"},{"@type":"WebPage","@id":"https:\/\/wp.kristdemokraterna.se\/pitea\/rosta-i-kyrkovalet\/","url":"https:\/\/wp.kristdemokraterna.se\/pitea\/rosta-i-kyrkovalet\/","name":"R\u00f6sta i kyrkovalet - Kristdemokraterna Pite\u00e5","isPartOf":{"@id":"https:\/\/wp.kristdemokraterna.se\/pitea\/#website"},"primaryImageOfPage":{"@id":"https:\/\/wp.kristdemokraterna.se\/pitea\/rosta-i-kyrkovalet\/#primaryimage"},"image":{"@id":"https:\/\/wp.kristdemokraterna.se\/pitea\/rosta-i-kyrkovalet\/#primaryimage"},"thumbnailUrl":"https:\/\/wp.kristdemokraterna.se\/pitea\/files\/2017\/06\/elections-1496436_1280-e1497086644314.png","datePublished":"2017-08-01T09:00:15+00:00","dateModified":"2019-03-05T09:07:17+00:00","author":{"@id":"https:\/\/wp.kristdemokraterna.se\/pitea\/#\/schema\/person\/db9e90e3d802950af7a0ac8336a625da"},"breadcrumb":{"@id":"https:\/\/wp.kristdemokraterna.se\/pitea\/rosta-i-kyrkovalet\/#breadcrumb"},"inLanguage":"sv-SE","potentialAction":[{"@type":"ReadAction","target":["https:\/\/wp.kristdemokraterna.se\/pitea\/rosta-i-kyrkovalet\/"]}]},{"@type":"ImageObject","inLanguage":"sv-SE","@id":"https:\/\/wp.kristdemokraterna.se\/pitea\/rosta-i-kyrkovalet\/#primaryimage","url":"https:\/\/wp.kristdemokraterna.se\/pitea\/files\/2017\/06\/elections-1496436_1280-e1497086644314.png","contentUrl":"https:\/\/wp.kristdemokraterna.se\/pitea\/files\/2017\/06\/elections-1496436_1280-e1497086644314.png","width":300,"height":244},{"@type":"BreadcrumbList","@id":"https:\/\/wp.kristdemokraterna.se\/pitea\/rosta-i-kyrkovalet\/#breadcrumb","itemListElement":[{"@type":"ListItem","position":1,"name":"Hem","item":"https:\/\/wp.kristdemokraterna.se\/pitea\/"},{"@type":"ListItem","position":2,"name":"R\u00f6sta i kyrkovalet"}]},{"@type":"WebSite","@id":"https:\/\/wp.kristdemokraterna.se\/pitea\/#website","url":"https:\/\/wp.kristdemokraterna.se\/pitea\/","name":"Kristdemokraterna Pite\u00e5","description":"Trygga familjer bygger ett tryggare Sverige","inLanguage":"sv-SE"},{"@type":"Person","@id":"https:\/\/wp.kristdemokraterna.se\/pitea\/#\/schema\/person\/db9e90e3d802950af7a0ac8336a625da","name":"Charlotta Burman","image":{"@type":"ImageObject","inLanguage":"sv-SE","@id":"https:\/\/secure.gravatar.com\/avatar\/89bee22518553877e7f2f600ca146a42e65908e5fd55043c0459319e20022f4b?s=96&d=mm&r=g","url":"https:\/\/secure.gravatar.com\/avatar\/89bee22518553877e7f2f600ca146a42e65908e5fd55043c0459319e20022f4b?s=96&d=mm&r=g","contentUrl":"https:\/\/secure.gravatar.com\/avatar\/89bee22518553877e7f2f600ca146a42e65908e5fd55043c0459319e20022f4b?s=96&d=mm&r=g","caption":"Charlotta Burman"},"url":"https:\/\/wp.kristdemokraterna.se\/pitea\/author\/charlotta\/"}]}},"_links":{"self":[{"href":"https:\/\/wp.kristdemokraterna.se\/pitea\/wp-json\/wp\/v2\/posts\/172","targetHints":{"allow":["GET"]}}],"collection":[{"href":"https:\/\/wp.kristdemokraterna.se\/pitea\/wp-json\/wp\/v2\/posts"}],"about":[{"href":"https:\/\/wp.kristdemokraterna.se\/pitea\/wp-json\/wp\/v2\/types\/post"}],"author":[{"embeddable":true,"href":"https:\/\/wp.kristdemokraterna.se\/pitea\/wp-json\/wp\/v2\/users\/693"}],"replies":[{"embeddable":true,"href":"https:\/\/wp.kristdemokraterna.se\/pitea\/wp-json\/wp\/v2\/comments?post=172"}],"version-history":[{"count":1,"href":"https:\/\/wp.kristdemokraterna.se\/pitea\/wp-json\/wp\/v2\/posts\/172\/revisions"}],"predecessor-version":[{"id":174,"href":"https:\/\/wp.kristdemokraterna.se\/pitea\/wp-json\/wp\/v2\/posts\/172\/revisions\/174"}],"wp:featuredmedia":[{"embeddable":true,"href":"https:\/\/wp.kristdemokraterna.se\/pitea\/wp-json\/wp\/v2\/media\/248"}],"wp:attachment":[{"href":"https:\/\/wp.kristdemokraterna.se\/pitea\/wp-json\/wp\/v2\/media?parent=172"}],"wp:term":[{"taxonomy":"category","embeddable":true,"href":"https:\/\/wp.kristdemokraterna.se\/pitea\/wp-json\/wp\/v2\/categories?post=172"},{"taxonomy":"post_tag","embeddable":true,"href":"https:\/\/wp.kristdemokraterna.se\/pitea\/wp-json\/wp\/v2\/tags?post=172"}],"curies":[{"name":"wp","href":"https:\/\/api.w.org\/{rel}","templated":true}]}}