{"id":270,"date":"2017-08-17T11:40:23","date_gmt":"2017-08-17T09:40:23","guid":{"rendered":"http:\/\/wp.kristdemokraterna.se\/pitea\/?p=270"},"modified":"2017-08-01T11:51:04","modified_gmt":"2017-08-01T09:51:04","slug":"insandare-med-anledning-av-hojda-maltidsavgifter","status":"publish","type":"post","link":"https:\/\/wp.kristdemokraterna.se\/pitea\/insandare-med-anledning-av-hojda-maltidsavgifter\/","title":{"rendered":"Ins\u00e4ndare med anledning av h\u00f6jda m\u00e5ltidsavgifter"},"content":{"rendered":"<p>Ins\u00e4ndare med anledning av ett reportage i Pite\u00e5-Tidningen om h\u00f6jda m\u00e5ltidsavgifter.<\/p>\n<p>Kristdemokraterna i Pite\u00e5 \u00e4r ocks\u00e5 irriterade \u00f6ver h\u00f6jda m\u00e5ltidsavgifter. D\u00e4rf\u00f6r yrkade vi avslag p\u00e5 att h\u00f6ja m\u00e5ltidsavgifterna f\u00f6r v\u00e5ra \u00e4ldre. Det finns ingen avgift i hela Pite\u00e5 kommun som h\u00f6js s\u00e5 ofta som just deras m\u00e5ltidsavgifter. Avlopp, soph\u00e4mtning och andra taxor kan gl\u00f6mmas i flera \u00e5r, men inte maten, som \u00e4r s\u00e5 otroligt viktig f\u00f6r v\u00e5r h\u00e4lsa och f\u00f6r att vi ska m\u00e5 bra. Kommunen har ju dessutom, under flera \u00e5r effektiviserat och sagt upp personal och byggt om till stordrift. Borde det inte bli billigare d\u00e5? De som bor hemma f\u00e5r ju en h\u00f6jning p\u00e5 n\u00e4stan 20 procent p\u00e5 en g\u00e5ng. Brukar man verkligen h\u00f6ja taxor s\u00e5 mycket? Ska man inte ta ett par-tre procent i taget, det borde vara det naturliga? Men tack och lov s\u00e5 kan de ju best\u00e4lla hem mat fr\u00e5n annat h\u00e5ll. Eller k\u00f6pa hem fr\u00e5n aff\u00e4ren. Jag h\u00f6rde ocks\u00e5 av en anst\u00e4lld p\u00e5 Tolvmans friskola att kommunen var s\u00e5 dyr p\u00e5 skolmaten till barnen att de blev tvungna att ta den fr\u00e5n Framn\u00e4s i st\u00e4llet. Det kan d\u00e4remot inte de som bor p\u00e5 v\u00e5ra v\u00e5rd- och omsorgsboenden. Utan de \u00e4r tvungna att ha maten fr\u00e5n kommunen och betala, varken de \u00e4ter den eller inte. \u00c4r man tv\u00e5 makar s\u00e5 blir det hela 7.708 kronor per m\u00e5nad. D\u00e5 ska man verkligen vara stor\u00e4tare och ha h\u00f6g pension, om man ska ha en s\u00e5dan matkostnad.<\/p>\n<p>Hel\u00e9n Lindb\u00e4ck (KD)<\/p>\n","protected":false},"excerpt":{"rendered":"<p>Ins\u00e4ndare med anledning av ett reportage i Pite\u00e5-Tidningen om h\u00f6jda m\u00e5ltidsavgifter. Kristdemokraterna i Pite\u00e5 \u00e4r ocks\u00e5 irriterade \u00f6ver h\u00f6jda m\u00e5ltidsavgifter. D\u00e4rf\u00f6r yrkade vi avslag p\u00e5 att h\u00f6ja m\u00e5ltidsavgifterna f\u00f6r v\u00e5ra \u00e4ldre. Det finns ingen avgift i hela Pite\u00e5 kommun som h\u00f6js s\u00e5 ofta som just deras m\u00e5ltidsavgifter. Avlopp, soph\u00e4mtning och andra taxor kan gl\u00f6mmas i <a class=\"read-more-link\" href=\"https:\/\/wp.kristdemokraterna.se\/pitea\/insandare-med-anledning-av-hojda-maltidsavgifter\/\">Read More<\/a><\/p>\n","protected":false},"author":693,"featured_media":271,"comment_status":"closed","ping_status":"closed","sticky":false,"template":"","format":"standard","meta":{"_acf_changed":false,"footnotes":""},"categories":[19],"tags":[],"class_list":["post-270","post","type-post","status-publish","format-standard","hentry","category-kd-pitea"],"acf":[],"yoast_head":"<!-- This site is optimized with the Yoast SEO plugin v27.4 - https:\/\/yoast.com\/product\/yoast-seo-wordpress\/ -->\n<title>Ins\u00e4ndare med anledning av h\u00f6jda m\u00e5ltidsavgifter - Kristdemokraterna Pite\u00e5<\/title>\n<meta name=\"robots\" content=\"index, follow, max-snippet:-1, max-image-preview:large, max-video-preview:-1\" \/>\n<link rel=\"canonical\" href=\"https:\/\/wp.kristdemokraterna.se\/pitea\/insandare-med-anledning-av-hojda-maltidsavgifter\/\" \/>\n<meta property=\"og:locale\" content=\"sv_SE\" \/>\n<meta property=\"og:type\" content=\"article\" \/>\n<meta property=\"og:title\" content=\"Ins\u00e4ndare med anledning av h\u00f6jda m\u00e5ltidsavgifter - Kristdemokraterna Pite\u00e5\" \/>\n<meta property=\"og:description\" content=\"Ins\u00e4ndare med anledning av ett reportage i Pite\u00e5-Tidningen om h\u00f6jda m\u00e5ltidsavgifter. Kristdemokraterna i Pite\u00e5 \u00e4r ocks\u00e5 irriterade \u00f6ver h\u00f6jda m\u00e5ltidsavgifter. D\u00e4rf\u00f6r yrkade vi avslag p\u00e5 att h\u00f6ja m\u00e5ltidsavgifterna f\u00f6r v\u00e5ra \u00e4ldre. Det finns ingen avgift i hela Pite\u00e5 kommun som h\u00f6js s\u00e5 ofta som just deras m\u00e5ltidsavgifter. Avlopp, soph\u00e4mtning och andra taxor kan gl\u00f6mmas i Read More\" \/>\n<meta property=\"og:url\" content=\"https:\/\/wp.kristdemokraterna.se\/pitea\/insandare-med-anledning-av-hojda-maltidsavgifter\/\" \/>\n<meta property=\"og:site_name\" content=\"Kristdemokraterna Pite\u00e5\" \/>\n<meta property=\"article:published_time\" content=\"2017-08-17T09:40:23+00:00\" \/>\n<meta property=\"og:image\" content=\"https:\/\/wp.kristdemokraterna.se\/pitea\/files\/2017\/08\/woman-1246587_1920.jpg\" \/>\n\t<meta property=\"og:image:width\" content=\"1920\" \/>\n\t<meta property=\"og:image:height\" content=\"1276\" \/>\n\t<meta property=\"og:image:type\" content=\"image\/jpeg\" \/>\n<meta name=\"author\" content=\"Charlotta Burman\" \/>\n<meta name=\"twitter:card\" content=\"summary_large_image\" \/>\n<meta name=\"twitter:label1\" content=\"Skriven av\" \/>\n\t<meta name=\"twitter:data1\" content=\"Charlotta Burman\" \/>\n\t<meta name=\"twitter:label2\" content=\"Ber\u00e4knad l\u00e4stid\" \/>\n\t<meta name=\"twitter:data2\" content=\"1 minut\" \/>\n<script type=\"application\/ld+json\" class=\"yoast-schema-graph\">{\"@context\":\"https:\\\/\\\/schema.org\",\"@graph\":[{\"@type\":\"Article\",\"@id\":\"https:\\\/\\\/wp.kristdemokraterna.se\\\/pitea\\\/insandare-med-anledning-av-hojda-maltidsavgifter\\\/#article\",\"isPartOf\":{\"@id\":\"https:\\\/\\\/wp.kristdemokraterna.se\\\/pitea\\\/insandare-med-anledning-av-hojda-maltidsavgifter\\\/\"},\"author\":{\"name\":\"Charlotta Burman\",\"@id\":\"https:\\\/\\\/wp.kristdemokraterna.se\\\/pitea\\\/#\\\/schema\\\/person\\\/db9e90e3d802950af7a0ac8336a625da\"},\"headline\":\"Ins\u00e4ndare med anledning av h\u00f6jda m\u00e5ltidsavgifter\",\"datePublished\":\"2017-08-17T09:40:23+00:00\",\"mainEntityOfPage\":{\"@id\":\"https:\\\/\\\/wp.kristdemokraterna.se\\\/pitea\\\/insandare-med-anledning-av-hojda-maltidsavgifter\\\/\"},\"wordCount\":296,\"image\":{\"@id\":\"https:\\\/\\\/wp.kristdemokraterna.se\\\/pitea\\\/insandare-med-anledning-av-hojda-maltidsavgifter\\\/#primaryimage\"},\"thumbnailUrl\":\"https:\\\/\\\/wp.kristdemokraterna.se\\\/pitea\\\/files\\\/2017\\\/08\\\/woman-1246587_1920.jpg\",\"articleSection\":[\"KD Pite\u00e5\"],\"inLanguage\":\"sv-SE\"},{\"@type\":\"WebPage\",\"@id\":\"https:\\\/\\\/wp.kristdemokraterna.se\\\/pitea\\\/insandare-med-anledning-av-hojda-maltidsavgifter\\\/\",\"url\":\"https:\\\/\\\/wp.kristdemokraterna.se\\\/pitea\\\/insandare-med-anledning-av-hojda-maltidsavgifter\\\/\",\"name\":\"Ins\u00e4ndare med anledning av h\u00f6jda m\u00e5ltidsavgifter - Kristdemokraterna Pite\u00e5\",\"isPartOf\":{\"@id\":\"https:\\\/\\\/wp.kristdemokraterna.se\\\/pitea\\\/#website\"},\"primaryImageOfPage\":{\"@id\":\"https:\\\/\\\/wp.kristdemokraterna.se\\\/pitea\\\/insandare-med-anledning-av-hojda-maltidsavgifter\\\/#primaryimage\"},\"image\":{\"@id\":\"https:\\\/\\\/wp.kristdemokraterna.se\\\/pitea\\\/insandare-med-anledning-av-hojda-maltidsavgifter\\\/#primaryimage\"},\"thumbnailUrl\":\"https:\\\/\\\/wp.kristdemokraterna.se\\\/pitea\\\/files\\\/2017\\\/08\\\/woman-1246587_1920.jpg\",\"datePublished\":\"2017-08-17T09:40:23+00:00\",\"author\":{\"@id\":\"https:\\\/\\\/wp.kristdemokraterna.se\\\/pitea\\\/#\\\/schema\\\/person\\\/db9e90e3d802950af7a0ac8336a625da\"},\"breadcrumb\":{\"@id\":\"https:\\\/\\\/wp.kristdemokraterna.se\\\/pitea\\\/insandare-med-anledning-av-hojda-maltidsavgifter\\\/#breadcrumb\"},\"inLanguage\":\"sv-SE\",\"potentialAction\":[{\"@type\":\"ReadAction\",\"target\":[\"https:\\\/\\\/wp.kristdemokraterna.se\\\/pitea\\\/insandare-med-anledning-av-hojda-maltidsavgifter\\\/\"]}]},{\"@type\":\"ImageObject\",\"inLanguage\":\"sv-SE\",\"@id\":\"https:\\\/\\\/wp.kristdemokraterna.se\\\/pitea\\\/insandare-med-anledning-av-hojda-maltidsavgifter\\\/#primaryimage\",\"url\":\"https:\\\/\\\/wp.kristdemokraterna.se\\\/pitea\\\/files\\\/2017\\\/08\\\/woman-1246587_1920.jpg\",\"contentUrl\":\"https:\\\/\\\/wp.kristdemokraterna.se\\\/pitea\\\/files\\\/2017\\\/08\\\/woman-1246587_1920.jpg\",\"width\":1920,\"height\":1276},{\"@type\":\"BreadcrumbList\",\"@id\":\"https:\\\/\\\/wp.kristdemokraterna.se\\\/pitea\\\/insandare-med-anledning-av-hojda-maltidsavgifter\\\/#breadcrumb\",\"itemListElement\":[{\"@type\":\"ListItem\",\"position\":1,\"name\":\"Hem\",\"item\":\"https:\\\/\\\/wp.kristdemokraterna.se\\\/pitea\\\/\"},{\"@type\":\"ListItem\",\"position\":2,\"name\":\"Ins\u00e4ndare med anledning av h\u00f6jda m\u00e5ltidsavgifter\"}]},{\"@type\":\"WebSite\",\"@id\":\"https:\\\/\\\/wp.kristdemokraterna.se\\\/pitea\\\/#website\",\"url\":\"https:\\\/\\\/wp.kristdemokraterna.se\\\/pitea\\\/\",\"name\":\"Kristdemokraterna Pite\u00e5\",\"description\":\"Trygga familjer bygger ett tryggare Sverige\",\"inLanguage\":\"sv-SE\"},{\"@type\":\"Person\",\"@id\":\"https:\\\/\\\/wp.kristdemokraterna.se\\\/pitea\\\/#\\\/schema\\\/person\\\/db9e90e3d802950af7a0ac8336a625da\",\"name\":\"Charlotta Burman\",\"image\":{\"@type\":\"ImageObject\",\"inLanguage\":\"sv-SE\",\"@id\":\"https:\\\/\\\/secure.gravatar.com\\\/avatar\\\/89bee22518553877e7f2f600ca146a42e65908e5fd55043c0459319e20022f4b?s=96&d=mm&r=g\",\"url\":\"https:\\\/\\\/secure.gravatar.com\\\/avatar\\\/89bee22518553877e7f2f600ca146a42e65908e5fd55043c0459319e20022f4b?s=96&d=mm&r=g\",\"contentUrl\":\"https:\\\/\\\/secure.gravatar.com\\\/avatar\\\/89bee22518553877e7f2f600ca146a42e65908e5fd55043c0459319e20022f4b?s=96&d=mm&r=g\",\"caption\":\"Charlotta Burman\"},\"url\":\"https:\\\/\\\/wp.kristdemokraterna.se\\\/pitea\\\/author\\\/charlotta\\\/\"}]}<\/script>\n<!-- \/ Yoast SEO plugin. -->","yoast_head_json":{"title":"Ins\u00e4ndare med anledning av h\u00f6jda m\u00e5ltidsavgifter - Kristdemokraterna Pite\u00e5","robots":{"index":"index","follow":"follow","max-snippet":"max-snippet:-1","max-image-preview":"max-image-preview:large","max-video-preview":"max-video-preview:-1"},"canonical":"https:\/\/wp.kristdemokraterna.se\/pitea\/insandare-med-anledning-av-hojda-maltidsavgifter\/","og_locale":"sv_SE","og_type":"article","og_title":"Ins\u00e4ndare med anledning av h\u00f6jda m\u00e5ltidsavgifter - Kristdemokraterna Pite\u00e5","og_description":"Ins\u00e4ndare med anledning av ett reportage i Pite\u00e5-Tidningen om h\u00f6jda m\u00e5ltidsavgifter. Kristdemokraterna i Pite\u00e5 \u00e4r ocks\u00e5 irriterade \u00f6ver h\u00f6jda m\u00e5ltidsavgifter. D\u00e4rf\u00f6r yrkade vi avslag p\u00e5 att h\u00f6ja m\u00e5ltidsavgifterna f\u00f6r v\u00e5ra \u00e4ldre. Det finns ingen avgift i hela Pite\u00e5 kommun som h\u00f6js s\u00e5 ofta som just deras m\u00e5ltidsavgifter. Avlopp, soph\u00e4mtning och andra taxor kan gl\u00f6mmas i Read More","og_url":"https:\/\/wp.kristdemokraterna.se\/pitea\/insandare-med-anledning-av-hojda-maltidsavgifter\/","og_site_name":"Kristdemokraterna Pite\u00e5","article_published_time":"2017-08-17T09:40:23+00:00","og_image":[{"width":1920,"height":1276,"url":"https:\/\/wp.kristdemokraterna.se\/pitea\/files\/2017\/08\/woman-1246587_1920.jpg","type":"image\/jpeg"}],"author":"Charlotta Burman","twitter_card":"summary_large_image","twitter_misc":{"Skriven av":"Charlotta Burman","Ber\u00e4knad l\u00e4stid":"1 minut"},"schema":{"@context":"https:\/\/schema.org","@graph":[{"@type":"Article","@id":"https:\/\/wp.kristdemokraterna.se\/pitea\/insandare-med-anledning-av-hojda-maltidsavgifter\/#article","isPartOf":{"@id":"https:\/\/wp.kristdemokraterna.se\/pitea\/insandare-med-anledning-av-hojda-maltidsavgifter\/"},"author":{"name":"Charlotta Burman","@id":"https:\/\/wp.kristdemokraterna.se\/pitea\/#\/schema\/person\/db9e90e3d802950af7a0ac8336a625da"},"headline":"Ins\u00e4ndare med anledning av h\u00f6jda m\u00e5ltidsavgifter","datePublished":"2017-08-17T09:40:23+00:00","mainEntityOfPage":{"@id":"https:\/\/wp.kristdemokraterna.se\/pitea\/insandare-med-anledning-av-hojda-maltidsavgifter\/"},"wordCount":296,"image":{"@id":"https:\/\/wp.kristdemokraterna.se\/pitea\/insandare-med-anledning-av-hojda-maltidsavgifter\/#primaryimage"},"thumbnailUrl":"https:\/\/wp.kristdemokraterna.se\/pitea\/files\/2017\/08\/woman-1246587_1920.jpg","articleSection":["KD Pite\u00e5"],"inLanguage":"sv-SE"},{"@type":"WebPage","@id":"https:\/\/wp.kristdemokraterna.se\/pitea\/insandare-med-anledning-av-hojda-maltidsavgifter\/","url":"https:\/\/wp.kristdemokraterna.se\/pitea\/insandare-med-anledning-av-hojda-maltidsavgifter\/","name":"Ins\u00e4ndare med anledning av h\u00f6jda m\u00e5ltidsavgifter - Kristdemokraterna Pite\u00e5","isPartOf":{"@id":"https:\/\/wp.kristdemokraterna.se\/pitea\/#website"},"primaryImageOfPage":{"@id":"https:\/\/wp.kristdemokraterna.se\/pitea\/insandare-med-anledning-av-hojda-maltidsavgifter\/#primaryimage"},"image":{"@id":"https:\/\/wp.kristdemokraterna.se\/pitea\/insandare-med-anledning-av-hojda-maltidsavgifter\/#primaryimage"},"thumbnailUrl":"https:\/\/wp.kristdemokraterna.se\/pitea\/files\/2017\/08\/woman-1246587_1920.jpg","datePublished":"2017-08-17T09:40:23+00:00","author":{"@id":"https:\/\/wp.kristdemokraterna.se\/pitea\/#\/schema\/person\/db9e90e3d802950af7a0ac8336a625da"},"breadcrumb":{"@id":"https:\/\/wp.kristdemokraterna.se\/pitea\/insandare-med-anledning-av-hojda-maltidsavgifter\/#breadcrumb"},"inLanguage":"sv-SE","potentialAction":[{"@type":"ReadAction","target":["https:\/\/wp.kristdemokraterna.se\/pitea\/insandare-med-anledning-av-hojda-maltidsavgifter\/"]}]},{"@type":"ImageObject","inLanguage":"sv-SE","@id":"https:\/\/wp.kristdemokraterna.se\/pitea\/insandare-med-anledning-av-hojda-maltidsavgifter\/#primaryimage","url":"https:\/\/wp.kristdemokraterna.se\/pitea\/files\/2017\/08\/woman-1246587_1920.jpg","contentUrl":"https:\/\/wp.kristdemokraterna.se\/pitea\/files\/2017\/08\/woman-1246587_1920.jpg","width":1920,"height":1276},{"@type":"BreadcrumbList","@id":"https:\/\/wp.kristdemokraterna.se\/pitea\/insandare-med-anledning-av-hojda-maltidsavgifter\/#breadcrumb","itemListElement":[{"@type":"ListItem","position":1,"name":"Hem","item":"https:\/\/wp.kristdemokraterna.se\/pitea\/"},{"@type":"ListItem","position":2,"name":"Ins\u00e4ndare med anledning av h\u00f6jda m\u00e5ltidsavgifter"}]},{"@type":"WebSite","@id":"https:\/\/wp.kristdemokraterna.se\/pitea\/#website","url":"https:\/\/wp.kristdemokraterna.se\/pitea\/","name":"Kristdemokraterna Pite\u00e5","description":"Trygga familjer bygger ett tryggare Sverige","inLanguage":"sv-SE"},{"@type":"Person","@id":"https:\/\/wp.kristdemokraterna.se\/pitea\/#\/schema\/person\/db9e90e3d802950af7a0ac8336a625da","name":"Charlotta Burman","image":{"@type":"ImageObject","inLanguage":"sv-SE","@id":"https:\/\/secure.gravatar.com\/avatar\/89bee22518553877e7f2f600ca146a42e65908e5fd55043c0459319e20022f4b?s=96&d=mm&r=g","url":"https:\/\/secure.gravatar.com\/avatar\/89bee22518553877e7f2f600ca146a42e65908e5fd55043c0459319e20022f4b?s=96&d=mm&r=g","contentUrl":"https:\/\/secure.gravatar.com\/avatar\/89bee22518553877e7f2f600ca146a42e65908e5fd55043c0459319e20022f4b?s=96&d=mm&r=g","caption":"Charlotta Burman"},"url":"https:\/\/wp.kristdemokraterna.se\/pitea\/author\/charlotta\/"}]}},"_links":{"self":[{"href":"https:\/\/wp.kristdemokraterna.se\/pitea\/wp-json\/wp\/v2\/posts\/270","targetHints":{"allow":["GET"]}}],"collection":[{"href":"https:\/\/wp.kristdemokraterna.se\/pitea\/wp-json\/wp\/v2\/posts"}],"about":[{"href":"https:\/\/wp.kristdemokraterna.se\/pitea\/wp-json\/wp\/v2\/types\/post"}],"author":[{"embeddable":true,"href":"https:\/\/wp.kristdemokraterna.se\/pitea\/wp-json\/wp\/v2\/users\/693"}],"replies":[{"embeddable":true,"href":"https:\/\/wp.kristdemokraterna.se\/pitea\/wp-json\/wp\/v2\/comments?post=270"}],"version-history":[{"count":1,"href":"https:\/\/wp.kristdemokraterna.se\/pitea\/wp-json\/wp\/v2\/posts\/270\/revisions"}],"predecessor-version":[{"id":272,"href":"https:\/\/wp.kristdemokraterna.se\/pitea\/wp-json\/wp\/v2\/posts\/270\/revisions\/272"}],"wp:featuredmedia":[{"embeddable":true,"href":"https:\/\/wp.kristdemokraterna.se\/pitea\/wp-json\/wp\/v2\/media\/271"}],"wp:attachment":[{"href":"https:\/\/wp.kristdemokraterna.se\/pitea\/wp-json\/wp\/v2\/media?parent=270"}],"wp:term":[{"taxonomy":"category","embeddable":true,"href":"https:\/\/wp.kristdemokraterna.se\/pitea\/wp-json\/wp\/v2\/categories?post=270"},{"taxonomy":"post_tag","embeddable":true,"href":"https:\/\/wp.kristdemokraterna.se\/pitea\/wp-json\/wp\/v2\/tags?post=270"}],"curies":[{"name":"wp","href":"https:\/\/api.w.org\/{rel}","templated":true}]}}