{"id":278,"date":"2017-08-06T10:48:54","date_gmt":"2017-08-06T08:48:54","guid":{"rendered":"http:\/\/wp.kristdemokraterna.se\/pitea\/?p=278"},"modified":"2019-03-05T10:07:45","modified_gmt":"2019-03-05T09:07:45","slug":"stoppa-valfardssveket-mot-vara-aldre","status":"publish","type":"post","link":"https:\/\/wp.kristdemokraterna.se\/pitea\/stoppa-valfardssveket-mot-vara-aldre\/","title":{"rendered":"Stoppa v\u00e4lf\u00e4rdssveket mot v\u00e5ra \u00e4ldre"},"content":{"rendered":"<p>Britt Pahlin i Kramfors \u00e4r 96 \u00e5r. Hon vill flytta till ett s\u00e4rskilt \u00e4ldreboende, men hennes kommun ans\u00e5g att hon inte hade r\u00e4tt till en plats. N\u00e4r f\u00f6rvaltningsr\u00e4tten gav Britt r\u00e4tt till en plats \u00f6verklagade kommunen. F\u00f6rst n\u00e4r media uppm\u00e4rksammade situationen meddelade kommunen att Britt kommer f\u00e5 en plats.<\/p>\n<p>Britt Pahlin \u00e4r inte ensam. \u00d6ver 5000 personer fick v\u00e4nta i mer \u00e4n tre m\u00e5nader p\u00e5 en plats f\u00f6rra \u00e5ret trots att deras kommun beslutat att de skulle f\u00e5 plats. Ut\u00f6ver dem tillkommer alla, som Britt, som vill ha en plats men som bed\u00f6ms f\u00f6r friska f\u00f6r att f\u00e5 en.<\/p>\n<p>K\u00f6erna och kommunernas h\u00e5rda bist\u00e5ndsbed\u00f6mningar har sin grund i ett strukturellt problem. Det finns f\u00f6r f\u00e5 platser i s\u00e4rskilt boende. Och v\u00e4rre kommer det att bli.<\/p>\n<p>Bristen ber\u00e4knas \u00f6ka med 20 000 platser till 2030. Det kommer att leda till \u00e4nnu l\u00e4ngre k\u00f6er och \u00e4nnu tuffare bist\u00e5ndsbed\u00f6mningar fr\u00e5n kommunernas sida.<\/p>\n<p>Bristen p\u00e5 \u00e4ldreboenden och en god omsorg \u00e4r ett v\u00e4lf\u00e4rdssvek mot den \u00e4ldre generation som jobbat och byggt v\u00e5r v\u00e4lf\u00e4rd under \u00e5rtionden. Politikerna m\u00e5ste ta ett ansvar f\u00f6r att v\u00e4nda utvecklingen och se till att det finns platser f\u00f6r v\u00e5ra \u00e4ldre och att de \u00e4ldre i \u00f6kad utstr\u00e4ckning sj\u00e4lva kan best\u00e4mma n\u00e4r det \u00e4r dags att flytta till s\u00e4rskilt boende.<\/p>\n<p>Kristdemokraterna vill inf\u00f6ra en \u00e4ldreboendegaranti som inneb\u00e4r att alla som fyllt 85 \u00e5r sj\u00e4lva ska best\u00e4mma n\u00e4r man flyttar till \u00e4ldreboende oavsett hur kommunens bist\u00e5ndsbed\u00f6mning ser ut.<\/p>\n<p>Vi f\u00f6resl\u00e5r ocks\u00e5 en \u00e4ldreboendemiljard, som inneb\u00e4r att kommuner som ger \u00e4ldre plats i s\u00e4rskilt boende i tid f\u00e5r dela p\u00e5 en miljard kronor.<\/p>\n<p>Vi vill ocks\u00e5 f\u00f6rst\u00e4rka investeringsst\u00f6det f\u00f6r \u00e4ldreboenden och f\u00f6r\u00e4ndra den kommunala kostnadsutj\u00e4mningen s\u00e5 att kommuner med m\u00e5nga personer \u00f6ver 85 \u00e5r och h\u00f6ga kostnader ska f\u00e5 h\u00f6gre ers\u00e4ttning.<\/p>\n<p>Kommuner som flagrant misslyckas med att ge \u00e4ldre boendeplats m\u00e5ste ocks\u00e5 straffas h\u00e5rdare genom h\u00f6gre vitesbelopp.<\/p>\n<p>Ut\u00f6ver dessa \u00e5tg\u00e4rder m\u00e5ste vi snarast st\u00e4rka \u00e4ldres ekonomi och d\u00e4rmed deras m\u00f6jligheter att bo tryggt, inte minst f\u00f6r dem med de minsta pensionerna. D\u00e4rf\u00f6r f\u00f6resl\u00e5r vi h\u00f6jt bostadstill\u00e4gg f\u00f6r pension\u00e4rer, med 300 kronor per person f\u00f6r sammanboende och 500 kronor f\u00f6r ensamboende. Vi vill ocks\u00e5 h\u00f6ja taket i bostadstill\u00e4gget till 7500 kronor f\u00f6r ensamboende och 3750 f\u00f6r sammanboende. Dessutom \u00e4r det h\u00f6g tid att slopa skillnaden i beskattning mellan l\u00f6ntagare och pension\u00e4rer. Kristdemokraterna har ett fullt ut finansierat f\u00f6rslag om avskaffad pension\u00e4rsskatt.<\/p>\n<p>Idag p\u00e5g\u00e5r ett v\u00e4lf\u00e4rdssvek mot v\u00e5ra \u00e4ldre. Vi Kristdemokrater \u00e4r beredda att agera. V\u00e5rt v\u00e4lf\u00e4rdsl\u00f6fte \u00e4r att den som levt ett l\u00e5ngt liv i v\u00e5rt land och beh\u00f6ver \u00e4ldreboende ska f\u00e5 en plats i tid.<\/p>\n<p>Ebba Busch Thor<\/p>\n<p>Partiledare (KD)<\/p>\n<p>&nbsp;<\/p>\n","protected":false},"excerpt":{"rendered":"<p>Britt Pahlin i Kramfors \u00e4r 96 \u00e5r. Hon vill flytta till ett s\u00e4rskilt \u00e4ldreboende, men hennes kommun ans\u00e5g att hon inte hade r\u00e4tt till en plats. N\u00e4r f\u00f6rvaltningsr\u00e4tten gav Britt r\u00e4tt till en plats \u00f6verklagade kommunen. F\u00f6rst n\u00e4r media uppm\u00e4rksammade situationen meddelade kommunen att Britt kommer f\u00e5 en plats. Britt Pahlin \u00e4r inte ensam. \u00d6ver <a class=\"read-more-link\" href=\"https:\/\/wp.kristdemokraterna.se\/pitea\/stoppa-valfardssveket-mot-vara-aldre\/\">Read More<\/a><\/p>\n","protected":false},"author":693,"featured_media":271,"comment_status":"closed","ping_status":"closed","sticky":false,"template":"","format":"standard","meta":{"_acf_changed":false,"footnotes":""},"categories":[19],"tags":[31],"class_list":["post-278","post","type-post","status-publish","format-standard","hentry","category-kd-pitea","tag-aldre"],"acf":[],"yoast_head":"<!-- This site is optimized with the Yoast SEO plugin v27.4 - https:\/\/yoast.com\/product\/yoast-seo-wordpress\/ -->\n<title>Stoppa v\u00e4lf\u00e4rdssveket mot v\u00e5ra \u00e4ldre - Kristdemokraterna Pite\u00e5<\/title>\n<meta name=\"robots\" content=\"index, follow, max-snippet:-1, max-image-preview:large, max-video-preview:-1\" \/>\n<link rel=\"canonical\" href=\"https:\/\/wp.kristdemokraterna.se\/pitea\/stoppa-valfardssveket-mot-vara-aldre\/\" \/>\n<meta property=\"og:locale\" content=\"sv_SE\" \/>\n<meta property=\"og:type\" content=\"article\" \/>\n<meta property=\"og:title\" content=\"Stoppa v\u00e4lf\u00e4rdssveket mot v\u00e5ra \u00e4ldre - Kristdemokraterna Pite\u00e5\" \/>\n<meta property=\"og:description\" content=\"Britt Pahlin i Kramfors \u00e4r 96 \u00e5r. Hon vill flytta till ett s\u00e4rskilt \u00e4ldreboende, men hennes kommun ans\u00e5g att hon inte hade r\u00e4tt till en plats. N\u00e4r f\u00f6rvaltningsr\u00e4tten gav Britt r\u00e4tt till en plats \u00f6verklagade kommunen. F\u00f6rst n\u00e4r media uppm\u00e4rksammade situationen meddelade kommunen att Britt kommer f\u00e5 en plats. Britt Pahlin \u00e4r inte ensam. \u00d6ver Read More\" \/>\n<meta property=\"og:url\" content=\"https:\/\/wp.kristdemokraterna.se\/pitea\/stoppa-valfardssveket-mot-vara-aldre\/\" \/>\n<meta property=\"og:site_name\" content=\"Kristdemokraterna Pite\u00e5\" \/>\n<meta property=\"article:published_time\" content=\"2017-08-06T08:48:54+00:00\" \/>\n<meta property=\"article:modified_time\" content=\"2019-03-05T09:07:45+00:00\" \/>\n<meta property=\"og:image\" content=\"https:\/\/wp.kristdemokraterna.se\/pitea\/files\/2017\/08\/woman-1246587_1920.jpg\" \/>\n\t<meta property=\"og:image:width\" content=\"1920\" \/>\n\t<meta property=\"og:image:height\" content=\"1276\" \/>\n\t<meta property=\"og:image:type\" content=\"image\/jpeg\" \/>\n<meta name=\"author\" content=\"Charlotta Burman\" \/>\n<meta name=\"twitter:card\" content=\"summary_large_image\" \/>\n<meta name=\"twitter:label1\" content=\"Skriven av\" \/>\n\t<meta name=\"twitter:data1\" content=\"Charlotta Burman\" \/>\n\t<meta name=\"twitter:label2\" content=\"Ber\u00e4knad l\u00e4stid\" \/>\n\t<meta name=\"twitter:data2\" content=\"3 minuter\" \/>\n<script type=\"application\/ld+json\" class=\"yoast-schema-graph\">{\"@context\":\"https:\\\/\\\/schema.org\",\"@graph\":[{\"@type\":\"Article\",\"@id\":\"https:\\\/\\\/wp.kristdemokraterna.se\\\/pitea\\\/stoppa-valfardssveket-mot-vara-aldre\\\/#article\",\"isPartOf\":{\"@id\":\"https:\\\/\\\/wp.kristdemokraterna.se\\\/pitea\\\/stoppa-valfardssveket-mot-vara-aldre\\\/\"},\"author\":{\"name\":\"Charlotta Burman\",\"@id\":\"https:\\\/\\\/wp.kristdemokraterna.se\\\/pitea\\\/#\\\/schema\\\/person\\\/db9e90e3d802950af7a0ac8336a625da\"},\"headline\":\"Stoppa v\u00e4lf\u00e4rdssveket mot v\u00e5ra \u00e4ldre\",\"datePublished\":\"2017-08-06T08:48:54+00:00\",\"dateModified\":\"2019-03-05T09:07:45+00:00\",\"mainEntityOfPage\":{\"@id\":\"https:\\\/\\\/wp.kristdemokraterna.se\\\/pitea\\\/stoppa-valfardssveket-mot-vara-aldre\\\/\"},\"wordCount\":534,\"image\":{\"@id\":\"https:\\\/\\\/wp.kristdemokraterna.se\\\/pitea\\\/stoppa-valfardssveket-mot-vara-aldre\\\/#primaryimage\"},\"thumbnailUrl\":\"https:\\\/\\\/wp.kristdemokraterna.se\\\/pitea\\\/files\\\/2017\\\/08\\\/woman-1246587_1920.jpg\",\"keywords\":[\"\u00c4ldre\"],\"articleSection\":[\"KD Pite\u00e5\"],\"inLanguage\":\"sv-SE\"},{\"@type\":\"WebPage\",\"@id\":\"https:\\\/\\\/wp.kristdemokraterna.se\\\/pitea\\\/stoppa-valfardssveket-mot-vara-aldre\\\/\",\"url\":\"https:\\\/\\\/wp.kristdemokraterna.se\\\/pitea\\\/stoppa-valfardssveket-mot-vara-aldre\\\/\",\"name\":\"Stoppa v\u00e4lf\u00e4rdssveket mot v\u00e5ra \u00e4ldre - Kristdemokraterna Pite\u00e5\",\"isPartOf\":{\"@id\":\"https:\\\/\\\/wp.kristdemokraterna.se\\\/pitea\\\/#website\"},\"primaryImageOfPage\":{\"@id\":\"https:\\\/\\\/wp.kristdemokraterna.se\\\/pitea\\\/stoppa-valfardssveket-mot-vara-aldre\\\/#primaryimage\"},\"image\":{\"@id\":\"https:\\\/\\\/wp.kristdemokraterna.se\\\/pitea\\\/stoppa-valfardssveket-mot-vara-aldre\\\/#primaryimage\"},\"thumbnailUrl\":\"https:\\\/\\\/wp.kristdemokraterna.se\\\/pitea\\\/files\\\/2017\\\/08\\\/woman-1246587_1920.jpg\",\"datePublished\":\"2017-08-06T08:48:54+00:00\",\"dateModified\":\"2019-03-05T09:07:45+00:00\",\"author\":{\"@id\":\"https:\\\/\\\/wp.kristdemokraterna.se\\\/pitea\\\/#\\\/schema\\\/person\\\/db9e90e3d802950af7a0ac8336a625da\"},\"breadcrumb\":{\"@id\":\"https:\\\/\\\/wp.kristdemokraterna.se\\\/pitea\\\/stoppa-valfardssveket-mot-vara-aldre\\\/#breadcrumb\"},\"inLanguage\":\"sv-SE\",\"potentialAction\":[{\"@type\":\"ReadAction\",\"target\":[\"https:\\\/\\\/wp.kristdemokraterna.se\\\/pitea\\\/stoppa-valfardssveket-mot-vara-aldre\\\/\"]}]},{\"@type\":\"ImageObject\",\"inLanguage\":\"sv-SE\",\"@id\":\"https:\\\/\\\/wp.kristdemokraterna.se\\\/pitea\\\/stoppa-valfardssveket-mot-vara-aldre\\\/#primaryimage\",\"url\":\"https:\\\/\\\/wp.kristdemokraterna.se\\\/pitea\\\/files\\\/2017\\\/08\\\/woman-1246587_1920.jpg\",\"contentUrl\":\"https:\\\/\\\/wp.kristdemokraterna.se\\\/pitea\\\/files\\\/2017\\\/08\\\/woman-1246587_1920.jpg\",\"width\":1920,\"height\":1276},{\"@type\":\"BreadcrumbList\",\"@id\":\"https:\\\/\\\/wp.kristdemokraterna.se\\\/pitea\\\/stoppa-valfardssveket-mot-vara-aldre\\\/#breadcrumb\",\"itemListElement\":[{\"@type\":\"ListItem\",\"position\":1,\"name\":\"Hem\",\"item\":\"https:\\\/\\\/wp.kristdemokraterna.se\\\/pitea\\\/\"},{\"@type\":\"ListItem\",\"position\":2,\"name\":\"Stoppa v\u00e4lf\u00e4rdssveket mot v\u00e5ra \u00e4ldre\"}]},{\"@type\":\"WebSite\",\"@id\":\"https:\\\/\\\/wp.kristdemokraterna.se\\\/pitea\\\/#website\",\"url\":\"https:\\\/\\\/wp.kristdemokraterna.se\\\/pitea\\\/\",\"name\":\"Kristdemokraterna Pite\u00e5\",\"description\":\"Trygga familjer bygger ett tryggare Sverige\",\"inLanguage\":\"sv-SE\"},{\"@type\":\"Person\",\"@id\":\"https:\\\/\\\/wp.kristdemokraterna.se\\\/pitea\\\/#\\\/schema\\\/person\\\/db9e90e3d802950af7a0ac8336a625da\",\"name\":\"Charlotta Burman\",\"image\":{\"@type\":\"ImageObject\",\"inLanguage\":\"sv-SE\",\"@id\":\"https:\\\/\\\/secure.gravatar.com\\\/avatar\\\/89bee22518553877e7f2f600ca146a42e65908e5fd55043c0459319e20022f4b?s=96&d=mm&r=g\",\"url\":\"https:\\\/\\\/secure.gravatar.com\\\/avatar\\\/89bee22518553877e7f2f600ca146a42e65908e5fd55043c0459319e20022f4b?s=96&d=mm&r=g\",\"contentUrl\":\"https:\\\/\\\/secure.gravatar.com\\\/avatar\\\/89bee22518553877e7f2f600ca146a42e65908e5fd55043c0459319e20022f4b?s=96&d=mm&r=g\",\"caption\":\"Charlotta Burman\"},\"url\":\"https:\\\/\\\/wp.kristdemokraterna.se\\\/pitea\\\/author\\\/charlotta\\\/\"}]}<\/script>\n<!-- \/ Yoast SEO plugin. -->","yoast_head_json":{"title":"Stoppa v\u00e4lf\u00e4rdssveket mot v\u00e5ra \u00e4ldre - Kristdemokraterna Pite\u00e5","robots":{"index":"index","follow":"follow","max-snippet":"max-snippet:-1","max-image-preview":"max-image-preview:large","max-video-preview":"max-video-preview:-1"},"canonical":"https:\/\/wp.kristdemokraterna.se\/pitea\/stoppa-valfardssveket-mot-vara-aldre\/","og_locale":"sv_SE","og_type":"article","og_title":"Stoppa v\u00e4lf\u00e4rdssveket mot v\u00e5ra \u00e4ldre - Kristdemokraterna Pite\u00e5","og_description":"Britt Pahlin i Kramfors \u00e4r 96 \u00e5r. Hon vill flytta till ett s\u00e4rskilt \u00e4ldreboende, men hennes kommun ans\u00e5g att hon inte hade r\u00e4tt till en plats. N\u00e4r f\u00f6rvaltningsr\u00e4tten gav Britt r\u00e4tt till en plats \u00f6verklagade kommunen. F\u00f6rst n\u00e4r media uppm\u00e4rksammade situationen meddelade kommunen att Britt kommer f\u00e5 en plats. Britt Pahlin \u00e4r inte ensam. \u00d6ver Read More","og_url":"https:\/\/wp.kristdemokraterna.se\/pitea\/stoppa-valfardssveket-mot-vara-aldre\/","og_site_name":"Kristdemokraterna Pite\u00e5","article_published_time":"2017-08-06T08:48:54+00:00","article_modified_time":"2019-03-05T09:07:45+00:00","og_image":[{"width":1920,"height":1276,"url":"https:\/\/wp.kristdemokraterna.se\/pitea\/files\/2017\/08\/woman-1246587_1920.jpg","type":"image\/jpeg"}],"author":"Charlotta Burman","twitter_card":"summary_large_image","twitter_misc":{"Skriven av":"Charlotta Burman","Ber\u00e4knad l\u00e4stid":"3 minuter"},"schema":{"@context":"https:\/\/schema.org","@graph":[{"@type":"Article","@id":"https:\/\/wp.kristdemokraterna.se\/pitea\/stoppa-valfardssveket-mot-vara-aldre\/#article","isPartOf":{"@id":"https:\/\/wp.kristdemokraterna.se\/pitea\/stoppa-valfardssveket-mot-vara-aldre\/"},"author":{"name":"Charlotta Burman","@id":"https:\/\/wp.kristdemokraterna.se\/pitea\/#\/schema\/person\/db9e90e3d802950af7a0ac8336a625da"},"headline":"Stoppa v\u00e4lf\u00e4rdssveket mot v\u00e5ra \u00e4ldre","datePublished":"2017-08-06T08:48:54+00:00","dateModified":"2019-03-05T09:07:45+00:00","mainEntityOfPage":{"@id":"https:\/\/wp.kristdemokraterna.se\/pitea\/stoppa-valfardssveket-mot-vara-aldre\/"},"wordCount":534,"image":{"@id":"https:\/\/wp.kristdemokraterna.se\/pitea\/stoppa-valfardssveket-mot-vara-aldre\/#primaryimage"},"thumbnailUrl":"https:\/\/wp.kristdemokraterna.se\/pitea\/files\/2017\/08\/woman-1246587_1920.jpg","keywords":["\u00c4ldre"],"articleSection":["KD Pite\u00e5"],"inLanguage":"sv-SE"},{"@type":"WebPage","@id":"https:\/\/wp.kristdemokraterna.se\/pitea\/stoppa-valfardssveket-mot-vara-aldre\/","url":"https:\/\/wp.kristdemokraterna.se\/pitea\/stoppa-valfardssveket-mot-vara-aldre\/","name":"Stoppa v\u00e4lf\u00e4rdssveket mot v\u00e5ra \u00e4ldre - Kristdemokraterna Pite\u00e5","isPartOf":{"@id":"https:\/\/wp.kristdemokraterna.se\/pitea\/#website"},"primaryImageOfPage":{"@id":"https:\/\/wp.kristdemokraterna.se\/pitea\/stoppa-valfardssveket-mot-vara-aldre\/#primaryimage"},"image":{"@id":"https:\/\/wp.kristdemokraterna.se\/pitea\/stoppa-valfardssveket-mot-vara-aldre\/#primaryimage"},"thumbnailUrl":"https:\/\/wp.kristdemokraterna.se\/pitea\/files\/2017\/08\/woman-1246587_1920.jpg","datePublished":"2017-08-06T08:48:54+00:00","dateModified":"2019-03-05T09:07:45+00:00","author":{"@id":"https:\/\/wp.kristdemokraterna.se\/pitea\/#\/schema\/person\/db9e90e3d802950af7a0ac8336a625da"},"breadcrumb":{"@id":"https:\/\/wp.kristdemokraterna.se\/pitea\/stoppa-valfardssveket-mot-vara-aldre\/#breadcrumb"},"inLanguage":"sv-SE","potentialAction":[{"@type":"ReadAction","target":["https:\/\/wp.kristdemokraterna.se\/pitea\/stoppa-valfardssveket-mot-vara-aldre\/"]}]},{"@type":"ImageObject","inLanguage":"sv-SE","@id":"https:\/\/wp.kristdemokraterna.se\/pitea\/stoppa-valfardssveket-mot-vara-aldre\/#primaryimage","url":"https:\/\/wp.kristdemokraterna.se\/pitea\/files\/2017\/08\/woman-1246587_1920.jpg","contentUrl":"https:\/\/wp.kristdemokraterna.se\/pitea\/files\/2017\/08\/woman-1246587_1920.jpg","width":1920,"height":1276},{"@type":"BreadcrumbList","@id":"https:\/\/wp.kristdemokraterna.se\/pitea\/stoppa-valfardssveket-mot-vara-aldre\/#breadcrumb","itemListElement":[{"@type":"ListItem","position":1,"name":"Hem","item":"https:\/\/wp.kristdemokraterna.se\/pitea\/"},{"@type":"ListItem","position":2,"name":"Stoppa v\u00e4lf\u00e4rdssveket mot v\u00e5ra \u00e4ldre"}]},{"@type":"WebSite","@id":"https:\/\/wp.kristdemokraterna.se\/pitea\/#website","url":"https:\/\/wp.kristdemokraterna.se\/pitea\/","name":"Kristdemokraterna Pite\u00e5","description":"Trygga familjer bygger ett tryggare Sverige","inLanguage":"sv-SE"},{"@type":"Person","@id":"https:\/\/wp.kristdemokraterna.se\/pitea\/#\/schema\/person\/db9e90e3d802950af7a0ac8336a625da","name":"Charlotta Burman","image":{"@type":"ImageObject","inLanguage":"sv-SE","@id":"https:\/\/secure.gravatar.com\/avatar\/89bee22518553877e7f2f600ca146a42e65908e5fd55043c0459319e20022f4b?s=96&d=mm&r=g","url":"https:\/\/secure.gravatar.com\/avatar\/89bee22518553877e7f2f600ca146a42e65908e5fd55043c0459319e20022f4b?s=96&d=mm&r=g","contentUrl":"https:\/\/secure.gravatar.com\/avatar\/89bee22518553877e7f2f600ca146a42e65908e5fd55043c0459319e20022f4b?s=96&d=mm&r=g","caption":"Charlotta Burman"},"url":"https:\/\/wp.kristdemokraterna.se\/pitea\/author\/charlotta\/"}]}},"_links":{"self":[{"href":"https:\/\/wp.kristdemokraterna.se\/pitea\/wp-json\/wp\/v2\/posts\/278","targetHints":{"allow":["GET"]}}],"collection":[{"href":"https:\/\/wp.kristdemokraterna.se\/pitea\/wp-json\/wp\/v2\/posts"}],"about":[{"href":"https:\/\/wp.kristdemokraterna.se\/pitea\/wp-json\/wp\/v2\/types\/post"}],"author":[{"embeddable":true,"href":"https:\/\/wp.kristdemokraterna.se\/pitea\/wp-json\/wp\/v2\/users\/693"}],"replies":[{"embeddable":true,"href":"https:\/\/wp.kristdemokraterna.se\/pitea\/wp-json\/wp\/v2\/comments?post=278"}],"version-history":[{"count":1,"href":"https:\/\/wp.kristdemokraterna.se\/pitea\/wp-json\/wp\/v2\/posts\/278\/revisions"}],"predecessor-version":[{"id":279,"href":"https:\/\/wp.kristdemokraterna.se\/pitea\/wp-json\/wp\/v2\/posts\/278\/revisions\/279"}],"wp:featuredmedia":[{"embeddable":true,"href":"https:\/\/wp.kristdemokraterna.se\/pitea\/wp-json\/wp\/v2\/media\/271"}],"wp:attachment":[{"href":"https:\/\/wp.kristdemokraterna.se\/pitea\/wp-json\/wp\/v2\/media?parent=278"}],"wp:term":[{"taxonomy":"category","embeddable":true,"href":"https:\/\/wp.kristdemokraterna.se\/pitea\/wp-json\/wp\/v2\/categories?post=278"},{"taxonomy":"post_tag","embeddable":true,"href":"https:\/\/wp.kristdemokraterna.se\/pitea\/wp-json\/wp\/v2\/tags?post=278"}],"curies":[{"name":"wp","href":"https:\/\/api.w.org\/{rel}","templated":true}]}}