{"id":280,"date":"2017-08-15T10:50:21","date_gmt":"2017-08-15T08:50:21","guid":{"rendered":"http:\/\/wp.kristdemokraterna.se\/pitea\/?p=280"},"modified":"2017-08-06T11:03:38","modified_gmt":"2017-08-06T09:03:38","slug":"lika-fjarrvarmetaxa-i-kommunen","status":"publish","type":"post","link":"https:\/\/wp.kristdemokraterna.se\/pitea\/lika-fjarrvarmetaxa-i-kommunen\/","title":{"rendered":"Lika fj\u00e4rrv\u00e4rmetaxa i kommunen"},"content":{"rendered":"<p>Likabehandlingsprincipen har jag h\u00f6rt talas om flera g\u00e5nger sedan jag b\u00f6rjade engagera mig i kommunpolitiken. Den inneb\u00e4r att alla kommunmedborgare ska behandlas lika och att ingen ska ha n\u00e5gon f\u00f6rdel framf\u00f6r n\u00e5gon annan. Men det g\u00e4ller tydligen inte taxan f\u00f6r fj\u00e4rrv\u00e4rmen. En del \u00e4r tvungna att betala n\u00e4rmare 20 procent mer \u00e4n andra f\u00f6r exakt samma vara och tj\u00e4nst, levererad av ett av v\u00e5ra kommunala bolag, PiteEnergi. Det kallar jag inte lika behandling. Varf\u00f6r inte j\u00e4mna ut fj\u00e4rrv\u00e4rmetaxan mellan pellets eldade pannor och spillv\u00e4rmen fr\u00e5n Smurfit Kappa s\u00e5 att alla betalar lika mycket var man \u00e4n bor i kommunen. F\u00f6r visst vill vi v\u00e4rna om landsbygden och ge alla samma f\u00f6ruts\u00e4ttningar till s\u00e5 l\u00e5g uppv\u00e4rmningskostnad som m\u00f6jligt. Det \u00e4r l\u00e4tt att r\u00e4kna om och ge alla samma pris, b\u00e5de r\u00f6rlig och fast avgift, f\u00f6r den v\u00e4rme som levereras av v\u00e5rt gemensamma kommunala bolag. V\u00e4rmen \u00e4r densamma.<\/p>\n<p>Hel\u00e9n Lindb\u00e4ck (KD)<\/p>\n","protected":false},"excerpt":{"rendered":"<p>Likabehandlingsprincipen har jag h\u00f6rt talas om flera g\u00e5nger sedan jag b\u00f6rjade engagera mig i kommunpolitiken. Den inneb\u00e4r att alla kommunmedborgare ska behandlas lika och att ingen ska ha n\u00e5gon f\u00f6rdel framf\u00f6r n\u00e5gon annan. Men det g\u00e4ller tydligen inte taxan f\u00f6r fj\u00e4rrv\u00e4rmen. En del \u00e4r tvungna att betala n\u00e4rmare 20 procent mer \u00e4n andra f\u00f6r exakt <a class=\"read-more-link\" href=\"https:\/\/wp.kristdemokraterna.se\/pitea\/lika-fjarrvarmetaxa-i-kommunen\/\">Read More<\/a><\/p>\n","protected":false},"author":693,"featured_media":306,"comment_status":"closed","ping_status":"closed","sticky":false,"template":"","format":"standard","meta":{"_acf_changed":false,"footnotes":""},"categories":[19],"tags":[],"class_list":["post-280","post","type-post","status-publish","format-standard","hentry","category-kd-pitea"],"acf":[],"yoast_head":"<!-- This site is optimized with the Yoast SEO plugin v27.4 - https:\/\/yoast.com\/product\/yoast-seo-wordpress\/ -->\n<title>Lika fj\u00e4rrv\u00e4rmetaxa i kommunen - Kristdemokraterna Pite\u00e5<\/title>\n<meta name=\"robots\" content=\"index, follow, max-snippet:-1, max-image-preview:large, max-video-preview:-1\" \/>\n<link rel=\"canonical\" href=\"https:\/\/wp.kristdemokraterna.se\/pitea\/lika-fjarrvarmetaxa-i-kommunen\/\" \/>\n<meta property=\"og:locale\" content=\"sv_SE\" \/>\n<meta property=\"og:type\" content=\"article\" \/>\n<meta property=\"og:title\" content=\"Lika fj\u00e4rrv\u00e4rmetaxa i kommunen - Kristdemokraterna Pite\u00e5\" \/>\n<meta property=\"og:description\" content=\"Likabehandlingsprincipen har jag h\u00f6rt talas om flera g\u00e5nger sedan jag b\u00f6rjade engagera mig i kommunpolitiken. Den inneb\u00e4r att alla kommunmedborgare ska behandlas lika och att ingen ska ha n\u00e5gon f\u00f6rdel framf\u00f6r n\u00e5gon annan. Men det g\u00e4ller tydligen inte taxan f\u00f6r fj\u00e4rrv\u00e4rmen. En del \u00e4r tvungna att betala n\u00e4rmare 20 procent mer \u00e4n andra f\u00f6r exakt Read More\" \/>\n<meta property=\"og:url\" content=\"https:\/\/wp.kristdemokraterna.se\/pitea\/lika-fjarrvarmetaxa-i-kommunen\/\" \/>\n<meta property=\"og:site_name\" content=\"Kristdemokraterna Pite\u00e5\" \/>\n<meta property=\"article:published_time\" content=\"2017-08-15T08:50:21+00:00\" \/>\n<meta property=\"og:image\" content=\"https:\/\/wp.kristdemokraterna.se\/pitea\/files\/2017\/08\/aggregate-1589262_1920.jpg\" \/>\n\t<meta property=\"og:image:width\" content=\"1920\" \/>\n\t<meta property=\"og:image:height\" content=\"999\" \/>\n\t<meta property=\"og:image:type\" content=\"image\/jpeg\" \/>\n<meta name=\"author\" content=\"Charlotta Burman\" \/>\n<meta name=\"twitter:card\" content=\"summary_large_image\" \/>\n<meta name=\"twitter:label1\" content=\"Skriven av\" \/>\n\t<meta name=\"twitter:data1\" content=\"Charlotta Burman\" \/>\n\t<meta name=\"twitter:label2\" content=\"Ber\u00e4knad l\u00e4stid\" \/>\n\t<meta name=\"twitter:data2\" content=\"1 minut\" \/>\n<script type=\"application\/ld+json\" class=\"yoast-schema-graph\">{\"@context\":\"https:\\\/\\\/schema.org\",\"@graph\":[{\"@type\":\"Article\",\"@id\":\"https:\\\/\\\/wp.kristdemokraterna.se\\\/pitea\\\/lika-fjarrvarmetaxa-i-kommunen\\\/#article\",\"isPartOf\":{\"@id\":\"https:\\\/\\\/wp.kristdemokraterna.se\\\/pitea\\\/lika-fjarrvarmetaxa-i-kommunen\\\/\"},\"author\":{\"name\":\"Charlotta Burman\",\"@id\":\"https:\\\/\\\/wp.kristdemokraterna.se\\\/pitea\\\/#\\\/schema\\\/person\\\/db9e90e3d802950af7a0ac8336a625da\"},\"headline\":\"Lika fj\u00e4rrv\u00e4rmetaxa i kommunen\",\"datePublished\":\"2017-08-15T08:50:21+00:00\",\"mainEntityOfPage\":{\"@id\":\"https:\\\/\\\/wp.kristdemokraterna.se\\\/pitea\\\/lika-fjarrvarmetaxa-i-kommunen\\\/\"},\"wordCount\":193,\"image\":{\"@id\":\"https:\\\/\\\/wp.kristdemokraterna.se\\\/pitea\\\/lika-fjarrvarmetaxa-i-kommunen\\\/#primaryimage\"},\"thumbnailUrl\":\"https:\\\/\\\/wp.kristdemokraterna.se\\\/pitea\\\/files\\\/2017\\\/08\\\/aggregate-1589262_1920.jpg\",\"articleSection\":[\"KD Pite\u00e5\"],\"inLanguage\":\"sv-SE\"},{\"@type\":\"WebPage\",\"@id\":\"https:\\\/\\\/wp.kristdemokraterna.se\\\/pitea\\\/lika-fjarrvarmetaxa-i-kommunen\\\/\",\"url\":\"https:\\\/\\\/wp.kristdemokraterna.se\\\/pitea\\\/lika-fjarrvarmetaxa-i-kommunen\\\/\",\"name\":\"Lika fj\u00e4rrv\u00e4rmetaxa i kommunen - Kristdemokraterna Pite\u00e5\",\"isPartOf\":{\"@id\":\"https:\\\/\\\/wp.kristdemokraterna.se\\\/pitea\\\/#website\"},\"primaryImageOfPage\":{\"@id\":\"https:\\\/\\\/wp.kristdemokraterna.se\\\/pitea\\\/lika-fjarrvarmetaxa-i-kommunen\\\/#primaryimage\"},\"image\":{\"@id\":\"https:\\\/\\\/wp.kristdemokraterna.se\\\/pitea\\\/lika-fjarrvarmetaxa-i-kommunen\\\/#primaryimage\"},\"thumbnailUrl\":\"https:\\\/\\\/wp.kristdemokraterna.se\\\/pitea\\\/files\\\/2017\\\/08\\\/aggregate-1589262_1920.jpg\",\"datePublished\":\"2017-08-15T08:50:21+00:00\",\"author\":{\"@id\":\"https:\\\/\\\/wp.kristdemokraterna.se\\\/pitea\\\/#\\\/schema\\\/person\\\/db9e90e3d802950af7a0ac8336a625da\"},\"breadcrumb\":{\"@id\":\"https:\\\/\\\/wp.kristdemokraterna.se\\\/pitea\\\/lika-fjarrvarmetaxa-i-kommunen\\\/#breadcrumb\"},\"inLanguage\":\"sv-SE\",\"potentialAction\":[{\"@type\":\"ReadAction\",\"target\":[\"https:\\\/\\\/wp.kristdemokraterna.se\\\/pitea\\\/lika-fjarrvarmetaxa-i-kommunen\\\/\"]}]},{\"@type\":\"ImageObject\",\"inLanguage\":\"sv-SE\",\"@id\":\"https:\\\/\\\/wp.kristdemokraterna.se\\\/pitea\\\/lika-fjarrvarmetaxa-i-kommunen\\\/#primaryimage\",\"url\":\"https:\\\/\\\/wp.kristdemokraterna.se\\\/pitea\\\/files\\\/2017\\\/08\\\/aggregate-1589262_1920.jpg\",\"contentUrl\":\"https:\\\/\\\/wp.kristdemokraterna.se\\\/pitea\\\/files\\\/2017\\\/08\\\/aggregate-1589262_1920.jpg\",\"width\":1920,\"height\":999},{\"@type\":\"BreadcrumbList\",\"@id\":\"https:\\\/\\\/wp.kristdemokraterna.se\\\/pitea\\\/lika-fjarrvarmetaxa-i-kommunen\\\/#breadcrumb\",\"itemListElement\":[{\"@type\":\"ListItem\",\"position\":1,\"name\":\"Hem\",\"item\":\"https:\\\/\\\/wp.kristdemokraterna.se\\\/pitea\\\/\"},{\"@type\":\"ListItem\",\"position\":2,\"name\":\"Lika fj\u00e4rrv\u00e4rmetaxa i kommunen\"}]},{\"@type\":\"WebSite\",\"@id\":\"https:\\\/\\\/wp.kristdemokraterna.se\\\/pitea\\\/#website\",\"url\":\"https:\\\/\\\/wp.kristdemokraterna.se\\\/pitea\\\/\",\"name\":\"Kristdemokraterna Pite\u00e5\",\"description\":\"Trygga familjer bygger ett tryggare Sverige\",\"inLanguage\":\"sv-SE\"},{\"@type\":\"Person\",\"@id\":\"https:\\\/\\\/wp.kristdemokraterna.se\\\/pitea\\\/#\\\/schema\\\/person\\\/db9e90e3d802950af7a0ac8336a625da\",\"name\":\"Charlotta Burman\",\"image\":{\"@type\":\"ImageObject\",\"inLanguage\":\"sv-SE\",\"@id\":\"https:\\\/\\\/secure.gravatar.com\\\/avatar\\\/89bee22518553877e7f2f600ca146a42e65908e5fd55043c0459319e20022f4b?s=96&d=mm&r=g\",\"url\":\"https:\\\/\\\/secure.gravatar.com\\\/avatar\\\/89bee22518553877e7f2f600ca146a42e65908e5fd55043c0459319e20022f4b?s=96&d=mm&r=g\",\"contentUrl\":\"https:\\\/\\\/secure.gravatar.com\\\/avatar\\\/89bee22518553877e7f2f600ca146a42e65908e5fd55043c0459319e20022f4b?s=96&d=mm&r=g\",\"caption\":\"Charlotta Burman\"},\"url\":\"https:\\\/\\\/wp.kristdemokraterna.se\\\/pitea\\\/author\\\/charlotta\\\/\"}]}<\/script>\n<!-- \/ Yoast SEO plugin. -->","yoast_head_json":{"title":"Lika fj\u00e4rrv\u00e4rmetaxa i kommunen - Kristdemokraterna Pite\u00e5","robots":{"index":"index","follow":"follow","max-snippet":"max-snippet:-1","max-image-preview":"max-image-preview:large","max-video-preview":"max-video-preview:-1"},"canonical":"https:\/\/wp.kristdemokraterna.se\/pitea\/lika-fjarrvarmetaxa-i-kommunen\/","og_locale":"sv_SE","og_type":"article","og_title":"Lika fj\u00e4rrv\u00e4rmetaxa i kommunen - Kristdemokraterna Pite\u00e5","og_description":"Likabehandlingsprincipen har jag h\u00f6rt talas om flera g\u00e5nger sedan jag b\u00f6rjade engagera mig i kommunpolitiken. Den inneb\u00e4r att alla kommunmedborgare ska behandlas lika och att ingen ska ha n\u00e5gon f\u00f6rdel framf\u00f6r n\u00e5gon annan. Men det g\u00e4ller tydligen inte taxan f\u00f6r fj\u00e4rrv\u00e4rmen. En del \u00e4r tvungna att betala n\u00e4rmare 20 procent mer \u00e4n andra f\u00f6r exakt Read More","og_url":"https:\/\/wp.kristdemokraterna.se\/pitea\/lika-fjarrvarmetaxa-i-kommunen\/","og_site_name":"Kristdemokraterna Pite\u00e5","article_published_time":"2017-08-15T08:50:21+00:00","og_image":[{"width":1920,"height":999,"url":"https:\/\/wp.kristdemokraterna.se\/pitea\/files\/2017\/08\/aggregate-1589262_1920.jpg","type":"image\/jpeg"}],"author":"Charlotta Burman","twitter_card":"summary_large_image","twitter_misc":{"Skriven av":"Charlotta Burman","Ber\u00e4knad l\u00e4stid":"1 minut"},"schema":{"@context":"https:\/\/schema.org","@graph":[{"@type":"Article","@id":"https:\/\/wp.kristdemokraterna.se\/pitea\/lika-fjarrvarmetaxa-i-kommunen\/#article","isPartOf":{"@id":"https:\/\/wp.kristdemokraterna.se\/pitea\/lika-fjarrvarmetaxa-i-kommunen\/"},"author":{"name":"Charlotta Burman","@id":"https:\/\/wp.kristdemokraterna.se\/pitea\/#\/schema\/person\/db9e90e3d802950af7a0ac8336a625da"},"headline":"Lika fj\u00e4rrv\u00e4rmetaxa i kommunen","datePublished":"2017-08-15T08:50:21+00:00","mainEntityOfPage":{"@id":"https:\/\/wp.kristdemokraterna.se\/pitea\/lika-fjarrvarmetaxa-i-kommunen\/"},"wordCount":193,"image":{"@id":"https:\/\/wp.kristdemokraterna.se\/pitea\/lika-fjarrvarmetaxa-i-kommunen\/#primaryimage"},"thumbnailUrl":"https:\/\/wp.kristdemokraterna.se\/pitea\/files\/2017\/08\/aggregate-1589262_1920.jpg","articleSection":["KD Pite\u00e5"],"inLanguage":"sv-SE"},{"@type":"WebPage","@id":"https:\/\/wp.kristdemokraterna.se\/pitea\/lika-fjarrvarmetaxa-i-kommunen\/","url":"https:\/\/wp.kristdemokraterna.se\/pitea\/lika-fjarrvarmetaxa-i-kommunen\/","name":"Lika fj\u00e4rrv\u00e4rmetaxa i kommunen - Kristdemokraterna Pite\u00e5","isPartOf":{"@id":"https:\/\/wp.kristdemokraterna.se\/pitea\/#website"},"primaryImageOfPage":{"@id":"https:\/\/wp.kristdemokraterna.se\/pitea\/lika-fjarrvarmetaxa-i-kommunen\/#primaryimage"},"image":{"@id":"https:\/\/wp.kristdemokraterna.se\/pitea\/lika-fjarrvarmetaxa-i-kommunen\/#primaryimage"},"thumbnailUrl":"https:\/\/wp.kristdemokraterna.se\/pitea\/files\/2017\/08\/aggregate-1589262_1920.jpg","datePublished":"2017-08-15T08:50:21+00:00","author":{"@id":"https:\/\/wp.kristdemokraterna.se\/pitea\/#\/schema\/person\/db9e90e3d802950af7a0ac8336a625da"},"breadcrumb":{"@id":"https:\/\/wp.kristdemokraterna.se\/pitea\/lika-fjarrvarmetaxa-i-kommunen\/#breadcrumb"},"inLanguage":"sv-SE","potentialAction":[{"@type":"ReadAction","target":["https:\/\/wp.kristdemokraterna.se\/pitea\/lika-fjarrvarmetaxa-i-kommunen\/"]}]},{"@type":"ImageObject","inLanguage":"sv-SE","@id":"https:\/\/wp.kristdemokraterna.se\/pitea\/lika-fjarrvarmetaxa-i-kommunen\/#primaryimage","url":"https:\/\/wp.kristdemokraterna.se\/pitea\/files\/2017\/08\/aggregate-1589262_1920.jpg","contentUrl":"https:\/\/wp.kristdemokraterna.se\/pitea\/files\/2017\/08\/aggregate-1589262_1920.jpg","width":1920,"height":999},{"@type":"BreadcrumbList","@id":"https:\/\/wp.kristdemokraterna.se\/pitea\/lika-fjarrvarmetaxa-i-kommunen\/#breadcrumb","itemListElement":[{"@type":"ListItem","position":1,"name":"Hem","item":"https:\/\/wp.kristdemokraterna.se\/pitea\/"},{"@type":"ListItem","position":2,"name":"Lika fj\u00e4rrv\u00e4rmetaxa i kommunen"}]},{"@type":"WebSite","@id":"https:\/\/wp.kristdemokraterna.se\/pitea\/#website","url":"https:\/\/wp.kristdemokraterna.se\/pitea\/","name":"Kristdemokraterna Pite\u00e5","description":"Trygga familjer bygger ett tryggare Sverige","inLanguage":"sv-SE"},{"@type":"Person","@id":"https:\/\/wp.kristdemokraterna.se\/pitea\/#\/schema\/person\/db9e90e3d802950af7a0ac8336a625da","name":"Charlotta Burman","image":{"@type":"ImageObject","inLanguage":"sv-SE","@id":"https:\/\/secure.gravatar.com\/avatar\/89bee22518553877e7f2f600ca146a42e65908e5fd55043c0459319e20022f4b?s=96&d=mm&r=g","url":"https:\/\/secure.gravatar.com\/avatar\/89bee22518553877e7f2f600ca146a42e65908e5fd55043c0459319e20022f4b?s=96&d=mm&r=g","contentUrl":"https:\/\/secure.gravatar.com\/avatar\/89bee22518553877e7f2f600ca146a42e65908e5fd55043c0459319e20022f4b?s=96&d=mm&r=g","caption":"Charlotta Burman"},"url":"https:\/\/wp.kristdemokraterna.se\/pitea\/author\/charlotta\/"}]}},"_links":{"self":[{"href":"https:\/\/wp.kristdemokraterna.se\/pitea\/wp-json\/wp\/v2\/posts\/280","targetHints":{"allow":["GET"]}}],"collection":[{"href":"https:\/\/wp.kristdemokraterna.se\/pitea\/wp-json\/wp\/v2\/posts"}],"about":[{"href":"https:\/\/wp.kristdemokraterna.se\/pitea\/wp-json\/wp\/v2\/types\/post"}],"author":[{"embeddable":true,"href":"https:\/\/wp.kristdemokraterna.se\/pitea\/wp-json\/wp\/v2\/users\/693"}],"replies":[{"embeddable":true,"href":"https:\/\/wp.kristdemokraterna.se\/pitea\/wp-json\/wp\/v2\/comments?post=280"}],"version-history":[{"count":2,"href":"https:\/\/wp.kristdemokraterna.se\/pitea\/wp-json\/wp\/v2\/posts\/280\/revisions"}],"predecessor-version":[{"id":307,"href":"https:\/\/wp.kristdemokraterna.se\/pitea\/wp-json\/wp\/v2\/posts\/280\/revisions\/307"}],"wp:featuredmedia":[{"embeddable":true,"href":"https:\/\/wp.kristdemokraterna.se\/pitea\/wp-json\/wp\/v2\/media\/306"}],"wp:attachment":[{"href":"https:\/\/wp.kristdemokraterna.se\/pitea\/wp-json\/wp\/v2\/media?parent=280"}],"wp:term":[{"taxonomy":"category","embeddable":true,"href":"https:\/\/wp.kristdemokraterna.se\/pitea\/wp-json\/wp\/v2\/categories?post=280"},{"taxonomy":"post_tag","embeddable":true,"href":"https:\/\/wp.kristdemokraterna.se\/pitea\/wp-json\/wp\/v2\/tags?post=280"}],"curies":[{"name":"wp","href":"https:\/\/api.w.org\/{rel}","templated":true}]}}