{"id":312,"date":"2017-09-12T10:50:13","date_gmt":"2017-09-12T08:50:13","guid":{"rendered":"http:\/\/wp.kristdemokraterna.se\/pitea\/?p=312"},"modified":"2017-09-12T11:05:12","modified_gmt":"2017-09-12T09:05:12","slug":"kd-vill-starka-apotekens-roll-for-att-avlasta-sjukvarden","status":"publish","type":"post","link":"https:\/\/wp.kristdemokraterna.se\/pitea\/kd-vill-starka-apotekens-roll-for-att-avlasta-sjukvarden\/","title":{"rendered":"KD vill st\u00e4rka apotekens roll f\u00f6r att avlasta sjukv\u00e5rden"},"content":{"rendered":"<p>https:\/\/kristdemokraterna.se\/kd-vill-starka-apotekens-roll-for-att-avlasta-sjukvarden\/<\/p>\n","protected":false},"excerpt":{"rendered":"<p>https:\/\/kristdemokraterna.se\/kd-vill-starka-apotekens-roll-for-att-avlasta-sjukvarden\/<\/p>\n","protected":false},"author":693,"featured_media":314,"comment_status":"closed","ping_status":"closed","sticky":false,"template":"","format":"standard","meta":{"_acf_changed":false,"footnotes":""},"categories":[19],"tags":[],"class_list":["post-312","post","type-post","status-publish","format-standard","hentry","category-kd-pitea"],"acf":[],"yoast_head":"<!-- This site is optimized with the Yoast SEO plugin v27.4 - https:\/\/yoast.com\/product\/yoast-seo-wordpress\/ -->\n<title>KD vill st\u00e4rka apotekens roll f\u00f6r att avlasta sjukv\u00e5rden - Kristdemokraterna Pite\u00e5<\/title>\n<meta name=\"robots\" content=\"index, follow, max-snippet:-1, max-image-preview:large, max-video-preview:-1\" \/>\n<link rel=\"canonical\" href=\"https:\/\/wp.kristdemokraterna.se\/pitea\/kd-vill-starka-apotekens-roll-for-att-avlasta-sjukvarden\/\" \/>\n<meta property=\"og:locale\" content=\"sv_SE\" \/>\n<meta property=\"og:type\" content=\"article\" \/>\n<meta property=\"og:title\" content=\"KD vill st\u00e4rka apotekens roll f\u00f6r att avlasta sjukv\u00e5rden - Kristdemokraterna Pite\u00e5\" \/>\n<meta property=\"og:description\" content=\"https:\/\/kristdemokraterna.se\/kd-vill-starka-apotekens-roll-for-att-avlasta-sjukvarden\/\" \/>\n<meta property=\"og:url\" content=\"https:\/\/wp.kristdemokraterna.se\/pitea\/kd-vill-starka-apotekens-roll-for-att-avlasta-sjukvarden\/\" \/>\n<meta property=\"og:site_name\" content=\"Kristdemokraterna Pite\u00e5\" \/>\n<meta property=\"article:published_time\" content=\"2017-09-12T08:50:13+00:00\" \/>\n<meta property=\"article:modified_time\" content=\"2017-09-12T09:05:12+00:00\" \/>\n<meta property=\"og:image\" content=\"https:\/\/wp.kristdemokraterna.se\/pitea\/files\/2017\/09\/heart-2338154_1920.jpg\" \/>\n\t<meta property=\"og:image:width\" content=\"1920\" \/>\n\t<meta property=\"og:image:height\" content=\"1724\" \/>\n\t<meta property=\"og:image:type\" content=\"image\/jpeg\" \/>\n<meta name=\"author\" content=\"Charlotta Burman\" \/>\n<meta name=\"twitter:card\" content=\"summary_large_image\" \/>\n<meta name=\"twitter:label1\" content=\"Skriven av\" \/>\n\t<meta name=\"twitter:data1\" content=\"Charlotta Burman\" \/>\n<script type=\"application\/ld+json\" class=\"yoast-schema-graph\">{\"@context\":\"https:\\\/\\\/schema.org\",\"@graph\":[{\"@type\":\"Article\",\"@id\":\"https:\\\/\\\/wp.kristdemokraterna.se\\\/pitea\\\/kd-vill-starka-apotekens-roll-for-att-avlasta-sjukvarden\\\/#article\",\"isPartOf\":{\"@id\":\"https:\\\/\\\/wp.kristdemokraterna.se\\\/pitea\\\/kd-vill-starka-apotekens-roll-for-att-avlasta-sjukvarden\\\/\"},\"author\":{\"name\":\"Charlotta Burman\",\"@id\":\"https:\\\/\\\/wp.kristdemokraterna.se\\\/pitea\\\/#\\\/schema\\\/person\\\/db9e90e3d802950af7a0ac8336a625da\"},\"headline\":\"KD vill st\u00e4rka apotekens roll f\u00f6r att avlasta sjukv\u00e5rden\",\"datePublished\":\"2017-09-12T08:50:13+00:00\",\"dateModified\":\"2017-09-12T09:05:12+00:00\",\"mainEntityOfPage\":{\"@id\":\"https:\\\/\\\/wp.kristdemokraterna.se\\\/pitea\\\/kd-vill-starka-apotekens-roll-for-att-avlasta-sjukvarden\\\/\"},\"wordCount\":16,\"image\":{\"@id\":\"https:\\\/\\\/wp.kristdemokraterna.se\\\/pitea\\\/kd-vill-starka-apotekens-roll-for-att-avlasta-sjukvarden\\\/#primaryimage\"},\"thumbnailUrl\":\"https:\\\/\\\/wp.kristdemokraterna.se\\\/pitea\\\/files\\\/2017\\\/09\\\/heart-2338154_1920.jpg\",\"articleSection\":[\"KD Pite\u00e5\"],\"inLanguage\":\"sv-SE\"},{\"@type\":\"WebPage\",\"@id\":\"https:\\\/\\\/wp.kristdemokraterna.se\\\/pitea\\\/kd-vill-starka-apotekens-roll-for-att-avlasta-sjukvarden\\\/\",\"url\":\"https:\\\/\\\/wp.kristdemokraterna.se\\\/pitea\\\/kd-vill-starka-apotekens-roll-for-att-avlasta-sjukvarden\\\/\",\"name\":\"KD vill st\u00e4rka apotekens roll f\u00f6r att avlasta sjukv\u00e5rden - Kristdemokraterna Pite\u00e5\",\"isPartOf\":{\"@id\":\"https:\\\/\\\/wp.kristdemokraterna.se\\\/pitea\\\/#website\"},\"primaryImageOfPage\":{\"@id\":\"https:\\\/\\\/wp.kristdemokraterna.se\\\/pitea\\\/kd-vill-starka-apotekens-roll-for-att-avlasta-sjukvarden\\\/#primaryimage\"},\"image\":{\"@id\":\"https:\\\/\\\/wp.kristdemokraterna.se\\\/pitea\\\/kd-vill-starka-apotekens-roll-for-att-avlasta-sjukvarden\\\/#primaryimage\"},\"thumbnailUrl\":\"https:\\\/\\\/wp.kristdemokraterna.se\\\/pitea\\\/files\\\/2017\\\/09\\\/heart-2338154_1920.jpg\",\"datePublished\":\"2017-09-12T08:50:13+00:00\",\"dateModified\":\"2017-09-12T09:05:12+00:00\",\"author\":{\"@id\":\"https:\\\/\\\/wp.kristdemokraterna.se\\\/pitea\\\/#\\\/schema\\\/person\\\/db9e90e3d802950af7a0ac8336a625da\"},\"breadcrumb\":{\"@id\":\"https:\\\/\\\/wp.kristdemokraterna.se\\\/pitea\\\/kd-vill-starka-apotekens-roll-for-att-avlasta-sjukvarden\\\/#breadcrumb\"},\"inLanguage\":\"sv-SE\",\"potentialAction\":[{\"@type\":\"ReadAction\",\"target\":[\"https:\\\/\\\/wp.kristdemokraterna.se\\\/pitea\\\/kd-vill-starka-apotekens-roll-for-att-avlasta-sjukvarden\\\/\"]}]},{\"@type\":\"ImageObject\",\"inLanguage\":\"sv-SE\",\"@id\":\"https:\\\/\\\/wp.kristdemokraterna.se\\\/pitea\\\/kd-vill-starka-apotekens-roll-for-att-avlasta-sjukvarden\\\/#primaryimage\",\"url\":\"https:\\\/\\\/wp.kristdemokraterna.se\\\/pitea\\\/files\\\/2017\\\/09\\\/heart-2338154_1920.jpg\",\"contentUrl\":\"https:\\\/\\\/wp.kristdemokraterna.se\\\/pitea\\\/files\\\/2017\\\/09\\\/heart-2338154_1920.jpg\",\"width\":1920,\"height\":1724},{\"@type\":\"BreadcrumbList\",\"@id\":\"https:\\\/\\\/wp.kristdemokraterna.se\\\/pitea\\\/kd-vill-starka-apotekens-roll-for-att-avlasta-sjukvarden\\\/#breadcrumb\",\"itemListElement\":[{\"@type\":\"ListItem\",\"position\":1,\"name\":\"Hem\",\"item\":\"https:\\\/\\\/wp.kristdemokraterna.se\\\/pitea\\\/\"},{\"@type\":\"ListItem\",\"position\":2,\"name\":\"KD vill st\u00e4rka apotekens roll f\u00f6r att avlasta sjukv\u00e5rden\"}]},{\"@type\":\"WebSite\",\"@id\":\"https:\\\/\\\/wp.kristdemokraterna.se\\\/pitea\\\/#website\",\"url\":\"https:\\\/\\\/wp.kristdemokraterna.se\\\/pitea\\\/\",\"name\":\"Kristdemokraterna Pite\u00e5\",\"description\":\"Trygga familjer bygger ett tryggare Sverige\",\"inLanguage\":\"sv-SE\"},{\"@type\":\"Person\",\"@id\":\"https:\\\/\\\/wp.kristdemokraterna.se\\\/pitea\\\/#\\\/schema\\\/person\\\/db9e90e3d802950af7a0ac8336a625da\",\"name\":\"Charlotta Burman\",\"image\":{\"@type\":\"ImageObject\",\"inLanguage\":\"sv-SE\",\"@id\":\"https:\\\/\\\/secure.gravatar.com\\\/avatar\\\/89bee22518553877e7f2f600ca146a42e65908e5fd55043c0459319e20022f4b?s=96&d=mm&r=g\",\"url\":\"https:\\\/\\\/secure.gravatar.com\\\/avatar\\\/89bee22518553877e7f2f600ca146a42e65908e5fd55043c0459319e20022f4b?s=96&d=mm&r=g\",\"contentUrl\":\"https:\\\/\\\/secure.gravatar.com\\\/avatar\\\/89bee22518553877e7f2f600ca146a42e65908e5fd55043c0459319e20022f4b?s=96&d=mm&r=g\",\"caption\":\"Charlotta Burman\"},\"url\":\"https:\\\/\\\/wp.kristdemokraterna.se\\\/pitea\\\/author\\\/charlotta\\\/\"}]}<\/script>\n<!-- \/ Yoast SEO plugin. -->","yoast_head_json":{"title":"KD vill st\u00e4rka apotekens roll f\u00f6r att avlasta sjukv\u00e5rden - Kristdemokraterna Pite\u00e5","robots":{"index":"index","follow":"follow","max-snippet":"max-snippet:-1","max-image-preview":"max-image-preview:large","max-video-preview":"max-video-preview:-1"},"canonical":"https:\/\/wp.kristdemokraterna.se\/pitea\/kd-vill-starka-apotekens-roll-for-att-avlasta-sjukvarden\/","og_locale":"sv_SE","og_type":"article","og_title":"KD vill st\u00e4rka apotekens roll f\u00f6r att avlasta sjukv\u00e5rden - Kristdemokraterna Pite\u00e5","og_description":"https:\/\/kristdemokraterna.se\/kd-vill-starka-apotekens-roll-for-att-avlasta-sjukvarden\/","og_url":"https:\/\/wp.kristdemokraterna.se\/pitea\/kd-vill-starka-apotekens-roll-for-att-avlasta-sjukvarden\/","og_site_name":"Kristdemokraterna Pite\u00e5","article_published_time":"2017-09-12T08:50:13+00:00","article_modified_time":"2017-09-12T09:05:12+00:00","og_image":[{"width":1920,"height":1724,"url":"https:\/\/wp.kristdemokraterna.se\/pitea\/files\/2017\/09\/heart-2338154_1920.jpg","type":"image\/jpeg"}],"author":"Charlotta Burman","twitter_card":"summary_large_image","twitter_misc":{"Skriven av":"Charlotta Burman"},"schema":{"@context":"https:\/\/schema.org","@graph":[{"@type":"Article","@id":"https:\/\/wp.kristdemokraterna.se\/pitea\/kd-vill-starka-apotekens-roll-for-att-avlasta-sjukvarden\/#article","isPartOf":{"@id":"https:\/\/wp.kristdemokraterna.se\/pitea\/kd-vill-starka-apotekens-roll-for-att-avlasta-sjukvarden\/"},"author":{"name":"Charlotta Burman","@id":"https:\/\/wp.kristdemokraterna.se\/pitea\/#\/schema\/person\/db9e90e3d802950af7a0ac8336a625da"},"headline":"KD vill st\u00e4rka apotekens roll f\u00f6r att avlasta sjukv\u00e5rden","datePublished":"2017-09-12T08:50:13+00:00","dateModified":"2017-09-12T09:05:12+00:00","mainEntityOfPage":{"@id":"https:\/\/wp.kristdemokraterna.se\/pitea\/kd-vill-starka-apotekens-roll-for-att-avlasta-sjukvarden\/"},"wordCount":16,"image":{"@id":"https:\/\/wp.kristdemokraterna.se\/pitea\/kd-vill-starka-apotekens-roll-for-att-avlasta-sjukvarden\/#primaryimage"},"thumbnailUrl":"https:\/\/wp.kristdemokraterna.se\/pitea\/files\/2017\/09\/heart-2338154_1920.jpg","articleSection":["KD Pite\u00e5"],"inLanguage":"sv-SE"},{"@type":"WebPage","@id":"https:\/\/wp.kristdemokraterna.se\/pitea\/kd-vill-starka-apotekens-roll-for-att-avlasta-sjukvarden\/","url":"https:\/\/wp.kristdemokraterna.se\/pitea\/kd-vill-starka-apotekens-roll-for-att-avlasta-sjukvarden\/","name":"KD vill st\u00e4rka apotekens roll f\u00f6r att avlasta sjukv\u00e5rden - Kristdemokraterna Pite\u00e5","isPartOf":{"@id":"https:\/\/wp.kristdemokraterna.se\/pitea\/#website"},"primaryImageOfPage":{"@id":"https:\/\/wp.kristdemokraterna.se\/pitea\/kd-vill-starka-apotekens-roll-for-att-avlasta-sjukvarden\/#primaryimage"},"image":{"@id":"https:\/\/wp.kristdemokraterna.se\/pitea\/kd-vill-starka-apotekens-roll-for-att-avlasta-sjukvarden\/#primaryimage"},"thumbnailUrl":"https:\/\/wp.kristdemokraterna.se\/pitea\/files\/2017\/09\/heart-2338154_1920.jpg","datePublished":"2017-09-12T08:50:13+00:00","dateModified":"2017-09-12T09:05:12+00:00","author":{"@id":"https:\/\/wp.kristdemokraterna.se\/pitea\/#\/schema\/person\/db9e90e3d802950af7a0ac8336a625da"},"breadcrumb":{"@id":"https:\/\/wp.kristdemokraterna.se\/pitea\/kd-vill-starka-apotekens-roll-for-att-avlasta-sjukvarden\/#breadcrumb"},"inLanguage":"sv-SE","potentialAction":[{"@type":"ReadAction","target":["https:\/\/wp.kristdemokraterna.se\/pitea\/kd-vill-starka-apotekens-roll-for-att-avlasta-sjukvarden\/"]}]},{"@type":"ImageObject","inLanguage":"sv-SE","@id":"https:\/\/wp.kristdemokraterna.se\/pitea\/kd-vill-starka-apotekens-roll-for-att-avlasta-sjukvarden\/#primaryimage","url":"https:\/\/wp.kristdemokraterna.se\/pitea\/files\/2017\/09\/heart-2338154_1920.jpg","contentUrl":"https:\/\/wp.kristdemokraterna.se\/pitea\/files\/2017\/09\/heart-2338154_1920.jpg","width":1920,"height":1724},{"@type":"BreadcrumbList","@id":"https:\/\/wp.kristdemokraterna.se\/pitea\/kd-vill-starka-apotekens-roll-for-att-avlasta-sjukvarden\/#breadcrumb","itemListElement":[{"@type":"ListItem","position":1,"name":"Hem","item":"https:\/\/wp.kristdemokraterna.se\/pitea\/"},{"@type":"ListItem","position":2,"name":"KD vill st\u00e4rka apotekens roll f\u00f6r att avlasta sjukv\u00e5rden"}]},{"@type":"WebSite","@id":"https:\/\/wp.kristdemokraterna.se\/pitea\/#website","url":"https:\/\/wp.kristdemokraterna.se\/pitea\/","name":"Kristdemokraterna Pite\u00e5","description":"Trygga familjer bygger ett tryggare Sverige","inLanguage":"sv-SE"},{"@type":"Person","@id":"https:\/\/wp.kristdemokraterna.se\/pitea\/#\/schema\/person\/db9e90e3d802950af7a0ac8336a625da","name":"Charlotta Burman","image":{"@type":"ImageObject","inLanguage":"sv-SE","@id":"https:\/\/secure.gravatar.com\/avatar\/89bee22518553877e7f2f600ca146a42e65908e5fd55043c0459319e20022f4b?s=96&d=mm&r=g","url":"https:\/\/secure.gravatar.com\/avatar\/89bee22518553877e7f2f600ca146a42e65908e5fd55043c0459319e20022f4b?s=96&d=mm&r=g","contentUrl":"https:\/\/secure.gravatar.com\/avatar\/89bee22518553877e7f2f600ca146a42e65908e5fd55043c0459319e20022f4b?s=96&d=mm&r=g","caption":"Charlotta Burman"},"url":"https:\/\/wp.kristdemokraterna.se\/pitea\/author\/charlotta\/"}]}},"_links":{"self":[{"href":"https:\/\/wp.kristdemokraterna.se\/pitea\/wp-json\/wp\/v2\/posts\/312","targetHints":{"allow":["GET"]}}],"collection":[{"href":"https:\/\/wp.kristdemokraterna.se\/pitea\/wp-json\/wp\/v2\/posts"}],"about":[{"href":"https:\/\/wp.kristdemokraterna.se\/pitea\/wp-json\/wp\/v2\/types\/post"}],"author":[{"embeddable":true,"href":"https:\/\/wp.kristdemokraterna.se\/pitea\/wp-json\/wp\/v2\/users\/693"}],"replies":[{"embeddable":true,"href":"https:\/\/wp.kristdemokraterna.se\/pitea\/wp-json\/wp\/v2\/comments?post=312"}],"version-history":[{"count":1,"href":"https:\/\/wp.kristdemokraterna.se\/pitea\/wp-json\/wp\/v2\/posts\/312\/revisions"}],"predecessor-version":[{"id":313,"href":"https:\/\/wp.kristdemokraterna.se\/pitea\/wp-json\/wp\/v2\/posts\/312\/revisions\/313"}],"wp:featuredmedia":[{"embeddable":true,"href":"https:\/\/wp.kristdemokraterna.se\/pitea\/wp-json\/wp\/v2\/media\/314"}],"wp:attachment":[{"href":"https:\/\/wp.kristdemokraterna.se\/pitea\/wp-json\/wp\/v2\/media?parent=312"}],"wp:term":[{"taxonomy":"category","embeddable":true,"href":"https:\/\/wp.kristdemokraterna.se\/pitea\/wp-json\/wp\/v2\/categories?post=312"},{"taxonomy":"post_tag","embeddable":true,"href":"https:\/\/wp.kristdemokraterna.se\/pitea\/wp-json\/wp\/v2\/tags?post=312"}],"curies":[{"name":"wp","href":"https:\/\/api.w.org\/{rel}","templated":true}]}}