{"id":58,"date":"2015-03-10T11:29:11","date_gmt":"2015-03-10T10:29:11","guid":{"rendered":"http:\/\/wp.kristdemokraterna.se\/pitea\/?p=58"},"modified":"2019-03-05T10:10:28","modified_gmt":"2019-03-05T09:10:28","slug":"ebba-busch-thor-pa-besok","status":"publish","type":"post","link":"https:\/\/wp.kristdemokraterna.se\/pitea\/ebba-busch-thor-pa-besok\/","title":{"rendered":"Ebba Busch Thor p\u00e5 bes\u00f6k"},"content":{"rendered":"<p>V\u00e5rens distriktsst\u00e4mma h\u00e5lls L\u00f6rdag den 14 mars p\u00e5 Klippans ungdomsg\u00e5rd i Sunderbyn. Ebba Busch Thor kommer p\u00e5 bes\u00f6k och det ser vi fram emot.<\/p>\n<p>L\u00e4s mer p\u00e5 <a href=\"http:\/\/www.norrbotten.kristdemokraterna.se\/web-Norrbotten-content\/web-Norrbotten-nyheter\/I053EA68B\" target=\"_blank\" rel=\"noopener noreferrer\">Kristdemokraterna Norrbotten<\/a><\/p>\n","protected":false},"excerpt":{"rendered":"<p>V\u00e5rens distriktsst\u00e4mma h\u00e5lls L\u00f6rdag den 14 mars p\u00e5 Klippans ungdomsg\u00e5rd i Sunderbyn. Ebba Busch Thor kommer p\u00e5 bes\u00f6k och det ser vi fram emot. L\u00e4s mer p\u00e5 Kristdemokraterna Norrbotten<\/p>\n","protected":false},"author":693,"featured_media":260,"comment_status":"closed","ping_status":"closed","sticky":false,"template":"","format":"standard","meta":{"_acf_changed":false,"footnotes":""},"categories":[19],"tags":[34],"class_list":["post-58","post","type-post","status-publish","format-standard","hentry","category-kd-pitea","tag-distriktet"],"acf":[],"yoast_head":"<!-- This site is optimized with the Yoast SEO plugin v27.4 - https:\/\/yoast.com\/product\/yoast-seo-wordpress\/ -->\n<title>Ebba Busch Thor p\u00e5 bes\u00f6k - Kristdemokraterna Pite\u00e5<\/title>\n<meta name=\"robots\" content=\"index, follow, max-snippet:-1, max-image-preview:large, max-video-preview:-1\" \/>\n<link rel=\"canonical\" href=\"https:\/\/wp.kristdemokraterna.se\/pitea\/ebba-busch-thor-pa-besok\/\" \/>\n<meta property=\"og:locale\" content=\"sv_SE\" \/>\n<meta property=\"og:type\" content=\"article\" \/>\n<meta property=\"og:title\" content=\"Ebba Busch Thor p\u00e5 bes\u00f6k - Kristdemokraterna Pite\u00e5\" \/>\n<meta property=\"og:description\" content=\"V\u00e5rens distriktsst\u00e4mma h\u00e5lls L\u00f6rdag den 14 mars p\u00e5 Klippans ungdomsg\u00e5rd i Sunderbyn. Ebba Busch Thor kommer p\u00e5 bes\u00f6k och det ser vi fram emot. L\u00e4s mer p\u00e5 Kristdemokraterna Norrbotten\" \/>\n<meta property=\"og:url\" content=\"https:\/\/wp.kristdemokraterna.se\/pitea\/ebba-busch-thor-pa-besok\/\" \/>\n<meta property=\"og:site_name\" content=\"Kristdemokraterna Pite\u00e5\" \/>\n<meta property=\"article:published_time\" content=\"2015-03-10T10:29:11+00:00\" \/>\n<meta property=\"article:modified_time\" content=\"2019-03-05T09:10:28+00:00\" \/>\n<meta property=\"og:image\" content=\"https:\/\/wp.kristdemokraterna.se\/pitea\/files\/2017\/07\/fam-rost-high.jpg\" \/>\n\t<meta property=\"og:image:width\" content=\"90\" \/>\n\t<meta property=\"og:image:height\" content=\"120\" \/>\n\t<meta property=\"og:image:type\" content=\"image\/jpeg\" \/>\n<meta name=\"author\" content=\"Charlotta Burman\" \/>\n<meta name=\"twitter:card\" content=\"summary_large_image\" \/>\n<meta name=\"twitter:label1\" content=\"Skriven av\" \/>\n\t<meta name=\"twitter:data1\" content=\"Charlotta Burman\" \/>\n<script type=\"application\/ld+json\" class=\"yoast-schema-graph\">{\"@context\":\"https:\\\/\\\/schema.org\",\"@graph\":[{\"@type\":\"Article\",\"@id\":\"https:\\\/\\\/wp.kristdemokraterna.se\\\/pitea\\\/ebba-busch-thor-pa-besok\\\/#article\",\"isPartOf\":{\"@id\":\"https:\\\/\\\/wp.kristdemokraterna.se\\\/pitea\\\/ebba-busch-thor-pa-besok\\\/\"},\"author\":{\"name\":\"Charlotta Burman\",\"@id\":\"https:\\\/\\\/wp.kristdemokraterna.se\\\/pitea\\\/#\\\/schema\\\/person\\\/db9e90e3d802950af7a0ac8336a625da\"},\"headline\":\"Ebba Busch Thor p\u00e5 bes\u00f6k\",\"datePublished\":\"2015-03-10T10:29:11+00:00\",\"dateModified\":\"2019-03-05T09:10:28+00:00\",\"mainEntityOfPage\":{\"@id\":\"https:\\\/\\\/wp.kristdemokraterna.se\\\/pitea\\\/ebba-busch-thor-pa-besok\\\/\"},\"wordCount\":41,\"image\":{\"@id\":\"https:\\\/\\\/wp.kristdemokraterna.se\\\/pitea\\\/ebba-busch-thor-pa-besok\\\/#primaryimage\"},\"thumbnailUrl\":\"https:\\\/\\\/wp.kristdemokraterna.se\\\/pitea\\\/files\\\/2017\\\/07\\\/fam-rost-high.jpg\",\"keywords\":[\"Distriktet\"],\"articleSection\":[\"KD Pite\u00e5\"],\"inLanguage\":\"sv-SE\"},{\"@type\":\"WebPage\",\"@id\":\"https:\\\/\\\/wp.kristdemokraterna.se\\\/pitea\\\/ebba-busch-thor-pa-besok\\\/\",\"url\":\"https:\\\/\\\/wp.kristdemokraterna.se\\\/pitea\\\/ebba-busch-thor-pa-besok\\\/\",\"name\":\"Ebba Busch Thor p\u00e5 bes\u00f6k - Kristdemokraterna Pite\u00e5\",\"isPartOf\":{\"@id\":\"https:\\\/\\\/wp.kristdemokraterna.se\\\/pitea\\\/#website\"},\"primaryImageOfPage\":{\"@id\":\"https:\\\/\\\/wp.kristdemokraterna.se\\\/pitea\\\/ebba-busch-thor-pa-besok\\\/#primaryimage\"},\"image\":{\"@id\":\"https:\\\/\\\/wp.kristdemokraterna.se\\\/pitea\\\/ebba-busch-thor-pa-besok\\\/#primaryimage\"},\"thumbnailUrl\":\"https:\\\/\\\/wp.kristdemokraterna.se\\\/pitea\\\/files\\\/2017\\\/07\\\/fam-rost-high.jpg\",\"datePublished\":\"2015-03-10T10:29:11+00:00\",\"dateModified\":\"2019-03-05T09:10:28+00:00\",\"author\":{\"@id\":\"https:\\\/\\\/wp.kristdemokraterna.se\\\/pitea\\\/#\\\/schema\\\/person\\\/db9e90e3d802950af7a0ac8336a625da\"},\"breadcrumb\":{\"@id\":\"https:\\\/\\\/wp.kristdemokraterna.se\\\/pitea\\\/ebba-busch-thor-pa-besok\\\/#breadcrumb\"},\"inLanguage\":\"sv-SE\",\"potentialAction\":[{\"@type\":\"ReadAction\",\"target\":[\"https:\\\/\\\/wp.kristdemokraterna.se\\\/pitea\\\/ebba-busch-thor-pa-besok\\\/\"]}]},{\"@type\":\"ImageObject\",\"inLanguage\":\"sv-SE\",\"@id\":\"https:\\\/\\\/wp.kristdemokraterna.se\\\/pitea\\\/ebba-busch-thor-pa-besok\\\/#primaryimage\",\"url\":\"https:\\\/\\\/wp.kristdemokraterna.se\\\/pitea\\\/files\\\/2017\\\/07\\\/fam-rost-high.jpg\",\"contentUrl\":\"https:\\\/\\\/wp.kristdemokraterna.se\\\/pitea\\\/files\\\/2017\\\/07\\\/fam-rost-high.jpg\",\"width\":90,\"height\":120},{\"@type\":\"BreadcrumbList\",\"@id\":\"https:\\\/\\\/wp.kristdemokraterna.se\\\/pitea\\\/ebba-busch-thor-pa-besok\\\/#breadcrumb\",\"itemListElement\":[{\"@type\":\"ListItem\",\"position\":1,\"name\":\"Hem\",\"item\":\"https:\\\/\\\/wp.kristdemokraterna.se\\\/pitea\\\/\"},{\"@type\":\"ListItem\",\"position\":2,\"name\":\"Ebba Busch Thor p\u00e5 bes\u00f6k\"}]},{\"@type\":\"WebSite\",\"@id\":\"https:\\\/\\\/wp.kristdemokraterna.se\\\/pitea\\\/#website\",\"url\":\"https:\\\/\\\/wp.kristdemokraterna.se\\\/pitea\\\/\",\"name\":\"Kristdemokraterna Pite\u00e5\",\"description\":\"Trygga familjer bygger ett tryggare Sverige\",\"inLanguage\":\"sv-SE\"},{\"@type\":\"Person\",\"@id\":\"https:\\\/\\\/wp.kristdemokraterna.se\\\/pitea\\\/#\\\/schema\\\/person\\\/db9e90e3d802950af7a0ac8336a625da\",\"name\":\"Charlotta Burman\",\"image\":{\"@type\":\"ImageObject\",\"inLanguage\":\"sv-SE\",\"@id\":\"https:\\\/\\\/secure.gravatar.com\\\/avatar\\\/89bee22518553877e7f2f600ca146a42e65908e5fd55043c0459319e20022f4b?s=96&d=mm&r=g\",\"url\":\"https:\\\/\\\/secure.gravatar.com\\\/avatar\\\/89bee22518553877e7f2f600ca146a42e65908e5fd55043c0459319e20022f4b?s=96&d=mm&r=g\",\"contentUrl\":\"https:\\\/\\\/secure.gravatar.com\\\/avatar\\\/89bee22518553877e7f2f600ca146a42e65908e5fd55043c0459319e20022f4b?s=96&d=mm&r=g\",\"caption\":\"Charlotta Burman\"},\"url\":\"https:\\\/\\\/wp.kristdemokraterna.se\\\/pitea\\\/author\\\/charlotta\\\/\"}]}<\/script>\n<!-- \/ Yoast SEO plugin. -->","yoast_head_json":{"title":"Ebba Busch Thor p\u00e5 bes\u00f6k - Kristdemokraterna Pite\u00e5","robots":{"index":"index","follow":"follow","max-snippet":"max-snippet:-1","max-image-preview":"max-image-preview:large","max-video-preview":"max-video-preview:-1"},"canonical":"https:\/\/wp.kristdemokraterna.se\/pitea\/ebba-busch-thor-pa-besok\/","og_locale":"sv_SE","og_type":"article","og_title":"Ebba Busch Thor p\u00e5 bes\u00f6k - Kristdemokraterna Pite\u00e5","og_description":"V\u00e5rens distriktsst\u00e4mma h\u00e5lls L\u00f6rdag den 14 mars p\u00e5 Klippans ungdomsg\u00e5rd i Sunderbyn. Ebba Busch Thor kommer p\u00e5 bes\u00f6k och det ser vi fram emot. L\u00e4s mer p\u00e5 Kristdemokraterna Norrbotten","og_url":"https:\/\/wp.kristdemokraterna.se\/pitea\/ebba-busch-thor-pa-besok\/","og_site_name":"Kristdemokraterna Pite\u00e5","article_published_time":"2015-03-10T10:29:11+00:00","article_modified_time":"2019-03-05T09:10:28+00:00","og_image":[{"width":90,"height":120,"url":"https:\/\/wp.kristdemokraterna.se\/pitea\/files\/2017\/07\/fam-rost-high.jpg","type":"image\/jpeg"}],"author":"Charlotta Burman","twitter_card":"summary_large_image","twitter_misc":{"Skriven av":"Charlotta Burman"},"schema":{"@context":"https:\/\/schema.org","@graph":[{"@type":"Article","@id":"https:\/\/wp.kristdemokraterna.se\/pitea\/ebba-busch-thor-pa-besok\/#article","isPartOf":{"@id":"https:\/\/wp.kristdemokraterna.se\/pitea\/ebba-busch-thor-pa-besok\/"},"author":{"name":"Charlotta Burman","@id":"https:\/\/wp.kristdemokraterna.se\/pitea\/#\/schema\/person\/db9e90e3d802950af7a0ac8336a625da"},"headline":"Ebba Busch Thor p\u00e5 bes\u00f6k","datePublished":"2015-03-10T10:29:11+00:00","dateModified":"2019-03-05T09:10:28+00:00","mainEntityOfPage":{"@id":"https:\/\/wp.kristdemokraterna.se\/pitea\/ebba-busch-thor-pa-besok\/"},"wordCount":41,"image":{"@id":"https:\/\/wp.kristdemokraterna.se\/pitea\/ebba-busch-thor-pa-besok\/#primaryimage"},"thumbnailUrl":"https:\/\/wp.kristdemokraterna.se\/pitea\/files\/2017\/07\/fam-rost-high.jpg","keywords":["Distriktet"],"articleSection":["KD Pite\u00e5"],"inLanguage":"sv-SE"},{"@type":"WebPage","@id":"https:\/\/wp.kristdemokraterna.se\/pitea\/ebba-busch-thor-pa-besok\/","url":"https:\/\/wp.kristdemokraterna.se\/pitea\/ebba-busch-thor-pa-besok\/","name":"Ebba Busch Thor p\u00e5 bes\u00f6k - Kristdemokraterna Pite\u00e5","isPartOf":{"@id":"https:\/\/wp.kristdemokraterna.se\/pitea\/#website"},"primaryImageOfPage":{"@id":"https:\/\/wp.kristdemokraterna.se\/pitea\/ebba-busch-thor-pa-besok\/#primaryimage"},"image":{"@id":"https:\/\/wp.kristdemokraterna.se\/pitea\/ebba-busch-thor-pa-besok\/#primaryimage"},"thumbnailUrl":"https:\/\/wp.kristdemokraterna.se\/pitea\/files\/2017\/07\/fam-rost-high.jpg","datePublished":"2015-03-10T10:29:11+00:00","dateModified":"2019-03-05T09:10:28+00:00","author":{"@id":"https:\/\/wp.kristdemokraterna.se\/pitea\/#\/schema\/person\/db9e90e3d802950af7a0ac8336a625da"},"breadcrumb":{"@id":"https:\/\/wp.kristdemokraterna.se\/pitea\/ebba-busch-thor-pa-besok\/#breadcrumb"},"inLanguage":"sv-SE","potentialAction":[{"@type":"ReadAction","target":["https:\/\/wp.kristdemokraterna.se\/pitea\/ebba-busch-thor-pa-besok\/"]}]},{"@type":"ImageObject","inLanguage":"sv-SE","@id":"https:\/\/wp.kristdemokraterna.se\/pitea\/ebba-busch-thor-pa-besok\/#primaryimage","url":"https:\/\/wp.kristdemokraterna.se\/pitea\/files\/2017\/07\/fam-rost-high.jpg","contentUrl":"https:\/\/wp.kristdemokraterna.se\/pitea\/files\/2017\/07\/fam-rost-high.jpg","width":90,"height":120},{"@type":"BreadcrumbList","@id":"https:\/\/wp.kristdemokraterna.se\/pitea\/ebba-busch-thor-pa-besok\/#breadcrumb","itemListElement":[{"@type":"ListItem","position":1,"name":"Hem","item":"https:\/\/wp.kristdemokraterna.se\/pitea\/"},{"@type":"ListItem","position":2,"name":"Ebba Busch Thor p\u00e5 bes\u00f6k"}]},{"@type":"WebSite","@id":"https:\/\/wp.kristdemokraterna.se\/pitea\/#website","url":"https:\/\/wp.kristdemokraterna.se\/pitea\/","name":"Kristdemokraterna Pite\u00e5","description":"Trygga familjer bygger ett tryggare Sverige","inLanguage":"sv-SE"},{"@type":"Person","@id":"https:\/\/wp.kristdemokraterna.se\/pitea\/#\/schema\/person\/db9e90e3d802950af7a0ac8336a625da","name":"Charlotta Burman","image":{"@type":"ImageObject","inLanguage":"sv-SE","@id":"https:\/\/secure.gravatar.com\/avatar\/89bee22518553877e7f2f600ca146a42e65908e5fd55043c0459319e20022f4b?s=96&d=mm&r=g","url":"https:\/\/secure.gravatar.com\/avatar\/89bee22518553877e7f2f600ca146a42e65908e5fd55043c0459319e20022f4b?s=96&d=mm&r=g","contentUrl":"https:\/\/secure.gravatar.com\/avatar\/89bee22518553877e7f2f600ca146a42e65908e5fd55043c0459319e20022f4b?s=96&d=mm&r=g","caption":"Charlotta Burman"},"url":"https:\/\/wp.kristdemokraterna.se\/pitea\/author\/charlotta\/"}]}},"_links":{"self":[{"href":"https:\/\/wp.kristdemokraterna.se\/pitea\/wp-json\/wp\/v2\/posts\/58","targetHints":{"allow":["GET"]}}],"collection":[{"href":"https:\/\/wp.kristdemokraterna.se\/pitea\/wp-json\/wp\/v2\/posts"}],"about":[{"href":"https:\/\/wp.kristdemokraterna.se\/pitea\/wp-json\/wp\/v2\/types\/post"}],"author":[{"embeddable":true,"href":"https:\/\/wp.kristdemokraterna.se\/pitea\/wp-json\/wp\/v2\/users\/693"}],"replies":[{"embeddable":true,"href":"https:\/\/wp.kristdemokraterna.se\/pitea\/wp-json\/wp\/v2\/comments?post=58"}],"version-history":[{"count":4,"href":"https:\/\/wp.kristdemokraterna.se\/pitea\/wp-json\/wp\/v2\/posts\/58\/revisions"}],"predecessor-version":[{"id":430,"href":"https:\/\/wp.kristdemokraterna.se\/pitea\/wp-json\/wp\/v2\/posts\/58\/revisions\/430"}],"wp:featuredmedia":[{"embeddable":true,"href":"https:\/\/wp.kristdemokraterna.se\/pitea\/wp-json\/wp\/v2\/media\/260"}],"wp:attachment":[{"href":"https:\/\/wp.kristdemokraterna.se\/pitea\/wp-json\/wp\/v2\/media?parent=58"}],"wp:term":[{"taxonomy":"category","embeddable":true,"href":"https:\/\/wp.kristdemokraterna.se\/pitea\/wp-json\/wp\/v2\/categories?post=58"},{"taxonomy":"post_tag","embeddable":true,"href":"https:\/\/wp.kristdemokraterna.se\/pitea\/wp-json\/wp\/v2\/tags?post=58"}],"curies":[{"name":"wp","href":"https:\/\/api.w.org\/{rel}","templated":true}]}}