{"id":592,"date":"2022-06-11T09:10:25","date_gmt":"2022-06-11T07:10:25","guid":{"rendered":"https:\/\/wp.kristdemokraterna.se\/pitea\/?p=592"},"modified":"2022-06-11T09:19:09","modified_gmt":"2022-06-11T07:19:09","slug":"redo-att-satsa-pa-familjen-och-aldre","status":"publish","type":"post","link":"https:\/\/wp.kristdemokraterna.se\/pitea\/redo-att-satsa-pa-familjen-och-aldre\/","title":{"rendered":"REDO ATT SATSA P\u00c5 FAMILJEN OCH \u00c4LDRE"},"content":{"rendered":"<p><a href=\"http:\/\/wp.kristdemokraterna.se\/pitea\/files\/2022\/06\/712133c7-7655-46e2-90ac-b124cd9bc221.png\"><img loading=\"lazy\" decoding=\"async\" class=\"aligncenter size-large wp-image-593\" src=\"http:\/\/wp.kristdemokraterna.se\/pitea\/files\/2022\/06\/712133c7-7655-46e2-90ac-b124cd9bc221-1024x724.png\" alt=\"\" width=\"1024\" height=\"724\" srcset=\"https:\/\/wp.kristdemokraterna.se\/pitea\/files\/2022\/06\/712133c7-7655-46e2-90ac-b124cd9bc221-1024x724.png 1024w, https:\/\/wp.kristdemokraterna.se\/pitea\/files\/2022\/06\/712133c7-7655-46e2-90ac-b124cd9bc221-300x212.png 300w, https:\/\/wp.kristdemokraterna.se\/pitea\/files\/2022\/06\/712133c7-7655-46e2-90ac-b124cd9bc221-768x543.png 768w, https:\/\/wp.kristdemokraterna.se\/pitea\/files\/2022\/06\/712133c7-7655-46e2-90ac-b124cd9bc221-1536x1086.png 1536w, https:\/\/wp.kristdemokraterna.se\/pitea\/files\/2022\/06\/712133c7-7655-46e2-90ac-b124cd9bc221-283x200.png 283w, https:\/\/wp.kristdemokraterna.se\/pitea\/files\/2022\/06\/712133c7-7655-46e2-90ac-b124cd9bc221-370x262.png 370w, https:\/\/wp.kristdemokraterna.se\/pitea\/files\/2022\/06\/712133c7-7655-46e2-90ac-b124cd9bc221-770x544.png 770w, https:\/\/wp.kristdemokraterna.se\/pitea\/files\/2022\/06\/712133c7-7655-46e2-90ac-b124cd9bc221-450x318.png 450w, https:\/\/wp.kristdemokraterna.se\/pitea\/files\/2022\/06\/712133c7-7655-46e2-90ac-b124cd9bc221-280x198.png 280w, https:\/\/wp.kristdemokraterna.se\/pitea\/files\/2022\/06\/712133c7-7655-46e2-90ac-b124cd9bc221-340x240.png 340w, https:\/\/wp.kristdemokraterna.se\/pitea\/files\/2022\/06\/712133c7-7655-46e2-90ac-b124cd9bc221-200x141.png 200w, https:\/\/wp.kristdemokraterna.se\/pitea\/files\/2022\/06\/712133c7-7655-46e2-90ac-b124cd9bc221-79x56.png 79w, https:\/\/wp.kristdemokraterna.se\/pitea\/files\/2022\/06\/712133c7-7655-46e2-90ac-b124cd9bc221.png 2000w\" sizes=\"auto, (max-width: 1024px) 100vw, 1024px\" \/><\/a><!--nextpage--><\/p>\n","protected":false},"excerpt":{"rendered":"","protected":false},"author":921,"featured_media":0,"comment_status":"closed","ping_status":"closed","sticky":false,"template":"","format":"standard","meta":{"_acf_changed":false,"footnotes":""},"categories":[19],"tags":[],"class_list":["post-592","post","type-post","status-publish","format-standard","hentry","category-kd-pitea"],"acf":[],"yoast_head":"<!-- This site is optimized with the Yoast SEO plugin v27.4 - https:\/\/yoast.com\/product\/yoast-seo-wordpress\/ -->\n<title>REDO ATT SATSA P\u00c5 FAMILJEN OCH \u00c4LDRE - Kristdemokraterna Pite\u00e5<\/title>\n<meta name=\"robots\" content=\"index, follow, max-snippet:-1, max-image-preview:large, max-video-preview:-1\" \/>\n<link rel=\"canonical\" href=\"https:\/\/wp.kristdemokraterna.se\/pitea\/redo-att-satsa-pa-familjen-och-aldre\/\" \/>\n<link rel=\"next\" href=\"https:\/\/wp.kristdemokraterna.se\/pitea\/redo-att-satsa-pa-familjen-och-aldre\/2\/\" \/>\n<meta property=\"og:locale\" content=\"sv_SE\" \/>\n<meta property=\"og:type\" content=\"article\" \/>\n<meta property=\"og:title\" content=\"REDO ATT SATSA P\u00c5 FAMILJEN OCH \u00c4LDRE - Kristdemokraterna Pite\u00e5\" \/>\n<meta property=\"og:url\" content=\"https:\/\/wp.kristdemokraterna.se\/pitea\/redo-att-satsa-pa-familjen-och-aldre\/\" \/>\n<meta property=\"og:site_name\" content=\"Kristdemokraterna Pite\u00e5\" \/>\n<meta property=\"article:published_time\" content=\"2022-06-11T07:10:25+00:00\" \/>\n<meta property=\"article:modified_time\" content=\"2022-06-11T07:19:09+00:00\" \/>\n<meta property=\"og:image\" content=\"http:\/\/wp.kristdemokraterna.se\/pitea\/files\/2022\/06\/712133c7-7655-46e2-90ac-b124cd9bc221-1024x724.png\" \/>\n<meta name=\"author\" content=\"bydaniel\" \/>\n<meta name=\"twitter:card\" content=\"summary_large_image\" \/>\n<meta name=\"twitter:label1\" content=\"Skriven av\" \/>\n\t<meta name=\"twitter:data1\" content=\"bydaniel\" \/>\n<script type=\"application\/ld+json\" class=\"yoast-schema-graph\">{\"@context\":\"https:\\\/\\\/schema.org\",\"@graph\":[{\"@type\":\"Article\",\"@id\":\"https:\\\/\\\/wp.kristdemokraterna.se\\\/pitea\\\/redo-att-satsa-pa-familjen-och-aldre\\\/#article\",\"isPartOf\":{\"@id\":\"https:\\\/\\\/wp.kristdemokraterna.se\\\/pitea\\\/redo-att-satsa-pa-familjen-och-aldre\\\/\"},\"author\":{\"name\":\"bydaniel\",\"@id\":\"https:\\\/\\\/wp.kristdemokraterna.se\\\/pitea\\\/#\\\/schema\\\/person\\\/ab44477102e90dd11a3b003043be8e25\"},\"headline\":\"REDO ATT SATSA P\u00c5 FAMILJEN OCH \u00c4LDRE\",\"datePublished\":\"2022-06-11T07:10:25+00:00\",\"dateModified\":\"2022-06-11T07:19:09+00:00\",\"mainEntityOfPage\":{\"@id\":\"https:\\\/\\\/wp.kristdemokraterna.se\\\/pitea\\\/redo-att-satsa-pa-familjen-och-aldre\\\/\"},\"wordCount\":7,\"image\":{\"@id\":\"https:\\\/\\\/wp.kristdemokraterna.se\\\/pitea\\\/redo-att-satsa-pa-familjen-och-aldre\\\/#primaryimage\"},\"thumbnailUrl\":\"http:\\\/\\\/wp.kristdemokraterna.se\\\/pitea\\\/files\\\/2022\\\/06\\\/712133c7-7655-46e2-90ac-b124cd9bc221-1024x724.png\",\"articleSection\":[\"KD Pite\u00e5\"],\"inLanguage\":\"sv-SE\"},{\"@type\":\"WebPage\",\"@id\":\"https:\\\/\\\/wp.kristdemokraterna.se\\\/pitea\\\/redo-att-satsa-pa-familjen-och-aldre\\\/\",\"url\":\"https:\\\/\\\/wp.kristdemokraterna.se\\\/pitea\\\/redo-att-satsa-pa-familjen-och-aldre\\\/\",\"name\":\"REDO ATT SATSA P\u00c5 FAMILJEN OCH \u00c4LDRE - Kristdemokraterna Pite\u00e5\",\"isPartOf\":{\"@id\":\"https:\\\/\\\/wp.kristdemokraterna.se\\\/pitea\\\/#website\"},\"primaryImageOfPage\":{\"@id\":\"https:\\\/\\\/wp.kristdemokraterna.se\\\/pitea\\\/redo-att-satsa-pa-familjen-och-aldre\\\/#primaryimage\"},\"image\":{\"@id\":\"https:\\\/\\\/wp.kristdemokraterna.se\\\/pitea\\\/redo-att-satsa-pa-familjen-och-aldre\\\/#primaryimage\"},\"thumbnailUrl\":\"http:\\\/\\\/wp.kristdemokraterna.se\\\/pitea\\\/files\\\/2022\\\/06\\\/712133c7-7655-46e2-90ac-b124cd9bc221-1024x724.png\",\"datePublished\":\"2022-06-11T07:10:25+00:00\",\"dateModified\":\"2022-06-11T07:19:09+00:00\",\"author\":{\"@id\":\"https:\\\/\\\/wp.kristdemokraterna.se\\\/pitea\\\/#\\\/schema\\\/person\\\/ab44477102e90dd11a3b003043be8e25\"},\"inLanguage\":\"sv-SE\",\"potentialAction\":[{\"@type\":\"ReadAction\",\"target\":[\"https:\\\/\\\/wp.kristdemokraterna.se\\\/pitea\\\/redo-att-satsa-pa-familjen-och-aldre\\\/\"]}]},{\"@type\":\"ImageObject\",\"inLanguage\":\"sv-SE\",\"@id\":\"https:\\\/\\\/wp.kristdemokraterna.se\\\/pitea\\\/redo-att-satsa-pa-familjen-och-aldre\\\/#primaryimage\",\"url\":\"http:\\\/\\\/wp.kristdemokraterna.se\\\/pitea\\\/files\\\/2022\\\/06\\\/712133c7-7655-46e2-90ac-b124cd9bc221-1024x724.png\",\"contentUrl\":\"http:\\\/\\\/wp.kristdemokraterna.se\\\/pitea\\\/files\\\/2022\\\/06\\\/712133c7-7655-46e2-90ac-b124cd9bc221-1024x724.png\"},{\"@type\":\"WebSite\",\"@id\":\"https:\\\/\\\/wp.kristdemokraterna.se\\\/pitea\\\/#website\",\"url\":\"https:\\\/\\\/wp.kristdemokraterna.se\\\/pitea\\\/\",\"name\":\"Kristdemokraterna Pite\u00e5\",\"description\":\"Trygga familjer bygger ett tryggare Sverige\",\"inLanguage\":\"sv-SE\"},{\"@type\":\"Person\",\"@id\":\"https:\\\/\\\/wp.kristdemokraterna.se\\\/pitea\\\/#\\\/schema\\\/person\\\/ab44477102e90dd11a3b003043be8e25\",\"name\":\"bydaniel\",\"image\":{\"@type\":\"ImageObject\",\"inLanguage\":\"sv-SE\",\"@id\":\"https:\\\/\\\/secure.gravatar.com\\\/avatar\\\/dbcae6d641b2e4f17c2d57266450cafc23d5606b673c6b4b4c0b837d6bb970c5?s=96&d=mm&r=g\",\"url\":\"https:\\\/\\\/secure.gravatar.com\\\/avatar\\\/dbcae6d641b2e4f17c2d57266450cafc23d5606b673c6b4b4c0b837d6bb970c5?s=96&d=mm&r=g\",\"contentUrl\":\"https:\\\/\\\/secure.gravatar.com\\\/avatar\\\/dbcae6d641b2e4f17c2d57266450cafc23d5606b673c6b4b4c0b837d6bb970c5?s=96&d=mm&r=g\",\"caption\":\"bydaniel\"},\"url\":\"https:\\\/\\\/wp.kristdemokraterna.se\\\/pitea\\\/author\\\/bydaniel\\\/\"}]}<\/script>\n<!-- \/ Yoast SEO plugin. -->","yoast_head_json":{"title":"REDO ATT SATSA P\u00c5 FAMILJEN OCH \u00c4LDRE - Kristdemokraterna Pite\u00e5","robots":{"index":"index","follow":"follow","max-snippet":"max-snippet:-1","max-image-preview":"max-image-preview:large","max-video-preview":"max-video-preview:-1"},"canonical":"https:\/\/wp.kristdemokraterna.se\/pitea\/redo-att-satsa-pa-familjen-och-aldre\/","next":"https:\/\/wp.kristdemokraterna.se\/pitea\/redo-att-satsa-pa-familjen-och-aldre\/2\/","og_locale":"sv_SE","og_type":"article","og_title":"REDO ATT SATSA P\u00c5 FAMILJEN OCH \u00c4LDRE - Kristdemokraterna Pite\u00e5","og_url":"https:\/\/wp.kristdemokraterna.se\/pitea\/redo-att-satsa-pa-familjen-och-aldre\/","og_site_name":"Kristdemokraterna Pite\u00e5","article_published_time":"2022-06-11T07:10:25+00:00","article_modified_time":"2022-06-11T07:19:09+00:00","og_image":[{"url":"http:\/\/wp.kristdemokraterna.se\/pitea\/files\/2022\/06\/712133c7-7655-46e2-90ac-b124cd9bc221-1024x724.png","type":"","width":"","height":""}],"author":"bydaniel","twitter_card":"summary_large_image","twitter_misc":{"Skriven av":"bydaniel"},"schema":{"@context":"https:\/\/schema.org","@graph":[{"@type":"Article","@id":"https:\/\/wp.kristdemokraterna.se\/pitea\/redo-att-satsa-pa-familjen-och-aldre\/#article","isPartOf":{"@id":"https:\/\/wp.kristdemokraterna.se\/pitea\/redo-att-satsa-pa-familjen-och-aldre\/"},"author":{"name":"bydaniel","@id":"https:\/\/wp.kristdemokraterna.se\/pitea\/#\/schema\/person\/ab44477102e90dd11a3b003043be8e25"},"headline":"REDO ATT SATSA P\u00c5 FAMILJEN OCH \u00c4LDRE","datePublished":"2022-06-11T07:10:25+00:00","dateModified":"2022-06-11T07:19:09+00:00","mainEntityOfPage":{"@id":"https:\/\/wp.kristdemokraterna.se\/pitea\/redo-att-satsa-pa-familjen-och-aldre\/"},"wordCount":7,"image":{"@id":"https:\/\/wp.kristdemokraterna.se\/pitea\/redo-att-satsa-pa-familjen-och-aldre\/#primaryimage"},"thumbnailUrl":"http:\/\/wp.kristdemokraterna.se\/pitea\/files\/2022\/06\/712133c7-7655-46e2-90ac-b124cd9bc221-1024x724.png","articleSection":["KD Pite\u00e5"],"inLanguage":"sv-SE"},{"@type":"WebPage","@id":"https:\/\/wp.kristdemokraterna.se\/pitea\/redo-att-satsa-pa-familjen-och-aldre\/","url":"https:\/\/wp.kristdemokraterna.se\/pitea\/redo-att-satsa-pa-familjen-och-aldre\/","name":"REDO ATT SATSA P\u00c5 FAMILJEN OCH \u00c4LDRE - Kristdemokraterna Pite\u00e5","isPartOf":{"@id":"https:\/\/wp.kristdemokraterna.se\/pitea\/#website"},"primaryImageOfPage":{"@id":"https:\/\/wp.kristdemokraterna.se\/pitea\/redo-att-satsa-pa-familjen-och-aldre\/#primaryimage"},"image":{"@id":"https:\/\/wp.kristdemokraterna.se\/pitea\/redo-att-satsa-pa-familjen-och-aldre\/#primaryimage"},"thumbnailUrl":"http:\/\/wp.kristdemokraterna.se\/pitea\/files\/2022\/06\/712133c7-7655-46e2-90ac-b124cd9bc221-1024x724.png","datePublished":"2022-06-11T07:10:25+00:00","dateModified":"2022-06-11T07:19:09+00:00","author":{"@id":"https:\/\/wp.kristdemokraterna.se\/pitea\/#\/schema\/person\/ab44477102e90dd11a3b003043be8e25"},"inLanguage":"sv-SE","potentialAction":[{"@type":"ReadAction","target":["https:\/\/wp.kristdemokraterna.se\/pitea\/redo-att-satsa-pa-familjen-och-aldre\/"]}]},{"@type":"ImageObject","inLanguage":"sv-SE","@id":"https:\/\/wp.kristdemokraterna.se\/pitea\/redo-att-satsa-pa-familjen-och-aldre\/#primaryimage","url":"http:\/\/wp.kristdemokraterna.se\/pitea\/files\/2022\/06\/712133c7-7655-46e2-90ac-b124cd9bc221-1024x724.png","contentUrl":"http:\/\/wp.kristdemokraterna.se\/pitea\/files\/2022\/06\/712133c7-7655-46e2-90ac-b124cd9bc221-1024x724.png"},{"@type":"WebSite","@id":"https:\/\/wp.kristdemokraterna.se\/pitea\/#website","url":"https:\/\/wp.kristdemokraterna.se\/pitea\/","name":"Kristdemokraterna Pite\u00e5","description":"Trygga familjer bygger ett tryggare Sverige","inLanguage":"sv-SE"},{"@type":"Person","@id":"https:\/\/wp.kristdemokraterna.se\/pitea\/#\/schema\/person\/ab44477102e90dd11a3b003043be8e25","name":"bydaniel","image":{"@type":"ImageObject","inLanguage":"sv-SE","@id":"https:\/\/secure.gravatar.com\/avatar\/dbcae6d641b2e4f17c2d57266450cafc23d5606b673c6b4b4c0b837d6bb970c5?s=96&d=mm&r=g","url":"https:\/\/secure.gravatar.com\/avatar\/dbcae6d641b2e4f17c2d57266450cafc23d5606b673c6b4b4c0b837d6bb970c5?s=96&d=mm&r=g","contentUrl":"https:\/\/secure.gravatar.com\/avatar\/dbcae6d641b2e4f17c2d57266450cafc23d5606b673c6b4b4c0b837d6bb970c5?s=96&d=mm&r=g","caption":"bydaniel"},"url":"https:\/\/wp.kristdemokraterna.se\/pitea\/author\/bydaniel\/"}]}},"_links":{"self":[{"href":"https:\/\/wp.kristdemokraterna.se\/pitea\/wp-json\/wp\/v2\/posts\/592","targetHints":{"allow":["GET"]}}],"collection":[{"href":"https:\/\/wp.kristdemokraterna.se\/pitea\/wp-json\/wp\/v2\/posts"}],"about":[{"href":"https:\/\/wp.kristdemokraterna.se\/pitea\/wp-json\/wp\/v2\/types\/post"}],"author":[{"embeddable":true,"href":"https:\/\/wp.kristdemokraterna.se\/pitea\/wp-json\/wp\/v2\/users\/921"}],"replies":[{"embeddable":true,"href":"https:\/\/wp.kristdemokraterna.se\/pitea\/wp-json\/wp\/v2\/comments?post=592"}],"version-history":[{"count":2,"href":"https:\/\/wp.kristdemokraterna.se\/pitea\/wp-json\/wp\/v2\/posts\/592\/revisions"}],"predecessor-version":[{"id":597,"href":"https:\/\/wp.kristdemokraterna.se\/pitea\/wp-json\/wp\/v2\/posts\/592\/revisions\/597"}],"wp:attachment":[{"href":"https:\/\/wp.kristdemokraterna.se\/pitea\/wp-json\/wp\/v2\/media?parent=592"}],"wp:term":[{"taxonomy":"category","embeddable":true,"href":"https:\/\/wp.kristdemokraterna.se\/pitea\/wp-json\/wp\/v2\/categories?post=592"},{"taxonomy":"post_tag","embeddable":true,"href":"https:\/\/wp.kristdemokraterna.se\/pitea\/wp-json\/wp\/v2\/tags?post=592"}],"curies":[{"name":"wp","href":"https:\/\/api.w.org\/{rel}","templated":true}]}}