{"id":599,"date":"2025-11-03T16:20:58","date_gmt":"2025-11-03T15:20:58","guid":{"rendered":"https:\/\/wp.kristdemokraterna.se\/pitea\/?p=599"},"modified":"2025-11-03T16:22:02","modified_gmt":"2025-11-03T15:22:02","slug":"kd-pitea-familje-och-aldrepartiet","status":"publish","type":"post","link":"https:\/\/wp.kristdemokraterna.se\/pitea\/kd-pitea-familje-och-aldrepartiet\/","title":{"rendered":"Se Ebba Busch tal 1 \u00e5r till valet"},"content":{"rendered":"<div id=\"svid12_1ca37a68199370ea333eb4\" class=\"sv-text-portlet sv-use-margins\">\n<div class=\"sv-text-portlet-content\">\n<p class=\"font-description\">Partiledare Ebba Busch h\u00e5ller tal med anledning av 1 \u00e5r till valet. Se s\u00e4ndningen i efterhand p\u00e5 facebook.<\/p>\n<\/div>\n<\/div>\n<div id=\"svid12_1ca37a68199370ea333eb8\" class=\"sv-custom-module sv-se-soleilit-actionLink\">\n<div id=\"Actionknapp\"><\/div>\n<div id=\"app_mount_12_1ca37a68199370ea333eb8\">\n<p><a class=\"app-2a7y7d dark\" title=\"L\u00e4nk till annan webbplats, \u00f6ppnas i nytt f\u00f6nster\" href=\"https:\/\/fb.watch\/C4VVkJZFCc\/\" rel=\"external\">Se talet h\u00e4r<span class=\"sr-only\">(L\u00e4nk till annan webbplats, \u00f6ppnas i nytt f\u00f6nster)<\/span><\/a><\/p>\n<p><a href=\"https:\/\/kristdemokraterna.se\/arkiv\/nyheter\/2025\/2025-09-13-se-ebba-busch-tal-1-ar-till-valet\">Vill du l\u00e4sa talet i sin helhet i textform (klicka h\u00e4r)<\/a><\/p>\n<\/div>\n<\/div>\n","protected":false},"excerpt":{"rendered":"<p>Partiledare Ebba Busch h\u00e5ller tal med anledning av 1 \u00e5r till valet. Se s\u00e4ndningen i efterhand p\u00e5 facebook. Se talet h\u00e4r(L\u00e4nk till annan webbplats, \u00f6ppnas i nytt f\u00f6nster) Vill du l\u00e4sa talet i sin helhet i textform (klicka h\u00e4r)<\/p>\n","protected":false},"author":921,"featured_media":0,"comment_status":"closed","ping_status":"closed","sticky":false,"template":"","format":"standard","meta":{"_acf_changed":false,"footnotes":""},"categories":[19,11],"tags":[],"class_list":["post-599","post","type-post","status-publish","format-standard","hentry","category-kd-pitea","category-kd-riks"],"acf":[],"yoast_head":"<!-- This site is optimized with the Yoast SEO plugin v27.4 - https:\/\/yoast.com\/product\/yoast-seo-wordpress\/ -->\n<title>Se Ebba Busch tal 1 \u00e5r till valet - Kristdemokraterna Pite\u00e5<\/title>\n<meta name=\"robots\" content=\"index, follow, max-snippet:-1, max-image-preview:large, max-video-preview:-1\" \/>\n<link rel=\"canonical\" href=\"https:\/\/wp.kristdemokraterna.se\/pitea\/kd-pitea-familje-och-aldrepartiet\/\" \/>\n<meta property=\"og:locale\" content=\"sv_SE\" \/>\n<meta property=\"og:type\" content=\"article\" \/>\n<meta property=\"og:title\" content=\"Se Ebba Busch tal 1 \u00e5r till valet - Kristdemokraterna Pite\u00e5\" \/>\n<meta property=\"og:description\" content=\"Partiledare Ebba Busch h\u00e5ller tal med anledning av 1 \u00e5r till valet. Se s\u00e4ndningen i efterhand p\u00e5 facebook. Se talet h\u00e4r(L\u00e4nk till annan webbplats, \u00f6ppnas i nytt f\u00f6nster) Vill du l\u00e4sa talet i sin helhet i textform (klicka h\u00e4r)\" \/>\n<meta property=\"og:url\" content=\"https:\/\/wp.kristdemokraterna.se\/pitea\/kd-pitea-familje-och-aldrepartiet\/\" \/>\n<meta property=\"og:site_name\" content=\"Kristdemokraterna Pite\u00e5\" \/>\n<meta property=\"article:published_time\" content=\"2025-11-03T15:20:58+00:00\" \/>\n<meta property=\"article:modified_time\" content=\"2025-11-03T15:22:02+00:00\" \/>\n<meta name=\"author\" content=\"bydaniel\" \/>\n<meta name=\"twitter:card\" content=\"summary_large_image\" \/>\n<meta name=\"twitter:label1\" content=\"Skriven av\" \/>\n\t<meta name=\"twitter:data1\" content=\"bydaniel\" \/>\n\t<meta name=\"twitter:label2\" content=\"Ber\u00e4knad l\u00e4stid\" \/>\n\t<meta name=\"twitter:data2\" content=\"1 minut\" \/>\n<script type=\"application\/ld+json\" class=\"yoast-schema-graph\">{\"@context\":\"https:\\\/\\\/schema.org\",\"@graph\":[{\"@type\":\"Article\",\"@id\":\"https:\\\/\\\/wp.kristdemokraterna.se\\\/pitea\\\/kd-pitea-familje-och-aldrepartiet\\\/#article\",\"isPartOf\":{\"@id\":\"https:\\\/\\\/wp.kristdemokraterna.se\\\/pitea\\\/kd-pitea-familje-och-aldrepartiet\\\/\"},\"author\":{\"name\":\"bydaniel\",\"@id\":\"https:\\\/\\\/wp.kristdemokraterna.se\\\/pitea\\\/#\\\/schema\\\/person\\\/ab44477102e90dd11a3b003043be8e25\"},\"headline\":\"Se Ebba Busch tal 1 \u00e5r till valet\",\"datePublished\":\"2025-11-03T15:20:58+00:00\",\"dateModified\":\"2025-11-03T15:22:02+00:00\",\"mainEntityOfPage\":{\"@id\":\"https:\\\/\\\/wp.kristdemokraterna.se\\\/pitea\\\/kd-pitea-familje-och-aldrepartiet\\\/\"},\"wordCount\":53,\"articleSection\":[\"KD Pite\u00e5\",\"KD Riks\"],\"inLanguage\":\"sv-SE\"},{\"@type\":\"WebPage\",\"@id\":\"https:\\\/\\\/wp.kristdemokraterna.se\\\/pitea\\\/kd-pitea-familje-och-aldrepartiet\\\/\",\"url\":\"https:\\\/\\\/wp.kristdemokraterna.se\\\/pitea\\\/kd-pitea-familje-och-aldrepartiet\\\/\",\"name\":\"Se Ebba Busch tal 1 \u00e5r till valet - Kristdemokraterna Pite\u00e5\",\"isPartOf\":{\"@id\":\"https:\\\/\\\/wp.kristdemokraterna.se\\\/pitea\\\/#website\"},\"datePublished\":\"2025-11-03T15:20:58+00:00\",\"dateModified\":\"2025-11-03T15:22:02+00:00\",\"author\":{\"@id\":\"https:\\\/\\\/wp.kristdemokraterna.se\\\/pitea\\\/#\\\/schema\\\/person\\\/ab44477102e90dd11a3b003043be8e25\"},\"breadcrumb\":{\"@id\":\"https:\\\/\\\/wp.kristdemokraterna.se\\\/pitea\\\/kd-pitea-familje-och-aldrepartiet\\\/#breadcrumb\"},\"inLanguage\":\"sv-SE\",\"potentialAction\":[{\"@type\":\"ReadAction\",\"target\":[\"https:\\\/\\\/wp.kristdemokraterna.se\\\/pitea\\\/kd-pitea-familje-och-aldrepartiet\\\/\"]}]},{\"@type\":\"BreadcrumbList\",\"@id\":\"https:\\\/\\\/wp.kristdemokraterna.se\\\/pitea\\\/kd-pitea-familje-och-aldrepartiet\\\/#breadcrumb\",\"itemListElement\":[{\"@type\":\"ListItem\",\"position\":1,\"name\":\"Hem\",\"item\":\"https:\\\/\\\/wp.kristdemokraterna.se\\\/pitea\\\/\"},{\"@type\":\"ListItem\",\"position\":2,\"name\":\"Se Ebba Busch tal 1 \u00e5r till valet\"}]},{\"@type\":\"WebSite\",\"@id\":\"https:\\\/\\\/wp.kristdemokraterna.se\\\/pitea\\\/#website\",\"url\":\"https:\\\/\\\/wp.kristdemokraterna.se\\\/pitea\\\/\",\"name\":\"Kristdemokraterna Pite\u00e5\",\"description\":\"Trygga familjer bygger ett tryggare Sverige\",\"inLanguage\":\"sv-SE\"},{\"@type\":\"Person\",\"@id\":\"https:\\\/\\\/wp.kristdemokraterna.se\\\/pitea\\\/#\\\/schema\\\/person\\\/ab44477102e90dd11a3b003043be8e25\",\"name\":\"bydaniel\",\"image\":{\"@type\":\"ImageObject\",\"inLanguage\":\"sv-SE\",\"@id\":\"https:\\\/\\\/secure.gravatar.com\\\/avatar\\\/dbcae6d641b2e4f17c2d57266450cafc23d5606b673c6b4b4c0b837d6bb970c5?s=96&d=mm&r=g\",\"url\":\"https:\\\/\\\/secure.gravatar.com\\\/avatar\\\/dbcae6d641b2e4f17c2d57266450cafc23d5606b673c6b4b4c0b837d6bb970c5?s=96&d=mm&r=g\",\"contentUrl\":\"https:\\\/\\\/secure.gravatar.com\\\/avatar\\\/dbcae6d641b2e4f17c2d57266450cafc23d5606b673c6b4b4c0b837d6bb970c5?s=96&d=mm&r=g\",\"caption\":\"bydaniel\"},\"url\":\"https:\\\/\\\/wp.kristdemokraterna.se\\\/pitea\\\/author\\\/bydaniel\\\/\"}]}<\/script>\n<!-- \/ Yoast SEO plugin. -->","yoast_head_json":{"title":"Se Ebba Busch tal 1 \u00e5r till valet - Kristdemokraterna Pite\u00e5","robots":{"index":"index","follow":"follow","max-snippet":"max-snippet:-1","max-image-preview":"max-image-preview:large","max-video-preview":"max-video-preview:-1"},"canonical":"https:\/\/wp.kristdemokraterna.se\/pitea\/kd-pitea-familje-och-aldrepartiet\/","og_locale":"sv_SE","og_type":"article","og_title":"Se Ebba Busch tal 1 \u00e5r till valet - Kristdemokraterna Pite\u00e5","og_description":"Partiledare Ebba Busch h\u00e5ller tal med anledning av 1 \u00e5r till valet. Se s\u00e4ndningen i efterhand p\u00e5 facebook. Se talet h\u00e4r(L\u00e4nk till annan webbplats, \u00f6ppnas i nytt f\u00f6nster) Vill du l\u00e4sa talet i sin helhet i textform (klicka h\u00e4r)","og_url":"https:\/\/wp.kristdemokraterna.se\/pitea\/kd-pitea-familje-och-aldrepartiet\/","og_site_name":"Kristdemokraterna Pite\u00e5","article_published_time":"2025-11-03T15:20:58+00:00","article_modified_time":"2025-11-03T15:22:02+00:00","author":"bydaniel","twitter_card":"summary_large_image","twitter_misc":{"Skriven av":"bydaniel","Ber\u00e4knad l\u00e4stid":"1 minut"},"schema":{"@context":"https:\/\/schema.org","@graph":[{"@type":"Article","@id":"https:\/\/wp.kristdemokraterna.se\/pitea\/kd-pitea-familje-och-aldrepartiet\/#article","isPartOf":{"@id":"https:\/\/wp.kristdemokraterna.se\/pitea\/kd-pitea-familje-och-aldrepartiet\/"},"author":{"name":"bydaniel","@id":"https:\/\/wp.kristdemokraterna.se\/pitea\/#\/schema\/person\/ab44477102e90dd11a3b003043be8e25"},"headline":"Se Ebba Busch tal 1 \u00e5r till valet","datePublished":"2025-11-03T15:20:58+00:00","dateModified":"2025-11-03T15:22:02+00:00","mainEntityOfPage":{"@id":"https:\/\/wp.kristdemokraterna.se\/pitea\/kd-pitea-familje-och-aldrepartiet\/"},"wordCount":53,"articleSection":["KD Pite\u00e5","KD Riks"],"inLanguage":"sv-SE"},{"@type":"WebPage","@id":"https:\/\/wp.kristdemokraterna.se\/pitea\/kd-pitea-familje-och-aldrepartiet\/","url":"https:\/\/wp.kristdemokraterna.se\/pitea\/kd-pitea-familje-och-aldrepartiet\/","name":"Se Ebba Busch tal 1 \u00e5r till valet - Kristdemokraterna Pite\u00e5","isPartOf":{"@id":"https:\/\/wp.kristdemokraterna.se\/pitea\/#website"},"datePublished":"2025-11-03T15:20:58+00:00","dateModified":"2025-11-03T15:22:02+00:00","author":{"@id":"https:\/\/wp.kristdemokraterna.se\/pitea\/#\/schema\/person\/ab44477102e90dd11a3b003043be8e25"},"breadcrumb":{"@id":"https:\/\/wp.kristdemokraterna.se\/pitea\/kd-pitea-familje-och-aldrepartiet\/#breadcrumb"},"inLanguage":"sv-SE","potentialAction":[{"@type":"ReadAction","target":["https:\/\/wp.kristdemokraterna.se\/pitea\/kd-pitea-familje-och-aldrepartiet\/"]}]},{"@type":"BreadcrumbList","@id":"https:\/\/wp.kristdemokraterna.se\/pitea\/kd-pitea-familje-och-aldrepartiet\/#breadcrumb","itemListElement":[{"@type":"ListItem","position":1,"name":"Hem","item":"https:\/\/wp.kristdemokraterna.se\/pitea\/"},{"@type":"ListItem","position":2,"name":"Se Ebba Busch tal 1 \u00e5r till valet"}]},{"@type":"WebSite","@id":"https:\/\/wp.kristdemokraterna.se\/pitea\/#website","url":"https:\/\/wp.kristdemokraterna.se\/pitea\/","name":"Kristdemokraterna Pite\u00e5","description":"Trygga familjer bygger ett tryggare Sverige","inLanguage":"sv-SE"},{"@type":"Person","@id":"https:\/\/wp.kristdemokraterna.se\/pitea\/#\/schema\/person\/ab44477102e90dd11a3b003043be8e25","name":"bydaniel","image":{"@type":"ImageObject","inLanguage":"sv-SE","@id":"https:\/\/secure.gravatar.com\/avatar\/dbcae6d641b2e4f17c2d57266450cafc23d5606b673c6b4b4c0b837d6bb970c5?s=96&d=mm&r=g","url":"https:\/\/secure.gravatar.com\/avatar\/dbcae6d641b2e4f17c2d57266450cafc23d5606b673c6b4b4c0b837d6bb970c5?s=96&d=mm&r=g","contentUrl":"https:\/\/secure.gravatar.com\/avatar\/dbcae6d641b2e4f17c2d57266450cafc23d5606b673c6b4b4c0b837d6bb970c5?s=96&d=mm&r=g","caption":"bydaniel"},"url":"https:\/\/wp.kristdemokraterna.se\/pitea\/author\/bydaniel\/"}]}},"_links":{"self":[{"href":"https:\/\/wp.kristdemokraterna.se\/pitea\/wp-json\/wp\/v2\/posts\/599","targetHints":{"allow":["GET"]}}],"collection":[{"href":"https:\/\/wp.kristdemokraterna.se\/pitea\/wp-json\/wp\/v2\/posts"}],"about":[{"href":"https:\/\/wp.kristdemokraterna.se\/pitea\/wp-json\/wp\/v2\/types\/post"}],"author":[{"embeddable":true,"href":"https:\/\/wp.kristdemokraterna.se\/pitea\/wp-json\/wp\/v2\/users\/921"}],"replies":[{"embeddable":true,"href":"https:\/\/wp.kristdemokraterna.se\/pitea\/wp-json\/wp\/v2\/comments?post=599"}],"version-history":[{"count":6,"href":"https:\/\/wp.kristdemokraterna.se\/pitea\/wp-json\/wp\/v2\/posts\/599\/revisions"}],"predecessor-version":[{"id":613,"href":"https:\/\/wp.kristdemokraterna.se\/pitea\/wp-json\/wp\/v2\/posts\/599\/revisions\/613"}],"wp:attachment":[{"href":"https:\/\/wp.kristdemokraterna.se\/pitea\/wp-json\/wp\/v2\/media?parent=599"}],"wp:term":[{"taxonomy":"category","embeddable":true,"href":"https:\/\/wp.kristdemokraterna.se\/pitea\/wp-json\/wp\/v2\/categories?post=599"},{"taxonomy":"post_tag","embeddable":true,"href":"https:\/\/wp.kristdemokraterna.se\/pitea\/wp-json\/wp\/v2\/tags?post=599"}],"curies":[{"name":"wp","href":"https:\/\/api.w.org\/{rel}","templated":true}]}}