{"id":63,"date":"2015-03-24T11:05:14","date_gmt":"2015-03-24T10:05:14","guid":{"rendered":"http:\/\/wp.kristdemokraterna.se\/pitea\/?p=63"},"modified":"2017-07-31T18:19:15","modified_gmt":"2017-07-31T16:19:15","slug":"arsmote","status":"publish","type":"post","link":"https:\/\/wp.kristdemokraterna.se\/pitea\/arsmote\/","title":{"rendered":"\u00c5rsm\u00f6te"},"content":{"rendered":"<h1>Kristdemokraterna i Pite\u00e5<\/h1>\n<p>har haft \u00e5rsm\u00f6te den 8:e februari. M\u00f6tet inleddes med att riksdagsledamot Aron Modig som sitter i skatteutskottet och EU-n\u00e4mnden talade. Bland annat sas att skatteverkets tolkning som inneb\u00e4r att second handbutiker tvingas betala moms inte \u00e4r n\u00e5gon bra l\u00f6sning. Aron Modig har ocks\u00e5 skrivit en motion om att den som vill b\u00f6r kunna betala en frivillig skatt, till exempel sk\u00e4nka bort skatte\u00e5terb\u00e4ringen.<\/p>\n<h1>Verksamhetsber\u00e4ttelsen<\/h1>\n<p>f\u00f6r KD vittnar om ett h\u00e4ndelserikt \u00e5r med bes\u00f6k av b\u00e5de riksdagsledamot Magnus Sj\u00f6dahl och Stefan Attefall. Vitsippspriset delades ut till f\u00f6reningen Lilla hj\u00e4rtat f\u00f6r deras fina engagemang som s\u00e4tter guldkant p\u00e5 tillvaron f\u00f6r barnfamiljer i Pite\u00e5.<\/p>\n<ul>\n<li>Kristdemokraterna vann drogkampen p\u00e5 Gotis i \u00d6jebyn.<\/li>\n<li>Verksamhetsplan f\u00f6r 2015 antogs.<\/li>\n<li>Socialchefen och f\u00f6rvaltningschefen f\u00f6r Kultur, park &amp; fritid kommer att medverka p\u00e5 v\u00e5rens medlemsm\u00f6ten.<\/li>\n<\/ul>\n<h1>Styrelsen<\/h1>\n<p>har f\u00f6ljande sammans\u00e4ttning:<br \/>\nOrdf\u00f6rande Richard Br\u00e4nnstr\u00f6m, vice ordf\u00f6rande Hel\u00e9n Lindb\u00e4ck.<br \/>\nLedam\u00f6ter: Olof Hammarb\u00e4ck, Mayvor Ekberg, Ingrid Nilsson, Christina Lund och Helena Burvall, kass\u00f6r.<br \/>\nSekreterare \u00e4r kanslist Kjell Larsson.<br \/>\nTill ers\u00e4ttare valdes Nils-Olof Nilsson och Charlotta Burman.<br \/>\n\u00c5rsm\u00f6tet leddes av Lars Wikstr\u00f6m.<\/p>\n","protected":false},"excerpt":{"rendered":"<p>Kristdemokraterna i Pite\u00e5 har haft \u00e5rsm\u00f6te den 8:e februari. M\u00f6tet inleddes med att riksdagsledamot Aron Modig som sitter i skatteutskottet och EU-n\u00e4mnden talade. Bland annat sas att skatteverkets tolkning som inneb\u00e4r att second handbutiker tvingas betala moms inte \u00e4r n\u00e5gon bra l\u00f6sning. Aron Modig har ocks\u00e5 skrivit en motion om att den som vill b\u00f6r <a class=\"read-more-link\" href=\"https:\/\/wp.kristdemokraterna.se\/pitea\/arsmote\/\">Read More<\/a><\/p>\n","protected":false},"author":693,"featured_media":260,"comment_status":"closed","ping_status":"closed","sticky":false,"template":"","format":"standard","meta":{"_acf_changed":false,"footnotes":""},"categories":[19],"tags":[],"class_list":["post-63","post","type-post","status-publish","format-standard","hentry","category-kd-pitea"],"acf":[],"yoast_head":"<!-- This site is optimized with the Yoast SEO plugin v27.4 - https:\/\/yoast.com\/product\/yoast-seo-wordpress\/ -->\n<title>\u00c5rsm\u00f6te - Kristdemokraterna Pite\u00e5<\/title>\n<meta name=\"robots\" content=\"index, follow, max-snippet:-1, max-image-preview:large, max-video-preview:-1\" \/>\n<link rel=\"canonical\" href=\"https:\/\/wp.kristdemokraterna.se\/pitea\/arsmote\/\" \/>\n<meta property=\"og:locale\" content=\"sv_SE\" \/>\n<meta property=\"og:type\" content=\"article\" \/>\n<meta property=\"og:title\" content=\"\u00c5rsm\u00f6te - Kristdemokraterna Pite\u00e5\" \/>\n<meta property=\"og:description\" content=\"Kristdemokraterna i Pite\u00e5 har haft \u00e5rsm\u00f6te den 8:e februari. M\u00f6tet inleddes med att riksdagsledamot Aron Modig som sitter i skatteutskottet och EU-n\u00e4mnden talade. Bland annat sas att skatteverkets tolkning som inneb\u00e4r att second handbutiker tvingas betala moms inte \u00e4r n\u00e5gon bra l\u00f6sning. Aron Modig har ocks\u00e5 skrivit en motion om att den som vill b\u00f6r Read More\" \/>\n<meta property=\"og:url\" content=\"https:\/\/wp.kristdemokraterna.se\/pitea\/arsmote\/\" \/>\n<meta property=\"og:site_name\" content=\"Kristdemokraterna Pite\u00e5\" \/>\n<meta property=\"article:published_time\" content=\"2015-03-24T10:05:14+00:00\" \/>\n<meta property=\"article:modified_time\" content=\"2017-07-31T16:19:15+00:00\" \/>\n<meta property=\"og:image\" content=\"https:\/\/wp.kristdemokraterna.se\/pitea\/files\/2017\/07\/fam-rost-high.jpg\" \/>\n\t<meta property=\"og:image:width\" content=\"90\" \/>\n\t<meta property=\"og:image:height\" content=\"120\" \/>\n\t<meta property=\"og:image:type\" content=\"image\/jpeg\" \/>\n<meta name=\"author\" content=\"Charlotta Burman\" \/>\n<meta name=\"twitter:card\" content=\"summary_large_image\" \/>\n<meta name=\"twitter:label1\" content=\"Skriven av\" \/>\n\t<meta name=\"twitter:data1\" content=\"Charlotta Burman\" \/>\n\t<meta name=\"twitter:label2\" content=\"Ber\u00e4knad l\u00e4stid\" \/>\n\t<meta name=\"twitter:data2\" content=\"1 minut\" \/>\n<script type=\"application\/ld+json\" class=\"yoast-schema-graph\">{\"@context\":\"https:\\\/\\\/schema.org\",\"@graph\":[{\"@type\":\"Article\",\"@id\":\"https:\\\/\\\/wp.kristdemokraterna.se\\\/pitea\\\/arsmote\\\/#article\",\"isPartOf\":{\"@id\":\"https:\\\/\\\/wp.kristdemokraterna.se\\\/pitea\\\/arsmote\\\/\"},\"author\":{\"name\":\"Charlotta Burman\",\"@id\":\"https:\\\/\\\/wp.kristdemokraterna.se\\\/pitea\\\/#\\\/schema\\\/person\\\/db9e90e3d802950af7a0ac8336a625da\"},\"headline\":\"\u00c5rsm\u00f6te\",\"datePublished\":\"2015-03-24T10:05:14+00:00\",\"dateModified\":\"2017-07-31T16:19:15+00:00\",\"mainEntityOfPage\":{\"@id\":\"https:\\\/\\\/wp.kristdemokraterna.se\\\/pitea\\\/arsmote\\\/\"},\"wordCount\":211,\"image\":{\"@id\":\"https:\\\/\\\/wp.kristdemokraterna.se\\\/pitea\\\/arsmote\\\/#primaryimage\"},\"thumbnailUrl\":\"https:\\\/\\\/wp.kristdemokraterna.se\\\/pitea\\\/files\\\/2017\\\/07\\\/fam-rost-high.jpg\",\"articleSection\":[\"KD Pite\u00e5\"],\"inLanguage\":\"sv-SE\"},{\"@type\":\"WebPage\",\"@id\":\"https:\\\/\\\/wp.kristdemokraterna.se\\\/pitea\\\/arsmote\\\/\",\"url\":\"https:\\\/\\\/wp.kristdemokraterna.se\\\/pitea\\\/arsmote\\\/\",\"name\":\"\u00c5rsm\u00f6te - Kristdemokraterna Pite\u00e5\",\"isPartOf\":{\"@id\":\"https:\\\/\\\/wp.kristdemokraterna.se\\\/pitea\\\/#website\"},\"primaryImageOfPage\":{\"@id\":\"https:\\\/\\\/wp.kristdemokraterna.se\\\/pitea\\\/arsmote\\\/#primaryimage\"},\"image\":{\"@id\":\"https:\\\/\\\/wp.kristdemokraterna.se\\\/pitea\\\/arsmote\\\/#primaryimage\"},\"thumbnailUrl\":\"https:\\\/\\\/wp.kristdemokraterna.se\\\/pitea\\\/files\\\/2017\\\/07\\\/fam-rost-high.jpg\",\"datePublished\":\"2015-03-24T10:05:14+00:00\",\"dateModified\":\"2017-07-31T16:19:15+00:00\",\"author\":{\"@id\":\"https:\\\/\\\/wp.kristdemokraterna.se\\\/pitea\\\/#\\\/schema\\\/person\\\/db9e90e3d802950af7a0ac8336a625da\"},\"breadcrumb\":{\"@id\":\"https:\\\/\\\/wp.kristdemokraterna.se\\\/pitea\\\/arsmote\\\/#breadcrumb\"},\"inLanguage\":\"sv-SE\",\"potentialAction\":[{\"@type\":\"ReadAction\",\"target\":[\"https:\\\/\\\/wp.kristdemokraterna.se\\\/pitea\\\/arsmote\\\/\"]}]},{\"@type\":\"ImageObject\",\"inLanguage\":\"sv-SE\",\"@id\":\"https:\\\/\\\/wp.kristdemokraterna.se\\\/pitea\\\/arsmote\\\/#primaryimage\",\"url\":\"https:\\\/\\\/wp.kristdemokraterna.se\\\/pitea\\\/files\\\/2017\\\/07\\\/fam-rost-high.jpg\",\"contentUrl\":\"https:\\\/\\\/wp.kristdemokraterna.se\\\/pitea\\\/files\\\/2017\\\/07\\\/fam-rost-high.jpg\",\"width\":90,\"height\":120},{\"@type\":\"BreadcrumbList\",\"@id\":\"https:\\\/\\\/wp.kristdemokraterna.se\\\/pitea\\\/arsmote\\\/#breadcrumb\",\"itemListElement\":[{\"@type\":\"ListItem\",\"position\":1,\"name\":\"Hem\",\"item\":\"https:\\\/\\\/wp.kristdemokraterna.se\\\/pitea\\\/\"},{\"@type\":\"ListItem\",\"position\":2,\"name\":\"\u00c5rsm\u00f6te\"}]},{\"@type\":\"WebSite\",\"@id\":\"https:\\\/\\\/wp.kristdemokraterna.se\\\/pitea\\\/#website\",\"url\":\"https:\\\/\\\/wp.kristdemokraterna.se\\\/pitea\\\/\",\"name\":\"Kristdemokraterna Pite\u00e5\",\"description\":\"Trygga familjer bygger ett tryggare Sverige\",\"inLanguage\":\"sv-SE\"},{\"@type\":\"Person\",\"@id\":\"https:\\\/\\\/wp.kristdemokraterna.se\\\/pitea\\\/#\\\/schema\\\/person\\\/db9e90e3d802950af7a0ac8336a625da\",\"name\":\"Charlotta Burman\",\"image\":{\"@type\":\"ImageObject\",\"inLanguage\":\"sv-SE\",\"@id\":\"https:\\\/\\\/secure.gravatar.com\\\/avatar\\\/89bee22518553877e7f2f600ca146a42e65908e5fd55043c0459319e20022f4b?s=96&d=mm&r=g\",\"url\":\"https:\\\/\\\/secure.gravatar.com\\\/avatar\\\/89bee22518553877e7f2f600ca146a42e65908e5fd55043c0459319e20022f4b?s=96&d=mm&r=g\",\"contentUrl\":\"https:\\\/\\\/secure.gravatar.com\\\/avatar\\\/89bee22518553877e7f2f600ca146a42e65908e5fd55043c0459319e20022f4b?s=96&d=mm&r=g\",\"caption\":\"Charlotta Burman\"},\"url\":\"https:\\\/\\\/wp.kristdemokraterna.se\\\/pitea\\\/author\\\/charlotta\\\/\"}]}<\/script>\n<!-- \/ Yoast SEO plugin. -->","yoast_head_json":{"title":"\u00c5rsm\u00f6te - Kristdemokraterna Pite\u00e5","robots":{"index":"index","follow":"follow","max-snippet":"max-snippet:-1","max-image-preview":"max-image-preview:large","max-video-preview":"max-video-preview:-1"},"canonical":"https:\/\/wp.kristdemokraterna.se\/pitea\/arsmote\/","og_locale":"sv_SE","og_type":"article","og_title":"\u00c5rsm\u00f6te - Kristdemokraterna Pite\u00e5","og_description":"Kristdemokraterna i Pite\u00e5 har haft \u00e5rsm\u00f6te den 8:e februari. M\u00f6tet inleddes med att riksdagsledamot Aron Modig som sitter i skatteutskottet och EU-n\u00e4mnden talade. Bland annat sas att skatteverkets tolkning som inneb\u00e4r att second handbutiker tvingas betala moms inte \u00e4r n\u00e5gon bra l\u00f6sning. Aron Modig har ocks\u00e5 skrivit en motion om att den som vill b\u00f6r Read More","og_url":"https:\/\/wp.kristdemokraterna.se\/pitea\/arsmote\/","og_site_name":"Kristdemokraterna Pite\u00e5","article_published_time":"2015-03-24T10:05:14+00:00","article_modified_time":"2017-07-31T16:19:15+00:00","og_image":[{"width":90,"height":120,"url":"https:\/\/wp.kristdemokraterna.se\/pitea\/files\/2017\/07\/fam-rost-high.jpg","type":"image\/jpeg"}],"author":"Charlotta Burman","twitter_card":"summary_large_image","twitter_misc":{"Skriven av":"Charlotta Burman","Ber\u00e4knad l\u00e4stid":"1 minut"},"schema":{"@context":"https:\/\/schema.org","@graph":[{"@type":"Article","@id":"https:\/\/wp.kristdemokraterna.se\/pitea\/arsmote\/#article","isPartOf":{"@id":"https:\/\/wp.kristdemokraterna.se\/pitea\/arsmote\/"},"author":{"name":"Charlotta Burman","@id":"https:\/\/wp.kristdemokraterna.se\/pitea\/#\/schema\/person\/db9e90e3d802950af7a0ac8336a625da"},"headline":"\u00c5rsm\u00f6te","datePublished":"2015-03-24T10:05:14+00:00","dateModified":"2017-07-31T16:19:15+00:00","mainEntityOfPage":{"@id":"https:\/\/wp.kristdemokraterna.se\/pitea\/arsmote\/"},"wordCount":211,"image":{"@id":"https:\/\/wp.kristdemokraterna.se\/pitea\/arsmote\/#primaryimage"},"thumbnailUrl":"https:\/\/wp.kristdemokraterna.se\/pitea\/files\/2017\/07\/fam-rost-high.jpg","articleSection":["KD Pite\u00e5"],"inLanguage":"sv-SE"},{"@type":"WebPage","@id":"https:\/\/wp.kristdemokraterna.se\/pitea\/arsmote\/","url":"https:\/\/wp.kristdemokraterna.se\/pitea\/arsmote\/","name":"\u00c5rsm\u00f6te - Kristdemokraterna Pite\u00e5","isPartOf":{"@id":"https:\/\/wp.kristdemokraterna.se\/pitea\/#website"},"primaryImageOfPage":{"@id":"https:\/\/wp.kristdemokraterna.se\/pitea\/arsmote\/#primaryimage"},"image":{"@id":"https:\/\/wp.kristdemokraterna.se\/pitea\/arsmote\/#primaryimage"},"thumbnailUrl":"https:\/\/wp.kristdemokraterna.se\/pitea\/files\/2017\/07\/fam-rost-high.jpg","datePublished":"2015-03-24T10:05:14+00:00","dateModified":"2017-07-31T16:19:15+00:00","author":{"@id":"https:\/\/wp.kristdemokraterna.se\/pitea\/#\/schema\/person\/db9e90e3d802950af7a0ac8336a625da"},"breadcrumb":{"@id":"https:\/\/wp.kristdemokraterna.se\/pitea\/arsmote\/#breadcrumb"},"inLanguage":"sv-SE","potentialAction":[{"@type":"ReadAction","target":["https:\/\/wp.kristdemokraterna.se\/pitea\/arsmote\/"]}]},{"@type":"ImageObject","inLanguage":"sv-SE","@id":"https:\/\/wp.kristdemokraterna.se\/pitea\/arsmote\/#primaryimage","url":"https:\/\/wp.kristdemokraterna.se\/pitea\/files\/2017\/07\/fam-rost-high.jpg","contentUrl":"https:\/\/wp.kristdemokraterna.se\/pitea\/files\/2017\/07\/fam-rost-high.jpg","width":90,"height":120},{"@type":"BreadcrumbList","@id":"https:\/\/wp.kristdemokraterna.se\/pitea\/arsmote\/#breadcrumb","itemListElement":[{"@type":"ListItem","position":1,"name":"Hem","item":"https:\/\/wp.kristdemokraterna.se\/pitea\/"},{"@type":"ListItem","position":2,"name":"\u00c5rsm\u00f6te"}]},{"@type":"WebSite","@id":"https:\/\/wp.kristdemokraterna.se\/pitea\/#website","url":"https:\/\/wp.kristdemokraterna.se\/pitea\/","name":"Kristdemokraterna Pite\u00e5","description":"Trygga familjer bygger ett tryggare Sverige","inLanguage":"sv-SE"},{"@type":"Person","@id":"https:\/\/wp.kristdemokraterna.se\/pitea\/#\/schema\/person\/db9e90e3d802950af7a0ac8336a625da","name":"Charlotta Burman","image":{"@type":"ImageObject","inLanguage":"sv-SE","@id":"https:\/\/secure.gravatar.com\/avatar\/89bee22518553877e7f2f600ca146a42e65908e5fd55043c0459319e20022f4b?s=96&d=mm&r=g","url":"https:\/\/secure.gravatar.com\/avatar\/89bee22518553877e7f2f600ca146a42e65908e5fd55043c0459319e20022f4b?s=96&d=mm&r=g","contentUrl":"https:\/\/secure.gravatar.com\/avatar\/89bee22518553877e7f2f600ca146a42e65908e5fd55043c0459319e20022f4b?s=96&d=mm&r=g","caption":"Charlotta Burman"},"url":"https:\/\/wp.kristdemokraterna.se\/pitea\/author\/charlotta\/"}]}},"_links":{"self":[{"href":"https:\/\/wp.kristdemokraterna.se\/pitea\/wp-json\/wp\/v2\/posts\/63","targetHints":{"allow":["GET"]}}],"collection":[{"href":"https:\/\/wp.kristdemokraterna.se\/pitea\/wp-json\/wp\/v2\/posts"}],"about":[{"href":"https:\/\/wp.kristdemokraterna.se\/pitea\/wp-json\/wp\/v2\/types\/post"}],"author":[{"embeddable":true,"href":"https:\/\/wp.kristdemokraterna.se\/pitea\/wp-json\/wp\/v2\/users\/693"}],"replies":[{"embeddable":true,"href":"https:\/\/wp.kristdemokraterna.se\/pitea\/wp-json\/wp\/v2\/comments?post=63"}],"version-history":[{"count":1,"href":"https:\/\/wp.kristdemokraterna.se\/pitea\/wp-json\/wp\/v2\/posts\/63\/revisions"}],"predecessor-version":[{"id":64,"href":"https:\/\/wp.kristdemokraterna.se\/pitea\/wp-json\/wp\/v2\/posts\/63\/revisions\/64"}],"wp:featuredmedia":[{"embeddable":true,"href":"https:\/\/wp.kristdemokraterna.se\/pitea\/wp-json\/wp\/v2\/media\/260"}],"wp:attachment":[{"href":"https:\/\/wp.kristdemokraterna.se\/pitea\/wp-json\/wp\/v2\/media?parent=63"}],"wp:term":[{"taxonomy":"category","embeddable":true,"href":"https:\/\/wp.kristdemokraterna.se\/pitea\/wp-json\/wp\/v2\/categories?post=63"},{"taxonomy":"post_tag","embeddable":true,"href":"https:\/\/wp.kristdemokraterna.se\/pitea\/wp-json\/wp\/v2\/tags?post=63"}],"curies":[{"name":"wp","href":"https:\/\/api.w.org\/{rel}","templated":true}]}}