{"id":65,"date":"2015-03-27T11:19:50","date_gmt":"2015-03-27T10:19:50","guid":{"rendered":"http:\/\/wp.kristdemokraterna.se\/pitea\/?p=65"},"modified":"2019-03-05T10:10:10","modified_gmt":"2019-03-05T09:10:10","slug":"verksamhetsplan","status":"publish","type":"post","link":"https:\/\/wp.kristdemokraterna.se\/pitea\/verksamhetsplan\/","title":{"rendered":"Verksamhetsplan"},"content":{"rendered":"<h1>Kristdemokraterna i Pite\u00e5 2015<\/h1>\n<p><strong>Februari<\/strong><br \/>\nTisdag 3 februari kl. 17.00<br \/>\nStyrelsem\u00f6te inf\u00f6r \u00e5rsm\u00f6tet.<\/p>\n<p>S\u00f6ndag 8 februari kl. 16.00<br \/>\n\u00c5rsm\u00f6te med Afternoon-tea med medverkan av riksdagsledamot Aron Modig.<\/p>\n<p><strong>Mars<\/strong><br \/>\nOnsdag 4 mars kl. 17.00<br \/>\nStyrelse- och medlemsm\u00f6te. Socialchef Gun-Britt Johansson medverkar och ber\u00e4ttar om vad som \u00e4r aktuellt inom \u00e4ldreomsorgen samt st\u00f6d &amp; omsorg i Pite\u00e5 kommun.<\/p>\n<p><strong>April<\/strong><br \/>\nTisdag 7 april kl. 17.00<br \/>\nStyrelse- och medlemsm\u00f6te. F\u00f6rvaltningschef Mona Lundstr\u00f6m fr\u00e5n Kultur, park &amp; fritid ber\u00e4ttar om vad som \u00e4r p\u00e5 g\u00e5ng just nu.<\/p>\n<p>L\u00f6rdag 25 april<br \/>\nExtra riksting med val av ny partiledare efter G\u00f6ran H\u00e4gglund<\/p>\n<p><strong>Maj<\/strong><br \/>\nTorsdag 7 maj eller Tisdag 12 maj<br \/>\nDrogkampen p\u00e5 Gotis i \u00d6jebyn samt Vitsippspriset delas ut!<\/p>\n<p><strong>Juni<\/strong><br \/>\nTisdag 9 juni kl. 17.00<br \/>\nStyrelse- och medlemsm\u00f6te p\u00e5 EFS, Pite\u00e5 samt bes\u00f6k i V\u00e4nortsparken d\u00e4r Pite\u00e5s tre v\u00e4norter \u00e5sk\u00e5dligg\u00f6rs och guidning i S:t Barthhuset som st\u00e5r nedanf\u00f6r nya hyreshusen p\u00e5 Str\u00f6mbacka strand.<\/p>\n<p><strong>Juli<\/strong><br \/>\nS\u00f6ndagen 26 juli<br \/>\nUtf\u00e4rd med hela familjen till J\u00e4vre p\u00e5 J\u00e4vredagen.<\/p>\n<p><strong>Augusti<\/strong><br \/>\nL\u00f6rdag 22 augusti<br \/>\nF\u00f6reningarnas dag i Badhusparken.<\/p>\n<p><strong>September<\/strong><br \/>\nTisdag 15 september<br \/>\nStyrelse- och medlemsm\u00f6te.<\/p>\n<p><strong>Oktober<\/strong><br \/>\nTisdag 13 oktober kl. 17.00<br \/>\nStyrelse- och medlemsm\u00f6te<\/p>\n<p>Torsdag 8 oktober &#8211; S\u00f6ndag 11 oktober<br \/>\nKd:s riksting i V\u00e4ster\u00e5s<\/p>\n<p><strong>November<\/strong><br \/>\nTisdag 10 november kl. 17.00<br \/>\nStyrelse- och medlemsm\u00f6te<\/p>\n<p><strong>December<\/strong><br \/>\nTisdag 8 december<br \/>\nStyrelse- och medlemsm\u00f6te med jultallrik.<br \/>\nAnm\u00e4lan till v\u00e5r kanslist Kjell Larsson tel. 182 70 senast fredagen den 4\/12 kl. 17.00.<\/p>\n<p><strong>VARMT V\u00c4LKOMNA!!!<\/strong><\/p>\n","protected":false},"excerpt":{"rendered":"<p>Kristdemokraterna i Pite\u00e5 2015 Februari Tisdag 3 februari kl. 17.00 Styrelsem\u00f6te inf\u00f6r \u00e5rsm\u00f6tet. S\u00f6ndag 8 februari kl. 16.00 \u00c5rsm\u00f6te med Afternoon-tea med medverkan av riksdagsledamot Aron Modig. Mars Onsdag 4 mars kl. 17.00 Styrelse- och medlemsm\u00f6te. Socialchef Gun-Britt Johansson medverkar och ber\u00e4ttar om vad som \u00e4r aktuellt inom \u00e4ldreomsorgen samt st\u00f6d &amp; omsorg i Pite\u00e5 <a class=\"read-more-link\" href=\"https:\/\/wp.kristdemokraterna.se\/pitea\/verksamhetsplan\/\">Read More<\/a><\/p>\n","protected":false},"author":693,"featured_media":262,"comment_status":"closed","ping_status":"closed","sticky":false,"template":"","format":"standard","meta":{"_acf_changed":false,"footnotes":""},"categories":[19],"tags":[],"class_list":["post-65","post","type-post","status-publish","format-standard","hentry","category-kd-pitea"],"acf":[],"yoast_head":"<!-- This site is optimized with the Yoast SEO plugin v27.4 - https:\/\/yoast.com\/product\/yoast-seo-wordpress\/ -->\n<title>Verksamhetsplan - Kristdemokraterna Pite\u00e5<\/title>\n<meta name=\"robots\" content=\"index, follow, max-snippet:-1, max-image-preview:large, max-video-preview:-1\" \/>\n<link rel=\"canonical\" href=\"https:\/\/wp.kristdemokraterna.se\/pitea\/verksamhetsplan\/\" \/>\n<meta property=\"og:locale\" content=\"sv_SE\" \/>\n<meta property=\"og:type\" content=\"article\" \/>\n<meta property=\"og:title\" content=\"Verksamhetsplan - Kristdemokraterna Pite\u00e5\" \/>\n<meta property=\"og:description\" content=\"Kristdemokraterna i Pite\u00e5 2015 Februari Tisdag 3 februari kl. 17.00 Styrelsem\u00f6te inf\u00f6r \u00e5rsm\u00f6tet. S\u00f6ndag 8 februari kl. 16.00 \u00c5rsm\u00f6te med Afternoon-tea med medverkan av riksdagsledamot Aron Modig. Mars Onsdag 4 mars kl. 17.00 Styrelse- och medlemsm\u00f6te. Socialchef Gun-Britt Johansson medverkar och ber\u00e4ttar om vad som \u00e4r aktuellt inom \u00e4ldreomsorgen samt st\u00f6d &amp; omsorg i Pite\u00e5 Read More\" \/>\n<meta property=\"og:url\" content=\"https:\/\/wp.kristdemokraterna.se\/pitea\/verksamhetsplan\/\" \/>\n<meta property=\"og:site_name\" content=\"Kristdemokraterna Pite\u00e5\" \/>\n<meta property=\"article:published_time\" content=\"2015-03-27T10:19:50+00:00\" \/>\n<meta property=\"article:modified_time\" content=\"2019-03-05T09:10:10+00:00\" \/>\n<meta property=\"og:image\" content=\"https:\/\/wp.kristdemokraterna.se\/pitea\/files\/2015\/03\/time-2189801_1920.jpg\" \/>\n\t<meta property=\"og:image:width\" content=\"1920\" \/>\n\t<meta property=\"og:image:height\" content=\"1280\" \/>\n\t<meta property=\"og:image:type\" content=\"image\/jpeg\" \/>\n<meta name=\"author\" content=\"Charlotta Burman\" \/>\n<meta name=\"twitter:card\" content=\"summary_large_image\" \/>\n<meta name=\"twitter:label1\" content=\"Skriven av\" \/>\n\t<meta name=\"twitter:data1\" content=\"Charlotta Burman\" \/>\n\t<meta name=\"twitter:label2\" content=\"Ber\u00e4knad l\u00e4stid\" \/>\n\t<meta name=\"twitter:data2\" content=\"1 minut\" \/>\n<script type=\"application\/ld+json\" class=\"yoast-schema-graph\">{\"@context\":\"https:\\\/\\\/schema.org\",\"@graph\":[{\"@type\":\"Article\",\"@id\":\"https:\\\/\\\/wp.kristdemokraterna.se\\\/pitea\\\/verksamhetsplan\\\/#article\",\"isPartOf\":{\"@id\":\"https:\\\/\\\/wp.kristdemokraterna.se\\\/pitea\\\/verksamhetsplan\\\/\"},\"author\":{\"name\":\"Charlotta Burman\",\"@id\":\"https:\\\/\\\/wp.kristdemokraterna.se\\\/pitea\\\/#\\\/schema\\\/person\\\/db9e90e3d802950af7a0ac8336a625da\"},\"headline\":\"Verksamhetsplan\",\"datePublished\":\"2015-03-27T10:19:50+00:00\",\"dateModified\":\"2019-03-05T09:10:10+00:00\",\"mainEntityOfPage\":{\"@id\":\"https:\\\/\\\/wp.kristdemokraterna.se\\\/pitea\\\/verksamhetsplan\\\/\"},\"wordCount\":247,\"image\":{\"@id\":\"https:\\\/\\\/wp.kristdemokraterna.se\\\/pitea\\\/verksamhetsplan\\\/#primaryimage\"},\"thumbnailUrl\":\"https:\\\/\\\/wp.kristdemokraterna.se\\\/pitea\\\/files\\\/2015\\\/03\\\/time-2189801_1920.jpg\",\"articleSection\":[\"KD Pite\u00e5\"],\"inLanguage\":\"sv-SE\"},{\"@type\":\"WebPage\",\"@id\":\"https:\\\/\\\/wp.kristdemokraterna.se\\\/pitea\\\/verksamhetsplan\\\/\",\"url\":\"https:\\\/\\\/wp.kristdemokraterna.se\\\/pitea\\\/verksamhetsplan\\\/\",\"name\":\"Verksamhetsplan - Kristdemokraterna Pite\u00e5\",\"isPartOf\":{\"@id\":\"https:\\\/\\\/wp.kristdemokraterna.se\\\/pitea\\\/#website\"},\"primaryImageOfPage\":{\"@id\":\"https:\\\/\\\/wp.kristdemokraterna.se\\\/pitea\\\/verksamhetsplan\\\/#primaryimage\"},\"image\":{\"@id\":\"https:\\\/\\\/wp.kristdemokraterna.se\\\/pitea\\\/verksamhetsplan\\\/#primaryimage\"},\"thumbnailUrl\":\"https:\\\/\\\/wp.kristdemokraterna.se\\\/pitea\\\/files\\\/2015\\\/03\\\/time-2189801_1920.jpg\",\"datePublished\":\"2015-03-27T10:19:50+00:00\",\"dateModified\":\"2019-03-05T09:10:10+00:00\",\"author\":{\"@id\":\"https:\\\/\\\/wp.kristdemokraterna.se\\\/pitea\\\/#\\\/schema\\\/person\\\/db9e90e3d802950af7a0ac8336a625da\"},\"breadcrumb\":{\"@id\":\"https:\\\/\\\/wp.kristdemokraterna.se\\\/pitea\\\/verksamhetsplan\\\/#breadcrumb\"},\"inLanguage\":\"sv-SE\",\"potentialAction\":[{\"@type\":\"ReadAction\",\"target\":[\"https:\\\/\\\/wp.kristdemokraterna.se\\\/pitea\\\/verksamhetsplan\\\/\"]}]},{\"@type\":\"ImageObject\",\"inLanguage\":\"sv-SE\",\"@id\":\"https:\\\/\\\/wp.kristdemokraterna.se\\\/pitea\\\/verksamhetsplan\\\/#primaryimage\",\"url\":\"https:\\\/\\\/wp.kristdemokraterna.se\\\/pitea\\\/files\\\/2015\\\/03\\\/time-2189801_1920.jpg\",\"contentUrl\":\"https:\\\/\\\/wp.kristdemokraterna.se\\\/pitea\\\/files\\\/2015\\\/03\\\/time-2189801_1920.jpg\",\"width\":1920,\"height\":1280},{\"@type\":\"BreadcrumbList\",\"@id\":\"https:\\\/\\\/wp.kristdemokraterna.se\\\/pitea\\\/verksamhetsplan\\\/#breadcrumb\",\"itemListElement\":[{\"@type\":\"ListItem\",\"position\":1,\"name\":\"Hem\",\"item\":\"https:\\\/\\\/wp.kristdemokraterna.se\\\/pitea\\\/\"},{\"@type\":\"ListItem\",\"position\":2,\"name\":\"Verksamhetsplan\"}]},{\"@type\":\"WebSite\",\"@id\":\"https:\\\/\\\/wp.kristdemokraterna.se\\\/pitea\\\/#website\",\"url\":\"https:\\\/\\\/wp.kristdemokraterna.se\\\/pitea\\\/\",\"name\":\"Kristdemokraterna Pite\u00e5\",\"description\":\"Trygga familjer bygger ett tryggare Sverige\",\"inLanguage\":\"sv-SE\"},{\"@type\":\"Person\",\"@id\":\"https:\\\/\\\/wp.kristdemokraterna.se\\\/pitea\\\/#\\\/schema\\\/person\\\/db9e90e3d802950af7a0ac8336a625da\",\"name\":\"Charlotta Burman\",\"image\":{\"@type\":\"ImageObject\",\"inLanguage\":\"sv-SE\",\"@id\":\"https:\\\/\\\/secure.gravatar.com\\\/avatar\\\/89bee22518553877e7f2f600ca146a42e65908e5fd55043c0459319e20022f4b?s=96&d=mm&r=g\",\"url\":\"https:\\\/\\\/secure.gravatar.com\\\/avatar\\\/89bee22518553877e7f2f600ca146a42e65908e5fd55043c0459319e20022f4b?s=96&d=mm&r=g\",\"contentUrl\":\"https:\\\/\\\/secure.gravatar.com\\\/avatar\\\/89bee22518553877e7f2f600ca146a42e65908e5fd55043c0459319e20022f4b?s=96&d=mm&r=g\",\"caption\":\"Charlotta Burman\"},\"url\":\"https:\\\/\\\/wp.kristdemokraterna.se\\\/pitea\\\/author\\\/charlotta\\\/\"}]}<\/script>\n<!-- \/ Yoast SEO plugin. -->","yoast_head_json":{"title":"Verksamhetsplan - Kristdemokraterna Pite\u00e5","robots":{"index":"index","follow":"follow","max-snippet":"max-snippet:-1","max-image-preview":"max-image-preview:large","max-video-preview":"max-video-preview:-1"},"canonical":"https:\/\/wp.kristdemokraterna.se\/pitea\/verksamhetsplan\/","og_locale":"sv_SE","og_type":"article","og_title":"Verksamhetsplan - Kristdemokraterna Pite\u00e5","og_description":"Kristdemokraterna i Pite\u00e5 2015 Februari Tisdag 3 februari kl. 17.00 Styrelsem\u00f6te inf\u00f6r \u00e5rsm\u00f6tet. S\u00f6ndag 8 februari kl. 16.00 \u00c5rsm\u00f6te med Afternoon-tea med medverkan av riksdagsledamot Aron Modig. Mars Onsdag 4 mars kl. 17.00 Styrelse- och medlemsm\u00f6te. Socialchef Gun-Britt Johansson medverkar och ber\u00e4ttar om vad som \u00e4r aktuellt inom \u00e4ldreomsorgen samt st\u00f6d &amp; omsorg i Pite\u00e5 Read More","og_url":"https:\/\/wp.kristdemokraterna.se\/pitea\/verksamhetsplan\/","og_site_name":"Kristdemokraterna Pite\u00e5","article_published_time":"2015-03-27T10:19:50+00:00","article_modified_time":"2019-03-05T09:10:10+00:00","og_image":[{"width":1920,"height":1280,"url":"https:\/\/wp.kristdemokraterna.se\/pitea\/files\/2015\/03\/time-2189801_1920.jpg","type":"image\/jpeg"}],"author":"Charlotta Burman","twitter_card":"summary_large_image","twitter_misc":{"Skriven av":"Charlotta Burman","Ber\u00e4knad l\u00e4stid":"1 minut"},"schema":{"@context":"https:\/\/schema.org","@graph":[{"@type":"Article","@id":"https:\/\/wp.kristdemokraterna.se\/pitea\/verksamhetsplan\/#article","isPartOf":{"@id":"https:\/\/wp.kristdemokraterna.se\/pitea\/verksamhetsplan\/"},"author":{"name":"Charlotta Burman","@id":"https:\/\/wp.kristdemokraterna.se\/pitea\/#\/schema\/person\/db9e90e3d802950af7a0ac8336a625da"},"headline":"Verksamhetsplan","datePublished":"2015-03-27T10:19:50+00:00","dateModified":"2019-03-05T09:10:10+00:00","mainEntityOfPage":{"@id":"https:\/\/wp.kristdemokraterna.se\/pitea\/verksamhetsplan\/"},"wordCount":247,"image":{"@id":"https:\/\/wp.kristdemokraterna.se\/pitea\/verksamhetsplan\/#primaryimage"},"thumbnailUrl":"https:\/\/wp.kristdemokraterna.se\/pitea\/files\/2015\/03\/time-2189801_1920.jpg","articleSection":["KD Pite\u00e5"],"inLanguage":"sv-SE"},{"@type":"WebPage","@id":"https:\/\/wp.kristdemokraterna.se\/pitea\/verksamhetsplan\/","url":"https:\/\/wp.kristdemokraterna.se\/pitea\/verksamhetsplan\/","name":"Verksamhetsplan - Kristdemokraterna Pite\u00e5","isPartOf":{"@id":"https:\/\/wp.kristdemokraterna.se\/pitea\/#website"},"primaryImageOfPage":{"@id":"https:\/\/wp.kristdemokraterna.se\/pitea\/verksamhetsplan\/#primaryimage"},"image":{"@id":"https:\/\/wp.kristdemokraterna.se\/pitea\/verksamhetsplan\/#primaryimage"},"thumbnailUrl":"https:\/\/wp.kristdemokraterna.se\/pitea\/files\/2015\/03\/time-2189801_1920.jpg","datePublished":"2015-03-27T10:19:50+00:00","dateModified":"2019-03-05T09:10:10+00:00","author":{"@id":"https:\/\/wp.kristdemokraterna.se\/pitea\/#\/schema\/person\/db9e90e3d802950af7a0ac8336a625da"},"breadcrumb":{"@id":"https:\/\/wp.kristdemokraterna.se\/pitea\/verksamhetsplan\/#breadcrumb"},"inLanguage":"sv-SE","potentialAction":[{"@type":"ReadAction","target":["https:\/\/wp.kristdemokraterna.se\/pitea\/verksamhetsplan\/"]}]},{"@type":"ImageObject","inLanguage":"sv-SE","@id":"https:\/\/wp.kristdemokraterna.se\/pitea\/verksamhetsplan\/#primaryimage","url":"https:\/\/wp.kristdemokraterna.se\/pitea\/files\/2015\/03\/time-2189801_1920.jpg","contentUrl":"https:\/\/wp.kristdemokraterna.se\/pitea\/files\/2015\/03\/time-2189801_1920.jpg","width":1920,"height":1280},{"@type":"BreadcrumbList","@id":"https:\/\/wp.kristdemokraterna.se\/pitea\/verksamhetsplan\/#breadcrumb","itemListElement":[{"@type":"ListItem","position":1,"name":"Hem","item":"https:\/\/wp.kristdemokraterna.se\/pitea\/"},{"@type":"ListItem","position":2,"name":"Verksamhetsplan"}]},{"@type":"WebSite","@id":"https:\/\/wp.kristdemokraterna.se\/pitea\/#website","url":"https:\/\/wp.kristdemokraterna.se\/pitea\/","name":"Kristdemokraterna Pite\u00e5","description":"Trygga familjer bygger ett tryggare Sverige","inLanguage":"sv-SE"},{"@type":"Person","@id":"https:\/\/wp.kristdemokraterna.se\/pitea\/#\/schema\/person\/db9e90e3d802950af7a0ac8336a625da","name":"Charlotta Burman","image":{"@type":"ImageObject","inLanguage":"sv-SE","@id":"https:\/\/secure.gravatar.com\/avatar\/89bee22518553877e7f2f600ca146a42e65908e5fd55043c0459319e20022f4b?s=96&d=mm&r=g","url":"https:\/\/secure.gravatar.com\/avatar\/89bee22518553877e7f2f600ca146a42e65908e5fd55043c0459319e20022f4b?s=96&d=mm&r=g","contentUrl":"https:\/\/secure.gravatar.com\/avatar\/89bee22518553877e7f2f600ca146a42e65908e5fd55043c0459319e20022f4b?s=96&d=mm&r=g","caption":"Charlotta Burman"},"url":"https:\/\/wp.kristdemokraterna.se\/pitea\/author\/charlotta\/"}]}},"_links":{"self":[{"href":"https:\/\/wp.kristdemokraterna.se\/pitea\/wp-json\/wp\/v2\/posts\/65","targetHints":{"allow":["GET"]}}],"collection":[{"href":"https:\/\/wp.kristdemokraterna.se\/pitea\/wp-json\/wp\/v2\/posts"}],"about":[{"href":"https:\/\/wp.kristdemokraterna.se\/pitea\/wp-json\/wp\/v2\/types\/post"}],"author":[{"embeddable":true,"href":"https:\/\/wp.kristdemokraterna.se\/pitea\/wp-json\/wp\/v2\/users\/693"}],"replies":[{"embeddable":true,"href":"https:\/\/wp.kristdemokraterna.se\/pitea\/wp-json\/wp\/v2\/comments?post=65"}],"version-history":[{"count":7,"href":"https:\/\/wp.kristdemokraterna.se\/pitea\/wp-json\/wp\/v2\/posts\/65\/revisions"}],"predecessor-version":[{"id":92,"href":"https:\/\/wp.kristdemokraterna.se\/pitea\/wp-json\/wp\/v2\/posts\/65\/revisions\/92"}],"wp:featuredmedia":[{"embeddable":true,"href":"https:\/\/wp.kristdemokraterna.se\/pitea\/wp-json\/wp\/v2\/media\/262"}],"wp:attachment":[{"href":"https:\/\/wp.kristdemokraterna.se\/pitea\/wp-json\/wp\/v2\/media?parent=65"}],"wp:term":[{"taxonomy":"category","embeddable":true,"href":"https:\/\/wp.kristdemokraterna.se\/pitea\/wp-json\/wp\/v2\/categories?post=65"},{"taxonomy":"post_tag","embeddable":true,"href":"https:\/\/wp.kristdemokraterna.se\/pitea\/wp-json\/wp\/v2\/tags?post=65"}],"curies":[{"name":"wp","href":"https:\/\/api.w.org\/{rel}","templated":true}]}}