{"id":90,"date":"2015-06-18T09:45:59","date_gmt":"2015-06-18T07:45:59","guid":{"rendered":"http:\/\/wp.kristdemokraterna.se\/pitea\/?p=90"},"modified":"2019-03-05T10:09:47","modified_gmt":"2019-03-05T09:09:47","slug":"sommarhalsning-fran-kd","status":"publish","type":"post","link":"https:\/\/wp.kristdemokraterna.se\/pitea\/sommarhalsning-fran-kd\/","title":{"rendered":"Sommarh\u00e4lsning fr\u00e5n KD"},"content":{"rendered":"<h1>Sommarh\u00e4lsning och aktivitetstips<\/h1>\n<p>Vad kan man g\u00f6ra f\u00f6r att locka fram v\u00e4rmen under denna kalla v\u00e5r? Kanske kan ett sommarbrev hj\u00e4lpa. Vinterns alla aktiviteter och sammantr\u00e4den tar nu paus f\u00f6r de flesta utom f\u00f6r socialn\u00e4mndens AU d\u00e4r Mayvor Ekberg sitter och som tr\u00e4ffas \u00e4ven under sommaren. Men n\u00e5gra aktiviteter som g\u00e4ller alla \u00e4r \u00e4nd\u00e5 inplanerade.<\/p>\n<p><strong>S\u00f6ndagen den 26\/7<\/strong> d\u00e5 det blir utf\u00e4rd f\u00f6r hela familjen till J\u00e4vre p\u00e5 J\u00e4vredagen vid Skags fyr med friluftsgudstj\u00e4nst, caf\u00e9 vid bryggan, fiskhalstring m.m. MD:s restaurang vid Turistinformationen med 60-talsutst\u00e4llningen serverar lunch. Man kan ocks\u00e5 ha med sig mats\u00e4ck. Vi samlas vid EFS-kyrkan kl. 10.00 f\u00f6r gemensam avf\u00e4rd. Vi fyller v\u00e5ra bilar och kan du k\u00f6ra eller har plats kan du meddela det till mig, tel. 0911-27 40 20 eller 0730-48 53 86 s\u00e5 samordnar jag. Vi tar med runda bordet med KD-duken, lotter, karameller, ballonger till barnen och ordnar en liten t\u00e4vling. Medtag g\u00e4rna vinst!<\/p>\n<p><strong>M\u00e5ndagen den 17\/8<\/strong> blir det utf\u00e4rd till Fiskecampen i J\u00e4vre med guidad visning kl. 11.00. Avf\u00e4rd fr\u00e5n EFS-kyrkan, Malmgatan 3 kl. 10.00. Att fiska lax kostar 65:-\/kg och lunchen kostar 135:-. Anm\u00e4lan till Ingrid Isaksson tel. 070-6050863 senast m\u00e5ndag 10\/8.<\/p>\n<p>N\u00e4sta aktivitet blir <strong>l\u00f6rdagen den 22\/8<\/strong> i Badhusparken. D\u00e5 \u00e4r det f\u00f6rutom Loppis &#8211; F\u00f6reningarnas dag kl. 10.00 &#8211; 14.00. Vi har f\u00e5tt talartid fr\u00e5n scenen kl. 11.00 d\u00e5 \u00e4ven \u00e5rets Vitsippspris delas ut f\u00f6r att uppmuntra n\u00e5gon f\u00f6r en insats eller g\u00e4rning som g\u00f6r skillnad, g\u00e4rna n\u00e5got som har med barn att g\u00f6ra eftersom KD s\u00e4rskilt v\u00e4rnar barn och unga samt familjen. Vi delar ut flyers, ballonger, karameller och kanske anordnar n\u00e5gon liten t\u00e4vling samt informerar och inbjuder fler till att bli medlemmar. Hoppas att s\u00e5 m\u00e5nga som m\u00f6jligt kommer!<\/p>\n<p>Hel\u00e9n Lindb\u00e4ck, gruppledare<\/p>\n","protected":false},"excerpt":{"rendered":"<p>Sommarh\u00e4lsning och aktivitetstips Vad kan man g\u00f6ra f\u00f6r att locka fram v\u00e4rmen under denna kalla v\u00e5r? Kanske kan ett sommarbrev hj\u00e4lpa. Vinterns alla aktiviteter och sammantr\u00e4den tar nu paus f\u00f6r de flesta utom f\u00f6r socialn\u00e4mndens AU d\u00e4r Mayvor Ekberg sitter och som tr\u00e4ffas \u00e4ven under sommaren. Men n\u00e5gra aktiviteter som g\u00e4ller alla \u00e4r \u00e4nd\u00e5 inplanerade. <a class=\"read-more-link\" href=\"https:\/\/wp.kristdemokraterna.se\/pitea\/sommarhalsning-fran-kd\/\">Read More<\/a><\/p>\n","protected":false},"author":693,"featured_media":265,"comment_status":"closed","ping_status":"closed","sticky":false,"template":"","format":"standard","meta":{"_acf_changed":false,"footnotes":""},"categories":[19],"tags":[],"class_list":["post-90","post","type-post","status-publish","format-standard","hentry","category-kd-pitea"],"acf":[],"yoast_head":"<!-- This site is optimized with the Yoast SEO plugin v27.4 - https:\/\/yoast.com\/product\/yoast-seo-wordpress\/ -->\n<title>Sommarh\u00e4lsning fr\u00e5n KD - Kristdemokraterna Pite\u00e5<\/title>\n<meta name=\"robots\" content=\"index, follow, max-snippet:-1, max-image-preview:large, max-video-preview:-1\" \/>\n<link rel=\"canonical\" href=\"https:\/\/wp.kristdemokraterna.se\/pitea\/sommarhalsning-fran-kd\/\" \/>\n<meta property=\"og:locale\" content=\"sv_SE\" \/>\n<meta property=\"og:type\" content=\"article\" \/>\n<meta property=\"og:title\" content=\"Sommarh\u00e4lsning fr\u00e5n KD - Kristdemokraterna Pite\u00e5\" \/>\n<meta property=\"og:description\" content=\"Sommarh\u00e4lsning och aktivitetstips Vad kan man g\u00f6ra f\u00f6r att locka fram v\u00e4rmen under denna kalla v\u00e5r? Kanske kan ett sommarbrev hj\u00e4lpa. Vinterns alla aktiviteter och sammantr\u00e4den tar nu paus f\u00f6r de flesta utom f\u00f6r socialn\u00e4mndens AU d\u00e4r Mayvor Ekberg sitter och som tr\u00e4ffas \u00e4ven under sommaren. Men n\u00e5gra aktiviteter som g\u00e4ller alla \u00e4r \u00e4nd\u00e5 inplanerade. Read More\" \/>\n<meta property=\"og:url\" content=\"https:\/\/wp.kristdemokraterna.se\/pitea\/sommarhalsning-fran-kd\/\" \/>\n<meta property=\"og:site_name\" content=\"Kristdemokraterna Pite\u00e5\" \/>\n<meta property=\"article:published_time\" content=\"2015-06-18T07:45:59+00:00\" \/>\n<meta property=\"article:modified_time\" content=\"2019-03-05T09:09:47+00:00\" \/>\n<meta property=\"og:image\" content=\"https:\/\/wp.kristdemokraterna.se\/pitea\/files\/2015\/06\/swans-2441210_1920.jpg\" \/>\n\t<meta property=\"og:image:width\" content=\"1920\" \/>\n\t<meta property=\"og:image:height\" content=\"1281\" \/>\n\t<meta property=\"og:image:type\" content=\"image\/jpeg\" \/>\n<meta name=\"author\" content=\"Charlotta Burman\" \/>\n<meta name=\"twitter:card\" content=\"summary_large_image\" \/>\n<meta name=\"twitter:label1\" content=\"Skriven av\" \/>\n\t<meta name=\"twitter:data1\" content=\"Charlotta Burman\" \/>\n\t<meta name=\"twitter:label2\" content=\"Ber\u00e4knad l\u00e4stid\" \/>\n\t<meta name=\"twitter:data2\" content=\"2 minuter\" \/>\n<script type=\"application\/ld+json\" class=\"yoast-schema-graph\">{\"@context\":\"https:\\\/\\\/schema.org\",\"@graph\":[{\"@type\":\"Article\",\"@id\":\"https:\\\/\\\/wp.kristdemokraterna.se\\\/pitea\\\/sommarhalsning-fran-kd\\\/#article\",\"isPartOf\":{\"@id\":\"https:\\\/\\\/wp.kristdemokraterna.se\\\/pitea\\\/sommarhalsning-fran-kd\\\/\"},\"author\":{\"name\":\"Charlotta Burman\",\"@id\":\"https:\\\/\\\/wp.kristdemokraterna.se\\\/pitea\\\/#\\\/schema\\\/person\\\/db9e90e3d802950af7a0ac8336a625da\"},\"headline\":\"Sommarh\u00e4lsning fr\u00e5n KD\",\"datePublished\":\"2015-06-18T07:45:59+00:00\",\"dateModified\":\"2019-03-05T09:09:47+00:00\",\"mainEntityOfPage\":{\"@id\":\"https:\\\/\\\/wp.kristdemokraterna.se\\\/pitea\\\/sommarhalsning-fran-kd\\\/\"},\"wordCount\":335,\"image\":{\"@id\":\"https:\\\/\\\/wp.kristdemokraterna.se\\\/pitea\\\/sommarhalsning-fran-kd\\\/#primaryimage\"},\"thumbnailUrl\":\"https:\\\/\\\/wp.kristdemokraterna.se\\\/pitea\\\/files\\\/2015\\\/06\\\/swans-2441210_1920.jpg\",\"articleSection\":[\"KD Pite\u00e5\"],\"inLanguage\":\"sv-SE\"},{\"@type\":\"WebPage\",\"@id\":\"https:\\\/\\\/wp.kristdemokraterna.se\\\/pitea\\\/sommarhalsning-fran-kd\\\/\",\"url\":\"https:\\\/\\\/wp.kristdemokraterna.se\\\/pitea\\\/sommarhalsning-fran-kd\\\/\",\"name\":\"Sommarh\u00e4lsning fr\u00e5n KD - Kristdemokraterna Pite\u00e5\",\"isPartOf\":{\"@id\":\"https:\\\/\\\/wp.kristdemokraterna.se\\\/pitea\\\/#website\"},\"primaryImageOfPage\":{\"@id\":\"https:\\\/\\\/wp.kristdemokraterna.se\\\/pitea\\\/sommarhalsning-fran-kd\\\/#primaryimage\"},\"image\":{\"@id\":\"https:\\\/\\\/wp.kristdemokraterna.se\\\/pitea\\\/sommarhalsning-fran-kd\\\/#primaryimage\"},\"thumbnailUrl\":\"https:\\\/\\\/wp.kristdemokraterna.se\\\/pitea\\\/files\\\/2015\\\/06\\\/swans-2441210_1920.jpg\",\"datePublished\":\"2015-06-18T07:45:59+00:00\",\"dateModified\":\"2019-03-05T09:09:47+00:00\",\"author\":{\"@id\":\"https:\\\/\\\/wp.kristdemokraterna.se\\\/pitea\\\/#\\\/schema\\\/person\\\/db9e90e3d802950af7a0ac8336a625da\"},\"breadcrumb\":{\"@id\":\"https:\\\/\\\/wp.kristdemokraterna.se\\\/pitea\\\/sommarhalsning-fran-kd\\\/#breadcrumb\"},\"inLanguage\":\"sv-SE\",\"potentialAction\":[{\"@type\":\"ReadAction\",\"target\":[\"https:\\\/\\\/wp.kristdemokraterna.se\\\/pitea\\\/sommarhalsning-fran-kd\\\/\"]}]},{\"@type\":\"ImageObject\",\"inLanguage\":\"sv-SE\",\"@id\":\"https:\\\/\\\/wp.kristdemokraterna.se\\\/pitea\\\/sommarhalsning-fran-kd\\\/#primaryimage\",\"url\":\"https:\\\/\\\/wp.kristdemokraterna.se\\\/pitea\\\/files\\\/2015\\\/06\\\/swans-2441210_1920.jpg\",\"contentUrl\":\"https:\\\/\\\/wp.kristdemokraterna.se\\\/pitea\\\/files\\\/2015\\\/06\\\/swans-2441210_1920.jpg\",\"width\":1920,\"height\":1281},{\"@type\":\"BreadcrumbList\",\"@id\":\"https:\\\/\\\/wp.kristdemokraterna.se\\\/pitea\\\/sommarhalsning-fran-kd\\\/#breadcrumb\",\"itemListElement\":[{\"@type\":\"ListItem\",\"position\":1,\"name\":\"Hem\",\"item\":\"https:\\\/\\\/wp.kristdemokraterna.se\\\/pitea\\\/\"},{\"@type\":\"ListItem\",\"position\":2,\"name\":\"Sommarh\u00e4lsning fr\u00e5n KD\"}]},{\"@type\":\"WebSite\",\"@id\":\"https:\\\/\\\/wp.kristdemokraterna.se\\\/pitea\\\/#website\",\"url\":\"https:\\\/\\\/wp.kristdemokraterna.se\\\/pitea\\\/\",\"name\":\"Kristdemokraterna Pite\u00e5\",\"description\":\"Trygga familjer bygger ett tryggare Sverige\",\"inLanguage\":\"sv-SE\"},{\"@type\":\"Person\",\"@id\":\"https:\\\/\\\/wp.kristdemokraterna.se\\\/pitea\\\/#\\\/schema\\\/person\\\/db9e90e3d802950af7a0ac8336a625da\",\"name\":\"Charlotta Burman\",\"image\":{\"@type\":\"ImageObject\",\"inLanguage\":\"sv-SE\",\"@id\":\"https:\\\/\\\/secure.gravatar.com\\\/avatar\\\/89bee22518553877e7f2f600ca146a42e65908e5fd55043c0459319e20022f4b?s=96&d=mm&r=g\",\"url\":\"https:\\\/\\\/secure.gravatar.com\\\/avatar\\\/89bee22518553877e7f2f600ca146a42e65908e5fd55043c0459319e20022f4b?s=96&d=mm&r=g\",\"contentUrl\":\"https:\\\/\\\/secure.gravatar.com\\\/avatar\\\/89bee22518553877e7f2f600ca146a42e65908e5fd55043c0459319e20022f4b?s=96&d=mm&r=g\",\"caption\":\"Charlotta Burman\"},\"url\":\"https:\\\/\\\/wp.kristdemokraterna.se\\\/pitea\\\/author\\\/charlotta\\\/\"}]}<\/script>\n<!-- \/ Yoast SEO plugin. -->","yoast_head_json":{"title":"Sommarh\u00e4lsning fr\u00e5n KD - Kristdemokraterna Pite\u00e5","robots":{"index":"index","follow":"follow","max-snippet":"max-snippet:-1","max-image-preview":"max-image-preview:large","max-video-preview":"max-video-preview:-1"},"canonical":"https:\/\/wp.kristdemokraterna.se\/pitea\/sommarhalsning-fran-kd\/","og_locale":"sv_SE","og_type":"article","og_title":"Sommarh\u00e4lsning fr\u00e5n KD - Kristdemokraterna Pite\u00e5","og_description":"Sommarh\u00e4lsning och aktivitetstips Vad kan man g\u00f6ra f\u00f6r att locka fram v\u00e4rmen under denna kalla v\u00e5r? Kanske kan ett sommarbrev hj\u00e4lpa. Vinterns alla aktiviteter och sammantr\u00e4den tar nu paus f\u00f6r de flesta utom f\u00f6r socialn\u00e4mndens AU d\u00e4r Mayvor Ekberg sitter och som tr\u00e4ffas \u00e4ven under sommaren. Men n\u00e5gra aktiviteter som g\u00e4ller alla \u00e4r \u00e4nd\u00e5 inplanerade. Read More","og_url":"https:\/\/wp.kristdemokraterna.se\/pitea\/sommarhalsning-fran-kd\/","og_site_name":"Kristdemokraterna Pite\u00e5","article_published_time":"2015-06-18T07:45:59+00:00","article_modified_time":"2019-03-05T09:09:47+00:00","og_image":[{"width":1920,"height":1281,"url":"https:\/\/wp.kristdemokraterna.se\/pitea\/files\/2015\/06\/swans-2441210_1920.jpg","type":"image\/jpeg"}],"author":"Charlotta Burman","twitter_card":"summary_large_image","twitter_misc":{"Skriven av":"Charlotta Burman","Ber\u00e4knad l\u00e4stid":"2 minuter"},"schema":{"@context":"https:\/\/schema.org","@graph":[{"@type":"Article","@id":"https:\/\/wp.kristdemokraterna.se\/pitea\/sommarhalsning-fran-kd\/#article","isPartOf":{"@id":"https:\/\/wp.kristdemokraterna.se\/pitea\/sommarhalsning-fran-kd\/"},"author":{"name":"Charlotta Burman","@id":"https:\/\/wp.kristdemokraterna.se\/pitea\/#\/schema\/person\/db9e90e3d802950af7a0ac8336a625da"},"headline":"Sommarh\u00e4lsning fr\u00e5n KD","datePublished":"2015-06-18T07:45:59+00:00","dateModified":"2019-03-05T09:09:47+00:00","mainEntityOfPage":{"@id":"https:\/\/wp.kristdemokraterna.se\/pitea\/sommarhalsning-fran-kd\/"},"wordCount":335,"image":{"@id":"https:\/\/wp.kristdemokraterna.se\/pitea\/sommarhalsning-fran-kd\/#primaryimage"},"thumbnailUrl":"https:\/\/wp.kristdemokraterna.se\/pitea\/files\/2015\/06\/swans-2441210_1920.jpg","articleSection":["KD Pite\u00e5"],"inLanguage":"sv-SE"},{"@type":"WebPage","@id":"https:\/\/wp.kristdemokraterna.se\/pitea\/sommarhalsning-fran-kd\/","url":"https:\/\/wp.kristdemokraterna.se\/pitea\/sommarhalsning-fran-kd\/","name":"Sommarh\u00e4lsning fr\u00e5n KD - Kristdemokraterna Pite\u00e5","isPartOf":{"@id":"https:\/\/wp.kristdemokraterna.se\/pitea\/#website"},"primaryImageOfPage":{"@id":"https:\/\/wp.kristdemokraterna.se\/pitea\/sommarhalsning-fran-kd\/#primaryimage"},"image":{"@id":"https:\/\/wp.kristdemokraterna.se\/pitea\/sommarhalsning-fran-kd\/#primaryimage"},"thumbnailUrl":"https:\/\/wp.kristdemokraterna.se\/pitea\/files\/2015\/06\/swans-2441210_1920.jpg","datePublished":"2015-06-18T07:45:59+00:00","dateModified":"2019-03-05T09:09:47+00:00","author":{"@id":"https:\/\/wp.kristdemokraterna.se\/pitea\/#\/schema\/person\/db9e90e3d802950af7a0ac8336a625da"},"breadcrumb":{"@id":"https:\/\/wp.kristdemokraterna.se\/pitea\/sommarhalsning-fran-kd\/#breadcrumb"},"inLanguage":"sv-SE","potentialAction":[{"@type":"ReadAction","target":["https:\/\/wp.kristdemokraterna.se\/pitea\/sommarhalsning-fran-kd\/"]}]},{"@type":"ImageObject","inLanguage":"sv-SE","@id":"https:\/\/wp.kristdemokraterna.se\/pitea\/sommarhalsning-fran-kd\/#primaryimage","url":"https:\/\/wp.kristdemokraterna.se\/pitea\/files\/2015\/06\/swans-2441210_1920.jpg","contentUrl":"https:\/\/wp.kristdemokraterna.se\/pitea\/files\/2015\/06\/swans-2441210_1920.jpg","width":1920,"height":1281},{"@type":"BreadcrumbList","@id":"https:\/\/wp.kristdemokraterna.se\/pitea\/sommarhalsning-fran-kd\/#breadcrumb","itemListElement":[{"@type":"ListItem","position":1,"name":"Hem","item":"https:\/\/wp.kristdemokraterna.se\/pitea\/"},{"@type":"ListItem","position":2,"name":"Sommarh\u00e4lsning fr\u00e5n KD"}]},{"@type":"WebSite","@id":"https:\/\/wp.kristdemokraterna.se\/pitea\/#website","url":"https:\/\/wp.kristdemokraterna.se\/pitea\/","name":"Kristdemokraterna Pite\u00e5","description":"Trygga familjer bygger ett tryggare Sverige","inLanguage":"sv-SE"},{"@type":"Person","@id":"https:\/\/wp.kristdemokraterna.se\/pitea\/#\/schema\/person\/db9e90e3d802950af7a0ac8336a625da","name":"Charlotta Burman","image":{"@type":"ImageObject","inLanguage":"sv-SE","@id":"https:\/\/secure.gravatar.com\/avatar\/89bee22518553877e7f2f600ca146a42e65908e5fd55043c0459319e20022f4b?s=96&d=mm&r=g","url":"https:\/\/secure.gravatar.com\/avatar\/89bee22518553877e7f2f600ca146a42e65908e5fd55043c0459319e20022f4b?s=96&d=mm&r=g","contentUrl":"https:\/\/secure.gravatar.com\/avatar\/89bee22518553877e7f2f600ca146a42e65908e5fd55043c0459319e20022f4b?s=96&d=mm&r=g","caption":"Charlotta Burman"},"url":"https:\/\/wp.kristdemokraterna.se\/pitea\/author\/charlotta\/"}]}},"_links":{"self":[{"href":"https:\/\/wp.kristdemokraterna.se\/pitea\/wp-json\/wp\/v2\/posts\/90","targetHints":{"allow":["GET"]}}],"collection":[{"href":"https:\/\/wp.kristdemokraterna.se\/pitea\/wp-json\/wp\/v2\/posts"}],"about":[{"href":"https:\/\/wp.kristdemokraterna.se\/pitea\/wp-json\/wp\/v2\/types\/post"}],"author":[{"embeddable":true,"href":"https:\/\/wp.kristdemokraterna.se\/pitea\/wp-json\/wp\/v2\/users\/693"}],"replies":[{"embeddable":true,"href":"https:\/\/wp.kristdemokraterna.se\/pitea\/wp-json\/wp\/v2\/comments?post=90"}],"version-history":[{"count":15,"href":"https:\/\/wp.kristdemokraterna.se\/pitea\/wp-json\/wp\/v2\/posts\/90\/revisions"}],"predecessor-version":[{"id":267,"href":"https:\/\/wp.kristdemokraterna.se\/pitea\/wp-json\/wp\/v2\/posts\/90\/revisions\/267"}],"wp:featuredmedia":[{"embeddable":true,"href":"https:\/\/wp.kristdemokraterna.se\/pitea\/wp-json\/wp\/v2\/media\/265"}],"wp:attachment":[{"href":"https:\/\/wp.kristdemokraterna.se\/pitea\/wp-json\/wp\/v2\/media?parent=90"}],"wp:term":[{"taxonomy":"category","embeddable":true,"href":"https:\/\/wp.kristdemokraterna.se\/pitea\/wp-json\/wp\/v2\/categories?post=90"},{"taxonomy":"post_tag","embeddable":true,"href":"https:\/\/wp.kristdemokraterna.se\/pitea\/wp-json\/wp\/v2\/tags?post=90"}],"curies":[{"name":"wp","href":"https:\/\/api.w.org\/{rel}","templated":true}]}}