{"id":1008,"date":"2019-08-28T09:58:37","date_gmt":"2019-08-28T07:58:37","guid":{"rendered":"http:\/\/wp.kristdemokraterna.se\/regionostergotland\/?p=1008"},"modified":"2019-11-13T14:33:54","modified_gmt":"2019-11-13T13:33:54","slug":"koalitionen-utan-svar-om-koerna","status":"publish","type":"post","link":"https:\/\/wp.kristdemokraterna.se\/regionostergotland\/koalitionen-utan-svar-om-koerna\/","title":{"rendered":"Koalitionen utan svar om k\u00f6erna"},"content":{"rendered":"<p>Idag ger Per Larsson (KD), Marie Morell (M) och Fredrik Sj\u00f6strand (M) en slutreplik p\u00e5 \u201d<a href=\"https:\/\/corren.se\/asikter\/debatt\/varden-ska-finnas-nara-ostgotarna-om6260444.aspx\" target=\"_blank\" rel=\"noopener noreferrer\">V\u00e5rden ska finnas n\u00e4ra \u00f6stg\u00f6tarna<\/a>\u201d (24\/8).<\/p>\n<p>I v\u00e5rt inl\u00e4gg \u201dV\u00e5rdk\u00f6erna m\u00e5ste bort\u201d (19\/8) st\u00e4llde vi tv\u00e5 fr\u00e5gor till den styrande koalitionen (S, C, L och MP). Fr\u00e5gorna l\u00f6d;<\/p>\n<p>&#8211; Hur ska ni kapa v\u00e5rdk\u00f6erna?<\/p>\n<p>&#8211; N\u00e4r kan vi f\u00f6rv\u00e4nta oss att se att utvecklingen v\u00e4nder?<\/p>\n<p>Vi fick inte svar p\u00e5 n\u00e5gon av dem. Inte heller fick de tusentals \u00f6stg\u00f6tar som i detta nu v\u00e4ntar p\u00e5 v\u00e5rd n\u00e5got svar. Faktum \u00e4r att de l\u00e5nga k\u00f6erna inte ens omn\u00e4mns.<\/p>\n<p><!--more--><\/p>\n<p>I juni v\u00e4ntade 11 389 personer p\u00e5 ett f\u00f6rsta nybes\u00f6k inom den specialiserade v\u00e5rden och 6 024 v\u00e4ntade p\u00e5 en behandling. Det \u00e4r en \u00f6kning med 900 respektive 1 278 personer j\u00e4mf\u00f6rt med samma tid 2018 \u2013 allts\u00e5 bara p\u00e5 ett \u00e5r. Den h\u00e4r negativa utvecklingen \u00e4r mycket oroande och faktum \u00e4r att trenden har varit illavarslande under l\u00e5ng tid nu.<\/p>\n<p>Koalitionen h\u00e4vdar \u00e4nd\u00e5, med en d\u00e5res envishet, att situationen \u00e4r under kontroll och att n\u00f6dv\u00e4ndiga \u00e5tg\u00e4rder redan \u00e4r vidtagna (vi anklagas f\u00f6r att sl\u00e5 in \u00f6ppna d\u00f6rrar n\u00e4r vi kr\u00e4ver \u00e5tg\u00e4rder). Retoriken \u00e4r bekant. Den \u00e4r n\u00e4mligen densamma som under hela f\u00f6reg\u00e5ende mandatperiod \u2013 med samma partier vid rodret. Facit ser vi nu. Utvecklingen har fortsatt \u00e5t helt fel h\u00e5ll. B\u00e5de vad g\u00e4ller ekonomin, som \u00e4r i fullst\u00e4ndigt fritt fall, men ocks\u00e5 vad g\u00e4ller v\u00e5rdk\u00f6erna.<\/p>\n<p>Koalitionen h\u00e4nvisar till p\u00e5g\u00e5ende arbete just nu vad g\u00e4ller styrning och ledning och administration. Det st\u00e4mmer att det p\u00e5g\u00e5r ett s\u00e5dant arbete. Vi \u00e4r v\u00e4lbekanta med det, eftersom det initierades av oss.<\/p>\n<p>Men det r\u00e4cker inte. Vi kom med ytterligare reformf\u00f6rslag i juni i \u00e5r, n\u00e4r budgeten f\u00f6r Region \u00d6sterg\u00f6tland skulle beslutas. De r\u00f6stades ner.<\/p>\n<p>\u00c4ven om den S-ledda koalitionen inte vill svara oss om de allt v\u00e4xande v\u00e5rdk\u00f6erna, \u00e4r v\u00e4l \u00e4nd\u00e5 \u00f6stg\u00f6tarna v\u00e4rda ett svar? S\u00e4rskilt de som v\u00e4ntar p\u00e5 v\u00e5rd i detta nu. F\u00f6r det finns en m\u00e4nniska bakom varje siffra i statistiken, det f\u00e5r vi aldrig gl\u00f6mma bort eller blunda f\u00f6r.<\/p>\n<p><strong>Per Larsson (KD), <\/strong><strong>oppositionsr\u00e5d<\/strong><\/p>\n<p><strong>Marie Morell (M), <\/strong><strong>oppositionsr\u00e5d<\/strong><\/p>\n<p><strong>Fredrik Sj\u00f6strand (M), <\/strong><strong>oppositionsr\u00e5d<\/strong><\/p>\n<p>L\u00e4nk till Corren.se: <a href=\"https:\/\/corren.se\/asikter\/debatt\/koalitionen-utan-svar-om-koerna-om6266165.aspx\" target=\"_blank\" rel=\"noopener noreferrer\">https:\/\/corren.se\/asikter\/debatt\/koalitionen-utan-svar-om-koerna-om6266165.aspx<\/a><\/p>\n","protected":false},"excerpt":{"rendered":"<p>Idag ger Per Larsson (KD), Marie Morell (M) och Fredrik Sj\u00f6strand (M) en slutreplik p\u00e5 \u201dV\u00e5rden ska finnas n\u00e4ra \u00f6stg\u00f6tarna\u201d (24\/8). I v\u00e5rt inl\u00e4gg \u201dV\u00e5rdk\u00f6erna m\u00e5ste bort\u201d (19\/8) st\u00e4llde vi tv\u00e5 fr\u00e5gor till den styrande koalitionen (S, C, L och MP). Fr\u00e5gorna l\u00f6d; &#8211; Hur ska ni kapa v\u00e5rdk\u00f6erna? &#8211; N\u00e4r kan vi f\u00f6rv\u00e4nta oss <a class=\"read-more-link\" href=\"https:\/\/wp.kristdemokraterna.se\/regionostergotland\/koalitionen-utan-svar-om-koerna\/\">Read More<\/a><\/p>\n","protected":false},"author":737,"featured_media":970,"comment_status":"closed","ping_status":"closed","sticky":false,"template":"","format":"standard","meta":{"_acf_changed":false,"footnotes":""},"categories":[1],"tags":[],"class_list":["post-1008","post","type-post","status-publish","format-standard","hentry","category-nyheter"],"acf":[],"yoast_head":"<!-- This site is optimized with the Yoast SEO plugin v27.4 - https:\/\/yoast.com\/product\/yoast-seo-wordpress\/ -->\n<title>Koalitionen utan svar om k\u00f6erna - i Region \u00d6sterg\u00f6tland<\/title>\n<meta name=\"robots\" content=\"index, follow, max-snippet:-1, max-image-preview:large, max-video-preview:-1\" \/>\n<link rel=\"canonical\" href=\"https:\/\/wp.kristdemokraterna.se\/regionostergotland\/koalitionen-utan-svar-om-koerna\/\" \/>\n<meta property=\"og:locale\" content=\"sv_SE\" \/>\n<meta property=\"og:type\" content=\"article\" \/>\n<meta property=\"og:title\" content=\"Koalitionen utan svar om k\u00f6erna - i Region \u00d6sterg\u00f6tland\" \/>\n<meta property=\"og:description\" content=\"Idag ger Per Larsson (KD), Marie Morell (M) och Fredrik Sj\u00f6strand (M) en slutreplik p\u00e5 \u201dV\u00e5rden ska finnas n\u00e4ra \u00f6stg\u00f6tarna\u201d (24\/8). I v\u00e5rt inl\u00e4gg \u201dV\u00e5rdk\u00f6erna m\u00e5ste bort\u201d (19\/8) st\u00e4llde vi tv\u00e5 fr\u00e5gor till den styrande koalitionen (S, C, L och MP). Fr\u00e5gorna l\u00f6d; &#8211; Hur ska ni kapa v\u00e5rdk\u00f6erna? &#8211; N\u00e4r kan vi f\u00f6rv\u00e4nta oss Read More\" \/>\n<meta property=\"og:url\" content=\"https:\/\/wp.kristdemokraterna.se\/regionostergotland\/koalitionen-utan-svar-om-koerna\/\" \/>\n<meta property=\"og:site_name\" content=\"i Region \u00d6sterg\u00f6tland\" \/>\n<meta property=\"article:published_time\" content=\"2019-08-28T07:58:37+00:00\" \/>\n<meta property=\"article:modified_time\" content=\"2019-11-13T13:33:54+00:00\" \/>\n<meta property=\"og:image\" content=\"https:\/\/wp.kristdemokraterna.se\/regionostergotland\/files\/2019\/04\/eb74f89e-5efe-46ce-8770-d67c645ec6fa.jpeg\" \/>\n\t<meta property=\"og:image:width\" content=\"2737\" \/>\n\t<meta property=\"og:image:height\" content=\"1940\" \/>\n\t<meta property=\"og:image:type\" content=\"image\/jpeg\" \/>\n<meta name=\"author\" content=\"regionostergotland\" \/>\n<meta name=\"twitter:card\" content=\"summary_large_image\" \/>\n<meta name=\"twitter:label1\" content=\"Skriven av\" \/>\n\t<meta name=\"twitter:data1\" content=\"regionostergotland\" \/>\n\t<meta name=\"twitter:label2\" content=\"Ber\u00e4knad l\u00e4stid\" \/>\n\t<meta name=\"twitter:data2\" content=\"2 minuter\" \/>\n<script type=\"application\/ld+json\" class=\"yoast-schema-graph\">{\"@context\":\"https:\\\/\\\/schema.org\",\"@graph\":[{\"@type\":\"Article\",\"@id\":\"https:\\\/\\\/wp.kristdemokraterna.se\\\/regionostergotland\\\/koalitionen-utan-svar-om-koerna\\\/#article\",\"isPartOf\":{\"@id\":\"https:\\\/\\\/wp.kristdemokraterna.se\\\/regionostergotland\\\/koalitionen-utan-svar-om-koerna\\\/\"},\"author\":{\"name\":\"regionostergotland\",\"@id\":\"https:\\\/\\\/wp.kristdemokraterna.se\\\/regionostergotland\\\/#\\\/schema\\\/person\\\/74c3c4f502fcc489722a7be0dfe0088c\"},\"headline\":\"Koalitionen utan svar om k\u00f6erna\",\"datePublished\":\"2019-08-28T07:58:37+00:00\",\"dateModified\":\"2019-11-13T13:33:54+00:00\",\"mainEntityOfPage\":{\"@id\":\"https:\\\/\\\/wp.kristdemokraterna.se\\\/regionostergotland\\\/koalitionen-utan-svar-om-koerna\\\/\"},\"wordCount\":439,\"image\":{\"@id\":\"https:\\\/\\\/wp.kristdemokraterna.se\\\/regionostergotland\\\/koalitionen-utan-svar-om-koerna\\\/#primaryimage\"},\"thumbnailUrl\":\"https:\\\/\\\/wp.kristdemokraterna.se\\\/regionostergotland\\\/files\\\/2019\\\/04\\\/eb74f89e-5efe-46ce-8770-d67c645ec6fa.jpeg\",\"articleSection\":[\"Nyheter\"],\"inLanguage\":\"sv-SE\"},{\"@type\":\"WebPage\",\"@id\":\"https:\\\/\\\/wp.kristdemokraterna.se\\\/regionostergotland\\\/koalitionen-utan-svar-om-koerna\\\/\",\"url\":\"https:\\\/\\\/wp.kristdemokraterna.se\\\/regionostergotland\\\/koalitionen-utan-svar-om-koerna\\\/\",\"name\":\"Koalitionen utan svar om k\u00f6erna - i Region \u00d6sterg\u00f6tland\",\"isPartOf\":{\"@id\":\"https:\\\/\\\/wp.kristdemokraterna.se\\\/regionostergotland\\\/#website\"},\"primaryImageOfPage\":{\"@id\":\"https:\\\/\\\/wp.kristdemokraterna.se\\\/regionostergotland\\\/koalitionen-utan-svar-om-koerna\\\/#primaryimage\"},\"image\":{\"@id\":\"https:\\\/\\\/wp.kristdemokraterna.se\\\/regionostergotland\\\/koalitionen-utan-svar-om-koerna\\\/#primaryimage\"},\"thumbnailUrl\":\"https:\\\/\\\/wp.kristdemokraterna.se\\\/regionostergotland\\\/files\\\/2019\\\/04\\\/eb74f89e-5efe-46ce-8770-d67c645ec6fa.jpeg\",\"datePublished\":\"2019-08-28T07:58:37+00:00\",\"dateModified\":\"2019-11-13T13:33:54+00:00\",\"author\":{\"@id\":\"https:\\\/\\\/wp.kristdemokraterna.se\\\/regionostergotland\\\/#\\\/schema\\\/person\\\/74c3c4f502fcc489722a7be0dfe0088c\"},\"breadcrumb\":{\"@id\":\"https:\\\/\\\/wp.kristdemokraterna.se\\\/regionostergotland\\\/koalitionen-utan-svar-om-koerna\\\/#breadcrumb\"},\"inLanguage\":\"sv-SE\",\"potentialAction\":[{\"@type\":\"ReadAction\",\"target\":[\"https:\\\/\\\/wp.kristdemokraterna.se\\\/regionostergotland\\\/koalitionen-utan-svar-om-koerna\\\/\"]}]},{\"@type\":\"ImageObject\",\"inLanguage\":\"sv-SE\",\"@id\":\"https:\\\/\\\/wp.kristdemokraterna.se\\\/regionostergotland\\\/koalitionen-utan-svar-om-koerna\\\/#primaryimage\",\"url\":\"https:\\\/\\\/wp.kristdemokraterna.se\\\/regionostergotland\\\/files\\\/2019\\\/04\\\/eb74f89e-5efe-46ce-8770-d67c645ec6fa.jpeg\",\"contentUrl\":\"https:\\\/\\\/wp.kristdemokraterna.se\\\/regionostergotland\\\/files\\\/2019\\\/04\\\/eb74f89e-5efe-46ce-8770-d67c645ec6fa.jpeg\",\"width\":2737,\"height\":1940},{\"@type\":\"BreadcrumbList\",\"@id\":\"https:\\\/\\\/wp.kristdemokraterna.se\\\/regionostergotland\\\/koalitionen-utan-svar-om-koerna\\\/#breadcrumb\",\"itemListElement\":[{\"@type\":\"ListItem\",\"position\":1,\"name\":\"Hem\",\"item\":\"https:\\\/\\\/wp.kristdemokraterna.se\\\/regionostergotland\\\/\"},{\"@type\":\"ListItem\",\"position\":2,\"name\":\"Koalitionen utan svar om k\u00f6erna\"}]},{\"@type\":\"WebSite\",\"@id\":\"https:\\\/\\\/wp.kristdemokraterna.se\\\/regionostergotland\\\/#website\",\"url\":\"https:\\\/\\\/wp.kristdemokraterna.se\\\/regionostergotland\\\/\",\"name\":\"i Region \u00d6sterg\u00f6tland\",\"description\":\"\",\"inLanguage\":\"sv-SE\"},{\"@type\":\"Person\",\"@id\":\"https:\\\/\\\/wp.kristdemokraterna.se\\\/regionostergotland\\\/#\\\/schema\\\/person\\\/74c3c4f502fcc489722a7be0dfe0088c\",\"name\":\"regionostergotland\",\"image\":{\"@type\":\"ImageObject\",\"inLanguage\":\"sv-SE\",\"@id\":\"https:\\\/\\\/secure.gravatar.com\\\/avatar\\\/8fb8f0a216e627554da57506bfaf78d677f45512f24f703e185ec701423b1e92?s=96&d=mm&r=g\",\"url\":\"https:\\\/\\\/secure.gravatar.com\\\/avatar\\\/8fb8f0a216e627554da57506bfaf78d677f45512f24f703e185ec701423b1e92?s=96&d=mm&r=g\",\"contentUrl\":\"https:\\\/\\\/secure.gravatar.com\\\/avatar\\\/8fb8f0a216e627554da57506bfaf78d677f45512f24f703e185ec701423b1e92?s=96&d=mm&r=g\",\"caption\":\"regionostergotland\"},\"url\":\"https:\\\/\\\/wp.kristdemokraterna.se\\\/regionostergotland\\\/author\\\/regionostergotland\\\/\"}]}<\/script>\n<!-- \/ Yoast SEO plugin. -->","yoast_head_json":{"title":"Koalitionen utan svar om k\u00f6erna - i Region \u00d6sterg\u00f6tland","robots":{"index":"index","follow":"follow","max-snippet":"max-snippet:-1","max-image-preview":"max-image-preview:large","max-video-preview":"max-video-preview:-1"},"canonical":"https:\/\/wp.kristdemokraterna.se\/regionostergotland\/koalitionen-utan-svar-om-koerna\/","og_locale":"sv_SE","og_type":"article","og_title":"Koalitionen utan svar om k\u00f6erna - i Region \u00d6sterg\u00f6tland","og_description":"Idag ger Per Larsson (KD), Marie Morell (M) och Fredrik Sj\u00f6strand (M) en slutreplik p\u00e5 \u201dV\u00e5rden ska finnas n\u00e4ra \u00f6stg\u00f6tarna\u201d (24\/8). I v\u00e5rt inl\u00e4gg \u201dV\u00e5rdk\u00f6erna m\u00e5ste bort\u201d (19\/8) st\u00e4llde vi tv\u00e5 fr\u00e5gor till den styrande koalitionen (S, C, L och MP). Fr\u00e5gorna l\u00f6d; &#8211; Hur ska ni kapa v\u00e5rdk\u00f6erna? &#8211; N\u00e4r kan vi f\u00f6rv\u00e4nta oss Read More","og_url":"https:\/\/wp.kristdemokraterna.se\/regionostergotland\/koalitionen-utan-svar-om-koerna\/","og_site_name":"i Region \u00d6sterg\u00f6tland","article_published_time":"2019-08-28T07:58:37+00:00","article_modified_time":"2019-11-13T13:33:54+00:00","og_image":[{"width":2737,"height":1940,"url":"https:\/\/wp.kristdemokraterna.se\/regionostergotland\/files\/2019\/04\/eb74f89e-5efe-46ce-8770-d67c645ec6fa.jpeg","type":"image\/jpeg"}],"author":"regionostergotland","twitter_card":"summary_large_image","twitter_misc":{"Skriven av":"regionostergotland","Ber\u00e4knad l\u00e4stid":"2 minuter"},"schema":{"@context":"https:\/\/schema.org","@graph":[{"@type":"Article","@id":"https:\/\/wp.kristdemokraterna.se\/regionostergotland\/koalitionen-utan-svar-om-koerna\/#article","isPartOf":{"@id":"https:\/\/wp.kristdemokraterna.se\/regionostergotland\/koalitionen-utan-svar-om-koerna\/"},"author":{"name":"regionostergotland","@id":"https:\/\/wp.kristdemokraterna.se\/regionostergotland\/#\/schema\/person\/74c3c4f502fcc489722a7be0dfe0088c"},"headline":"Koalitionen utan svar om k\u00f6erna","datePublished":"2019-08-28T07:58:37+00:00","dateModified":"2019-11-13T13:33:54+00:00","mainEntityOfPage":{"@id":"https:\/\/wp.kristdemokraterna.se\/regionostergotland\/koalitionen-utan-svar-om-koerna\/"},"wordCount":439,"image":{"@id":"https:\/\/wp.kristdemokraterna.se\/regionostergotland\/koalitionen-utan-svar-om-koerna\/#primaryimage"},"thumbnailUrl":"https:\/\/wp.kristdemokraterna.se\/regionostergotland\/files\/2019\/04\/eb74f89e-5efe-46ce-8770-d67c645ec6fa.jpeg","articleSection":["Nyheter"],"inLanguage":"sv-SE"},{"@type":"WebPage","@id":"https:\/\/wp.kristdemokraterna.se\/regionostergotland\/koalitionen-utan-svar-om-koerna\/","url":"https:\/\/wp.kristdemokraterna.se\/regionostergotland\/koalitionen-utan-svar-om-koerna\/","name":"Koalitionen utan svar om k\u00f6erna - i Region \u00d6sterg\u00f6tland","isPartOf":{"@id":"https:\/\/wp.kristdemokraterna.se\/regionostergotland\/#website"},"primaryImageOfPage":{"@id":"https:\/\/wp.kristdemokraterna.se\/regionostergotland\/koalitionen-utan-svar-om-koerna\/#primaryimage"},"image":{"@id":"https:\/\/wp.kristdemokraterna.se\/regionostergotland\/koalitionen-utan-svar-om-koerna\/#primaryimage"},"thumbnailUrl":"https:\/\/wp.kristdemokraterna.se\/regionostergotland\/files\/2019\/04\/eb74f89e-5efe-46ce-8770-d67c645ec6fa.jpeg","datePublished":"2019-08-28T07:58:37+00:00","dateModified":"2019-11-13T13:33:54+00:00","author":{"@id":"https:\/\/wp.kristdemokraterna.se\/regionostergotland\/#\/schema\/person\/74c3c4f502fcc489722a7be0dfe0088c"},"breadcrumb":{"@id":"https:\/\/wp.kristdemokraterna.se\/regionostergotland\/koalitionen-utan-svar-om-koerna\/#breadcrumb"},"inLanguage":"sv-SE","potentialAction":[{"@type":"ReadAction","target":["https:\/\/wp.kristdemokraterna.se\/regionostergotland\/koalitionen-utan-svar-om-koerna\/"]}]},{"@type":"ImageObject","inLanguage":"sv-SE","@id":"https:\/\/wp.kristdemokraterna.se\/regionostergotland\/koalitionen-utan-svar-om-koerna\/#primaryimage","url":"https:\/\/wp.kristdemokraterna.se\/regionostergotland\/files\/2019\/04\/eb74f89e-5efe-46ce-8770-d67c645ec6fa.jpeg","contentUrl":"https:\/\/wp.kristdemokraterna.se\/regionostergotland\/files\/2019\/04\/eb74f89e-5efe-46ce-8770-d67c645ec6fa.jpeg","width":2737,"height":1940},{"@type":"BreadcrumbList","@id":"https:\/\/wp.kristdemokraterna.se\/regionostergotland\/koalitionen-utan-svar-om-koerna\/#breadcrumb","itemListElement":[{"@type":"ListItem","position":1,"name":"Hem","item":"https:\/\/wp.kristdemokraterna.se\/regionostergotland\/"},{"@type":"ListItem","position":2,"name":"Koalitionen utan svar om k\u00f6erna"}]},{"@type":"WebSite","@id":"https:\/\/wp.kristdemokraterna.se\/regionostergotland\/#website","url":"https:\/\/wp.kristdemokraterna.se\/regionostergotland\/","name":"i Region \u00d6sterg\u00f6tland","description":"","inLanguage":"sv-SE"},{"@type":"Person","@id":"https:\/\/wp.kristdemokraterna.se\/regionostergotland\/#\/schema\/person\/74c3c4f502fcc489722a7be0dfe0088c","name":"regionostergotland","image":{"@type":"ImageObject","inLanguage":"sv-SE","@id":"https:\/\/secure.gravatar.com\/avatar\/8fb8f0a216e627554da57506bfaf78d677f45512f24f703e185ec701423b1e92?s=96&d=mm&r=g","url":"https:\/\/secure.gravatar.com\/avatar\/8fb8f0a216e627554da57506bfaf78d677f45512f24f703e185ec701423b1e92?s=96&d=mm&r=g","contentUrl":"https:\/\/secure.gravatar.com\/avatar\/8fb8f0a216e627554da57506bfaf78d677f45512f24f703e185ec701423b1e92?s=96&d=mm&r=g","caption":"regionostergotland"},"url":"https:\/\/wp.kristdemokraterna.se\/regionostergotland\/author\/regionostergotland\/"}]}},"_links":{"self":[{"href":"https:\/\/wp.kristdemokraterna.se\/regionostergotland\/wp-json\/wp\/v2\/posts\/1008","targetHints":{"allow":["GET"]}}],"collection":[{"href":"https:\/\/wp.kristdemokraterna.se\/regionostergotland\/wp-json\/wp\/v2\/posts"}],"about":[{"href":"https:\/\/wp.kristdemokraterna.se\/regionostergotland\/wp-json\/wp\/v2\/types\/post"}],"author":[{"embeddable":true,"href":"https:\/\/wp.kristdemokraterna.se\/regionostergotland\/wp-json\/wp\/v2\/users\/737"}],"replies":[{"embeddable":true,"href":"https:\/\/wp.kristdemokraterna.se\/regionostergotland\/wp-json\/wp\/v2\/comments?post=1008"}],"version-history":[{"count":3,"href":"https:\/\/wp.kristdemokraterna.se\/regionostergotland\/wp-json\/wp\/v2\/posts\/1008\/revisions"}],"predecessor-version":[{"id":1163,"href":"https:\/\/wp.kristdemokraterna.se\/regionostergotland\/wp-json\/wp\/v2\/posts\/1008\/revisions\/1163"}],"wp:featuredmedia":[{"embeddable":true,"href":"https:\/\/wp.kristdemokraterna.se\/regionostergotland\/wp-json\/wp\/v2\/media\/970"}],"wp:attachment":[{"href":"https:\/\/wp.kristdemokraterna.se\/regionostergotland\/wp-json\/wp\/v2\/media?parent=1008"}],"wp:term":[{"taxonomy":"category","embeddable":true,"href":"https:\/\/wp.kristdemokraterna.se\/regionostergotland\/wp-json\/wp\/v2\/categories?post=1008"},{"taxonomy":"post_tag","embeddable":true,"href":"https:\/\/wp.kristdemokraterna.se\/regionostergotland\/wp-json\/wp\/v2\/tags?post=1008"}],"curies":[{"name":"wp","href":"https:\/\/api.w.org\/{rel}","templated":true}]}}