{"id":1012,"date":"2019-08-30T22:57:24","date_gmt":"2019-08-30T20:57:24","guid":{"rendered":"http:\/\/wp.kristdemokraterna.se\/regionostergotland\/?p=1012"},"modified":"2019-11-15T10:22:17","modified_gmt":"2019-11-15T09:22:17","slug":"premiar-for-veckans-video","status":"publish","type":"post","link":"https:\/\/wp.kristdemokraterna.se\/regionostergotland\/premiar-for-veckans-video\/","title":{"rendered":"Premi\u00e4r f\u00f6r Veckans video"},"content":{"rendered":"<p>F\u00f6lj med redan fr\u00e5n b\u00f6rjan n\u00e4r vi tar klivet fr\u00e5n vanligt nyhetsbrev till en ny video varje vecka, d\u00e4r vi ger vi en inblick i den politiska vardagen, lyfter aktuella fr\u00e5gor och presenterar v\u00e5ra f\u00f6rtroendevalda.<\/p>\n<p>I premi\u00e4ravsnittet f\u00e5r du tr\u00e4ffa oppositionsr\u00e5d och gruppledare Per Larsson samt den politiska sekreteraren Fredrik Topplund, som ger en kort sammanfattning av vad Region \u00d6sterg\u00f6tlands uppdrag \u00e4r och hur Kristdemokraternas representation i regionfullm\u00e4ktige ser ut.<\/p>\n<p><!--more--><\/p>\n<p>https:\/\/www.youtube.com\/watch?v=zN6PczOCW5M<\/p>\n","protected":false},"excerpt":{"rendered":"<p>F\u00f6lj med redan fr\u00e5n b\u00f6rjan n\u00e4r vi tar klivet fr\u00e5n vanligt nyhetsbrev till en ny video varje vecka, d\u00e4r vi ger vi en inblick i den politiska vardagen, lyfter aktuella fr\u00e5gor och presenterar v\u00e5ra f\u00f6rtroendevalda. I premi\u00e4ravsnittet f\u00e5r du tr\u00e4ffa oppositionsr\u00e5d och gruppledare Per Larsson samt den politiska sekreteraren Fredrik Topplund, som ger en kort <a class=\"read-more-link\" href=\"https:\/\/wp.kristdemokraterna.se\/regionostergotland\/premiar-for-veckans-video\/\">Read More<\/a><\/p>\n","protected":false},"author":737,"featured_media":1011,"comment_status":"closed","ping_status":"closed","sticky":false,"template":"","format":"standard","meta":{"_acf_changed":false,"footnotes":""},"categories":[1],"tags":[],"class_list":["post-1012","post","type-post","status-publish","format-standard","hentry","category-nyheter"],"acf":[],"yoast_head":"<!-- This site is optimized with the Yoast SEO plugin v27.4 - https:\/\/yoast.com\/product\/yoast-seo-wordpress\/ -->\n<title>Premi\u00e4r f\u00f6r Veckans video - i Region \u00d6sterg\u00f6tland<\/title>\n<meta name=\"robots\" content=\"index, follow, max-snippet:-1, max-image-preview:large, max-video-preview:-1\" \/>\n<link rel=\"canonical\" href=\"https:\/\/wp.kristdemokraterna.se\/regionostergotland\/premiar-for-veckans-video\/\" \/>\n<meta property=\"og:locale\" content=\"sv_SE\" \/>\n<meta property=\"og:type\" content=\"article\" \/>\n<meta property=\"og:title\" content=\"Premi\u00e4r f\u00f6r Veckans video - i Region \u00d6sterg\u00f6tland\" \/>\n<meta property=\"og:description\" content=\"F\u00f6lj med redan fr\u00e5n b\u00f6rjan n\u00e4r vi tar klivet fr\u00e5n vanligt nyhetsbrev till en ny video varje vecka, d\u00e4r vi ger vi en inblick i den politiska vardagen, lyfter aktuella fr\u00e5gor och presenterar v\u00e5ra f\u00f6rtroendevalda. I premi\u00e4ravsnittet f\u00e5r du tr\u00e4ffa oppositionsr\u00e5d och gruppledare Per Larsson samt den politiska sekreteraren Fredrik Topplund, som ger en kort Read More\" \/>\n<meta property=\"og:url\" content=\"https:\/\/wp.kristdemokraterna.se\/regionostergotland\/premiar-for-veckans-video\/\" \/>\n<meta property=\"og:site_name\" content=\"i Region \u00d6sterg\u00f6tland\" \/>\n<meta property=\"article:published_time\" content=\"2019-08-30T20:57:24+00:00\" \/>\n<meta property=\"article:modified_time\" content=\"2019-11-15T09:22:17+00:00\" \/>\n<meta property=\"og:image\" content=\"https:\/\/wp.kristdemokraterna.se\/regionostergotland\/files\/2019\/08\/cover_veckans-video-001.jpg\" \/>\n\t<meta property=\"og:image:width\" content=\"1915\" \/>\n\t<meta property=\"og:image:height\" content=\"1069\" \/>\n\t<meta property=\"og:image:type\" content=\"image\/jpeg\" \/>\n<meta name=\"author\" content=\"regionostergotland\" \/>\n<meta name=\"twitter:card\" content=\"summary_large_image\" \/>\n<meta name=\"twitter:label1\" content=\"Skriven av\" \/>\n\t<meta name=\"twitter:data1\" content=\"regionostergotland\" \/>\n<script type=\"application\/ld+json\" class=\"yoast-schema-graph\">{\"@context\":\"https:\\\/\\\/schema.org\",\"@graph\":[{\"@type\":\"Article\",\"@id\":\"https:\\\/\\\/wp.kristdemokraterna.se\\\/regionostergotland\\\/premiar-for-veckans-video\\\/#article\",\"isPartOf\":{\"@id\":\"https:\\\/\\\/wp.kristdemokraterna.se\\\/regionostergotland\\\/premiar-for-veckans-video\\\/\"},\"author\":{\"name\":\"regionostergotland\",\"@id\":\"https:\\\/\\\/wp.kristdemokraterna.se\\\/regionostergotland\\\/#\\\/schema\\\/person\\\/74c3c4f502fcc489722a7be0dfe0088c\"},\"headline\":\"Premi\u00e4r f\u00f6r Veckans video\",\"datePublished\":\"2019-08-30T20:57:24+00:00\",\"dateModified\":\"2019-11-15T09:22:17+00:00\",\"mainEntityOfPage\":{\"@id\":\"https:\\\/\\\/wp.kristdemokraterna.se\\\/regionostergotland\\\/premiar-for-veckans-video\\\/\"},\"wordCount\":100,\"image\":{\"@id\":\"https:\\\/\\\/wp.kristdemokraterna.se\\\/regionostergotland\\\/premiar-for-veckans-video\\\/#primaryimage\"},\"thumbnailUrl\":\"https:\\\/\\\/wp.kristdemokraterna.se\\\/regionostergotland\\\/files\\\/2019\\\/08\\\/cover_veckans-video-001.jpg\",\"articleSection\":[\"Nyheter\"],\"inLanguage\":\"sv-SE\"},{\"@type\":\"WebPage\",\"@id\":\"https:\\\/\\\/wp.kristdemokraterna.se\\\/regionostergotland\\\/premiar-for-veckans-video\\\/\",\"url\":\"https:\\\/\\\/wp.kristdemokraterna.se\\\/regionostergotland\\\/premiar-for-veckans-video\\\/\",\"name\":\"Premi\u00e4r f\u00f6r Veckans video - i Region \u00d6sterg\u00f6tland\",\"isPartOf\":{\"@id\":\"https:\\\/\\\/wp.kristdemokraterna.se\\\/regionostergotland\\\/#website\"},\"primaryImageOfPage\":{\"@id\":\"https:\\\/\\\/wp.kristdemokraterna.se\\\/regionostergotland\\\/premiar-for-veckans-video\\\/#primaryimage\"},\"image\":{\"@id\":\"https:\\\/\\\/wp.kristdemokraterna.se\\\/regionostergotland\\\/premiar-for-veckans-video\\\/#primaryimage\"},\"thumbnailUrl\":\"https:\\\/\\\/wp.kristdemokraterna.se\\\/regionostergotland\\\/files\\\/2019\\\/08\\\/cover_veckans-video-001.jpg\",\"datePublished\":\"2019-08-30T20:57:24+00:00\",\"dateModified\":\"2019-11-15T09:22:17+00:00\",\"author\":{\"@id\":\"https:\\\/\\\/wp.kristdemokraterna.se\\\/regionostergotland\\\/#\\\/schema\\\/person\\\/74c3c4f502fcc489722a7be0dfe0088c\"},\"breadcrumb\":{\"@id\":\"https:\\\/\\\/wp.kristdemokraterna.se\\\/regionostergotland\\\/premiar-for-veckans-video\\\/#breadcrumb\"},\"inLanguage\":\"sv-SE\",\"potentialAction\":[{\"@type\":\"ReadAction\",\"target\":[\"https:\\\/\\\/wp.kristdemokraterna.se\\\/regionostergotland\\\/premiar-for-veckans-video\\\/\"]}]},{\"@type\":\"ImageObject\",\"inLanguage\":\"sv-SE\",\"@id\":\"https:\\\/\\\/wp.kristdemokraterna.se\\\/regionostergotland\\\/premiar-for-veckans-video\\\/#primaryimage\",\"url\":\"https:\\\/\\\/wp.kristdemokraterna.se\\\/regionostergotland\\\/files\\\/2019\\\/08\\\/cover_veckans-video-001.jpg\",\"contentUrl\":\"https:\\\/\\\/wp.kristdemokraterna.se\\\/regionostergotland\\\/files\\\/2019\\\/08\\\/cover_veckans-video-001.jpg\",\"width\":1915,\"height\":1069},{\"@type\":\"BreadcrumbList\",\"@id\":\"https:\\\/\\\/wp.kristdemokraterna.se\\\/regionostergotland\\\/premiar-for-veckans-video\\\/#breadcrumb\",\"itemListElement\":[{\"@type\":\"ListItem\",\"position\":1,\"name\":\"Hem\",\"item\":\"https:\\\/\\\/wp.kristdemokraterna.se\\\/regionostergotland\\\/\"},{\"@type\":\"ListItem\",\"position\":2,\"name\":\"Premi\u00e4r f\u00f6r Veckans video\"}]},{\"@type\":\"WebSite\",\"@id\":\"https:\\\/\\\/wp.kristdemokraterna.se\\\/regionostergotland\\\/#website\",\"url\":\"https:\\\/\\\/wp.kristdemokraterna.se\\\/regionostergotland\\\/\",\"name\":\"i Region \u00d6sterg\u00f6tland\",\"description\":\"\",\"inLanguage\":\"sv-SE\"},{\"@type\":\"Person\",\"@id\":\"https:\\\/\\\/wp.kristdemokraterna.se\\\/regionostergotland\\\/#\\\/schema\\\/person\\\/74c3c4f502fcc489722a7be0dfe0088c\",\"name\":\"regionostergotland\",\"image\":{\"@type\":\"ImageObject\",\"inLanguage\":\"sv-SE\",\"@id\":\"https:\\\/\\\/secure.gravatar.com\\\/avatar\\\/8fb8f0a216e627554da57506bfaf78d677f45512f24f703e185ec701423b1e92?s=96&d=mm&r=g\",\"url\":\"https:\\\/\\\/secure.gravatar.com\\\/avatar\\\/8fb8f0a216e627554da57506bfaf78d677f45512f24f703e185ec701423b1e92?s=96&d=mm&r=g\",\"contentUrl\":\"https:\\\/\\\/secure.gravatar.com\\\/avatar\\\/8fb8f0a216e627554da57506bfaf78d677f45512f24f703e185ec701423b1e92?s=96&d=mm&r=g\",\"caption\":\"regionostergotland\"},\"url\":\"https:\\\/\\\/wp.kristdemokraterna.se\\\/regionostergotland\\\/author\\\/regionostergotland\\\/\"}]}<\/script>\n<!-- \/ Yoast SEO plugin. -->","yoast_head_json":{"title":"Premi\u00e4r f\u00f6r Veckans video - i Region \u00d6sterg\u00f6tland","robots":{"index":"index","follow":"follow","max-snippet":"max-snippet:-1","max-image-preview":"max-image-preview:large","max-video-preview":"max-video-preview:-1"},"canonical":"https:\/\/wp.kristdemokraterna.se\/regionostergotland\/premiar-for-veckans-video\/","og_locale":"sv_SE","og_type":"article","og_title":"Premi\u00e4r f\u00f6r Veckans video - i Region \u00d6sterg\u00f6tland","og_description":"F\u00f6lj med redan fr\u00e5n b\u00f6rjan n\u00e4r vi tar klivet fr\u00e5n vanligt nyhetsbrev till en ny video varje vecka, d\u00e4r vi ger vi en inblick i den politiska vardagen, lyfter aktuella fr\u00e5gor och presenterar v\u00e5ra f\u00f6rtroendevalda. I premi\u00e4ravsnittet f\u00e5r du tr\u00e4ffa oppositionsr\u00e5d och gruppledare Per Larsson samt den politiska sekreteraren Fredrik Topplund, som ger en kort Read More","og_url":"https:\/\/wp.kristdemokraterna.se\/regionostergotland\/premiar-for-veckans-video\/","og_site_name":"i Region \u00d6sterg\u00f6tland","article_published_time":"2019-08-30T20:57:24+00:00","article_modified_time":"2019-11-15T09:22:17+00:00","og_image":[{"width":1915,"height":1069,"url":"https:\/\/wp.kristdemokraterna.se\/regionostergotland\/files\/2019\/08\/cover_veckans-video-001.jpg","type":"image\/jpeg"}],"author":"regionostergotland","twitter_card":"summary_large_image","twitter_misc":{"Skriven av":"regionostergotland"},"schema":{"@context":"https:\/\/schema.org","@graph":[{"@type":"Article","@id":"https:\/\/wp.kristdemokraterna.se\/regionostergotland\/premiar-for-veckans-video\/#article","isPartOf":{"@id":"https:\/\/wp.kristdemokraterna.se\/regionostergotland\/premiar-for-veckans-video\/"},"author":{"name":"regionostergotland","@id":"https:\/\/wp.kristdemokraterna.se\/regionostergotland\/#\/schema\/person\/74c3c4f502fcc489722a7be0dfe0088c"},"headline":"Premi\u00e4r f\u00f6r Veckans video","datePublished":"2019-08-30T20:57:24+00:00","dateModified":"2019-11-15T09:22:17+00:00","mainEntityOfPage":{"@id":"https:\/\/wp.kristdemokraterna.se\/regionostergotland\/premiar-for-veckans-video\/"},"wordCount":100,"image":{"@id":"https:\/\/wp.kristdemokraterna.se\/regionostergotland\/premiar-for-veckans-video\/#primaryimage"},"thumbnailUrl":"https:\/\/wp.kristdemokraterna.se\/regionostergotland\/files\/2019\/08\/cover_veckans-video-001.jpg","articleSection":["Nyheter"],"inLanguage":"sv-SE"},{"@type":"WebPage","@id":"https:\/\/wp.kristdemokraterna.se\/regionostergotland\/premiar-for-veckans-video\/","url":"https:\/\/wp.kristdemokraterna.se\/regionostergotland\/premiar-for-veckans-video\/","name":"Premi\u00e4r f\u00f6r Veckans video - i Region \u00d6sterg\u00f6tland","isPartOf":{"@id":"https:\/\/wp.kristdemokraterna.se\/regionostergotland\/#website"},"primaryImageOfPage":{"@id":"https:\/\/wp.kristdemokraterna.se\/regionostergotland\/premiar-for-veckans-video\/#primaryimage"},"image":{"@id":"https:\/\/wp.kristdemokraterna.se\/regionostergotland\/premiar-for-veckans-video\/#primaryimage"},"thumbnailUrl":"https:\/\/wp.kristdemokraterna.se\/regionostergotland\/files\/2019\/08\/cover_veckans-video-001.jpg","datePublished":"2019-08-30T20:57:24+00:00","dateModified":"2019-11-15T09:22:17+00:00","author":{"@id":"https:\/\/wp.kristdemokraterna.se\/regionostergotland\/#\/schema\/person\/74c3c4f502fcc489722a7be0dfe0088c"},"breadcrumb":{"@id":"https:\/\/wp.kristdemokraterna.se\/regionostergotland\/premiar-for-veckans-video\/#breadcrumb"},"inLanguage":"sv-SE","potentialAction":[{"@type":"ReadAction","target":["https:\/\/wp.kristdemokraterna.se\/regionostergotland\/premiar-for-veckans-video\/"]}]},{"@type":"ImageObject","inLanguage":"sv-SE","@id":"https:\/\/wp.kristdemokraterna.se\/regionostergotland\/premiar-for-veckans-video\/#primaryimage","url":"https:\/\/wp.kristdemokraterna.se\/regionostergotland\/files\/2019\/08\/cover_veckans-video-001.jpg","contentUrl":"https:\/\/wp.kristdemokraterna.se\/regionostergotland\/files\/2019\/08\/cover_veckans-video-001.jpg","width":1915,"height":1069},{"@type":"BreadcrumbList","@id":"https:\/\/wp.kristdemokraterna.se\/regionostergotland\/premiar-for-veckans-video\/#breadcrumb","itemListElement":[{"@type":"ListItem","position":1,"name":"Hem","item":"https:\/\/wp.kristdemokraterna.se\/regionostergotland\/"},{"@type":"ListItem","position":2,"name":"Premi\u00e4r f\u00f6r Veckans video"}]},{"@type":"WebSite","@id":"https:\/\/wp.kristdemokraterna.se\/regionostergotland\/#website","url":"https:\/\/wp.kristdemokraterna.se\/regionostergotland\/","name":"i Region \u00d6sterg\u00f6tland","description":"","inLanguage":"sv-SE"},{"@type":"Person","@id":"https:\/\/wp.kristdemokraterna.se\/regionostergotland\/#\/schema\/person\/74c3c4f502fcc489722a7be0dfe0088c","name":"regionostergotland","image":{"@type":"ImageObject","inLanguage":"sv-SE","@id":"https:\/\/secure.gravatar.com\/avatar\/8fb8f0a216e627554da57506bfaf78d677f45512f24f703e185ec701423b1e92?s=96&d=mm&r=g","url":"https:\/\/secure.gravatar.com\/avatar\/8fb8f0a216e627554da57506bfaf78d677f45512f24f703e185ec701423b1e92?s=96&d=mm&r=g","contentUrl":"https:\/\/secure.gravatar.com\/avatar\/8fb8f0a216e627554da57506bfaf78d677f45512f24f703e185ec701423b1e92?s=96&d=mm&r=g","caption":"regionostergotland"},"url":"https:\/\/wp.kristdemokraterna.se\/regionostergotland\/author\/regionostergotland\/"}]}},"_links":{"self":[{"href":"https:\/\/wp.kristdemokraterna.se\/regionostergotland\/wp-json\/wp\/v2\/posts\/1012","targetHints":{"allow":["GET"]}}],"collection":[{"href":"https:\/\/wp.kristdemokraterna.se\/regionostergotland\/wp-json\/wp\/v2\/posts"}],"about":[{"href":"https:\/\/wp.kristdemokraterna.se\/regionostergotland\/wp-json\/wp\/v2\/types\/post"}],"author":[{"embeddable":true,"href":"https:\/\/wp.kristdemokraterna.se\/regionostergotland\/wp-json\/wp\/v2\/users\/737"}],"replies":[{"embeddable":true,"href":"https:\/\/wp.kristdemokraterna.se\/regionostergotland\/wp-json\/wp\/v2\/comments?post=1012"}],"version-history":[{"count":11,"href":"https:\/\/wp.kristdemokraterna.se\/regionostergotland\/wp-json\/wp\/v2\/posts\/1012\/revisions"}],"predecessor-version":[{"id":1155,"href":"https:\/\/wp.kristdemokraterna.se\/regionostergotland\/wp-json\/wp\/v2\/posts\/1012\/revisions\/1155"}],"wp:featuredmedia":[{"embeddable":true,"href":"https:\/\/wp.kristdemokraterna.se\/regionostergotland\/wp-json\/wp\/v2\/media\/1011"}],"wp:attachment":[{"href":"https:\/\/wp.kristdemokraterna.se\/regionostergotland\/wp-json\/wp\/v2\/media?parent=1012"}],"wp:term":[{"taxonomy":"category","embeddable":true,"href":"https:\/\/wp.kristdemokraterna.se\/regionostergotland\/wp-json\/wp\/v2\/categories?post=1012"},{"taxonomy":"post_tag","embeddable":true,"href":"https:\/\/wp.kristdemokraterna.se\/regionostergotland\/wp-json\/wp\/v2\/tags?post=1012"}],"curies":[{"name":"wp","href":"https:\/\/api.w.org\/{rel}","templated":true}]}}