{"id":1027,"date":"2019-09-06T12:46:40","date_gmt":"2019-09-06T10:46:40","guid":{"rendered":"http:\/\/wp.kristdemokraterna.se\/regionostergotland\/?p=1027"},"modified":"2019-11-15T10:22:13","modified_gmt":"2019-11-15T09:22:13","slug":"002-veckans-video","status":"publish","type":"post","link":"https:\/\/wp.kristdemokraterna.se\/regionostergotland\/002-veckans-video\/","title":{"rendered":"#002 Veckans video"},"content":{"rendered":"<p>Idag befinner vi oss p\u00e5\u00a0<a class=\"profileLink\" href=\"https:\/\/www.facebook.com\/ostergotlandsmuseum\/?__tn__=K-R&amp;eid=ARBLpJthPk_W-bqv7ENQxVC9CXKiUqoatzWUZdKIfcMipe6VpUsl-UOM02f9MMS4BXCBGO-ksmyHG2Jc&amp;fref=mentions&amp;__xts__%5B0%5D=68.ARCeEgoWoNaVL5eS0SdpFTT--KR837XK0F3V9Auslr6bAy9IBypYZFhkcoMKbZaaugAX2LX9M5ABvQjTbbGCHHS_vFpNjxKn8vPJLFlUHz3zlGBqqlp3JNhqKolQgPaM6IC5Cx8RWq2sMbE0-9pQWdPQC0QpiX7E2OFrkcn8rPWMKPnK82MbFSfaaXGQ6S3VijLhRTb1uHbAFCvUMFDGz1oQtEbApG_IcHdImeNVHjPi0TUBn49NJ2RgN1ria6PpmElzQsCl78-PXOKPK9l_2CnvUsaIISjxgjRK8LfjOV330lqr4k1CFk6ExpcjPjo44cH-PPviSkI97EqlLQ9szXqreOo8kv9yrBK-3A\" data-hovercard=\"\/ajax\/hovercard\/page.php?id=176004945817150&amp;extragetparams=%7B%22__tn__%22%3A%22%2CdK-R-R%22%2C%22eid%22%3A%22ARBLpJthPk_W-bqv7ENQxVC9CXKiUqoatzWUZdKIfcMipe6VpUsl-UOM02f9MMS4BXCBGO-ksmyHG2Jc%22%2C%22fref%22%3A%22mentions%22%7D\" data-hovercard-prefer-more-content-show=\"1\">\u00d6sterg\u00f6tlands museum<\/a>, d\u00e4r Kulturarvsdagen p\u00e5g\u00e5r. Oppositionsr\u00e5d och gruppledare\u00a0<a class=\"profileLink\" title=\"Per Larsson\" href=\"https:\/\/www.facebook.com\/per.larsson.31?__tn__=K-R&amp;eid=ARBDvWZE0nru03NP3IjQuH3IMDS3ZQvHZlvgcBMwWXP5OdPnu99huxmxVRRCFwSNnSyRYMkvJzfA_9wG&amp;fref=mentions&amp;__xts__%5B0%5D=68.ARCeEgoWoNaVL5eS0SdpFTT--KR837XK0F3V9Auslr6bAy9IBypYZFhkcoMKbZaaugAX2LX9M5ABvQjTbbGCHHS_vFpNjxKn8vPJLFlUHz3zlGBqqlp3JNhqKolQgPaM6IC5Cx8RWq2sMbE0-9pQWdPQC0QpiX7E2OFrkcn8rPWMKPnK82MbFSfaaXGQ6S3VijLhRTb1uHbAFCvUMFDGz1oQtEbApG_IcHdImeNVHjPi0TUBn49NJ2RgN1ria6PpmElzQsCl78-PXOKPK9l_2CnvUsaIISjxgjRK8LfjOV330lqr4k1CFk6ExpcjPjo44cH-PPviSkI97EqlLQ9szXqreOo8kv9yrBK-3A\" data-hovercard=\"\/ajax\/hovercard\/user.php?id=663722519&amp;extragetparams=%7B%22__tn__%22%3A%22%2CdK-R-R%22%2C%22eid%22%3A%22ARBDvWZE0nru03NP3IjQuH3IMDS3ZQvHZlvgcBMwWXP5OdPnu99huxmxVRRCFwSNnSyRYMkvJzfA_9wG%22%2C%22fref%22%3A%22mentions%22%7D\" data-hovercard-prefer-more-content-show=\"1\">Per Larsson<\/a>\u00a0kommenterar ocks\u00e5 dagens artikel i Corren med rubriken &#8221;Oppositionen kritisk mot direkt\u00f6rens utspel&#8221;.<\/p>\n<p><!--more--><\/p>\n<p><iframe loading=\"lazy\" title=\"#002 Veckans video - KD Region \u00d6sterg\u00f6tland\" width=\"500\" height=\"281\" src=\"https:\/\/www.youtube.com\/embed\/f3oLnA6c6MY?feature=oembed\" frameborder=\"0\" allow=\"accelerometer; autoplay; clipboard-write; encrypted-media; gyroscope; picture-in-picture; web-share\" referrerpolicy=\"strict-origin-when-cross-origin\" allowfullscreen><\/iframe><\/p>\n<p>&nbsp;<\/p>\n","protected":false},"excerpt":{"rendered":"<p>Idag befinner vi oss p\u00e5\u00a0\u00d6sterg\u00f6tlands museum, d\u00e4r Kulturarvsdagen p\u00e5g\u00e5r. Oppositionsr\u00e5d och gruppledare\u00a0Per Larsson\u00a0kommenterar ocks\u00e5 dagens artikel i Corren med rubriken &#8221;Oppositionen kritisk mot direkt\u00f6rens utspel&#8221;.<\/p>\n","protected":false},"author":737,"featured_media":1026,"comment_status":"closed","ping_status":"closed","sticky":false,"template":"","format":"standard","meta":{"_acf_changed":false,"footnotes":""},"categories":[1],"tags":[],"class_list":["post-1027","post","type-post","status-publish","format-standard","hentry","category-nyheter"],"acf":[],"yoast_head":"<!-- This site is optimized with the Yoast SEO plugin v27.5 - https:\/\/yoast.com\/product\/yoast-seo-wordpress\/ -->\n<title>#002 Veckans video - i Region \u00d6sterg\u00f6tland<\/title>\n<meta name=\"robots\" content=\"index, follow, max-snippet:-1, max-image-preview:large, max-video-preview:-1\" \/>\n<link rel=\"canonical\" href=\"https:\/\/wp.kristdemokraterna.se\/regionostergotland\/002-veckans-video\/\" \/>\n<meta property=\"og:locale\" content=\"sv_SE\" \/>\n<meta property=\"og:type\" content=\"article\" \/>\n<meta property=\"og:title\" content=\"#002 Veckans video - i Region \u00d6sterg\u00f6tland\" \/>\n<meta property=\"og:description\" content=\"Idag befinner vi oss p\u00e5\u00a0\u00d6sterg\u00f6tlands museum, d\u00e4r Kulturarvsdagen p\u00e5g\u00e5r. Oppositionsr\u00e5d och gruppledare\u00a0Per Larsson\u00a0kommenterar ocks\u00e5 dagens artikel i Corren med rubriken &#8221;Oppositionen kritisk mot direkt\u00f6rens utspel&#8221;.\" \/>\n<meta property=\"og:url\" content=\"https:\/\/wp.kristdemokraterna.se\/regionostergotland\/002-veckans-video\/\" \/>\n<meta property=\"og:site_name\" content=\"i Region \u00d6sterg\u00f6tland\" \/>\n<meta property=\"article:published_time\" content=\"2019-09-06T10:46:40+00:00\" \/>\n<meta property=\"article:modified_time\" content=\"2019-11-15T09:22:13+00:00\" \/>\n<meta property=\"og:image\" content=\"https:\/\/wp.kristdemokraterna.se\/regionostergotland\/files\/2019\/09\/cover-002-veckans-video-kd.jpg\" \/>\n\t<meta property=\"og:image:width\" content=\"1915\" \/>\n\t<meta property=\"og:image:height\" content=\"1069\" \/>\n\t<meta property=\"og:image:type\" content=\"image\/jpeg\" \/>\n<meta name=\"author\" content=\"regionostergotland\" \/>\n<meta name=\"twitter:card\" content=\"summary_large_image\" \/>\n<meta name=\"twitter:label1\" content=\"Skriven av\" \/>\n\t<meta name=\"twitter:data1\" content=\"regionostergotland\" \/>\n<script type=\"application\/ld+json\" class=\"yoast-schema-graph\">{\"@context\":\"https:\\\/\\\/schema.org\",\"@graph\":[{\"@type\":\"Article\",\"@id\":\"https:\\\/\\\/wp.kristdemokraterna.se\\\/regionostergotland\\\/002-veckans-video\\\/#article\",\"isPartOf\":{\"@id\":\"https:\\\/\\\/wp.kristdemokraterna.se\\\/regionostergotland\\\/002-veckans-video\\\/\"},\"author\":{\"name\":\"regionostergotland\",\"@id\":\"https:\\\/\\\/wp.kristdemokraterna.se\\\/regionostergotland\\\/#\\\/schema\\\/person\\\/74c3c4f502fcc489722a7be0dfe0088c\"},\"headline\":\"#002 Veckans video\",\"datePublished\":\"2019-09-06T10:46:40+00:00\",\"dateModified\":\"2019-11-15T09:22:13+00:00\",\"mainEntityOfPage\":{\"@id\":\"https:\\\/\\\/wp.kristdemokraterna.se\\\/regionostergotland\\\/002-veckans-video\\\/\"},\"wordCount\":44,\"image\":{\"@id\":\"https:\\\/\\\/wp.kristdemokraterna.se\\\/regionostergotland\\\/002-veckans-video\\\/#primaryimage\"},\"thumbnailUrl\":\"https:\\\/\\\/wp.kristdemokraterna.se\\\/regionostergotland\\\/files\\\/2019\\\/09\\\/cover-002-veckans-video-kd.jpg\",\"articleSection\":[\"Nyheter\"],\"inLanguage\":\"sv-SE\"},{\"@type\":\"WebPage\",\"@id\":\"https:\\\/\\\/wp.kristdemokraterna.se\\\/regionostergotland\\\/002-veckans-video\\\/\",\"url\":\"https:\\\/\\\/wp.kristdemokraterna.se\\\/regionostergotland\\\/002-veckans-video\\\/\",\"name\":\"#002 Veckans video - i Region \u00d6sterg\u00f6tland\",\"isPartOf\":{\"@id\":\"https:\\\/\\\/wp.kristdemokraterna.se\\\/regionostergotland\\\/#website\"},\"primaryImageOfPage\":{\"@id\":\"https:\\\/\\\/wp.kristdemokraterna.se\\\/regionostergotland\\\/002-veckans-video\\\/#primaryimage\"},\"image\":{\"@id\":\"https:\\\/\\\/wp.kristdemokraterna.se\\\/regionostergotland\\\/002-veckans-video\\\/#primaryimage\"},\"thumbnailUrl\":\"https:\\\/\\\/wp.kristdemokraterna.se\\\/regionostergotland\\\/files\\\/2019\\\/09\\\/cover-002-veckans-video-kd.jpg\",\"datePublished\":\"2019-09-06T10:46:40+00:00\",\"dateModified\":\"2019-11-15T09:22:13+00:00\",\"author\":{\"@id\":\"https:\\\/\\\/wp.kristdemokraterna.se\\\/regionostergotland\\\/#\\\/schema\\\/person\\\/74c3c4f502fcc489722a7be0dfe0088c\"},\"breadcrumb\":{\"@id\":\"https:\\\/\\\/wp.kristdemokraterna.se\\\/regionostergotland\\\/002-veckans-video\\\/#breadcrumb\"},\"inLanguage\":\"sv-SE\",\"potentialAction\":[{\"@type\":\"ReadAction\",\"target\":[\"https:\\\/\\\/wp.kristdemokraterna.se\\\/regionostergotland\\\/002-veckans-video\\\/\"]}]},{\"@type\":\"ImageObject\",\"inLanguage\":\"sv-SE\",\"@id\":\"https:\\\/\\\/wp.kristdemokraterna.se\\\/regionostergotland\\\/002-veckans-video\\\/#primaryimage\",\"url\":\"https:\\\/\\\/wp.kristdemokraterna.se\\\/regionostergotland\\\/files\\\/2019\\\/09\\\/cover-002-veckans-video-kd.jpg\",\"contentUrl\":\"https:\\\/\\\/wp.kristdemokraterna.se\\\/regionostergotland\\\/files\\\/2019\\\/09\\\/cover-002-veckans-video-kd.jpg\",\"width\":1915,\"height\":1069},{\"@type\":\"BreadcrumbList\",\"@id\":\"https:\\\/\\\/wp.kristdemokraterna.se\\\/regionostergotland\\\/002-veckans-video\\\/#breadcrumb\",\"itemListElement\":[{\"@type\":\"ListItem\",\"position\":1,\"name\":\"Hem\",\"item\":\"https:\\\/\\\/wp.kristdemokraterna.se\\\/regionostergotland\\\/\"},{\"@type\":\"ListItem\",\"position\":2,\"name\":\"#002 Veckans video\"}]},{\"@type\":\"WebSite\",\"@id\":\"https:\\\/\\\/wp.kristdemokraterna.se\\\/regionostergotland\\\/#website\",\"url\":\"https:\\\/\\\/wp.kristdemokraterna.se\\\/regionostergotland\\\/\",\"name\":\"i Region \u00d6sterg\u00f6tland\",\"description\":\"\",\"inLanguage\":\"sv-SE\"},{\"@type\":\"Person\",\"@id\":\"https:\\\/\\\/wp.kristdemokraterna.se\\\/regionostergotland\\\/#\\\/schema\\\/person\\\/74c3c4f502fcc489722a7be0dfe0088c\",\"name\":\"regionostergotland\",\"image\":{\"@type\":\"ImageObject\",\"inLanguage\":\"sv-SE\",\"@id\":\"https:\\\/\\\/secure.gravatar.com\\\/avatar\\\/8fb8f0a216e627554da57506bfaf78d677f45512f24f703e185ec701423b1e92?s=96&d=mm&r=g\",\"url\":\"https:\\\/\\\/secure.gravatar.com\\\/avatar\\\/8fb8f0a216e627554da57506bfaf78d677f45512f24f703e185ec701423b1e92?s=96&d=mm&r=g\",\"contentUrl\":\"https:\\\/\\\/secure.gravatar.com\\\/avatar\\\/8fb8f0a216e627554da57506bfaf78d677f45512f24f703e185ec701423b1e92?s=96&d=mm&r=g\",\"caption\":\"regionostergotland\"},\"url\":\"https:\\\/\\\/wp.kristdemokraterna.se\\\/regionostergotland\\\/author\\\/regionostergotland\\\/\"}]}<\/script>\n<!-- \/ Yoast SEO plugin. -->","yoast_head_json":{"title":"#002 Veckans video - i Region \u00d6sterg\u00f6tland","robots":{"index":"index","follow":"follow","max-snippet":"max-snippet:-1","max-image-preview":"max-image-preview:large","max-video-preview":"max-video-preview:-1"},"canonical":"https:\/\/wp.kristdemokraterna.se\/regionostergotland\/002-veckans-video\/","og_locale":"sv_SE","og_type":"article","og_title":"#002 Veckans video - i Region \u00d6sterg\u00f6tland","og_description":"Idag befinner vi oss p\u00e5\u00a0\u00d6sterg\u00f6tlands museum, d\u00e4r Kulturarvsdagen p\u00e5g\u00e5r. Oppositionsr\u00e5d och gruppledare\u00a0Per Larsson\u00a0kommenterar ocks\u00e5 dagens artikel i Corren med rubriken &#8221;Oppositionen kritisk mot direkt\u00f6rens utspel&#8221;.","og_url":"https:\/\/wp.kristdemokraterna.se\/regionostergotland\/002-veckans-video\/","og_site_name":"i Region \u00d6sterg\u00f6tland","article_published_time":"2019-09-06T10:46:40+00:00","article_modified_time":"2019-11-15T09:22:13+00:00","og_image":[{"width":1915,"height":1069,"url":"https:\/\/wp.kristdemokraterna.se\/regionostergotland\/files\/2019\/09\/cover-002-veckans-video-kd.jpg","type":"image\/jpeg"}],"author":"regionostergotland","twitter_card":"summary_large_image","twitter_misc":{"Skriven av":"regionostergotland"},"schema":{"@context":"https:\/\/schema.org","@graph":[{"@type":"Article","@id":"https:\/\/wp.kristdemokraterna.se\/regionostergotland\/002-veckans-video\/#article","isPartOf":{"@id":"https:\/\/wp.kristdemokraterna.se\/regionostergotland\/002-veckans-video\/"},"author":{"name":"regionostergotland","@id":"https:\/\/wp.kristdemokraterna.se\/regionostergotland\/#\/schema\/person\/74c3c4f502fcc489722a7be0dfe0088c"},"headline":"#002 Veckans video","datePublished":"2019-09-06T10:46:40+00:00","dateModified":"2019-11-15T09:22:13+00:00","mainEntityOfPage":{"@id":"https:\/\/wp.kristdemokraterna.se\/regionostergotland\/002-veckans-video\/"},"wordCount":44,"image":{"@id":"https:\/\/wp.kristdemokraterna.se\/regionostergotland\/002-veckans-video\/#primaryimage"},"thumbnailUrl":"https:\/\/wp.kristdemokraterna.se\/regionostergotland\/files\/2019\/09\/cover-002-veckans-video-kd.jpg","articleSection":["Nyheter"],"inLanguage":"sv-SE"},{"@type":"WebPage","@id":"https:\/\/wp.kristdemokraterna.se\/regionostergotland\/002-veckans-video\/","url":"https:\/\/wp.kristdemokraterna.se\/regionostergotland\/002-veckans-video\/","name":"#002 Veckans video - i Region \u00d6sterg\u00f6tland","isPartOf":{"@id":"https:\/\/wp.kristdemokraterna.se\/regionostergotland\/#website"},"primaryImageOfPage":{"@id":"https:\/\/wp.kristdemokraterna.se\/regionostergotland\/002-veckans-video\/#primaryimage"},"image":{"@id":"https:\/\/wp.kristdemokraterna.se\/regionostergotland\/002-veckans-video\/#primaryimage"},"thumbnailUrl":"https:\/\/wp.kristdemokraterna.se\/regionostergotland\/files\/2019\/09\/cover-002-veckans-video-kd.jpg","datePublished":"2019-09-06T10:46:40+00:00","dateModified":"2019-11-15T09:22:13+00:00","author":{"@id":"https:\/\/wp.kristdemokraterna.se\/regionostergotland\/#\/schema\/person\/74c3c4f502fcc489722a7be0dfe0088c"},"breadcrumb":{"@id":"https:\/\/wp.kristdemokraterna.se\/regionostergotland\/002-veckans-video\/#breadcrumb"},"inLanguage":"sv-SE","potentialAction":[{"@type":"ReadAction","target":["https:\/\/wp.kristdemokraterna.se\/regionostergotland\/002-veckans-video\/"]}]},{"@type":"ImageObject","inLanguage":"sv-SE","@id":"https:\/\/wp.kristdemokraterna.se\/regionostergotland\/002-veckans-video\/#primaryimage","url":"https:\/\/wp.kristdemokraterna.se\/regionostergotland\/files\/2019\/09\/cover-002-veckans-video-kd.jpg","contentUrl":"https:\/\/wp.kristdemokraterna.se\/regionostergotland\/files\/2019\/09\/cover-002-veckans-video-kd.jpg","width":1915,"height":1069},{"@type":"BreadcrumbList","@id":"https:\/\/wp.kristdemokraterna.se\/regionostergotland\/002-veckans-video\/#breadcrumb","itemListElement":[{"@type":"ListItem","position":1,"name":"Hem","item":"https:\/\/wp.kristdemokraterna.se\/regionostergotland\/"},{"@type":"ListItem","position":2,"name":"#002 Veckans video"}]},{"@type":"WebSite","@id":"https:\/\/wp.kristdemokraterna.se\/regionostergotland\/#website","url":"https:\/\/wp.kristdemokraterna.se\/regionostergotland\/","name":"i Region \u00d6sterg\u00f6tland","description":"","inLanguage":"sv-SE"},{"@type":"Person","@id":"https:\/\/wp.kristdemokraterna.se\/regionostergotland\/#\/schema\/person\/74c3c4f502fcc489722a7be0dfe0088c","name":"regionostergotland","image":{"@type":"ImageObject","inLanguage":"sv-SE","@id":"https:\/\/secure.gravatar.com\/avatar\/8fb8f0a216e627554da57506bfaf78d677f45512f24f703e185ec701423b1e92?s=96&d=mm&r=g","url":"https:\/\/secure.gravatar.com\/avatar\/8fb8f0a216e627554da57506bfaf78d677f45512f24f703e185ec701423b1e92?s=96&d=mm&r=g","contentUrl":"https:\/\/secure.gravatar.com\/avatar\/8fb8f0a216e627554da57506bfaf78d677f45512f24f703e185ec701423b1e92?s=96&d=mm&r=g","caption":"regionostergotland"},"url":"https:\/\/wp.kristdemokraterna.se\/regionostergotland\/author\/regionostergotland\/"}]}},"_links":{"self":[{"href":"https:\/\/wp.kristdemokraterna.se\/regionostergotland\/wp-json\/wp\/v2\/posts\/1027","targetHints":{"allow":["GET"]}}],"collection":[{"href":"https:\/\/wp.kristdemokraterna.se\/regionostergotland\/wp-json\/wp\/v2\/posts"}],"about":[{"href":"https:\/\/wp.kristdemokraterna.se\/regionostergotland\/wp-json\/wp\/v2\/types\/post"}],"author":[{"embeddable":true,"href":"https:\/\/wp.kristdemokraterna.se\/regionostergotland\/wp-json\/wp\/v2\/users\/737"}],"replies":[{"embeddable":true,"href":"https:\/\/wp.kristdemokraterna.se\/regionostergotland\/wp-json\/wp\/v2\/comments?post=1027"}],"version-history":[{"count":2,"href":"https:\/\/wp.kristdemokraterna.se\/regionostergotland\/wp-json\/wp\/v2\/posts\/1027\/revisions"}],"predecessor-version":[{"id":1156,"href":"https:\/\/wp.kristdemokraterna.se\/regionostergotland\/wp-json\/wp\/v2\/posts\/1027\/revisions\/1156"}],"wp:featuredmedia":[{"embeddable":true,"href":"https:\/\/wp.kristdemokraterna.se\/regionostergotland\/wp-json\/wp\/v2\/media\/1026"}],"wp:attachment":[{"href":"https:\/\/wp.kristdemokraterna.se\/regionostergotland\/wp-json\/wp\/v2\/media?parent=1027"}],"wp:term":[{"taxonomy":"category","embeddable":true,"href":"https:\/\/wp.kristdemokraterna.se\/regionostergotland\/wp-json\/wp\/v2\/categories?post=1027"},{"taxonomy":"post_tag","embeddable":true,"href":"https:\/\/wp.kristdemokraterna.se\/regionostergotland\/wp-json\/wp\/v2\/tags?post=1027"}],"curies":[{"name":"wp","href":"https:\/\/api.w.org\/{rel}","templated":true}]}}