{"id":1032,"date":"2019-09-10T11:34:02","date_gmt":"2019-09-10T09:34:02","guid":{"rendered":"http:\/\/wp.kristdemokraterna.se\/regionostergotland\/?p=1032"},"modified":"2019-11-13T14:34:21","modified_gmt":"2019-11-13T13:34:21","slug":"vardkoerna-i-ostergotland-vaxer","status":"publish","type":"post","link":"https:\/\/wp.kristdemokraterna.se\/regionostergotland\/vardkoerna-i-ostergotland-vaxer\/","title":{"rendered":"V\u00e5rdk\u00f6erna i \u00d6sterg\u00f6tland v\u00e4xer"},"content":{"rendered":"<p>\u274c V\u00e5rdk\u00f6erna i \u00d6sterg\u00f6tland v\u00e4xer f\u00f6r varje \u00e5r som g\u00e5r.<\/p>\n<p>\u26a0\ufe0fDet h\u00e4r \u00e4r ett problem som Moderaterna i Region \u00d6sterg\u00f6tland och Kristdemokraterna i Region \u00d6sterg\u00f6tland lyft i ett flertal debattartiklar.<\/p>\n<p>Tyv\u00e4rr har vi inte f\u00e5tt n\u00e5gra svar fr\u00e5n de styrande partierna. Till regionfullm\u00e4ktige har Marie Morell (M), Per Larsson (KD) och Fredrik Sj\u00f6strand (M) d\u00e4rf\u00f6r l\u00e4mnat in en interpellation och vill ha svar p\u00e5 f\u00f6ljande:<\/p>\n<p>&#8211; Hur ska ni kapa v\u00e5rdk\u00f6erna?<br \/>\n&#8211; N\u00e4r kan vi f\u00f6rv\u00e4nta oss att se att utvecklingen v\u00e4nder?<!--more--><\/p>\n<p><iframe loading=\"lazy\" title=\"M &amp; KD interpellation om v\u00e4xande v\u00e5rdk\u00f6er i \u00d6sterg\u00f6tland\" width=\"500\" height=\"281\" src=\"https:\/\/www.youtube.com\/embed\/HyZWAAPPc9Q?feature=oembed\" frameborder=\"0\" allow=\"accelerometer; autoplay; clipboard-write; encrypted-media; gyroscope; picture-in-picture; web-share\" referrerpolicy=\"strict-origin-when-cross-origin\" allowfullscreen><\/iframe><\/p>\n","protected":false},"excerpt":{"rendered":"<p>\u274c V\u00e5rdk\u00f6erna i \u00d6sterg\u00f6tland v\u00e4xer f\u00f6r varje \u00e5r som g\u00e5r. \u26a0\ufe0fDet h\u00e4r \u00e4r ett problem som Moderaterna i Region \u00d6sterg\u00f6tland och Kristdemokraterna i Region \u00d6sterg\u00f6tland lyft i ett flertal debattartiklar. Tyv\u00e4rr har vi inte f\u00e5tt n\u00e5gra svar fr\u00e5n de styrande partierna. Till regionfullm\u00e4ktige har Marie Morell (M), Per Larsson (KD) och Fredrik Sj\u00f6strand (M) d\u00e4rf\u00f6r <a class=\"read-more-link\" href=\"https:\/\/wp.kristdemokraterna.se\/regionostergotland\/vardkoerna-i-ostergotland-vaxer\/\">Read More<\/a><\/p>\n","protected":false},"author":737,"featured_media":1031,"comment_status":"closed","ping_status":"closed","sticky":false,"template":"","format":"standard","meta":{"_acf_changed":false,"footnotes":""},"categories":[1],"tags":[],"class_list":["post-1032","post","type-post","status-publish","format-standard","hentry","category-nyheter"],"acf":[],"yoast_head":"<!-- This site is optimized with the Yoast SEO plugin v27.5 - https:\/\/yoast.com\/product\/yoast-seo-wordpress\/ -->\n<title>V\u00e5rdk\u00f6erna i \u00d6sterg\u00f6tland v\u00e4xer - i Region \u00d6sterg\u00f6tland<\/title>\n<meta name=\"robots\" content=\"index, follow, max-snippet:-1, max-image-preview:large, max-video-preview:-1\" \/>\n<link rel=\"canonical\" href=\"https:\/\/wp.kristdemokraterna.se\/regionostergotland\/vardkoerna-i-ostergotland-vaxer\/\" \/>\n<meta property=\"og:locale\" content=\"sv_SE\" \/>\n<meta property=\"og:type\" content=\"article\" \/>\n<meta property=\"og:title\" content=\"V\u00e5rdk\u00f6erna i \u00d6sterg\u00f6tland v\u00e4xer - i Region \u00d6sterg\u00f6tland\" \/>\n<meta property=\"og:description\" content=\"\u274c V\u00e5rdk\u00f6erna i \u00d6sterg\u00f6tland v\u00e4xer f\u00f6r varje \u00e5r som g\u00e5r. \u26a0\ufe0fDet h\u00e4r \u00e4r ett problem som Moderaterna i Region \u00d6sterg\u00f6tland och Kristdemokraterna i Region \u00d6sterg\u00f6tland lyft i ett flertal debattartiklar. Tyv\u00e4rr har vi inte f\u00e5tt n\u00e5gra svar fr\u00e5n de styrande partierna. Till regionfullm\u00e4ktige har Marie Morell (M), Per Larsson (KD) och Fredrik Sj\u00f6strand (M) d\u00e4rf\u00f6r Read More\" \/>\n<meta property=\"og:url\" content=\"https:\/\/wp.kristdemokraterna.se\/regionostergotland\/vardkoerna-i-ostergotland-vaxer\/\" \/>\n<meta property=\"og:site_name\" content=\"i Region \u00d6sterg\u00f6tland\" \/>\n<meta property=\"article:published_time\" content=\"2019-09-10T09:34:02+00:00\" \/>\n<meta property=\"article:modified_time\" content=\"2019-11-13T13:34:21+00:00\" \/>\n<meta property=\"og:image\" content=\"https:\/\/wp.kristdemokraterna.se\/regionostergotland\/files\/2019\/09\/190910-interpellation-1024x576.png\" \/>\n\t<meta property=\"og:image:width\" content=\"1024\" \/>\n\t<meta property=\"og:image:height\" content=\"576\" \/>\n\t<meta property=\"og:image:type\" content=\"image\/png\" \/>\n<meta name=\"author\" content=\"regionostergotland\" \/>\n<meta name=\"twitter:card\" content=\"summary_large_image\" \/>\n<meta name=\"twitter:label1\" content=\"Skriven av\" \/>\n\t<meta name=\"twitter:data1\" content=\"regionostergotland\" \/>\n\t<meta name=\"twitter:label2\" content=\"Ber\u00e4knad l\u00e4stid\" \/>\n\t<meta name=\"twitter:data2\" content=\"1 minut\" \/>\n<script type=\"application\/ld+json\" class=\"yoast-schema-graph\">{\"@context\":\"https:\\\/\\\/schema.org\",\"@graph\":[{\"@type\":\"Article\",\"@id\":\"https:\\\/\\\/wp.kristdemokraterna.se\\\/regionostergotland\\\/vardkoerna-i-ostergotland-vaxer\\\/#article\",\"isPartOf\":{\"@id\":\"https:\\\/\\\/wp.kristdemokraterna.se\\\/regionostergotland\\\/vardkoerna-i-ostergotland-vaxer\\\/\"},\"author\":{\"name\":\"regionostergotland\",\"@id\":\"https:\\\/\\\/wp.kristdemokraterna.se\\\/regionostergotland\\\/#\\\/schema\\\/person\\\/74c3c4f502fcc489722a7be0dfe0088c\"},\"headline\":\"V\u00e5rdk\u00f6erna i \u00d6sterg\u00f6tland v\u00e4xer\",\"datePublished\":\"2019-09-10T09:34:02+00:00\",\"dateModified\":\"2019-11-13T13:34:21+00:00\",\"mainEntityOfPage\":{\"@id\":\"https:\\\/\\\/wp.kristdemokraterna.se\\\/regionostergotland\\\/vardkoerna-i-ostergotland-vaxer\\\/\"},\"wordCount\":122,\"image\":{\"@id\":\"https:\\\/\\\/wp.kristdemokraterna.se\\\/regionostergotland\\\/vardkoerna-i-ostergotland-vaxer\\\/#primaryimage\"},\"thumbnailUrl\":\"https:\\\/\\\/wp.kristdemokraterna.se\\\/regionostergotland\\\/files\\\/2019\\\/09\\\/190910-interpellation.png\",\"articleSection\":[\"Nyheter\"],\"inLanguage\":\"sv-SE\"},{\"@type\":\"WebPage\",\"@id\":\"https:\\\/\\\/wp.kristdemokraterna.se\\\/regionostergotland\\\/vardkoerna-i-ostergotland-vaxer\\\/\",\"url\":\"https:\\\/\\\/wp.kristdemokraterna.se\\\/regionostergotland\\\/vardkoerna-i-ostergotland-vaxer\\\/\",\"name\":\"V\u00e5rdk\u00f6erna i \u00d6sterg\u00f6tland v\u00e4xer - i Region \u00d6sterg\u00f6tland\",\"isPartOf\":{\"@id\":\"https:\\\/\\\/wp.kristdemokraterna.se\\\/regionostergotland\\\/#website\"},\"primaryImageOfPage\":{\"@id\":\"https:\\\/\\\/wp.kristdemokraterna.se\\\/regionostergotland\\\/vardkoerna-i-ostergotland-vaxer\\\/#primaryimage\"},\"image\":{\"@id\":\"https:\\\/\\\/wp.kristdemokraterna.se\\\/regionostergotland\\\/vardkoerna-i-ostergotland-vaxer\\\/#primaryimage\"},\"thumbnailUrl\":\"https:\\\/\\\/wp.kristdemokraterna.se\\\/regionostergotland\\\/files\\\/2019\\\/09\\\/190910-interpellation.png\",\"datePublished\":\"2019-09-10T09:34:02+00:00\",\"dateModified\":\"2019-11-13T13:34:21+00:00\",\"author\":{\"@id\":\"https:\\\/\\\/wp.kristdemokraterna.se\\\/regionostergotland\\\/#\\\/schema\\\/person\\\/74c3c4f502fcc489722a7be0dfe0088c\"},\"breadcrumb\":{\"@id\":\"https:\\\/\\\/wp.kristdemokraterna.se\\\/regionostergotland\\\/vardkoerna-i-ostergotland-vaxer\\\/#breadcrumb\"},\"inLanguage\":\"sv-SE\",\"potentialAction\":[{\"@type\":\"ReadAction\",\"target\":[\"https:\\\/\\\/wp.kristdemokraterna.se\\\/regionostergotland\\\/vardkoerna-i-ostergotland-vaxer\\\/\"]}]},{\"@type\":\"ImageObject\",\"inLanguage\":\"sv-SE\",\"@id\":\"https:\\\/\\\/wp.kristdemokraterna.se\\\/regionostergotland\\\/vardkoerna-i-ostergotland-vaxer\\\/#primaryimage\",\"url\":\"https:\\\/\\\/wp.kristdemokraterna.se\\\/regionostergotland\\\/files\\\/2019\\\/09\\\/190910-interpellation.png\",\"contentUrl\":\"https:\\\/\\\/wp.kristdemokraterna.se\\\/regionostergotland\\\/files\\\/2019\\\/09\\\/190910-interpellation.png\",\"width\":1281,\"height\":720},{\"@type\":\"BreadcrumbList\",\"@id\":\"https:\\\/\\\/wp.kristdemokraterna.se\\\/regionostergotland\\\/vardkoerna-i-ostergotland-vaxer\\\/#breadcrumb\",\"itemListElement\":[{\"@type\":\"ListItem\",\"position\":1,\"name\":\"Hem\",\"item\":\"https:\\\/\\\/wp.kristdemokraterna.se\\\/regionostergotland\\\/\"},{\"@type\":\"ListItem\",\"position\":2,\"name\":\"V\u00e5rdk\u00f6erna i \u00d6sterg\u00f6tland v\u00e4xer\"}]},{\"@type\":\"WebSite\",\"@id\":\"https:\\\/\\\/wp.kristdemokraterna.se\\\/regionostergotland\\\/#website\",\"url\":\"https:\\\/\\\/wp.kristdemokraterna.se\\\/regionostergotland\\\/\",\"name\":\"i Region \u00d6sterg\u00f6tland\",\"description\":\"\",\"inLanguage\":\"sv-SE\"},{\"@type\":\"Person\",\"@id\":\"https:\\\/\\\/wp.kristdemokraterna.se\\\/regionostergotland\\\/#\\\/schema\\\/person\\\/74c3c4f502fcc489722a7be0dfe0088c\",\"name\":\"regionostergotland\",\"image\":{\"@type\":\"ImageObject\",\"inLanguage\":\"sv-SE\",\"@id\":\"https:\\\/\\\/secure.gravatar.com\\\/avatar\\\/8fb8f0a216e627554da57506bfaf78d677f45512f24f703e185ec701423b1e92?s=96&d=mm&r=g\",\"url\":\"https:\\\/\\\/secure.gravatar.com\\\/avatar\\\/8fb8f0a216e627554da57506bfaf78d677f45512f24f703e185ec701423b1e92?s=96&d=mm&r=g\",\"contentUrl\":\"https:\\\/\\\/secure.gravatar.com\\\/avatar\\\/8fb8f0a216e627554da57506bfaf78d677f45512f24f703e185ec701423b1e92?s=96&d=mm&r=g\",\"caption\":\"regionostergotland\"},\"url\":\"https:\\\/\\\/wp.kristdemokraterna.se\\\/regionostergotland\\\/author\\\/regionostergotland\\\/\"}]}<\/script>\n<!-- \/ Yoast SEO plugin. -->","yoast_head_json":{"title":"V\u00e5rdk\u00f6erna i \u00d6sterg\u00f6tland v\u00e4xer - i Region \u00d6sterg\u00f6tland","robots":{"index":"index","follow":"follow","max-snippet":"max-snippet:-1","max-image-preview":"max-image-preview:large","max-video-preview":"max-video-preview:-1"},"canonical":"https:\/\/wp.kristdemokraterna.se\/regionostergotland\/vardkoerna-i-ostergotland-vaxer\/","og_locale":"sv_SE","og_type":"article","og_title":"V\u00e5rdk\u00f6erna i \u00d6sterg\u00f6tland v\u00e4xer - i Region \u00d6sterg\u00f6tland","og_description":"\u274c V\u00e5rdk\u00f6erna i \u00d6sterg\u00f6tland v\u00e4xer f\u00f6r varje \u00e5r som g\u00e5r. \u26a0\ufe0fDet h\u00e4r \u00e4r ett problem som Moderaterna i Region \u00d6sterg\u00f6tland och Kristdemokraterna i Region \u00d6sterg\u00f6tland lyft i ett flertal debattartiklar. Tyv\u00e4rr har vi inte f\u00e5tt n\u00e5gra svar fr\u00e5n de styrande partierna. Till regionfullm\u00e4ktige har Marie Morell (M), Per Larsson (KD) och Fredrik Sj\u00f6strand (M) d\u00e4rf\u00f6r Read More","og_url":"https:\/\/wp.kristdemokraterna.se\/regionostergotland\/vardkoerna-i-ostergotland-vaxer\/","og_site_name":"i Region \u00d6sterg\u00f6tland","article_published_time":"2019-09-10T09:34:02+00:00","article_modified_time":"2019-11-13T13:34:21+00:00","og_image":[{"width":1024,"height":576,"url":"https:\/\/wp.kristdemokraterna.se\/regionostergotland\/files\/2019\/09\/190910-interpellation-1024x576.png","type":"image\/png"}],"author":"regionostergotland","twitter_card":"summary_large_image","twitter_misc":{"Skriven av":"regionostergotland","Ber\u00e4knad l\u00e4stid":"1 minut"},"schema":{"@context":"https:\/\/schema.org","@graph":[{"@type":"Article","@id":"https:\/\/wp.kristdemokraterna.se\/regionostergotland\/vardkoerna-i-ostergotland-vaxer\/#article","isPartOf":{"@id":"https:\/\/wp.kristdemokraterna.se\/regionostergotland\/vardkoerna-i-ostergotland-vaxer\/"},"author":{"name":"regionostergotland","@id":"https:\/\/wp.kristdemokraterna.se\/regionostergotland\/#\/schema\/person\/74c3c4f502fcc489722a7be0dfe0088c"},"headline":"V\u00e5rdk\u00f6erna i \u00d6sterg\u00f6tland v\u00e4xer","datePublished":"2019-09-10T09:34:02+00:00","dateModified":"2019-11-13T13:34:21+00:00","mainEntityOfPage":{"@id":"https:\/\/wp.kristdemokraterna.se\/regionostergotland\/vardkoerna-i-ostergotland-vaxer\/"},"wordCount":122,"image":{"@id":"https:\/\/wp.kristdemokraterna.se\/regionostergotland\/vardkoerna-i-ostergotland-vaxer\/#primaryimage"},"thumbnailUrl":"https:\/\/wp.kristdemokraterna.se\/regionostergotland\/files\/2019\/09\/190910-interpellation.png","articleSection":["Nyheter"],"inLanguage":"sv-SE"},{"@type":"WebPage","@id":"https:\/\/wp.kristdemokraterna.se\/regionostergotland\/vardkoerna-i-ostergotland-vaxer\/","url":"https:\/\/wp.kristdemokraterna.se\/regionostergotland\/vardkoerna-i-ostergotland-vaxer\/","name":"V\u00e5rdk\u00f6erna i \u00d6sterg\u00f6tland v\u00e4xer - i Region \u00d6sterg\u00f6tland","isPartOf":{"@id":"https:\/\/wp.kristdemokraterna.se\/regionostergotland\/#website"},"primaryImageOfPage":{"@id":"https:\/\/wp.kristdemokraterna.se\/regionostergotland\/vardkoerna-i-ostergotland-vaxer\/#primaryimage"},"image":{"@id":"https:\/\/wp.kristdemokraterna.se\/regionostergotland\/vardkoerna-i-ostergotland-vaxer\/#primaryimage"},"thumbnailUrl":"https:\/\/wp.kristdemokraterna.se\/regionostergotland\/files\/2019\/09\/190910-interpellation.png","datePublished":"2019-09-10T09:34:02+00:00","dateModified":"2019-11-13T13:34:21+00:00","author":{"@id":"https:\/\/wp.kristdemokraterna.se\/regionostergotland\/#\/schema\/person\/74c3c4f502fcc489722a7be0dfe0088c"},"breadcrumb":{"@id":"https:\/\/wp.kristdemokraterna.se\/regionostergotland\/vardkoerna-i-ostergotland-vaxer\/#breadcrumb"},"inLanguage":"sv-SE","potentialAction":[{"@type":"ReadAction","target":["https:\/\/wp.kristdemokraterna.se\/regionostergotland\/vardkoerna-i-ostergotland-vaxer\/"]}]},{"@type":"ImageObject","inLanguage":"sv-SE","@id":"https:\/\/wp.kristdemokraterna.se\/regionostergotland\/vardkoerna-i-ostergotland-vaxer\/#primaryimage","url":"https:\/\/wp.kristdemokraterna.se\/regionostergotland\/files\/2019\/09\/190910-interpellation.png","contentUrl":"https:\/\/wp.kristdemokraterna.se\/regionostergotland\/files\/2019\/09\/190910-interpellation.png","width":1281,"height":720},{"@type":"BreadcrumbList","@id":"https:\/\/wp.kristdemokraterna.se\/regionostergotland\/vardkoerna-i-ostergotland-vaxer\/#breadcrumb","itemListElement":[{"@type":"ListItem","position":1,"name":"Hem","item":"https:\/\/wp.kristdemokraterna.se\/regionostergotland\/"},{"@type":"ListItem","position":2,"name":"V\u00e5rdk\u00f6erna i \u00d6sterg\u00f6tland v\u00e4xer"}]},{"@type":"WebSite","@id":"https:\/\/wp.kristdemokraterna.se\/regionostergotland\/#website","url":"https:\/\/wp.kristdemokraterna.se\/regionostergotland\/","name":"i Region \u00d6sterg\u00f6tland","description":"","inLanguage":"sv-SE"},{"@type":"Person","@id":"https:\/\/wp.kristdemokraterna.se\/regionostergotland\/#\/schema\/person\/74c3c4f502fcc489722a7be0dfe0088c","name":"regionostergotland","image":{"@type":"ImageObject","inLanguage":"sv-SE","@id":"https:\/\/secure.gravatar.com\/avatar\/8fb8f0a216e627554da57506bfaf78d677f45512f24f703e185ec701423b1e92?s=96&d=mm&r=g","url":"https:\/\/secure.gravatar.com\/avatar\/8fb8f0a216e627554da57506bfaf78d677f45512f24f703e185ec701423b1e92?s=96&d=mm&r=g","contentUrl":"https:\/\/secure.gravatar.com\/avatar\/8fb8f0a216e627554da57506bfaf78d677f45512f24f703e185ec701423b1e92?s=96&d=mm&r=g","caption":"regionostergotland"},"url":"https:\/\/wp.kristdemokraterna.se\/regionostergotland\/author\/regionostergotland\/"}]}},"_links":{"self":[{"href":"https:\/\/wp.kristdemokraterna.se\/regionostergotland\/wp-json\/wp\/v2\/posts\/1032","targetHints":{"allow":["GET"]}}],"collection":[{"href":"https:\/\/wp.kristdemokraterna.se\/regionostergotland\/wp-json\/wp\/v2\/posts"}],"about":[{"href":"https:\/\/wp.kristdemokraterna.se\/regionostergotland\/wp-json\/wp\/v2\/types\/post"}],"author":[{"embeddable":true,"href":"https:\/\/wp.kristdemokraterna.se\/regionostergotland\/wp-json\/wp\/v2\/users\/737"}],"replies":[{"embeddable":true,"href":"https:\/\/wp.kristdemokraterna.se\/regionostergotland\/wp-json\/wp\/v2\/comments?post=1032"}],"version-history":[{"count":3,"href":"https:\/\/wp.kristdemokraterna.se\/regionostergotland\/wp-json\/wp\/v2\/posts\/1032\/revisions"}],"predecessor-version":[{"id":1164,"href":"https:\/\/wp.kristdemokraterna.se\/regionostergotland\/wp-json\/wp\/v2\/posts\/1032\/revisions\/1164"}],"wp:featuredmedia":[{"embeddable":true,"href":"https:\/\/wp.kristdemokraterna.se\/regionostergotland\/wp-json\/wp\/v2\/media\/1031"}],"wp:attachment":[{"href":"https:\/\/wp.kristdemokraterna.se\/regionostergotland\/wp-json\/wp\/v2\/media?parent=1032"}],"wp:term":[{"taxonomy":"category","embeddable":true,"href":"https:\/\/wp.kristdemokraterna.se\/regionostergotland\/wp-json\/wp\/v2\/categories?post=1032"},{"taxonomy":"post_tag","embeddable":true,"href":"https:\/\/wp.kristdemokraterna.se\/regionostergotland\/wp-json\/wp\/v2\/tags?post=1032"}],"curies":[{"name":"wp","href":"https:\/\/api.w.org\/{rel}","templated":true}]}}