{"id":1043,"date":"2019-09-22T19:04:31","date_gmt":"2019-09-22T17:04:31","guid":{"rendered":"http:\/\/wp.kristdemokraterna.se\/regionostergotland\/?p=1043"},"modified":"2019-11-15T10:22:56","modified_gmt":"2019-11-15T09:22:56","slug":"nyhetsbrev-vecka-38-2","status":"publish","type":"post","link":"https:\/\/wp.kristdemokraterna.se\/regionostergotland\/nyhetsbrev-vecka-38-2\/","title":{"rendered":"Nyhetsbrev vecka 38"},"content":{"rendered":"<p>Hej!<\/p>\n<p>Det har blivit s\u00f6ndagskv\u00e4ll igen och \u00e4nnu en vecka n\u00e4rmar sig sin avslutning. Det regionpolitiska inneh\u00e5llet i veckan, har varit av ett ganska varierat slag, med studiebes\u00f6k som en ganska genomg\u00e5ende gemensam n\u00e4mnare. Om studiebes\u00f6ken, och en del annat, kommer h\u00e4r n\u00e5gra rader i veckans nyhetsbrev. Trevlig l\u00e4sning!<\/p>\n<p><!--more--><strong>Studiebes\u00f6k p\u00e5 Hematologen p\u00e5 Universitetssjukhuset<\/strong><br \/>\nVeckan b\u00f6rjade med studiebes\u00f6k p\u00e5 Hematologiska kliniken p\u00e5 Universitetssjukhuset i Link\u00f6ping. I det allvarliga l\u00e4ge sjukv\u00e5rden i \u00d6sterg\u00f6tland, och i princip hela Sverige, befinner sig i, \u00e4r Hematologen en av de \u00f6stg\u00f6tska kliniker som har haft st\u00f6rst problem. Kliniken bedriver specialistsjukv\u00e5rd inte bara f\u00f6r \u00d6sterg\u00f6tland, utan f\u00f6r hela syd\u00f6stra sjukv\u00e5rdsregionen med patienter fr\u00e5n Region J\u00f6nk\u00f6pings l\u00e4n och Region Kalmar l\u00e4n. Det \u00e4r avancerad v\u00e5rd med h\u00f6g kvalitet, och \u00e4n s\u00e5 l\u00e4nge har kliniken klarat av att leverera v\u00e5rd till b\u00e5da \u00f6stg\u00f6tska patienter och patienter fr\u00e5n sjukv\u00e5rdsregionen. Men, personalen f\u00e5r slita till bristningsgr\u00e4nsen, och kliniken har stora problem att rekrytera framf\u00f6rallt sjuksk\u00f6terskor. Det ser allts\u00e5 m\u00f6rkt ut fram\u00e5t om inte \u00e5tg\u00e4rder vidtas, f\u00f6r att t.ex. underl\u00e4tta nyrekrytering. Den diskussion som f\u00f6rekommit i framf\u00f6rallt media, om huruvida den \u00f6stg\u00f6tska v\u00e5rden befinner sig i ett krisl\u00e4ge eller inte, beh\u00f6vde verksamhetschef och v\u00e5rdenhetschef som tog emot oss fr\u00e5n Kristdemokraterna och Moderaterna i m\u00e5ndags morse, inte fundera l\u00e4nge p\u00e5\u2026 Vi kommer att forts\u00e4tta att bes\u00f6ka kliniker med problem, dels f\u00f6r att f\u00e5 f\u00f6rstahandsinformation om l\u00e4get p\u00e5 kliniken, men ocks\u00e5 lyssna in tankar och f\u00f6rslag om hur situationen kan f\u00f6rb\u00e4ttras. Fr\u00e5gan l\u00e4r \u00e5terkomma!<\/p>\n<p><strong>Styrelsem\u00f6te med Almi \u00d6sterg\u00f6tland med bes\u00f6k hos entrepren\u00f6rer<\/strong><br \/>\nSom jag ber\u00e4ttat om i flera tidigare nyhetsbrev, \u00e4r jag en av fyra politiskt utsedda ledam\u00f6ter i styrelsen f\u00f6r Almi \u00d6sterg\u00f6tland. Region \u00d6sterg\u00f6tland \u00e4ger 49 procent av Almi \u00d6sterg\u00f6tland, och \u00f6vriga 51 procent \u00e4gs av det nationella moderbolaget Almi, som i sin tur \u00e4gs av staten. D\u00e4rf\u00f6r utser regionen fyra styrelseledam\u00f6ter och moderbolaget fyra. Almi \u00e4r regionens kanske viktigaste tillv\u00e4xtverktyg, med sina uppdrag att vara s\u00e5v\u00e4l r\u00e5dgivare som kreditgivare till nya och gamla f\u00f6retag i \u00d6sterg\u00f6tland. Almi har framg\u00e5ngsrikt, bl.a. genom projekt finansierade av EU:s regionalfond, st\u00f6ttat \u00f6stg\u00f6tska f\u00f6retag till framg\u00e5ngar, vilket lett till b\u00e5de god ekonomisk utveckling och, framf\u00f6rallt, att m\u00e5nga nyanst\u00e4llningar har kunnat g\u00f6ras i f\u00f6retagen. Varje \u00e5r \u00e5ker styrelsen i samband med ett styrelsem\u00f6te till n\u00e5gon del av \u00d6sterg\u00f6tland f\u00f6r att bes\u00f6ka f\u00f6retag som p\u00e5 n\u00e5got s\u00e4tt f\u00e5tt st\u00f6d av Almi. \u00c5rets bes\u00f6ksdag genomf\u00f6rdes i tisdags i \u00c5tvidaberg, d\u00e4r vi bes\u00f6kte \u00c5tvidabergshus och ACC Group. Tv\u00e5 mycket olika f\u00f6retag, som rent fysiskt \u00e4r grannar i \u00c5tvidaberg och ocks\u00e5 har det gemensamt att de utvecklats mycket positivt de senaste \u00e5ren. \u00c5tvidabergshus producerar, som namnet antyder, hus. Framf\u00f6rallt villor\/sm\u00e5hus i serieproduktion, men \u00e4ven andra bostadshus, och har avtal med flera av de stora husproducenterna i landet. ACC Group har flera str\u00e4ngar p\u00e5 sin lyra, men en v\u00e4ldigt sp\u00e4nnande del, \u00e4r den h\u00f6gteknologiska produktionen av dr\u00f6nare, b\u00e5de flygande och undervattensfarkoster. Vi fick intressant f\u00f6revisning av b\u00e5da!<\/p>\n<p><strong>Gruppm\u00f6te med Kristdemokraternas regiongrupp &#8211; p\u00e5 L\u00f6fstad slott<\/strong><br \/>\nP\u00e5 tisdagskv\u00e4llen var det dags f\u00f6r september m\u00e5nads gruppm\u00f6te med Kristdemokraternas regiongrupp. M\u00f6tet var f\u00f6rlagt till L\u00f6fstad slott, och inneh\u00f6ll b\u00e5de information om verksamheten p\u00e5 L\u00f6fstad, en visning av slottets paradv\u00e5ning och information fr\u00e5n Olof Hermelin, chef f\u00f6r \u00d6sterg\u00f6tlands Museum, om den p\u00e5g\u00e5ende renoveringen och ombyggnationen av museibyggnaden i Link\u00f6ping, och den omgestaltning av museets utst\u00e4llningar som g\u00f6rs inf\u00f6r ny\u00f6ppningen. L\u00f6fstad slotts sista \u00e4gare hette Emelie Piper. Hon testamenterade sj\u00e4lva slottsfastigheten till en stiftelse som f\u00f6rvaltas av Riddarhuset i Stockholm, och alla inventarier till \u00d6sterg\u00f6tlands Museum, i syfte att de skulle tillg\u00e4ngligg\u00f6ras f\u00f6r bes\u00f6kare. D\u00e4rf\u00f6r kan nu en unik slottsmilj\u00f6, or\u00f6rd fr\u00e5n tidigt 1900-tal, men med historiska r\u00f6tter tillbaka till 1700-talet, visas f\u00f6r \u00f6stg\u00f6tar och bes\u00f6kare fr\u00e5n n\u00e4r och fj\u00e4rran. Efter informationer och visning, f\u00f6ljde ordinarie gruppm\u00f6te med bl.a. genomg\u00e5ng av aktuella \u00e4renden i regionens n\u00e4mnder och styrelser.<\/p>\n<p><strong>Sammantr\u00e4de med regionutvecklingsn\u00e4mnden<\/strong><br \/>\nI onsdags sammantr\u00e4dde regionutvecklingsn\u00e4mnden. P\u00e5 dagordningen stod bl.a. en genomg\u00e5ng av de remissvar som kommuner, organisationer och andra remissinstanser l\u00e4mnat p\u00e5 f\u00f6rslaget till Kulturplan f\u00f6r \u00d6sterg\u00f6tland 2020-2023. Regionens nye kulturchef Rikard \u00c5slund gick bl.a. igenom en del av de \u00e4ndringar som f\u00f6resl\u00e5s utifr\u00e5n remissvaren. Gl\u00e4djande har flera av de synpunkter som vi fr\u00e5n Kristdemokraterna och Moderaterna f\u00f6rde fram i v\u00e5rt gemensamma remissvar, arbetats in i det uppdaterade f\u00f6rslaget. Kulturplanen \u00e5terkommer f\u00f6r beslut vid n\u00e4sta n\u00e4mndm\u00f6te, och ska slutligen fastst\u00e4llas av regionfullm\u00e4ktige i november. Regionutvecklingsn\u00e4mnden fick ocks\u00e5 en information fr\u00e5n HR-direkt\u00f6r Zilla Jonsson om f\u00f6rslaget till ny organisation och f\u00f6r\u00e4ndrad administration f\u00f6r regionen. F\u00f6r\u00e4ndringarna ber\u00f6r fr\u00e4mst h\u00e4lso- och sjukv\u00e5rden, men \u00e4nd\u00e5 relevant f\u00f6r \u00e4ven f\u00f6r v\u00e5r n\u00e4mnd att ta del av. P\u00e5 n\u00e4mnden slutrapporterades ocks\u00e5 det bes\u00f6ksn\u00e4ringsprojekt, finansierat av Tillv\u00e4xtverket, H\u00e5llbar produktutveckling, som i Region \u00d6sterg\u00f6tland, projektletts av Emil Selse. Projektet har varit framg\u00e5ngsrikt, och akt\u00f6rerna i projektet fr\u00e5n olika delar av \u00d6sterg\u00f6tland, har helt klart kunnat g\u00f6ra en h\u00e5llbar produktutveckling!<\/p>\n<p><strong>Utbildning f\u00f6r folkh\u00f6gskolestyrelser<\/strong><br \/>\nArbetsveckan avslutades f\u00f6r min del med en tv\u00e5dagars utbildning f\u00f6r styrelser f\u00f6r offentlig\u00e4gda folkh\u00f6gskolor, arrangerad av Folkh\u00f6gskolef\u00f6reningen inom SKL (Sveriges kommuner och landsting). Eftersom regionutvecklingsn\u00e4mnden ocks\u00e5 \u00e4r folkh\u00f6gskolestyrelse f\u00f6r regionens egen folkh\u00f6gskola, Lunnevads folkh\u00f6gskola, representerade jag n\u00e4mnden vid utbildningen. Utbildningen, som h\u00f6lls i Stockholm, hade deltagare fr\u00e5n m\u00e5nga regioner i Sverige, och erbj\u00f6d mycket matnyttig kunskap, intressanta diskussioner, erfarenhetsutbyten och bra informationer fr\u00e5n bl.a. Folkbildningsr\u00e5det, SKL och Folkh\u00f6gskolornas serviceorganisation. Tv\u00e5 ytterligare kristdemokrater, Joachim Jonsson fr\u00e5n Region V\u00e4sternorrland, och Anne Holmlund fr\u00e5n V\u00e4stra G\u00f6talandsregionen, deltog i utbildningen. Tv\u00e5 bra dagar!<\/p>\n<p>D\u00e5 \u00e5terst\u00e5r bara f\u00f6r mig att \u00f6nska er en fin avslutning p\u00e5 s\u00f6ndagskv\u00e4llen och riktigt bra ny vecka!<\/p>\n<p>Med v\u00e4nlig h\u00e4lsning<br \/>\nPer Larsson<br \/>\nOppositionsr\u00e5d och gruppledare<br \/>\nKristdemokraterna i Region \u00d6sterg\u00f6tland<br \/>\ntfn 010-103 72 84 (arb)<br \/>\ntfn 013-14 11 59 (bost)<br \/>\ntfn 0702-88 21 34 (mobil)<br \/>\nper.larsson@kristdemokraterna.se<\/p>\n","protected":false},"excerpt":{"rendered":"<p>Hej! Det har blivit s\u00f6ndagskv\u00e4ll igen och \u00e4nnu en vecka n\u00e4rmar sig sin avslutning. Det regionpolitiska inneh\u00e5llet i veckan, har varit av ett ganska varierat slag, med studiebes\u00f6k som en ganska genomg\u00e5ende gemensam n\u00e4mnare. Om studiebes\u00f6ken, och en del annat, kommer h\u00e4r n\u00e5gra rader i veckans nyhetsbrev. Trevlig l\u00e4sning!<\/p>\n","protected":false},"author":737,"featured_media":407,"comment_status":"closed","ping_status":"closed","sticky":false,"template":"","format":"standard","meta":{"_acf_changed":false,"footnotes":""},"categories":[1],"tags":[],"class_list":["post-1043","post","type-post","status-publish","format-standard","hentry","category-nyheter"],"acf":[],"yoast_head":"<!-- This site is optimized with the Yoast SEO plugin v27.5 - https:\/\/yoast.com\/product\/yoast-seo-wordpress\/ -->\n<title>Nyhetsbrev vecka 38 - i Region \u00d6sterg\u00f6tland<\/title>\n<meta name=\"robots\" content=\"index, follow, max-snippet:-1, max-image-preview:large, max-video-preview:-1\" \/>\n<link rel=\"canonical\" href=\"https:\/\/wp.kristdemokraterna.se\/regionostergotland\/nyhetsbrev-vecka-38-2\/\" \/>\n<meta property=\"og:locale\" content=\"sv_SE\" \/>\n<meta property=\"og:type\" content=\"article\" \/>\n<meta property=\"og:title\" content=\"Nyhetsbrev vecka 38 - i Region \u00d6sterg\u00f6tland\" \/>\n<meta property=\"og:description\" content=\"Hej! Det har blivit s\u00f6ndagskv\u00e4ll igen och \u00e4nnu en vecka n\u00e4rmar sig sin avslutning. Det regionpolitiska inneh\u00e5llet i veckan, har varit av ett ganska varierat slag, med studiebes\u00f6k som en ganska genomg\u00e5ende gemensam n\u00e4mnare. Om studiebes\u00f6ken, och en del annat, kommer h\u00e4r n\u00e5gra rader i veckans nyhetsbrev. Trevlig l\u00e4sning!\" \/>\n<meta property=\"og:url\" content=\"https:\/\/wp.kristdemokraterna.se\/regionostergotland\/nyhetsbrev-vecka-38-2\/\" \/>\n<meta property=\"og:site_name\" content=\"i Region \u00d6sterg\u00f6tland\" \/>\n<meta property=\"article:published_time\" content=\"2019-09-22T17:04:31+00:00\" \/>\n<meta property=\"article:modified_time\" content=\"2019-11-15T09:22:56+00:00\" \/>\n<meta property=\"og:image\" content=\"https:\/\/wp.kristdemokraterna.se\/regionostergotland\/files\/2017\/04\/pl_nyhetsbrev_profilbild_small_v2.jpg\" \/>\n\t<meta property=\"og:image:width\" content=\"400\" \/>\n\t<meta property=\"og:image:height\" content=\"500\" \/>\n\t<meta property=\"og:image:type\" content=\"image\/jpeg\" \/>\n<meta name=\"author\" content=\"regionostergotland\" \/>\n<meta name=\"twitter:card\" content=\"summary_large_image\" \/>\n<meta name=\"twitter:label1\" content=\"Skriven av\" \/>\n\t<meta name=\"twitter:data1\" content=\"regionostergotland\" \/>\n\t<meta name=\"twitter:label2\" content=\"Ber\u00e4knad l\u00e4stid\" \/>\n\t<meta name=\"twitter:data2\" content=\"6 minuter\" \/>\n<script type=\"application\/ld+json\" class=\"yoast-schema-graph\">{\"@context\":\"https:\\\/\\\/schema.org\",\"@graph\":[{\"@type\":\"Article\",\"@id\":\"https:\\\/\\\/wp.kristdemokraterna.se\\\/regionostergotland\\\/nyhetsbrev-vecka-38-2\\\/#article\",\"isPartOf\":{\"@id\":\"https:\\\/\\\/wp.kristdemokraterna.se\\\/regionostergotland\\\/nyhetsbrev-vecka-38-2\\\/\"},\"author\":{\"name\":\"regionostergotland\",\"@id\":\"https:\\\/\\\/wp.kristdemokraterna.se\\\/regionostergotland\\\/#\\\/schema\\\/person\\\/74c3c4f502fcc489722a7be0dfe0088c\"},\"headline\":\"Nyhetsbrev vecka 38\",\"datePublished\":\"2019-09-22T17:04:31+00:00\",\"dateModified\":\"2019-11-15T09:22:56+00:00\",\"mainEntityOfPage\":{\"@id\":\"https:\\\/\\\/wp.kristdemokraterna.se\\\/regionostergotland\\\/nyhetsbrev-vecka-38-2\\\/\"},\"wordCount\":1184,\"image\":{\"@id\":\"https:\\\/\\\/wp.kristdemokraterna.se\\\/regionostergotland\\\/nyhetsbrev-vecka-38-2\\\/#primaryimage\"},\"thumbnailUrl\":\"https:\\\/\\\/wp.kristdemokraterna.se\\\/regionostergotland\\\/files\\\/2017\\\/04\\\/pl_nyhetsbrev_profilbild_small_v2.jpg\",\"articleSection\":[\"Nyheter\"],\"inLanguage\":\"sv-SE\"},{\"@type\":\"WebPage\",\"@id\":\"https:\\\/\\\/wp.kristdemokraterna.se\\\/regionostergotland\\\/nyhetsbrev-vecka-38-2\\\/\",\"url\":\"https:\\\/\\\/wp.kristdemokraterna.se\\\/regionostergotland\\\/nyhetsbrev-vecka-38-2\\\/\",\"name\":\"Nyhetsbrev vecka 38 - i Region \u00d6sterg\u00f6tland\",\"isPartOf\":{\"@id\":\"https:\\\/\\\/wp.kristdemokraterna.se\\\/regionostergotland\\\/#website\"},\"primaryImageOfPage\":{\"@id\":\"https:\\\/\\\/wp.kristdemokraterna.se\\\/regionostergotland\\\/nyhetsbrev-vecka-38-2\\\/#primaryimage\"},\"image\":{\"@id\":\"https:\\\/\\\/wp.kristdemokraterna.se\\\/regionostergotland\\\/nyhetsbrev-vecka-38-2\\\/#primaryimage\"},\"thumbnailUrl\":\"https:\\\/\\\/wp.kristdemokraterna.se\\\/regionostergotland\\\/files\\\/2017\\\/04\\\/pl_nyhetsbrev_profilbild_small_v2.jpg\",\"datePublished\":\"2019-09-22T17:04:31+00:00\",\"dateModified\":\"2019-11-15T09:22:56+00:00\",\"author\":{\"@id\":\"https:\\\/\\\/wp.kristdemokraterna.se\\\/regionostergotland\\\/#\\\/schema\\\/person\\\/74c3c4f502fcc489722a7be0dfe0088c\"},\"breadcrumb\":{\"@id\":\"https:\\\/\\\/wp.kristdemokraterna.se\\\/regionostergotland\\\/nyhetsbrev-vecka-38-2\\\/#breadcrumb\"},\"inLanguage\":\"sv-SE\",\"potentialAction\":[{\"@type\":\"ReadAction\",\"target\":[\"https:\\\/\\\/wp.kristdemokraterna.se\\\/regionostergotland\\\/nyhetsbrev-vecka-38-2\\\/\"]}]},{\"@type\":\"ImageObject\",\"inLanguage\":\"sv-SE\",\"@id\":\"https:\\\/\\\/wp.kristdemokraterna.se\\\/regionostergotland\\\/nyhetsbrev-vecka-38-2\\\/#primaryimage\",\"url\":\"https:\\\/\\\/wp.kristdemokraterna.se\\\/regionostergotland\\\/files\\\/2017\\\/04\\\/pl_nyhetsbrev_profilbild_small_v2.jpg\",\"contentUrl\":\"https:\\\/\\\/wp.kristdemokraterna.se\\\/regionostergotland\\\/files\\\/2017\\\/04\\\/pl_nyhetsbrev_profilbild_small_v2.jpg\",\"width\":400,\"height\":500},{\"@type\":\"BreadcrumbList\",\"@id\":\"https:\\\/\\\/wp.kristdemokraterna.se\\\/regionostergotland\\\/nyhetsbrev-vecka-38-2\\\/#breadcrumb\",\"itemListElement\":[{\"@type\":\"ListItem\",\"position\":1,\"name\":\"Hem\",\"item\":\"https:\\\/\\\/wp.kristdemokraterna.se\\\/regionostergotland\\\/\"},{\"@type\":\"ListItem\",\"position\":2,\"name\":\"Nyhetsbrev vecka 38\"}]},{\"@type\":\"WebSite\",\"@id\":\"https:\\\/\\\/wp.kristdemokraterna.se\\\/regionostergotland\\\/#website\",\"url\":\"https:\\\/\\\/wp.kristdemokraterna.se\\\/regionostergotland\\\/\",\"name\":\"i Region \u00d6sterg\u00f6tland\",\"description\":\"\",\"inLanguage\":\"sv-SE\"},{\"@type\":\"Person\",\"@id\":\"https:\\\/\\\/wp.kristdemokraterna.se\\\/regionostergotland\\\/#\\\/schema\\\/person\\\/74c3c4f502fcc489722a7be0dfe0088c\",\"name\":\"regionostergotland\",\"image\":{\"@type\":\"ImageObject\",\"inLanguage\":\"sv-SE\",\"@id\":\"https:\\\/\\\/secure.gravatar.com\\\/avatar\\\/8fb8f0a216e627554da57506bfaf78d677f45512f24f703e185ec701423b1e92?s=96&d=mm&r=g\",\"url\":\"https:\\\/\\\/secure.gravatar.com\\\/avatar\\\/8fb8f0a216e627554da57506bfaf78d677f45512f24f703e185ec701423b1e92?s=96&d=mm&r=g\",\"contentUrl\":\"https:\\\/\\\/secure.gravatar.com\\\/avatar\\\/8fb8f0a216e627554da57506bfaf78d677f45512f24f703e185ec701423b1e92?s=96&d=mm&r=g\",\"caption\":\"regionostergotland\"},\"url\":\"https:\\\/\\\/wp.kristdemokraterna.se\\\/regionostergotland\\\/author\\\/regionostergotland\\\/\"}]}<\/script>\n<!-- \/ Yoast SEO plugin. -->","yoast_head_json":{"title":"Nyhetsbrev vecka 38 - i Region \u00d6sterg\u00f6tland","robots":{"index":"index","follow":"follow","max-snippet":"max-snippet:-1","max-image-preview":"max-image-preview:large","max-video-preview":"max-video-preview:-1"},"canonical":"https:\/\/wp.kristdemokraterna.se\/regionostergotland\/nyhetsbrev-vecka-38-2\/","og_locale":"sv_SE","og_type":"article","og_title":"Nyhetsbrev vecka 38 - i Region \u00d6sterg\u00f6tland","og_description":"Hej! Det har blivit s\u00f6ndagskv\u00e4ll igen och \u00e4nnu en vecka n\u00e4rmar sig sin avslutning. Det regionpolitiska inneh\u00e5llet i veckan, har varit av ett ganska varierat slag, med studiebes\u00f6k som en ganska genomg\u00e5ende gemensam n\u00e4mnare. Om studiebes\u00f6ken, och en del annat, kommer h\u00e4r n\u00e5gra rader i veckans nyhetsbrev. Trevlig l\u00e4sning!","og_url":"https:\/\/wp.kristdemokraterna.se\/regionostergotland\/nyhetsbrev-vecka-38-2\/","og_site_name":"i Region \u00d6sterg\u00f6tland","article_published_time":"2019-09-22T17:04:31+00:00","article_modified_time":"2019-11-15T09:22:56+00:00","og_image":[{"width":400,"height":500,"url":"https:\/\/wp.kristdemokraterna.se\/regionostergotland\/files\/2017\/04\/pl_nyhetsbrev_profilbild_small_v2.jpg","type":"image\/jpeg"}],"author":"regionostergotland","twitter_card":"summary_large_image","twitter_misc":{"Skriven av":"regionostergotland","Ber\u00e4knad l\u00e4stid":"6 minuter"},"schema":{"@context":"https:\/\/schema.org","@graph":[{"@type":"Article","@id":"https:\/\/wp.kristdemokraterna.se\/regionostergotland\/nyhetsbrev-vecka-38-2\/#article","isPartOf":{"@id":"https:\/\/wp.kristdemokraterna.se\/regionostergotland\/nyhetsbrev-vecka-38-2\/"},"author":{"name":"regionostergotland","@id":"https:\/\/wp.kristdemokraterna.se\/regionostergotland\/#\/schema\/person\/74c3c4f502fcc489722a7be0dfe0088c"},"headline":"Nyhetsbrev vecka 38","datePublished":"2019-09-22T17:04:31+00:00","dateModified":"2019-11-15T09:22:56+00:00","mainEntityOfPage":{"@id":"https:\/\/wp.kristdemokraterna.se\/regionostergotland\/nyhetsbrev-vecka-38-2\/"},"wordCount":1184,"image":{"@id":"https:\/\/wp.kristdemokraterna.se\/regionostergotland\/nyhetsbrev-vecka-38-2\/#primaryimage"},"thumbnailUrl":"https:\/\/wp.kristdemokraterna.se\/regionostergotland\/files\/2017\/04\/pl_nyhetsbrev_profilbild_small_v2.jpg","articleSection":["Nyheter"],"inLanguage":"sv-SE"},{"@type":"WebPage","@id":"https:\/\/wp.kristdemokraterna.se\/regionostergotland\/nyhetsbrev-vecka-38-2\/","url":"https:\/\/wp.kristdemokraterna.se\/regionostergotland\/nyhetsbrev-vecka-38-2\/","name":"Nyhetsbrev vecka 38 - i Region \u00d6sterg\u00f6tland","isPartOf":{"@id":"https:\/\/wp.kristdemokraterna.se\/regionostergotland\/#website"},"primaryImageOfPage":{"@id":"https:\/\/wp.kristdemokraterna.se\/regionostergotland\/nyhetsbrev-vecka-38-2\/#primaryimage"},"image":{"@id":"https:\/\/wp.kristdemokraterna.se\/regionostergotland\/nyhetsbrev-vecka-38-2\/#primaryimage"},"thumbnailUrl":"https:\/\/wp.kristdemokraterna.se\/regionostergotland\/files\/2017\/04\/pl_nyhetsbrev_profilbild_small_v2.jpg","datePublished":"2019-09-22T17:04:31+00:00","dateModified":"2019-11-15T09:22:56+00:00","author":{"@id":"https:\/\/wp.kristdemokraterna.se\/regionostergotland\/#\/schema\/person\/74c3c4f502fcc489722a7be0dfe0088c"},"breadcrumb":{"@id":"https:\/\/wp.kristdemokraterna.se\/regionostergotland\/nyhetsbrev-vecka-38-2\/#breadcrumb"},"inLanguage":"sv-SE","potentialAction":[{"@type":"ReadAction","target":["https:\/\/wp.kristdemokraterna.se\/regionostergotland\/nyhetsbrev-vecka-38-2\/"]}]},{"@type":"ImageObject","inLanguage":"sv-SE","@id":"https:\/\/wp.kristdemokraterna.se\/regionostergotland\/nyhetsbrev-vecka-38-2\/#primaryimage","url":"https:\/\/wp.kristdemokraterna.se\/regionostergotland\/files\/2017\/04\/pl_nyhetsbrev_profilbild_small_v2.jpg","contentUrl":"https:\/\/wp.kristdemokraterna.se\/regionostergotland\/files\/2017\/04\/pl_nyhetsbrev_profilbild_small_v2.jpg","width":400,"height":500},{"@type":"BreadcrumbList","@id":"https:\/\/wp.kristdemokraterna.se\/regionostergotland\/nyhetsbrev-vecka-38-2\/#breadcrumb","itemListElement":[{"@type":"ListItem","position":1,"name":"Hem","item":"https:\/\/wp.kristdemokraterna.se\/regionostergotland\/"},{"@type":"ListItem","position":2,"name":"Nyhetsbrev vecka 38"}]},{"@type":"WebSite","@id":"https:\/\/wp.kristdemokraterna.se\/regionostergotland\/#website","url":"https:\/\/wp.kristdemokraterna.se\/regionostergotland\/","name":"i Region \u00d6sterg\u00f6tland","description":"","inLanguage":"sv-SE"},{"@type":"Person","@id":"https:\/\/wp.kristdemokraterna.se\/regionostergotland\/#\/schema\/person\/74c3c4f502fcc489722a7be0dfe0088c","name":"regionostergotland","image":{"@type":"ImageObject","inLanguage":"sv-SE","@id":"https:\/\/secure.gravatar.com\/avatar\/8fb8f0a216e627554da57506bfaf78d677f45512f24f703e185ec701423b1e92?s=96&d=mm&r=g","url":"https:\/\/secure.gravatar.com\/avatar\/8fb8f0a216e627554da57506bfaf78d677f45512f24f703e185ec701423b1e92?s=96&d=mm&r=g","contentUrl":"https:\/\/secure.gravatar.com\/avatar\/8fb8f0a216e627554da57506bfaf78d677f45512f24f703e185ec701423b1e92?s=96&d=mm&r=g","caption":"regionostergotland"},"url":"https:\/\/wp.kristdemokraterna.se\/regionostergotland\/author\/regionostergotland\/"}]}},"_links":{"self":[{"href":"https:\/\/wp.kristdemokraterna.se\/regionostergotland\/wp-json\/wp\/v2\/posts\/1043","targetHints":{"allow":["GET"]}}],"collection":[{"href":"https:\/\/wp.kristdemokraterna.se\/regionostergotland\/wp-json\/wp\/v2\/posts"}],"about":[{"href":"https:\/\/wp.kristdemokraterna.se\/regionostergotland\/wp-json\/wp\/v2\/types\/post"}],"author":[{"embeddable":true,"href":"https:\/\/wp.kristdemokraterna.se\/regionostergotland\/wp-json\/wp\/v2\/users\/737"}],"replies":[{"embeddable":true,"href":"https:\/\/wp.kristdemokraterna.se\/regionostergotland\/wp-json\/wp\/v2\/comments?post=1043"}],"version-history":[{"count":1,"href":"https:\/\/wp.kristdemokraterna.se\/regionostergotland\/wp-json\/wp\/v2\/posts\/1043\/revisions"}],"predecessor-version":[{"id":1044,"href":"https:\/\/wp.kristdemokraterna.se\/regionostergotland\/wp-json\/wp\/v2\/posts\/1043\/revisions\/1044"}],"wp:featuredmedia":[{"embeddable":true,"href":"https:\/\/wp.kristdemokraterna.se\/regionostergotland\/wp-json\/wp\/v2\/media\/407"}],"wp:attachment":[{"href":"https:\/\/wp.kristdemokraterna.se\/regionostergotland\/wp-json\/wp\/v2\/media?parent=1043"}],"wp:term":[{"taxonomy":"category","embeddable":true,"href":"https:\/\/wp.kristdemokraterna.se\/regionostergotland\/wp-json\/wp\/v2\/categories?post=1043"},{"taxonomy":"post_tag","embeddable":true,"href":"https:\/\/wp.kristdemokraterna.se\/regionostergotland\/wp-json\/wp\/v2\/tags?post=1043"}],"curies":[{"name":"wp","href":"https:\/\/api.w.org\/{rel}","templated":true}]}}