{"id":1051,"date":"2019-10-11T16:15:22","date_gmt":"2019-10-11T14:15:22","guid":{"rendered":"http:\/\/wp.kristdemokraterna.se\/regionostergotland\/?p=1051"},"modified":"2019-11-15T10:22:43","modified_gmt":"2019-11-15T09:22:43","slug":"nyhetsbrev-vecka-41-2","status":"publish","type":"post","link":"https:\/\/wp.kristdemokraterna.se\/regionostergotland\/nyhetsbrev-vecka-41-2\/","title":{"rendered":"Nyhetsbrev vecka 41"},"content":{"rendered":"<p>Hej!<\/p>\n<div><\/div>\n<div>Det \u00e4r fredag och jag befinner mig i Stockholm n\u00e4r det \u00e4r dag att summera den g\u00e5ngna veckan ur ett regionpolitiskt perspektiv i veckans nyhetsbrev. Det har varit en h\u00e4ndelserik vecka med s\u00e5v\u00e4l viktiga sammantr\u00e4den som flera givande studiebes\u00f6k &#8211; och hela tiden har jag haft s\u00e4llskap av prao-elev David Hagstr\u00f6m, som haft sin andra prao-vecka hos mig. Det har varit v\u00e4ldigt roligt at ha med David, som \u00e4r politiskt intresserad, har riktigt bra koll p\u00e5 aktuella samh\u00e4llsfr\u00e5gor och har klarat regionpolitikens m\u00e5nga och l\u00e5nga sammantr\u00e4den galant! Stort tack till dig David och mycket lycka till med dina fortsatta studier! H\u00e4r kommer s\u00e5 n\u00e5gra nedslag i det vi varit med om under veckan. Trevlig l\u00e4sning!<\/div>\n<div><\/div>\n<p><!--more--><\/p>\n<div><b>Industridag \u00d6sterg\u00f6tland med ovanligt f\u00f6retagsbes\u00f6k<\/b><\/div>\n<div>I tisdags arrangerades Industridag \u00d6sterg\u00f6tland. Dagen har som fr\u00e4msta syfte att \u00f6ka antalet elever som v\u00e4ljer att studera vid gymnasieprogram som leder till jobb inom industrin. F\u00f6r att ge en mer aktuell bild av hur den \u00f6stg\u00f6tska industrin fungerar och ser ut idag, och kanske f\u00e5 bort en och annan gammal f\u00f6rdom, bjuds studie- och yrkesv\u00e4gledare, l\u00e4rare, rektorer, ansvariga politiker m.fl. in till en dag av intressev\u00e4ckande f\u00f6redrag, seminarier och sp\u00e4nnande f\u00f6retagsbes\u00f6k. \u00c5rets upplaga av den \u00f6stg\u00f6tska industridagen gick av stapeln i Mj\u00f6lby, n\u00e4rmare best\u00e4mt i Lagmansskolans aula, som ocks\u00e5 g\u00e5r under beteckningen \u2019Kulturscen Mj\u00f6lby\u2019. Efter invigning av landsh\u00f6vding Carl-Fredrik Graf och kommunstyrelsens ordf\u00f6rande Cecilia Burenby, h\u00f6lls en rad snabba minif\u00f6redrag fr\u00e5n scenen, d\u00e4r olika \u00f6stg\u00f6tska f\u00f6retag, forskare och skolor, gav exempel p\u00e5 lyckade samarbeten f\u00f6r att fr\u00e4mja att fler v\u00e4ljer industrin som arbetsplats. Dagens h\u00f6jdpunkt var helt klart de f\u00f6retagsbes\u00f6k som arrangerades som en del av dagens program. De rekordm\u00e5nga deltagarna var uppdelade p\u00e5 en rad olika f\u00f6retag i bl.a. Mj\u00f6lby, Borensberg, Link\u00f6ping och \u00d6desh\u00f6g. Jag, och prao-elev David, fick m\u00f6jligheten att bes\u00f6ka f\u00f6retaget Hallins i \u00d6desh\u00f6g, som bl.a. tillverkar en del del i rostfritt till livsmedelsindustrin, men ocks\u00e5 till h\u00e4lso- och sjukv\u00e5rden. Vi som bes\u00f6kte Hallins, delades upp i grupper, fick s\u00e4tta p\u00e5 oss overaller och keps, och lotsades sedan runt till olika stationer p\u00e5 f\u00f6retaget, d\u00e4r vi dels fick intervjua olika yrkesgrupper ur personalen, och dels pr\u00f6va p\u00e5 att utf\u00f6ra olika moment i produktionen som svetsning, montering m.m. Mycket roligt och givande!<\/div>\n<div><\/div>\n<div><b>Studiebes\u00f6k och gruppm\u00f6te p\u00e5 Vrinnevisjukhuset<\/b><\/div>\n<div>P\u00e5 tisdagskv\u00e4llen var det dags f\u00f6r oktober m\u00e5nads gruppm\u00f6te med Kristdemokraternas regiongrupp. Gruppm\u00f6tet var f\u00f6rlagt till Vrinnevisjukhuset i Norrk\u00f6ping, och inleddes med att vi tillsammans med Moderaternas regiongrupp, genomf\u00f6rde tre parallella studiebes\u00f6k p\u00e5 F\u00f6rlossningen, Sj\u00e4lvdialysen och Dagkirurgin. Alla tre verksamheterna finns i nya lokaler, och Dagkirurgin \u00e4r en delvis ny verksamhet, d\u00e4r den tidigare dagkirurgiska verksamheten i Finsp\u00e5ng numera finns. De tre bes\u00f6ksgrupperna var samtliga imponerade av sina respektive v\u00e4rdar, som stolt ber\u00e4ttade om sin verksamhet. Vid det efterf\u00f6ljande gruppm\u00f6tet med Kristdemokraternas regiongrupp, diskuterade vi flera olika fr\u00e5gor, bl.a. behovet av nya j\u00e4rnv\u00e4gssp\u00e5r fr\u00e5n Link\u00f6ping till Stockholm, behovet av ambulanshelikopter till v\u00e5r sjukv\u00e5rdsregion, det allt s\u00e4mre ekonomiska l\u00e4get f\u00f6r den \u00f6stg\u00f6tska v\u00e5rden och den f\u00f6rs\u00e4mrade tillg\u00e4ngligheten till v\u00e5rden. Det finns helt klart mycket att g\u00f6ra fram\u00e5t!<\/div>\n<div><\/div>\n<div><b>Sammantr\u00e4de med Regionutvecklingsn\u00e4mnden<\/b><\/div>\n<div>P\u00e5 onsdagen var det sammantr\u00e4de med Regionutvecklingsn\u00e4mnden, och det kristdemokratiska laget bestod som vanligt av mig och Elvira Wibeck, som \u00e4r ers\u00e4ttare. Bland besluts\u00e4rendena f\u00f6r n\u00e4mndsammantr\u00e4de fanns hela tre \u00e4renden som slutligt ska beslutas av regionfullm\u00e4ktige. Dels del\u00e5rsrapport f\u00f6r n\u00e4mnden f\u00f6r \u00e5rets f\u00f6rsta \u00e5tta m\u00e5nader, dels tv\u00e5 viktiga strategidokument inom kulturomr\u00e5det f\u00f6r de n\u00e4rmaste fyra \u00e5ren; Kulturplan f\u00f6r \u00d6sterg\u00f6tland och Regional biblioteksplan. N\u00e4r det g\u00e4ller kulturplanen har ett omfattande arbete gjorts under 2018 och 2019, som jag ber\u00e4ttat om flera g\u00e5nger i tidigare nyhetsbrev. Slutfasen har bl.a. utgjorts av en remissrunda, d\u00e4r en remissversionen av kulturplanen s\u00e4nts ut till en l\u00e5ng rad remissinstanser. Vi fr\u00e5n Kristdemokraterna och Moderaterna i n\u00e4mnden formulerade ett eget gemensamt remissvar, d\u00e4r vi f\u00f6rde fram ett antal synpunkter och till\u00e4ggsf\u00f6rslag. Gl\u00e4djande nog kunde vi, n\u00e4r slutversionen n\u00e5dde oss, konstatera att de flesta av v\u00e5ra synpunkter och till\u00e4gg beaktats!<\/div>\n<div><\/div>\n<div><b>Framg\u00e5ng f\u00f6r KD p\u00e5 sammantr\u00e4de med Trafik- och samh\u00e4llsplaneringsn\u00e4mnden<\/b><\/div>\n<div>I torsdags var det Trafik- och samh\u00e4llsplaneringsn\u00e4mndens tur att sammantr\u00e4da. Det var f\u00f6rsta sammantr\u00e4det med Kristdemokraternas delvis nya team i n\u00e4mnden. Torgil Slatte \u00e4r kvar som v\u00e5r ledamot, medan Christina Landoff \u00e4r ny ers\u00e4ttare i n\u00e4mnden. Eftersom v\u00e5r samarbetspartner Moderaterna hade flera av sina representanter fr\u00e5nvarande, fick \u00e4ven Christina tj\u00e4nstg\u00f6ra, och Kristdemokraterna hade d\u00e4rf\u00f6r detta sammantr\u00e4de tv\u00e5 r\u00f6ster! Bland \u00e4rendena p\u00e5 dagordningen fanns bl.a. Region \u00d6sterg\u00f6tlands remissvar p\u00e5 Handlingsplan f\u00f6r transportinfrastruktur i Kalmar l\u00e4n 2020-2035. En viktig fr\u00e5ga i den handlingsplanen och det \u00f6stg\u00f6tska remissvaret \u00e4r f\u00f6rst\u00e5s j\u00e4rnv\u00e4gstrafiken p\u00e5 St\u00e5ng\u00e5dalsbanan mellan Link\u00f6ping och Kalmar, och Tjustbanan mellan Link\u00f6ping och V\u00e4stervik. Kristdemokraterna lade fram ett yrkande f\u00f6r att st\u00e4rka upp skrivningarna kring banornas betydelse och vikten av kraftfulla ageranden fr\u00e5n v\u00e5ra b\u00e5da regioner f\u00f6r att st\u00e4rka banorna f\u00f6r framtiden. V\u00e5rt yrkande inneh\u00f6ll tre att-satser, och erfarenheten fr\u00e5n likande yrkanden under f\u00f6reg\u00e5ende mandatperiod \u00e4r att det tyv\u00e4rr funnits en majoritet mot Kristdemokraternas f\u00f6rslag f\u00f6r den viktiga j\u00e4rnv\u00e4gstrafiken. Vid detta sammantr\u00e4de lyckades det dock att samla en majoritet f\u00f6r \u00e5tminstone en av att-satserna. Det inneb\u00e4r att Region \u00d6sterg\u00f6tland i sitt svar inte bara lyfter fram t\u00e5gsamarbete med nordliga grannl\u00e4n, utan \u00e4ven ser positivt p\u00e5 samarbete med Kalmar l\u00e4n. En liten framg\u00e5ng f\u00f6r Kristdemokraterna och f\u00f6r t\u00e5gtrafiken mellan \u00d6sterg\u00f6tland och Kalmar l\u00e4n!<\/div>\n<div><\/div>\n<div><b>Tv\u00e5 studiebes\u00f6k i Stockholm<\/b><\/div>\n<div>P\u00e5 torsdagsmorgonen \u00e5kte jag, politisk sekreterare Fredrik Topplund och prao-elev David Hagstr\u00f6m till Stockholm f\u00f6r att bl.a. g\u00f6ra tv\u00e5 intressanta studiebes\u00f6k. Det f\u00f6rsta bes\u00f6ket gjordes i Sveriges Riksdag, d\u00e4r Kristdemokraternas riksdagsledamot fr\u00e5n \u00d6sterg\u00f6tland, Magnus Oscarsson, tog emot. Magnus tog med oss p\u00e5 en rundvisning av riksdagshuset, ett bes\u00f6k p\u00e5 Kristdemokraternas parti- och riksdagskansli och lunch i riksdagsrestaurangen. Ut\u00f6ver att Magnus ber\u00e4ttade om riksdagsarbetet fick vi ocks\u00e5 chans att h\u00e4lsa p\u00e5 n\u00e5gra av hans riksdagsledamotskollegor och n\u00e5gra av medarbetarna p\u00e5 partikansliet. Dagens andra studiebes\u00f6k gjordes p\u00e5 Kristdemokraternas kansli i Region Stockholm, som huserar i det som Stockholmsregionen fortfarande kallar f\u00f6r \u2019Landstingshuset\u2019, trots att landstinget sedan \u00e5rsskiftet har blivit region! D\u00e4r togs vi emot av Lisbeth Friman och Carl-Fredrik H\u00e4ggqvist, tv\u00e5 av de \u00e5tta kristdemokrater som arbetar p\u00e5 KD-kansliet i Landstingshuset. De visade oss runt i kansliets lokaler och ber\u00e4ttade en hel del om vilka fr\u00e5gor som \u00e4r p\u00e5 g\u00e5ng, s\u00e4rskilt i V\u00e5rdens kunskapsstyrningsn\u00e4mnd, d\u00e4r Kristdemokraternas regionr\u00e5d och gruppledare, Ella Bohlin, \u00e4r ordf\u00f6rande, men \u00e4ven inom trafik och regional utveckling. Tv\u00e5 givande studiebes\u00f6k &#8211; tack till er som tog emot oss!<\/div>\n<div><\/div>\n<div><b>Politikerforum &#8211; dialog mellan regionerna och regeringen<\/b><\/div>\n<div>Idag fredag var det dags f\u00f6r h\u00f6stens f\u00f6rsta och \u00e5rets tredje Politikerforum, d\u00e4r landets regioner m\u00f6ter regeringen f\u00f6r dialog om regionala utvecklingsfr\u00e5gor. N\u00e4ringsdepartementet bjuder in en majoritets- och en oppositionsf\u00f6retr\u00e4dare fr\u00e5n varje region. Fr\u00e5n Region \u00d6sterg\u00f6tland \u00e4r det Regionutvecklingsn\u00e4mndens ordf\u00f6rande Eva Andersson (S) och jag som andre vice ordf\u00f6rande i n\u00e4mnden. Denna mandatperiod \u00e4r det ocks\u00e5 tre andra kristdemokrater bland de regionala f\u00f6retr\u00e4darna, till skillnad fr\u00e5n f\u00f6rra mandatperioden n\u00e4r jag var ensam kristdemokrat. Vid just detta Politikerforum hade vi ocks\u00e5 s\u00e4llskap av min prao-elev David Hagstr\u00f6m, som i m\u00f6tets b\u00f6rjan fick en s\u00e4rskild v\u00e4lkomsth\u00e4lsning av statssekreterare Per Callenberg, som leder Politikerforum! P\u00e5 dagordningen f\u00f6r forumet denna g\u00e5ng fanns bl.a. ett par punkter med landsbygdsminister Jennie Nilsson, dels en presentation av regeringens budgetproposition med fokus p\u00e5 ministerns ansvarsomr\u00e5den, och dels aktuell process kring framtiden f\u00f6r EU:s gemensamma jordbrukspolitik. Forumet g\u00e4stades ocks\u00e5 av Valideringsdelegationens ordf\u00f6rande Anders Ferbe och kanslichef Elin Landell, som arbetat under n\u00e5gra \u00e5r och i december ska presentera sitt slutliga f\u00f6rslag. De gav n\u00e5gra inblickar i sina kommande f\u00f6rslag. Matilda Ernkrans, minister f\u00f6r h\u00f6gre utbildning och forskning, var inbjuden f\u00f6r att tala om forskningspolitisk proposition, och statssekreterare Emil H\u00f6gberg, ber\u00e4ttade om kommande nationell strategi f\u00f6r bes\u00f6ksn\u00e4ring. M\u00e5nga aktuella och viktiga fr\u00e5gor f\u00f6r den regionala niv\u00e5n!<\/div>\n<div><\/div>\n<div>Till sist vill jag \u00f6nska er alla en riktigt trevlig helg!<\/div>\n<div><\/div>\n<div>\n<div align=\"left\"><span style=\"color: #000000;font-family: Arial\">Med v\u00e4nlig h\u00e4lsning<\/span><\/div>\n<div align=\"left\"><span style=\"color: #000000;font-family: Arial\">Per Larsson<\/span><\/div>\n<div align=\"left\"><span style=\"color: #000000;font-family: Arial\">Oppositionsr\u00e5d och gruppledare<\/span><\/div>\n<div align=\"left\"><span style=\"color: #000000;font-family: Arial\">Kristdemokraterna i Region \u00d6sterg\u00f6tland<\/span><\/div>\n<div align=\"left\"><span style=\"color: #000000;font-family: Arial\">tfn\u00a0<a href=\"tel:010-103%2072%2084\">010-103 72 84<\/a>\u00a0(arb)<\/span><\/div>\n<div align=\"left\"><span style=\"color: #000000;font-family: Arial\">tfn\u00a0<a href=\"tel:013-14%2011%2059\">013-14 11 59<\/a>\u00a0(bost)<\/span><\/div>\n<div align=\"left\"><span style=\"color: #000000;font-family: Arial\">tfn\u00a0<a href=\"tel:0702-88%2021%2034\">0702-88 21 34<\/a>\u00a0(mobil)<\/span><\/div>\n<div align=\"left\"><span style=\"color: #000000;font-family: Arial\"><a href=\"mailto:per.larsson@kristdemokraterna.se\">per.larsson@kristdemokraterna.se<\/a><\/span><\/div>\n<\/div>\n","protected":false},"excerpt":{"rendered":"<p>Hej! Det \u00e4r fredag och jag befinner mig i Stockholm n\u00e4r det \u00e4r dag att summera den g\u00e5ngna veckan ur ett regionpolitiskt perspektiv i veckans nyhetsbrev. Det har varit en h\u00e4ndelserik vecka med s\u00e5v\u00e4l viktiga sammantr\u00e4den som flera givande studiebes\u00f6k &#8211; och hela tiden har jag haft s\u00e4llskap av prao-elev David Hagstr\u00f6m, som haft sin <a class=\"read-more-link\" href=\"https:\/\/wp.kristdemokraterna.se\/regionostergotland\/nyhetsbrev-vecka-41-2\/\">Read More<\/a><\/p>\n","protected":false},"author":737,"featured_media":407,"comment_status":"closed","ping_status":"closed","sticky":false,"template":"","format":"standard","meta":{"_acf_changed":false,"footnotes":""},"categories":[1],"tags":[],"class_list":["post-1051","post","type-post","status-publish","format-standard","hentry","category-nyheter"],"acf":[],"yoast_head":"<!-- This site is optimized with the Yoast SEO plugin v27.5 - https:\/\/yoast.com\/product\/yoast-seo-wordpress\/ -->\n<title>Nyhetsbrev vecka 41 - i Region \u00d6sterg\u00f6tland<\/title>\n<meta name=\"robots\" content=\"index, follow, max-snippet:-1, max-image-preview:large, max-video-preview:-1\" \/>\n<link rel=\"canonical\" href=\"https:\/\/wp.kristdemokraterna.se\/regionostergotland\/nyhetsbrev-vecka-41-2\/\" \/>\n<meta property=\"og:locale\" content=\"sv_SE\" \/>\n<meta property=\"og:type\" content=\"article\" \/>\n<meta property=\"og:title\" content=\"Nyhetsbrev vecka 41 - i Region \u00d6sterg\u00f6tland\" \/>\n<meta property=\"og:description\" content=\"Hej! Det \u00e4r fredag och jag befinner mig i Stockholm n\u00e4r det \u00e4r dag att summera den g\u00e5ngna veckan ur ett regionpolitiskt perspektiv i veckans nyhetsbrev. Det har varit en h\u00e4ndelserik vecka med s\u00e5v\u00e4l viktiga sammantr\u00e4den som flera givande studiebes\u00f6k &#8211; och hela tiden har jag haft s\u00e4llskap av prao-elev David Hagstr\u00f6m, som haft sin Read More\" \/>\n<meta property=\"og:url\" content=\"https:\/\/wp.kristdemokraterna.se\/regionostergotland\/nyhetsbrev-vecka-41-2\/\" \/>\n<meta property=\"og:site_name\" content=\"i Region \u00d6sterg\u00f6tland\" \/>\n<meta property=\"article:published_time\" content=\"2019-10-11T14:15:22+00:00\" \/>\n<meta property=\"article:modified_time\" content=\"2019-11-15T09:22:43+00:00\" \/>\n<meta property=\"og:image\" content=\"https:\/\/wp.kristdemokraterna.se\/regionostergotland\/files\/2017\/04\/pl_nyhetsbrev_profilbild_small_v2.jpg\" \/>\n\t<meta property=\"og:image:width\" content=\"400\" \/>\n\t<meta property=\"og:image:height\" content=\"500\" \/>\n\t<meta property=\"og:image:type\" content=\"image\/jpeg\" \/>\n<meta name=\"author\" content=\"regionostergotland\" \/>\n<meta name=\"twitter:card\" content=\"summary_large_image\" \/>\n<meta name=\"twitter:label1\" content=\"Skriven av\" \/>\n\t<meta name=\"twitter:data1\" content=\"regionostergotland\" \/>\n\t<meta name=\"twitter:label2\" content=\"Ber\u00e4knad l\u00e4stid\" \/>\n\t<meta name=\"twitter:data2\" content=\"8 minuter\" \/>\n<script type=\"application\/ld+json\" class=\"yoast-schema-graph\">{\"@context\":\"https:\\\/\\\/schema.org\",\"@graph\":[{\"@type\":\"Article\",\"@id\":\"https:\\\/\\\/wp.kristdemokraterna.se\\\/regionostergotland\\\/nyhetsbrev-vecka-41-2\\\/#article\",\"isPartOf\":{\"@id\":\"https:\\\/\\\/wp.kristdemokraterna.se\\\/regionostergotland\\\/nyhetsbrev-vecka-41-2\\\/\"},\"author\":{\"name\":\"regionostergotland\",\"@id\":\"https:\\\/\\\/wp.kristdemokraterna.se\\\/regionostergotland\\\/#\\\/schema\\\/person\\\/74c3c4f502fcc489722a7be0dfe0088c\"},\"headline\":\"Nyhetsbrev vecka 41\",\"datePublished\":\"2019-10-11T14:15:22+00:00\",\"dateModified\":\"2019-11-15T09:22:43+00:00\",\"mainEntityOfPage\":{\"@id\":\"https:\\\/\\\/wp.kristdemokraterna.se\\\/regionostergotland\\\/nyhetsbrev-vecka-41-2\\\/\"},\"wordCount\":1602,\"image\":{\"@id\":\"https:\\\/\\\/wp.kristdemokraterna.se\\\/regionostergotland\\\/nyhetsbrev-vecka-41-2\\\/#primaryimage\"},\"thumbnailUrl\":\"https:\\\/\\\/wp.kristdemokraterna.se\\\/regionostergotland\\\/files\\\/2017\\\/04\\\/pl_nyhetsbrev_profilbild_small_v2.jpg\",\"articleSection\":[\"Nyheter\"],\"inLanguage\":\"sv-SE\"},{\"@type\":\"WebPage\",\"@id\":\"https:\\\/\\\/wp.kristdemokraterna.se\\\/regionostergotland\\\/nyhetsbrev-vecka-41-2\\\/\",\"url\":\"https:\\\/\\\/wp.kristdemokraterna.se\\\/regionostergotland\\\/nyhetsbrev-vecka-41-2\\\/\",\"name\":\"Nyhetsbrev vecka 41 - i Region \u00d6sterg\u00f6tland\",\"isPartOf\":{\"@id\":\"https:\\\/\\\/wp.kristdemokraterna.se\\\/regionostergotland\\\/#website\"},\"primaryImageOfPage\":{\"@id\":\"https:\\\/\\\/wp.kristdemokraterna.se\\\/regionostergotland\\\/nyhetsbrev-vecka-41-2\\\/#primaryimage\"},\"image\":{\"@id\":\"https:\\\/\\\/wp.kristdemokraterna.se\\\/regionostergotland\\\/nyhetsbrev-vecka-41-2\\\/#primaryimage\"},\"thumbnailUrl\":\"https:\\\/\\\/wp.kristdemokraterna.se\\\/regionostergotland\\\/files\\\/2017\\\/04\\\/pl_nyhetsbrev_profilbild_small_v2.jpg\",\"datePublished\":\"2019-10-11T14:15:22+00:00\",\"dateModified\":\"2019-11-15T09:22:43+00:00\",\"author\":{\"@id\":\"https:\\\/\\\/wp.kristdemokraterna.se\\\/regionostergotland\\\/#\\\/schema\\\/person\\\/74c3c4f502fcc489722a7be0dfe0088c\"},\"breadcrumb\":{\"@id\":\"https:\\\/\\\/wp.kristdemokraterna.se\\\/regionostergotland\\\/nyhetsbrev-vecka-41-2\\\/#breadcrumb\"},\"inLanguage\":\"sv-SE\",\"potentialAction\":[{\"@type\":\"ReadAction\",\"target\":[\"https:\\\/\\\/wp.kristdemokraterna.se\\\/regionostergotland\\\/nyhetsbrev-vecka-41-2\\\/\"]}]},{\"@type\":\"ImageObject\",\"inLanguage\":\"sv-SE\",\"@id\":\"https:\\\/\\\/wp.kristdemokraterna.se\\\/regionostergotland\\\/nyhetsbrev-vecka-41-2\\\/#primaryimage\",\"url\":\"https:\\\/\\\/wp.kristdemokraterna.se\\\/regionostergotland\\\/files\\\/2017\\\/04\\\/pl_nyhetsbrev_profilbild_small_v2.jpg\",\"contentUrl\":\"https:\\\/\\\/wp.kristdemokraterna.se\\\/regionostergotland\\\/files\\\/2017\\\/04\\\/pl_nyhetsbrev_profilbild_small_v2.jpg\",\"width\":400,\"height\":500},{\"@type\":\"BreadcrumbList\",\"@id\":\"https:\\\/\\\/wp.kristdemokraterna.se\\\/regionostergotland\\\/nyhetsbrev-vecka-41-2\\\/#breadcrumb\",\"itemListElement\":[{\"@type\":\"ListItem\",\"position\":1,\"name\":\"Hem\",\"item\":\"https:\\\/\\\/wp.kristdemokraterna.se\\\/regionostergotland\\\/\"},{\"@type\":\"ListItem\",\"position\":2,\"name\":\"Nyhetsbrev vecka 41\"}]},{\"@type\":\"WebSite\",\"@id\":\"https:\\\/\\\/wp.kristdemokraterna.se\\\/regionostergotland\\\/#website\",\"url\":\"https:\\\/\\\/wp.kristdemokraterna.se\\\/regionostergotland\\\/\",\"name\":\"i Region \u00d6sterg\u00f6tland\",\"description\":\"\",\"inLanguage\":\"sv-SE\"},{\"@type\":\"Person\",\"@id\":\"https:\\\/\\\/wp.kristdemokraterna.se\\\/regionostergotland\\\/#\\\/schema\\\/person\\\/74c3c4f502fcc489722a7be0dfe0088c\",\"name\":\"regionostergotland\",\"image\":{\"@type\":\"ImageObject\",\"inLanguage\":\"sv-SE\",\"@id\":\"https:\\\/\\\/secure.gravatar.com\\\/avatar\\\/8fb8f0a216e627554da57506bfaf78d677f45512f24f703e185ec701423b1e92?s=96&d=mm&r=g\",\"url\":\"https:\\\/\\\/secure.gravatar.com\\\/avatar\\\/8fb8f0a216e627554da57506bfaf78d677f45512f24f703e185ec701423b1e92?s=96&d=mm&r=g\",\"contentUrl\":\"https:\\\/\\\/secure.gravatar.com\\\/avatar\\\/8fb8f0a216e627554da57506bfaf78d677f45512f24f703e185ec701423b1e92?s=96&d=mm&r=g\",\"caption\":\"regionostergotland\"},\"url\":\"https:\\\/\\\/wp.kristdemokraterna.se\\\/regionostergotland\\\/author\\\/regionostergotland\\\/\"}]}<\/script>\n<!-- \/ Yoast SEO plugin. -->","yoast_head_json":{"title":"Nyhetsbrev vecka 41 - i Region \u00d6sterg\u00f6tland","robots":{"index":"index","follow":"follow","max-snippet":"max-snippet:-1","max-image-preview":"max-image-preview:large","max-video-preview":"max-video-preview:-1"},"canonical":"https:\/\/wp.kristdemokraterna.se\/regionostergotland\/nyhetsbrev-vecka-41-2\/","og_locale":"sv_SE","og_type":"article","og_title":"Nyhetsbrev vecka 41 - i Region \u00d6sterg\u00f6tland","og_description":"Hej! Det \u00e4r fredag och jag befinner mig i Stockholm n\u00e4r det \u00e4r dag att summera den g\u00e5ngna veckan ur ett regionpolitiskt perspektiv i veckans nyhetsbrev. Det har varit en h\u00e4ndelserik vecka med s\u00e5v\u00e4l viktiga sammantr\u00e4den som flera givande studiebes\u00f6k &#8211; och hela tiden har jag haft s\u00e4llskap av prao-elev David Hagstr\u00f6m, som haft sin Read More","og_url":"https:\/\/wp.kristdemokraterna.se\/regionostergotland\/nyhetsbrev-vecka-41-2\/","og_site_name":"i Region \u00d6sterg\u00f6tland","article_published_time":"2019-10-11T14:15:22+00:00","article_modified_time":"2019-11-15T09:22:43+00:00","og_image":[{"width":400,"height":500,"url":"https:\/\/wp.kristdemokraterna.se\/regionostergotland\/files\/2017\/04\/pl_nyhetsbrev_profilbild_small_v2.jpg","type":"image\/jpeg"}],"author":"regionostergotland","twitter_card":"summary_large_image","twitter_misc":{"Skriven av":"regionostergotland","Ber\u00e4knad l\u00e4stid":"8 minuter"},"schema":{"@context":"https:\/\/schema.org","@graph":[{"@type":"Article","@id":"https:\/\/wp.kristdemokraterna.se\/regionostergotland\/nyhetsbrev-vecka-41-2\/#article","isPartOf":{"@id":"https:\/\/wp.kristdemokraterna.se\/regionostergotland\/nyhetsbrev-vecka-41-2\/"},"author":{"name":"regionostergotland","@id":"https:\/\/wp.kristdemokraterna.se\/regionostergotland\/#\/schema\/person\/74c3c4f502fcc489722a7be0dfe0088c"},"headline":"Nyhetsbrev vecka 41","datePublished":"2019-10-11T14:15:22+00:00","dateModified":"2019-11-15T09:22:43+00:00","mainEntityOfPage":{"@id":"https:\/\/wp.kristdemokraterna.se\/regionostergotland\/nyhetsbrev-vecka-41-2\/"},"wordCount":1602,"image":{"@id":"https:\/\/wp.kristdemokraterna.se\/regionostergotland\/nyhetsbrev-vecka-41-2\/#primaryimage"},"thumbnailUrl":"https:\/\/wp.kristdemokraterna.se\/regionostergotland\/files\/2017\/04\/pl_nyhetsbrev_profilbild_small_v2.jpg","articleSection":["Nyheter"],"inLanguage":"sv-SE"},{"@type":"WebPage","@id":"https:\/\/wp.kristdemokraterna.se\/regionostergotland\/nyhetsbrev-vecka-41-2\/","url":"https:\/\/wp.kristdemokraterna.se\/regionostergotland\/nyhetsbrev-vecka-41-2\/","name":"Nyhetsbrev vecka 41 - i Region \u00d6sterg\u00f6tland","isPartOf":{"@id":"https:\/\/wp.kristdemokraterna.se\/regionostergotland\/#website"},"primaryImageOfPage":{"@id":"https:\/\/wp.kristdemokraterna.se\/regionostergotland\/nyhetsbrev-vecka-41-2\/#primaryimage"},"image":{"@id":"https:\/\/wp.kristdemokraterna.se\/regionostergotland\/nyhetsbrev-vecka-41-2\/#primaryimage"},"thumbnailUrl":"https:\/\/wp.kristdemokraterna.se\/regionostergotland\/files\/2017\/04\/pl_nyhetsbrev_profilbild_small_v2.jpg","datePublished":"2019-10-11T14:15:22+00:00","dateModified":"2019-11-15T09:22:43+00:00","author":{"@id":"https:\/\/wp.kristdemokraterna.se\/regionostergotland\/#\/schema\/person\/74c3c4f502fcc489722a7be0dfe0088c"},"breadcrumb":{"@id":"https:\/\/wp.kristdemokraterna.se\/regionostergotland\/nyhetsbrev-vecka-41-2\/#breadcrumb"},"inLanguage":"sv-SE","potentialAction":[{"@type":"ReadAction","target":["https:\/\/wp.kristdemokraterna.se\/regionostergotland\/nyhetsbrev-vecka-41-2\/"]}]},{"@type":"ImageObject","inLanguage":"sv-SE","@id":"https:\/\/wp.kristdemokraterna.se\/regionostergotland\/nyhetsbrev-vecka-41-2\/#primaryimage","url":"https:\/\/wp.kristdemokraterna.se\/regionostergotland\/files\/2017\/04\/pl_nyhetsbrev_profilbild_small_v2.jpg","contentUrl":"https:\/\/wp.kristdemokraterna.se\/regionostergotland\/files\/2017\/04\/pl_nyhetsbrev_profilbild_small_v2.jpg","width":400,"height":500},{"@type":"BreadcrumbList","@id":"https:\/\/wp.kristdemokraterna.se\/regionostergotland\/nyhetsbrev-vecka-41-2\/#breadcrumb","itemListElement":[{"@type":"ListItem","position":1,"name":"Hem","item":"https:\/\/wp.kristdemokraterna.se\/regionostergotland\/"},{"@type":"ListItem","position":2,"name":"Nyhetsbrev vecka 41"}]},{"@type":"WebSite","@id":"https:\/\/wp.kristdemokraterna.se\/regionostergotland\/#website","url":"https:\/\/wp.kristdemokraterna.se\/regionostergotland\/","name":"i Region \u00d6sterg\u00f6tland","description":"","inLanguage":"sv-SE"},{"@type":"Person","@id":"https:\/\/wp.kristdemokraterna.se\/regionostergotland\/#\/schema\/person\/74c3c4f502fcc489722a7be0dfe0088c","name":"regionostergotland","image":{"@type":"ImageObject","inLanguage":"sv-SE","@id":"https:\/\/secure.gravatar.com\/avatar\/8fb8f0a216e627554da57506bfaf78d677f45512f24f703e185ec701423b1e92?s=96&d=mm&r=g","url":"https:\/\/secure.gravatar.com\/avatar\/8fb8f0a216e627554da57506bfaf78d677f45512f24f703e185ec701423b1e92?s=96&d=mm&r=g","contentUrl":"https:\/\/secure.gravatar.com\/avatar\/8fb8f0a216e627554da57506bfaf78d677f45512f24f703e185ec701423b1e92?s=96&d=mm&r=g","caption":"regionostergotland"},"url":"https:\/\/wp.kristdemokraterna.se\/regionostergotland\/author\/regionostergotland\/"}]}},"_links":{"self":[{"href":"https:\/\/wp.kristdemokraterna.se\/regionostergotland\/wp-json\/wp\/v2\/posts\/1051","targetHints":{"allow":["GET"]}}],"collection":[{"href":"https:\/\/wp.kristdemokraterna.se\/regionostergotland\/wp-json\/wp\/v2\/posts"}],"about":[{"href":"https:\/\/wp.kristdemokraterna.se\/regionostergotland\/wp-json\/wp\/v2\/types\/post"}],"author":[{"embeddable":true,"href":"https:\/\/wp.kristdemokraterna.se\/regionostergotland\/wp-json\/wp\/v2\/users\/737"}],"replies":[{"embeddable":true,"href":"https:\/\/wp.kristdemokraterna.se\/regionostergotland\/wp-json\/wp\/v2\/comments?post=1051"}],"version-history":[{"count":1,"href":"https:\/\/wp.kristdemokraterna.se\/regionostergotland\/wp-json\/wp\/v2\/posts\/1051\/revisions"}],"predecessor-version":[{"id":1052,"href":"https:\/\/wp.kristdemokraterna.se\/regionostergotland\/wp-json\/wp\/v2\/posts\/1051\/revisions\/1052"}],"wp:featuredmedia":[{"embeddable":true,"href":"https:\/\/wp.kristdemokraterna.se\/regionostergotland\/wp-json\/wp\/v2\/media\/407"}],"wp:attachment":[{"href":"https:\/\/wp.kristdemokraterna.se\/regionostergotland\/wp-json\/wp\/v2\/media?parent=1051"}],"wp:term":[{"taxonomy":"category","embeddable":true,"href":"https:\/\/wp.kristdemokraterna.se\/regionostergotland\/wp-json\/wp\/v2\/categories?post=1051"},{"taxonomy":"post_tag","embeddable":true,"href":"https:\/\/wp.kristdemokraterna.se\/regionostergotland\/wp-json\/wp\/v2\/tags?post=1051"}],"curies":[{"name":"wp","href":"https:\/\/api.w.org\/{rel}","templated":true}]}}