{"id":1054,"date":"2019-10-18T14:35:35","date_gmt":"2019-10-18T12:35:35","guid":{"rendered":"http:\/\/wp.kristdemokraterna.se\/regionostergotland\/?p=1054"},"modified":"2019-11-15T10:22:03","modified_gmt":"2019-11-15T09:22:03","slug":"004-veckans-video","status":"publish","type":"post","link":"https:\/\/wp.kristdemokraterna.se\/regionostergotland\/004-veckans-video\/","title":{"rendered":"#004 Veckans video"},"content":{"rendered":"<p>Den h\u00e4r veckan befinner vi oss i maktens korridorer, eller i alla fall i oppositionens korridor i regionhuset. Vi synar\u00a0<a class=\"profileLink\" title=\"Per Larsson\" href=\"https:\/\/www.facebook.com\/per.larsson.31?__tn__=K-R&amp;eid=ARBx3217xhGnO97-v9GRpAJyc4HvBMMgKSIJaIVvxTLwpUSGJrezs_K5TTz38BkzZbDv_tBv6uUlT_g1&amp;fref=mentions&amp;__xts__%5B0%5D=68.ARChmOGh-g75ttlcFOdK9xyICgyqjdh6DZIPVpE8VWXwAy5Mmh-fq37iy8hLhd20mClXqGV5Y8kOClkuQs6Wf7FCwt2BdceGZ-pzeGnuab1Pe_0xLpdpIRvgImZw1KTJzApuFuUkrO9jW7LnI0NRgsZGBBUXqs959-aYw30ALoGMso7cP5O1lsKiOMqZmBN96Oxtu5JnKfrSp5c0T2h-rLstmx-I97DP8nzSI_O9TySU9sTysDqNKKUT45n5vIjJTDBFizhVm1GhBWkh_3qpXlE9ugxK__OXnfgMlLI3UIXKfcipeat0vHZ-FcF5kScCHfPmL4fcmNn11BpqSTVr5I3NlAOPIXfu07Y\" data-hovercard=\"\/ajax\/hovercard\/user.php?id=663722519&amp;extragetparams=%7B%22__tn__%22%3A%22%2CdK-R-R%22%2C%22eid%22%3A%22ARBx3217xhGnO97-v9GRpAJyc4HvBMMgKSIJaIVvxTLwpUSGJrezs_K5TTz38BkzZbDv_tBv6uUlT_g1%22%2C%22fref%22%3A%22mentions%22%7D\" data-hovercard-prefer-more-content-show=\"1\">Per Larsson<\/a>s schema och konstaterar ett visst m\u00f6nster &#8211; det blir en hel del m\u00f6ten med kopplingar till KULTUR.\u00a0<a class=\"profileLink\" title=\"Fredrik Topplund\" href=\"https:\/\/www.facebook.com\/fredrik.topplund?__tn__=K-R&amp;eid=ARCDsCQcz3dCuiMYtLGu5g3rRXDSFjH9CziYf-tXlGMnniw-mdjYMyEaI5KhfNsBdG88fs4d01YPWOqS&amp;fref=mentions&amp;__xts__%5B0%5D=68.ARChmOGh-g75ttlcFOdK9xyICgyqjdh6DZIPVpE8VWXwAy5Mmh-fq37iy8hLhd20mClXqGV5Y8kOClkuQs6Wf7FCwt2BdceGZ-pzeGnuab1Pe_0xLpdpIRvgImZw1KTJzApuFuUkrO9jW7LnI0NRgsZGBBUXqs959-aYw30ALoGMso7cP5O1lsKiOMqZmBN96Oxtu5JnKfrSp5c0T2h-rLstmx-I97DP8nzSI_O9TySU9sTysDqNKKUT45n5vIjJTDBFizhVm1GhBWkh_3qpXlE9ugxK__OXnfgMlLI3UIXKfcipeat0vHZ-FcF5kScCHfPmL4fcmNn11BpqSTVr5I3NlAOPIXfu07Y\" data-hovercard=\"\/ajax\/hovercard\/user.php?id=633582910&amp;extragetparams=%7B%22__tn__%22%3A%22%2CdK-R-R%22%2C%22eid%22%3A%22ARCDsCQcz3dCuiMYtLGu5g3rRXDSFjH9CziYf-tXlGMnniw-mdjYMyEaI5KhfNsBdG88fs4d01YPWOqS%22%2C%22fref%22%3A%22mentions%22%7D\" data-hovercard-prefer-more-content-show=\"1\">Fredrik Topplund<\/a>\u00a0st\u00e4ller d\u00e4rf\u00f6r fr\u00e5gan om vad som egentligen h\u00e4nder p\u00e5 en dialog med kulturdepartementet och p\u00e5 SKL:S kulturkonferens.<\/p>\n<p>Dessutom lyfter vi den oroande utvecklingen med stora underskott i Region \u00d6sterg\u00f6tland. SKL:s ekonomirapport visar<span class=\"text_exposed_show\"> en prognos p\u00e5 ett \u00e4nnu st\u00f6rre underskott \u00e4n f\u00f6rra \u00e5ret.<\/span><\/p>\n<p><!--more--><\/p>\n<p><iframe loading=\"lazy\" title=\"#004 Veckans video - Det blir mycket kultur!\" width=\"500\" height=\"281\" src=\"https:\/\/www.youtube.com\/embed\/M-asTs-yBgI?feature=oembed\" frameborder=\"0\" allow=\"accelerometer; autoplay; clipboard-write; encrypted-media; gyroscope; picture-in-picture; web-share\" referrerpolicy=\"strict-origin-when-cross-origin\" allowfullscreen><\/iframe><\/p>\n","protected":false},"excerpt":{"rendered":"<p>Den h\u00e4r veckan befinner vi oss i maktens korridorer, eller i alla fall i oppositionens korridor i regionhuset. Vi synar\u00a0Per Larssons schema och konstaterar ett visst m\u00f6nster &#8211; det blir en hel del m\u00f6ten med kopplingar till KULTUR.\u00a0Fredrik Topplund\u00a0st\u00e4ller d\u00e4rf\u00f6r fr\u00e5gan om vad som egentligen h\u00e4nder p\u00e5 en dialog med kulturdepartementet och p\u00e5 SKL:S kulturkonferens. <a class=\"read-more-link\" href=\"https:\/\/wp.kristdemokraterna.se\/regionostergotland\/004-veckans-video\/\">Read More<\/a><\/p>\n","protected":false},"author":737,"featured_media":1056,"comment_status":"closed","ping_status":"closed","sticky":false,"template":"","format":"standard","meta":{"_acf_changed":false,"footnotes":""},"categories":[1],"tags":[],"class_list":["post-1054","post","type-post","status-publish","format-standard","hentry","category-nyheter"],"acf":[],"yoast_head":"<!-- This site is optimized with the Yoast SEO plugin v27.5 - https:\/\/yoast.com\/product\/yoast-seo-wordpress\/ -->\n<title>#004 Veckans video - i Region \u00d6sterg\u00f6tland<\/title>\n<meta name=\"robots\" content=\"index, follow, max-snippet:-1, max-image-preview:large, max-video-preview:-1\" \/>\n<link rel=\"canonical\" href=\"https:\/\/wp.kristdemokraterna.se\/regionostergotland\/004-veckans-video\/\" \/>\n<meta property=\"og:locale\" content=\"sv_SE\" \/>\n<meta property=\"og:type\" content=\"article\" \/>\n<meta property=\"og:title\" content=\"#004 Veckans video - i Region \u00d6sterg\u00f6tland\" \/>\n<meta property=\"og:description\" content=\"Den h\u00e4r veckan befinner vi oss i maktens korridorer, eller i alla fall i oppositionens korridor i regionhuset. Vi synar\u00a0Per Larssons schema och konstaterar ett visst m\u00f6nster &#8211; det blir en hel del m\u00f6ten med kopplingar till KULTUR.\u00a0Fredrik Topplund\u00a0st\u00e4ller d\u00e4rf\u00f6r fr\u00e5gan om vad som egentligen h\u00e4nder p\u00e5 en dialog med kulturdepartementet och p\u00e5 SKL:S kulturkonferens. Read More\" \/>\n<meta property=\"og:url\" content=\"https:\/\/wp.kristdemokraterna.se\/regionostergotland\/004-veckans-video\/\" \/>\n<meta property=\"og:site_name\" content=\"i Region \u00d6sterg\u00f6tland\" \/>\n<meta property=\"article:published_time\" content=\"2019-10-18T12:35:35+00:00\" \/>\n<meta property=\"article:modified_time\" content=\"2019-11-15T09:22:03+00:00\" \/>\n<meta property=\"og:image\" content=\"https:\/\/wp.kristdemokraterna.se\/regionostergotland\/files\/2019\/10\/004-veckans-video-kd.jpg\" \/>\n\t<meta property=\"og:image:width\" content=\"1915\" \/>\n\t<meta property=\"og:image:height\" content=\"1069\" \/>\n\t<meta property=\"og:image:type\" content=\"image\/jpeg\" \/>\n<meta name=\"author\" content=\"regionostergotland\" \/>\n<meta name=\"twitter:card\" content=\"summary_large_image\" \/>\n<meta name=\"twitter:label1\" content=\"Skriven av\" \/>\n\t<meta name=\"twitter:data1\" content=\"regionostergotland\" \/>\n\t<meta name=\"twitter:label2\" content=\"Ber\u00e4knad l\u00e4stid\" \/>\n\t<meta name=\"twitter:data2\" content=\"1 minut\" \/>\n<script type=\"application\/ld+json\" class=\"yoast-schema-graph\">{\"@context\":\"https:\\\/\\\/schema.org\",\"@graph\":[{\"@type\":\"Article\",\"@id\":\"https:\\\/\\\/wp.kristdemokraterna.se\\\/regionostergotland\\\/004-veckans-video\\\/#article\",\"isPartOf\":{\"@id\":\"https:\\\/\\\/wp.kristdemokraterna.se\\\/regionostergotland\\\/004-veckans-video\\\/\"},\"author\":{\"name\":\"regionostergotland\",\"@id\":\"https:\\\/\\\/wp.kristdemokraterna.se\\\/regionostergotland\\\/#\\\/schema\\\/person\\\/74c3c4f502fcc489722a7be0dfe0088c\"},\"headline\":\"#004 Veckans video\",\"datePublished\":\"2019-10-18T12:35:35+00:00\",\"dateModified\":\"2019-11-15T09:22:03+00:00\",\"mainEntityOfPage\":{\"@id\":\"https:\\\/\\\/wp.kristdemokraterna.se\\\/regionostergotland\\\/004-veckans-video\\\/\"},\"wordCount\":102,\"image\":{\"@id\":\"https:\\\/\\\/wp.kristdemokraterna.se\\\/regionostergotland\\\/004-veckans-video\\\/#primaryimage\"},\"thumbnailUrl\":\"https:\\\/\\\/wp.kristdemokraterna.se\\\/regionostergotland\\\/files\\\/2019\\\/10\\\/004-veckans-video-kd.jpg\",\"articleSection\":[\"Nyheter\"],\"inLanguage\":\"sv-SE\"},{\"@type\":\"WebPage\",\"@id\":\"https:\\\/\\\/wp.kristdemokraterna.se\\\/regionostergotland\\\/004-veckans-video\\\/\",\"url\":\"https:\\\/\\\/wp.kristdemokraterna.se\\\/regionostergotland\\\/004-veckans-video\\\/\",\"name\":\"#004 Veckans video - i Region \u00d6sterg\u00f6tland\",\"isPartOf\":{\"@id\":\"https:\\\/\\\/wp.kristdemokraterna.se\\\/regionostergotland\\\/#website\"},\"primaryImageOfPage\":{\"@id\":\"https:\\\/\\\/wp.kristdemokraterna.se\\\/regionostergotland\\\/004-veckans-video\\\/#primaryimage\"},\"image\":{\"@id\":\"https:\\\/\\\/wp.kristdemokraterna.se\\\/regionostergotland\\\/004-veckans-video\\\/#primaryimage\"},\"thumbnailUrl\":\"https:\\\/\\\/wp.kristdemokraterna.se\\\/regionostergotland\\\/files\\\/2019\\\/10\\\/004-veckans-video-kd.jpg\",\"datePublished\":\"2019-10-18T12:35:35+00:00\",\"dateModified\":\"2019-11-15T09:22:03+00:00\",\"author\":{\"@id\":\"https:\\\/\\\/wp.kristdemokraterna.se\\\/regionostergotland\\\/#\\\/schema\\\/person\\\/74c3c4f502fcc489722a7be0dfe0088c\"},\"breadcrumb\":{\"@id\":\"https:\\\/\\\/wp.kristdemokraterna.se\\\/regionostergotland\\\/004-veckans-video\\\/#breadcrumb\"},\"inLanguage\":\"sv-SE\",\"potentialAction\":[{\"@type\":\"ReadAction\",\"target\":[\"https:\\\/\\\/wp.kristdemokraterna.se\\\/regionostergotland\\\/004-veckans-video\\\/\"]}]},{\"@type\":\"ImageObject\",\"inLanguage\":\"sv-SE\",\"@id\":\"https:\\\/\\\/wp.kristdemokraterna.se\\\/regionostergotland\\\/004-veckans-video\\\/#primaryimage\",\"url\":\"https:\\\/\\\/wp.kristdemokraterna.se\\\/regionostergotland\\\/files\\\/2019\\\/10\\\/004-veckans-video-kd.jpg\",\"contentUrl\":\"https:\\\/\\\/wp.kristdemokraterna.se\\\/regionostergotland\\\/files\\\/2019\\\/10\\\/004-veckans-video-kd.jpg\",\"width\":1915,\"height\":1069},{\"@type\":\"BreadcrumbList\",\"@id\":\"https:\\\/\\\/wp.kristdemokraterna.se\\\/regionostergotland\\\/004-veckans-video\\\/#breadcrumb\",\"itemListElement\":[{\"@type\":\"ListItem\",\"position\":1,\"name\":\"Hem\",\"item\":\"https:\\\/\\\/wp.kristdemokraterna.se\\\/regionostergotland\\\/\"},{\"@type\":\"ListItem\",\"position\":2,\"name\":\"#004 Veckans video\"}]},{\"@type\":\"WebSite\",\"@id\":\"https:\\\/\\\/wp.kristdemokraterna.se\\\/regionostergotland\\\/#website\",\"url\":\"https:\\\/\\\/wp.kristdemokraterna.se\\\/regionostergotland\\\/\",\"name\":\"i Region \u00d6sterg\u00f6tland\",\"description\":\"\",\"inLanguage\":\"sv-SE\"},{\"@type\":\"Person\",\"@id\":\"https:\\\/\\\/wp.kristdemokraterna.se\\\/regionostergotland\\\/#\\\/schema\\\/person\\\/74c3c4f502fcc489722a7be0dfe0088c\",\"name\":\"regionostergotland\",\"image\":{\"@type\":\"ImageObject\",\"inLanguage\":\"sv-SE\",\"@id\":\"https:\\\/\\\/secure.gravatar.com\\\/avatar\\\/8fb8f0a216e627554da57506bfaf78d677f45512f24f703e185ec701423b1e92?s=96&d=mm&r=g\",\"url\":\"https:\\\/\\\/secure.gravatar.com\\\/avatar\\\/8fb8f0a216e627554da57506bfaf78d677f45512f24f703e185ec701423b1e92?s=96&d=mm&r=g\",\"contentUrl\":\"https:\\\/\\\/secure.gravatar.com\\\/avatar\\\/8fb8f0a216e627554da57506bfaf78d677f45512f24f703e185ec701423b1e92?s=96&d=mm&r=g\",\"caption\":\"regionostergotland\"},\"url\":\"https:\\\/\\\/wp.kristdemokraterna.se\\\/regionostergotland\\\/author\\\/regionostergotland\\\/\"}]}<\/script>\n<!-- \/ Yoast SEO plugin. -->","yoast_head_json":{"title":"#004 Veckans video - i Region \u00d6sterg\u00f6tland","robots":{"index":"index","follow":"follow","max-snippet":"max-snippet:-1","max-image-preview":"max-image-preview:large","max-video-preview":"max-video-preview:-1"},"canonical":"https:\/\/wp.kristdemokraterna.se\/regionostergotland\/004-veckans-video\/","og_locale":"sv_SE","og_type":"article","og_title":"#004 Veckans video - i Region \u00d6sterg\u00f6tland","og_description":"Den h\u00e4r veckan befinner vi oss i maktens korridorer, eller i alla fall i oppositionens korridor i regionhuset. Vi synar\u00a0Per Larssons schema och konstaterar ett visst m\u00f6nster &#8211; det blir en hel del m\u00f6ten med kopplingar till KULTUR.\u00a0Fredrik Topplund\u00a0st\u00e4ller d\u00e4rf\u00f6r fr\u00e5gan om vad som egentligen h\u00e4nder p\u00e5 en dialog med kulturdepartementet och p\u00e5 SKL:S kulturkonferens. Read More","og_url":"https:\/\/wp.kristdemokraterna.se\/regionostergotland\/004-veckans-video\/","og_site_name":"i Region \u00d6sterg\u00f6tland","article_published_time":"2019-10-18T12:35:35+00:00","article_modified_time":"2019-11-15T09:22:03+00:00","og_image":[{"width":1915,"height":1069,"url":"https:\/\/wp.kristdemokraterna.se\/regionostergotland\/files\/2019\/10\/004-veckans-video-kd.jpg","type":"image\/jpeg"}],"author":"regionostergotland","twitter_card":"summary_large_image","twitter_misc":{"Skriven av":"regionostergotland","Ber\u00e4knad l\u00e4stid":"1 minut"},"schema":{"@context":"https:\/\/schema.org","@graph":[{"@type":"Article","@id":"https:\/\/wp.kristdemokraterna.se\/regionostergotland\/004-veckans-video\/#article","isPartOf":{"@id":"https:\/\/wp.kristdemokraterna.se\/regionostergotland\/004-veckans-video\/"},"author":{"name":"regionostergotland","@id":"https:\/\/wp.kristdemokraterna.se\/regionostergotland\/#\/schema\/person\/74c3c4f502fcc489722a7be0dfe0088c"},"headline":"#004 Veckans video","datePublished":"2019-10-18T12:35:35+00:00","dateModified":"2019-11-15T09:22:03+00:00","mainEntityOfPage":{"@id":"https:\/\/wp.kristdemokraterna.se\/regionostergotland\/004-veckans-video\/"},"wordCount":102,"image":{"@id":"https:\/\/wp.kristdemokraterna.se\/regionostergotland\/004-veckans-video\/#primaryimage"},"thumbnailUrl":"https:\/\/wp.kristdemokraterna.se\/regionostergotland\/files\/2019\/10\/004-veckans-video-kd.jpg","articleSection":["Nyheter"],"inLanguage":"sv-SE"},{"@type":"WebPage","@id":"https:\/\/wp.kristdemokraterna.se\/regionostergotland\/004-veckans-video\/","url":"https:\/\/wp.kristdemokraterna.se\/regionostergotland\/004-veckans-video\/","name":"#004 Veckans video - i Region \u00d6sterg\u00f6tland","isPartOf":{"@id":"https:\/\/wp.kristdemokraterna.se\/regionostergotland\/#website"},"primaryImageOfPage":{"@id":"https:\/\/wp.kristdemokraterna.se\/regionostergotland\/004-veckans-video\/#primaryimage"},"image":{"@id":"https:\/\/wp.kristdemokraterna.se\/regionostergotland\/004-veckans-video\/#primaryimage"},"thumbnailUrl":"https:\/\/wp.kristdemokraterna.se\/regionostergotland\/files\/2019\/10\/004-veckans-video-kd.jpg","datePublished":"2019-10-18T12:35:35+00:00","dateModified":"2019-11-15T09:22:03+00:00","author":{"@id":"https:\/\/wp.kristdemokraterna.se\/regionostergotland\/#\/schema\/person\/74c3c4f502fcc489722a7be0dfe0088c"},"breadcrumb":{"@id":"https:\/\/wp.kristdemokraterna.se\/regionostergotland\/004-veckans-video\/#breadcrumb"},"inLanguage":"sv-SE","potentialAction":[{"@type":"ReadAction","target":["https:\/\/wp.kristdemokraterna.se\/regionostergotland\/004-veckans-video\/"]}]},{"@type":"ImageObject","inLanguage":"sv-SE","@id":"https:\/\/wp.kristdemokraterna.se\/regionostergotland\/004-veckans-video\/#primaryimage","url":"https:\/\/wp.kristdemokraterna.se\/regionostergotland\/files\/2019\/10\/004-veckans-video-kd.jpg","contentUrl":"https:\/\/wp.kristdemokraterna.se\/regionostergotland\/files\/2019\/10\/004-veckans-video-kd.jpg","width":1915,"height":1069},{"@type":"BreadcrumbList","@id":"https:\/\/wp.kristdemokraterna.se\/regionostergotland\/004-veckans-video\/#breadcrumb","itemListElement":[{"@type":"ListItem","position":1,"name":"Hem","item":"https:\/\/wp.kristdemokraterna.se\/regionostergotland\/"},{"@type":"ListItem","position":2,"name":"#004 Veckans video"}]},{"@type":"WebSite","@id":"https:\/\/wp.kristdemokraterna.se\/regionostergotland\/#website","url":"https:\/\/wp.kristdemokraterna.se\/regionostergotland\/","name":"i Region \u00d6sterg\u00f6tland","description":"","inLanguage":"sv-SE"},{"@type":"Person","@id":"https:\/\/wp.kristdemokraterna.se\/regionostergotland\/#\/schema\/person\/74c3c4f502fcc489722a7be0dfe0088c","name":"regionostergotland","image":{"@type":"ImageObject","inLanguage":"sv-SE","@id":"https:\/\/secure.gravatar.com\/avatar\/8fb8f0a216e627554da57506bfaf78d677f45512f24f703e185ec701423b1e92?s=96&d=mm&r=g","url":"https:\/\/secure.gravatar.com\/avatar\/8fb8f0a216e627554da57506bfaf78d677f45512f24f703e185ec701423b1e92?s=96&d=mm&r=g","contentUrl":"https:\/\/secure.gravatar.com\/avatar\/8fb8f0a216e627554da57506bfaf78d677f45512f24f703e185ec701423b1e92?s=96&d=mm&r=g","caption":"regionostergotland"},"url":"https:\/\/wp.kristdemokraterna.se\/regionostergotland\/author\/regionostergotland\/"}]}},"_links":{"self":[{"href":"https:\/\/wp.kristdemokraterna.se\/regionostergotland\/wp-json\/wp\/v2\/posts\/1054","targetHints":{"allow":["GET"]}}],"collection":[{"href":"https:\/\/wp.kristdemokraterna.se\/regionostergotland\/wp-json\/wp\/v2\/posts"}],"about":[{"href":"https:\/\/wp.kristdemokraterna.se\/regionostergotland\/wp-json\/wp\/v2\/types\/post"}],"author":[{"embeddable":true,"href":"https:\/\/wp.kristdemokraterna.se\/regionostergotland\/wp-json\/wp\/v2\/users\/737"}],"replies":[{"embeddable":true,"href":"https:\/\/wp.kristdemokraterna.se\/regionostergotland\/wp-json\/wp\/v2\/comments?post=1054"}],"version-history":[{"count":2,"href":"https:\/\/wp.kristdemokraterna.se\/regionostergotland\/wp-json\/wp\/v2\/posts\/1054\/revisions"}],"predecessor-version":[{"id":1158,"href":"https:\/\/wp.kristdemokraterna.se\/regionostergotland\/wp-json\/wp\/v2\/posts\/1054\/revisions\/1158"}],"wp:featuredmedia":[{"embeddable":true,"href":"https:\/\/wp.kristdemokraterna.se\/regionostergotland\/wp-json\/wp\/v2\/media\/1056"}],"wp:attachment":[{"href":"https:\/\/wp.kristdemokraterna.se\/regionostergotland\/wp-json\/wp\/v2\/media?parent=1054"}],"wp:term":[{"taxonomy":"category","embeddable":true,"href":"https:\/\/wp.kristdemokraterna.se\/regionostergotland\/wp-json\/wp\/v2\/categories?post=1054"},{"taxonomy":"post_tag","embeddable":true,"href":"https:\/\/wp.kristdemokraterna.se\/regionostergotland\/wp-json\/wp\/v2\/tags?post=1054"}],"curies":[{"name":"wp","href":"https:\/\/api.w.org\/{rel}","templated":true}]}}