{"id":1084,"date":"2019-11-11T10:40:17","date_gmt":"2019-11-11T09:40:17","guid":{"rendered":"http:\/\/wp.kristdemokraterna.se\/regionostergotland\/?p=1084"},"modified":"2019-11-13T14:19:11","modified_gmt":"2019-11-13T13:19:11","slug":"presstraff-finansplan-2020-2022","status":"publish","type":"post","link":"https:\/\/wp.kristdemokraterna.se\/regionostergotland\/presstraff-finansplan-2020-2022\/","title":{"rendered":"Presstr\u00e4ff Finansplan 2020-2022"},"content":{"rendered":"<div class=\"\" data-block=\"true\" data-editor=\"ctc6o\" data-offset-key=\"bkrpu-0-0\">\n<div class=\"_1mf _1mj\" data-offset-key=\"bkrpu-0-0\"><span data-offset-key=\"bkrpu-1-0\">Region \u00d6sterg\u00f6tland befinner sig i ett mycket allvarligt l\u00e4ge. Inte p\u00e5 m\u00e5nga \u00e5r har utmaningarna f\u00f6r Region \u00d6sterg\u00f6tland varit s\u00e5 stora som de \u00e4r just nu. Under flera \u00e5r har det varit en stor v\u00e5rdplatsbrist som grundar sig i rekryteringsproblem av fram f\u00f6r allt sjuksk\u00f6terskor i s\u00e5 kallad 24sju-verksamhet. Detta har bidragit till l\u00e4ngre v\u00e5rdk\u00f6er och ekonomiska underskott i princip alla sjukv\u00e5rdande produktionsenheter. <\/span><\/div>\n<\/div>\n<div class=\"\" data-block=\"true\" data-editor=\"ctc6o\" data-offset-key=\"4gukf-0-0\">\n<div class=\"_1mf _1mj\" data-offset-key=\"4gukf-0-0\"><span data-offset-key=\"4gukf-0-0\">\u00a0<\/span><\/div>\n<\/div>\n<div class=\"\" data-block=\"true\" data-editor=\"ctc6o\" data-offset-key=\"4nedh-0-0\">\n<div class=\"_1mf _1mj\" data-offset-key=\"4nedh-0-0\"><span data-offset-key=\"4nedh-1-0\">Moderaterna och Kristdemokraterna har under en l\u00e5ng tid varnat f\u00f6r detta och kommit med konstruktiva f\u00f6rslag f\u00f6r att lyckas v\u00e4nda utvecklingen. Vi har str\u00e4ckt ut en hand, men allt som oftast f\u00e5tt nobben. Vi har ofta f\u00e5tt h\u00f6ra att allt \u00e4r under kontroll, att \u00e5tg\u00e4rder inte beh\u00f6ver vidtas.<\/span><\/div>\n<\/div>\n<p><!--more--><\/p>\n<div class=\"\" data-block=\"true\" data-editor=\"ctc6o\" data-offset-key=\"749ar-0-0\">\n<div class=\"_1mf _1mj\" data-offset-key=\"749ar-0-0\"><span data-offset-key=\"749ar-0-0\">Idag n\u00e4r <\/span><span class=\"_247o\" data-offset-key=\"749ar-1-0\"><span data-offset-key=\"749ar-1-0\">Per Larsson<\/span><\/span><span data-offset-key=\"749ar-2-0\"> (KD), Marie Morell (M) och Fredrik Sj\u00f6strand (M) presenterar Moderaterna och Kristdemokraternas gemensamma f\u00f6rslag till Finansplan f\u00f6r 2020-2022 l\u00e4gger vi ett antal ytterligare konkreta f\u00f6rslag f\u00f6r att v\u00e4nda utvecklingen.<\/span><\/div>\n<\/div>\n<div class=\"\" data-block=\"true\" data-editor=\"ctc6o\" data-offset-key=\"hs31-0-0\">\n<div class=\"_1mf _1mj\" data-offset-key=\"hs31-0-0\"><span data-offset-key=\"hs31-0-0\">\u00a0<\/span><\/div>\n<\/div>\n<div class=\"\" data-block=\"true\" data-editor=\"ctc6o\" data-offset-key=\"6m31s-0-0\">\n<div class=\"_1mf _1mj\" data-offset-key=\"6m31s-0-0\"><span class=\"_3gl1 _5zz4\" data-offset-key=\"6m31s-0-0\"><span class=\"_ncl\"><span data-offset-key=\"6m31s-0-0\">\u2705<\/span><\/span><\/span><span data-offset-key=\"6m31s-1-0\">Generalplan f\u00f6r b\u00e4ttre tillg\u00e4nglighet<\/span><\/div>\n<\/div>\n<div class=\"\" data-block=\"true\" data-editor=\"ctc6o\" data-offset-key=\"48h2q-0-0\">\n<div class=\"_1mf _1mj\" data-offset-key=\"48h2q-0-0\"><span class=\"_3gl1 _5zz4\" data-offset-key=\"48h2q-0-0\"><span class=\"_ncl\"><span data-offset-key=\"48h2q-0-0\">\u2705<\/span><\/span><\/span><span data-offset-key=\"48h2q-1-0\">Strategi f\u00f6r minskning av antalet administrativa medarbetare<\/span><\/div>\n<\/div>\n<div class=\"\" data-block=\"true\" data-editor=\"ctc6o\" data-offset-key=\"88b01-0-0\">\n<div class=\"_1mf _1mj\" data-offset-key=\"88b01-0-0\"><span class=\"_3gl1 _5zz4\" data-offset-key=\"88b01-0-0\"><span class=\"_ncl\"><span data-offset-key=\"88b01-0-0\">\u2705<\/span><\/span><\/span><span data-offset-key=\"88b01-1-0\">Strategi f\u00f6r l\u00e4kemedelshantering<\/span><\/div>\n<\/div>\n<div class=\"\" data-block=\"true\" data-editor=\"ctc6o\" data-offset-key=\"bjlnu-0-0\">\n<div class=\"_1mf _1mj\" data-offset-key=\"bjlnu-0-0\"><span class=\"_3gl1 _5zz4\" data-offset-key=\"bjlnu-0-0\"><span class=\"_ncl\"><span data-offset-key=\"bjlnu-0-0\">\u2705<\/span><\/span><\/span><span data-offset-key=\"bjlnu-1-0\">Strategi f\u00f6r samverkan med andra regioner<\/span><\/div>\n<\/div>\n<div class=\"\" data-block=\"true\" data-editor=\"ctc6o\" data-offset-key=\"fo4m-0-0\">\n<div class=\"_1mf _1mj\" data-offset-key=\"fo4m-0-0\"><span class=\"_3gl1 _5zz4\" data-offset-key=\"fo4m-0-0\"><span class=\"_ncl\"><span data-offset-key=\"fo4m-0-0\">\u2705<\/span><\/span><\/span><span data-offset-key=\"fo4m-1-0\">En politisk organisation f\u00f6r framtidens behov<\/span><\/div>\n<\/div>\n<div class=\"\" data-block=\"true\" data-editor=\"ctc6o\" data-offset-key=\"domjg-0-0\">\n<div class=\"_1mf _1mj\" data-offset-key=\"domjg-0-0\"><span data-offset-key=\"domjg-0-0\">\u00a0<\/span><\/div>\n<\/div>\n<div class=\"\" data-block=\"true\" data-editor=\"ctc6o\" data-offset-key=\"1ef3-0-0\">\n<div class=\"_1mf _1mj\" data-offset-key=\"1ef3-0-0\"><span data-offset-key=\"1ef3-0-0\">H\u00e4r kan du l\u00e4sa f\u00f6rslaget i sin helhet:<\/span><\/div>\n<\/div>\n<div class=\"\" data-block=\"true\" data-editor=\"ctc6o\" data-offset-key=\"dqdfe-0-0\">\n<div class=\"_1mf _1mj\" data-offset-key=\"dqdfe-0-0\"><a href=\"http:\/\/wp.kristdemokraterna.se\/regionostergotland\/files\/2019\/11\/191111-master-finansplan-mkd-2020-2022.pdf\" target=\"_blank\" rel=\"noopener noreferrer\"><span data-offset-key=\"dqdfe-0-0\">http:\/\/wp.kristdemokraterna.se\/regionostergotland\/files\/2019\/11\/191111-master-finansplan-mkd-2020-2022.pdf<\/span><\/a><\/div>\n<\/div>\n","protected":false},"excerpt":{"rendered":"<p>Region \u00d6sterg\u00f6tland befinner sig i ett mycket allvarligt l\u00e4ge. Inte p\u00e5 m\u00e5nga \u00e5r har utmaningarna f\u00f6r Region \u00d6sterg\u00f6tland varit s\u00e5 stora som de \u00e4r just nu. Under flera \u00e5r har det varit en stor v\u00e5rdplatsbrist som grundar sig i rekryteringsproblem av fram f\u00f6r allt sjuksk\u00f6terskor i s\u00e5 kallad 24sju-verksamhet. Detta har bidragit till l\u00e4ngre v\u00e5rdk\u00f6er <a class=\"read-more-link\" href=\"https:\/\/wp.kristdemokraterna.se\/regionostergotland\/presstraff-finansplan-2020-2022\/\">Read More<\/a><\/p>\n","protected":false},"author":737,"featured_media":1085,"comment_status":"closed","ping_status":"closed","sticky":false,"template":"","format":"standard","meta":{"_acf_changed":false,"footnotes":""},"categories":[1],"tags":[],"class_list":["post-1084","post","type-post","status-publish","format-standard","hentry","category-nyheter"],"acf":[],"yoast_head":"<!-- This site is optimized with the Yoast SEO plugin v27.5 - https:\/\/yoast.com\/product\/yoast-seo-wordpress\/ -->\n<title>Presstr\u00e4ff Finansplan 2020-2022 - i Region \u00d6sterg\u00f6tland<\/title>\n<meta name=\"robots\" content=\"index, follow, max-snippet:-1, max-image-preview:large, max-video-preview:-1\" \/>\n<link rel=\"canonical\" href=\"https:\/\/wp.kristdemokraterna.se\/regionostergotland\/presstraff-finansplan-2020-2022\/\" \/>\n<meta property=\"og:locale\" content=\"sv_SE\" \/>\n<meta property=\"og:type\" content=\"article\" \/>\n<meta property=\"og:title\" content=\"Presstr\u00e4ff Finansplan 2020-2022 - i Region \u00d6sterg\u00f6tland\" \/>\n<meta property=\"og:description\" content=\"Region \u00d6sterg\u00f6tland befinner sig i ett mycket allvarligt l\u00e4ge. Inte p\u00e5 m\u00e5nga \u00e5r har utmaningarna f\u00f6r Region \u00d6sterg\u00f6tland varit s\u00e5 stora som de \u00e4r just nu. Under flera \u00e5r har det varit en stor v\u00e5rdplatsbrist som grundar sig i rekryteringsproblem av fram f\u00f6r allt sjuksk\u00f6terskor i s\u00e5 kallad 24sju-verksamhet. Detta har bidragit till l\u00e4ngre v\u00e5rdk\u00f6er Read More\" \/>\n<meta property=\"og:url\" content=\"https:\/\/wp.kristdemokraterna.se\/regionostergotland\/presstraff-finansplan-2020-2022\/\" \/>\n<meta property=\"og:site_name\" content=\"i Region \u00d6sterg\u00f6tland\" \/>\n<meta property=\"article:published_time\" content=\"2019-11-11T09:40:17+00:00\" \/>\n<meta property=\"article:modified_time\" content=\"2019-11-13T13:19:11+00:00\" \/>\n<meta property=\"og:image\" content=\"https:\/\/wp.kristdemokraterna.se\/regionostergotland\/files\/2019\/11\/70502805_1407580542752993_7678044418661679104_o.jpg\" \/>\n\t<meta property=\"og:image:width\" content=\"2048\" \/>\n\t<meta property=\"og:image:height\" content=\"1270\" \/>\n\t<meta property=\"og:image:type\" content=\"image\/jpeg\" \/>\n<meta name=\"author\" content=\"regionostergotland\" \/>\n<meta name=\"twitter:card\" content=\"summary_large_image\" \/>\n<meta name=\"twitter:label1\" content=\"Skriven av\" \/>\n\t<meta name=\"twitter:data1\" content=\"regionostergotland\" \/>\n\t<meta name=\"twitter:label2\" content=\"Ber\u00e4knad l\u00e4stid\" \/>\n\t<meta name=\"twitter:data2\" content=\"1 minut\" \/>\n<script type=\"application\/ld+json\" class=\"yoast-schema-graph\">{\"@context\":\"https:\\\/\\\/schema.org\",\"@graph\":[{\"@type\":\"Article\",\"@id\":\"https:\\\/\\\/wp.kristdemokraterna.se\\\/regionostergotland\\\/presstraff-finansplan-2020-2022\\\/#article\",\"isPartOf\":{\"@id\":\"https:\\\/\\\/wp.kristdemokraterna.se\\\/regionostergotland\\\/presstraff-finansplan-2020-2022\\\/\"},\"author\":{\"name\":\"regionostergotland\",\"@id\":\"https:\\\/\\\/wp.kristdemokraterna.se\\\/regionostergotland\\\/#\\\/schema\\\/person\\\/74c3c4f502fcc489722a7be0dfe0088c\"},\"headline\":\"Presstr\u00e4ff Finansplan 2020-2022\",\"datePublished\":\"2019-11-11T09:40:17+00:00\",\"dateModified\":\"2019-11-13T13:19:11+00:00\",\"mainEntityOfPage\":{\"@id\":\"https:\\\/\\\/wp.kristdemokraterna.se\\\/regionostergotland\\\/presstraff-finansplan-2020-2022\\\/\"},\"wordCount\":233,\"image\":{\"@id\":\"https:\\\/\\\/wp.kristdemokraterna.se\\\/regionostergotland\\\/presstraff-finansplan-2020-2022\\\/#primaryimage\"},\"thumbnailUrl\":\"https:\\\/\\\/wp.kristdemokraterna.se\\\/regionostergotland\\\/files\\\/2019\\\/11\\\/70502805_1407580542752993_7678044418661679104_o.jpg\",\"articleSection\":[\"Nyheter\"],\"inLanguage\":\"sv-SE\"},{\"@type\":\"WebPage\",\"@id\":\"https:\\\/\\\/wp.kristdemokraterna.se\\\/regionostergotland\\\/presstraff-finansplan-2020-2022\\\/\",\"url\":\"https:\\\/\\\/wp.kristdemokraterna.se\\\/regionostergotland\\\/presstraff-finansplan-2020-2022\\\/\",\"name\":\"Presstr\u00e4ff Finansplan 2020-2022 - i Region \u00d6sterg\u00f6tland\",\"isPartOf\":{\"@id\":\"https:\\\/\\\/wp.kristdemokraterna.se\\\/regionostergotland\\\/#website\"},\"primaryImageOfPage\":{\"@id\":\"https:\\\/\\\/wp.kristdemokraterna.se\\\/regionostergotland\\\/presstraff-finansplan-2020-2022\\\/#primaryimage\"},\"image\":{\"@id\":\"https:\\\/\\\/wp.kristdemokraterna.se\\\/regionostergotland\\\/presstraff-finansplan-2020-2022\\\/#primaryimage\"},\"thumbnailUrl\":\"https:\\\/\\\/wp.kristdemokraterna.se\\\/regionostergotland\\\/files\\\/2019\\\/11\\\/70502805_1407580542752993_7678044418661679104_o.jpg\",\"datePublished\":\"2019-11-11T09:40:17+00:00\",\"dateModified\":\"2019-11-13T13:19:11+00:00\",\"author\":{\"@id\":\"https:\\\/\\\/wp.kristdemokraterna.se\\\/regionostergotland\\\/#\\\/schema\\\/person\\\/74c3c4f502fcc489722a7be0dfe0088c\"},\"breadcrumb\":{\"@id\":\"https:\\\/\\\/wp.kristdemokraterna.se\\\/regionostergotland\\\/presstraff-finansplan-2020-2022\\\/#breadcrumb\"},\"inLanguage\":\"sv-SE\",\"potentialAction\":[{\"@type\":\"ReadAction\",\"target\":[\"https:\\\/\\\/wp.kristdemokraterna.se\\\/regionostergotland\\\/presstraff-finansplan-2020-2022\\\/\"]}]},{\"@type\":\"ImageObject\",\"inLanguage\":\"sv-SE\",\"@id\":\"https:\\\/\\\/wp.kristdemokraterna.se\\\/regionostergotland\\\/presstraff-finansplan-2020-2022\\\/#primaryimage\",\"url\":\"https:\\\/\\\/wp.kristdemokraterna.se\\\/regionostergotland\\\/files\\\/2019\\\/11\\\/70502805_1407580542752993_7678044418661679104_o.jpg\",\"contentUrl\":\"https:\\\/\\\/wp.kristdemokraterna.se\\\/regionostergotland\\\/files\\\/2019\\\/11\\\/70502805_1407580542752993_7678044418661679104_o.jpg\",\"width\":2048,\"height\":1270},{\"@type\":\"BreadcrumbList\",\"@id\":\"https:\\\/\\\/wp.kristdemokraterna.se\\\/regionostergotland\\\/presstraff-finansplan-2020-2022\\\/#breadcrumb\",\"itemListElement\":[{\"@type\":\"ListItem\",\"position\":1,\"name\":\"Hem\",\"item\":\"https:\\\/\\\/wp.kristdemokraterna.se\\\/regionostergotland\\\/\"},{\"@type\":\"ListItem\",\"position\":2,\"name\":\"Presstr\u00e4ff Finansplan 2020-2022\"}]},{\"@type\":\"WebSite\",\"@id\":\"https:\\\/\\\/wp.kristdemokraterna.se\\\/regionostergotland\\\/#website\",\"url\":\"https:\\\/\\\/wp.kristdemokraterna.se\\\/regionostergotland\\\/\",\"name\":\"i Region \u00d6sterg\u00f6tland\",\"description\":\"\",\"inLanguage\":\"sv-SE\"},{\"@type\":\"Person\",\"@id\":\"https:\\\/\\\/wp.kristdemokraterna.se\\\/regionostergotland\\\/#\\\/schema\\\/person\\\/74c3c4f502fcc489722a7be0dfe0088c\",\"name\":\"regionostergotland\",\"image\":{\"@type\":\"ImageObject\",\"inLanguage\":\"sv-SE\",\"@id\":\"https:\\\/\\\/secure.gravatar.com\\\/avatar\\\/8fb8f0a216e627554da57506bfaf78d677f45512f24f703e185ec701423b1e92?s=96&d=mm&r=g\",\"url\":\"https:\\\/\\\/secure.gravatar.com\\\/avatar\\\/8fb8f0a216e627554da57506bfaf78d677f45512f24f703e185ec701423b1e92?s=96&d=mm&r=g\",\"contentUrl\":\"https:\\\/\\\/secure.gravatar.com\\\/avatar\\\/8fb8f0a216e627554da57506bfaf78d677f45512f24f703e185ec701423b1e92?s=96&d=mm&r=g\",\"caption\":\"regionostergotland\"},\"url\":\"https:\\\/\\\/wp.kristdemokraterna.se\\\/regionostergotland\\\/author\\\/regionostergotland\\\/\"}]}<\/script>\n<!-- \/ Yoast SEO plugin. -->","yoast_head_json":{"title":"Presstr\u00e4ff Finansplan 2020-2022 - i Region \u00d6sterg\u00f6tland","robots":{"index":"index","follow":"follow","max-snippet":"max-snippet:-1","max-image-preview":"max-image-preview:large","max-video-preview":"max-video-preview:-1"},"canonical":"https:\/\/wp.kristdemokraterna.se\/regionostergotland\/presstraff-finansplan-2020-2022\/","og_locale":"sv_SE","og_type":"article","og_title":"Presstr\u00e4ff Finansplan 2020-2022 - i Region \u00d6sterg\u00f6tland","og_description":"Region \u00d6sterg\u00f6tland befinner sig i ett mycket allvarligt l\u00e4ge. Inte p\u00e5 m\u00e5nga \u00e5r har utmaningarna f\u00f6r Region \u00d6sterg\u00f6tland varit s\u00e5 stora som de \u00e4r just nu. Under flera \u00e5r har det varit en stor v\u00e5rdplatsbrist som grundar sig i rekryteringsproblem av fram f\u00f6r allt sjuksk\u00f6terskor i s\u00e5 kallad 24sju-verksamhet. Detta har bidragit till l\u00e4ngre v\u00e5rdk\u00f6er Read More","og_url":"https:\/\/wp.kristdemokraterna.se\/regionostergotland\/presstraff-finansplan-2020-2022\/","og_site_name":"i Region \u00d6sterg\u00f6tland","article_published_time":"2019-11-11T09:40:17+00:00","article_modified_time":"2019-11-13T13:19:11+00:00","og_image":[{"width":2048,"height":1270,"url":"https:\/\/wp.kristdemokraterna.se\/regionostergotland\/files\/2019\/11\/70502805_1407580542752993_7678044418661679104_o.jpg","type":"image\/jpeg"}],"author":"regionostergotland","twitter_card":"summary_large_image","twitter_misc":{"Skriven av":"regionostergotland","Ber\u00e4knad l\u00e4stid":"1 minut"},"schema":{"@context":"https:\/\/schema.org","@graph":[{"@type":"Article","@id":"https:\/\/wp.kristdemokraterna.se\/regionostergotland\/presstraff-finansplan-2020-2022\/#article","isPartOf":{"@id":"https:\/\/wp.kristdemokraterna.se\/regionostergotland\/presstraff-finansplan-2020-2022\/"},"author":{"name":"regionostergotland","@id":"https:\/\/wp.kristdemokraterna.se\/regionostergotland\/#\/schema\/person\/74c3c4f502fcc489722a7be0dfe0088c"},"headline":"Presstr\u00e4ff Finansplan 2020-2022","datePublished":"2019-11-11T09:40:17+00:00","dateModified":"2019-11-13T13:19:11+00:00","mainEntityOfPage":{"@id":"https:\/\/wp.kristdemokraterna.se\/regionostergotland\/presstraff-finansplan-2020-2022\/"},"wordCount":233,"image":{"@id":"https:\/\/wp.kristdemokraterna.se\/regionostergotland\/presstraff-finansplan-2020-2022\/#primaryimage"},"thumbnailUrl":"https:\/\/wp.kristdemokraterna.se\/regionostergotland\/files\/2019\/11\/70502805_1407580542752993_7678044418661679104_o.jpg","articleSection":["Nyheter"],"inLanguage":"sv-SE"},{"@type":"WebPage","@id":"https:\/\/wp.kristdemokraterna.se\/regionostergotland\/presstraff-finansplan-2020-2022\/","url":"https:\/\/wp.kristdemokraterna.se\/regionostergotland\/presstraff-finansplan-2020-2022\/","name":"Presstr\u00e4ff Finansplan 2020-2022 - i Region \u00d6sterg\u00f6tland","isPartOf":{"@id":"https:\/\/wp.kristdemokraterna.se\/regionostergotland\/#website"},"primaryImageOfPage":{"@id":"https:\/\/wp.kristdemokraterna.se\/regionostergotland\/presstraff-finansplan-2020-2022\/#primaryimage"},"image":{"@id":"https:\/\/wp.kristdemokraterna.se\/regionostergotland\/presstraff-finansplan-2020-2022\/#primaryimage"},"thumbnailUrl":"https:\/\/wp.kristdemokraterna.se\/regionostergotland\/files\/2019\/11\/70502805_1407580542752993_7678044418661679104_o.jpg","datePublished":"2019-11-11T09:40:17+00:00","dateModified":"2019-11-13T13:19:11+00:00","author":{"@id":"https:\/\/wp.kristdemokraterna.se\/regionostergotland\/#\/schema\/person\/74c3c4f502fcc489722a7be0dfe0088c"},"breadcrumb":{"@id":"https:\/\/wp.kristdemokraterna.se\/regionostergotland\/presstraff-finansplan-2020-2022\/#breadcrumb"},"inLanguage":"sv-SE","potentialAction":[{"@type":"ReadAction","target":["https:\/\/wp.kristdemokraterna.se\/regionostergotland\/presstraff-finansplan-2020-2022\/"]}]},{"@type":"ImageObject","inLanguage":"sv-SE","@id":"https:\/\/wp.kristdemokraterna.se\/regionostergotland\/presstraff-finansplan-2020-2022\/#primaryimage","url":"https:\/\/wp.kristdemokraterna.se\/regionostergotland\/files\/2019\/11\/70502805_1407580542752993_7678044418661679104_o.jpg","contentUrl":"https:\/\/wp.kristdemokraterna.se\/regionostergotland\/files\/2019\/11\/70502805_1407580542752993_7678044418661679104_o.jpg","width":2048,"height":1270},{"@type":"BreadcrumbList","@id":"https:\/\/wp.kristdemokraterna.se\/regionostergotland\/presstraff-finansplan-2020-2022\/#breadcrumb","itemListElement":[{"@type":"ListItem","position":1,"name":"Hem","item":"https:\/\/wp.kristdemokraterna.se\/regionostergotland\/"},{"@type":"ListItem","position":2,"name":"Presstr\u00e4ff Finansplan 2020-2022"}]},{"@type":"WebSite","@id":"https:\/\/wp.kristdemokraterna.se\/regionostergotland\/#website","url":"https:\/\/wp.kristdemokraterna.se\/regionostergotland\/","name":"i Region \u00d6sterg\u00f6tland","description":"","inLanguage":"sv-SE"},{"@type":"Person","@id":"https:\/\/wp.kristdemokraterna.se\/regionostergotland\/#\/schema\/person\/74c3c4f502fcc489722a7be0dfe0088c","name":"regionostergotland","image":{"@type":"ImageObject","inLanguage":"sv-SE","@id":"https:\/\/secure.gravatar.com\/avatar\/8fb8f0a216e627554da57506bfaf78d677f45512f24f703e185ec701423b1e92?s=96&d=mm&r=g","url":"https:\/\/secure.gravatar.com\/avatar\/8fb8f0a216e627554da57506bfaf78d677f45512f24f703e185ec701423b1e92?s=96&d=mm&r=g","contentUrl":"https:\/\/secure.gravatar.com\/avatar\/8fb8f0a216e627554da57506bfaf78d677f45512f24f703e185ec701423b1e92?s=96&d=mm&r=g","caption":"regionostergotland"},"url":"https:\/\/wp.kristdemokraterna.se\/regionostergotland\/author\/regionostergotland\/"}]}},"_links":{"self":[{"href":"https:\/\/wp.kristdemokraterna.se\/regionostergotland\/wp-json\/wp\/v2\/posts\/1084","targetHints":{"allow":["GET"]}}],"collection":[{"href":"https:\/\/wp.kristdemokraterna.se\/regionostergotland\/wp-json\/wp\/v2\/posts"}],"about":[{"href":"https:\/\/wp.kristdemokraterna.se\/regionostergotland\/wp-json\/wp\/v2\/types\/post"}],"author":[{"embeddable":true,"href":"https:\/\/wp.kristdemokraterna.se\/regionostergotland\/wp-json\/wp\/v2\/users\/737"}],"replies":[{"embeddable":true,"href":"https:\/\/wp.kristdemokraterna.se\/regionostergotland\/wp-json\/wp\/v2\/comments?post=1084"}],"version-history":[{"count":2,"href":"https:\/\/wp.kristdemokraterna.se\/regionostergotland\/wp-json\/wp\/v2\/posts\/1084\/revisions"}],"predecessor-version":[{"id":1152,"href":"https:\/\/wp.kristdemokraterna.se\/regionostergotland\/wp-json\/wp\/v2\/posts\/1084\/revisions\/1152"}],"wp:featuredmedia":[{"embeddable":true,"href":"https:\/\/wp.kristdemokraterna.se\/regionostergotland\/wp-json\/wp\/v2\/media\/1085"}],"wp:attachment":[{"href":"https:\/\/wp.kristdemokraterna.se\/regionostergotland\/wp-json\/wp\/v2\/media?parent=1084"}],"wp:term":[{"taxonomy":"category","embeddable":true,"href":"https:\/\/wp.kristdemokraterna.se\/regionostergotland\/wp-json\/wp\/v2\/categories?post=1084"},{"taxonomy":"post_tag","embeddable":true,"href":"https:\/\/wp.kristdemokraterna.se\/regionostergotland\/wp-json\/wp\/v2\/tags?post=1084"}],"curies":[{"name":"wp","href":"https:\/\/api.w.org\/{rel}","templated":true}]}}