{"id":1166,"date":"2019-11-13T15:23:52","date_gmt":"2019-11-13T14:23:52","guid":{"rendered":"http:\/\/wp.kristdemokraterna.se\/regionostergotland\/?p=1166"},"modified":"2019-11-15T10:27:52","modified_gmt":"2019-11-15T09:27:52","slug":"ersattning-till-sjukskoterskor-brinner-inne","status":"publish","type":"post","link":"https:\/\/wp.kristdemokraterna.se\/regionostergotland\/ersattning-till-sjukskoterskor-brinner-inne\/","title":{"rendered":"Ers\u00e4ttning till sjuksk\u00f6terskor brinner inne"},"content":{"rendered":"<p><strong>I dag har regionstyrelsen fattat beslut om hur den s\u00e5 kallade 24sju-bonusen f\u00f6r sjuksk\u00f6terskor ska ers\u00e4ttas. Beslutet inneb\u00e4r en satsning om 40 miljoner kronor p\u00e5 s\u00e4rskilt yrkesskickliga medarbetare inom V\u00e5rdf\u00f6rbundets medlemsgrupper. Moderaterna och Kristdemokraterna hade ett alternativt yrkande som innebar att vi \u00e4ven ville f\u00e5 en h\u00f6jning av OB-till\u00e4gget samt att den nuvarande bonusen skulle f\u00f6rl\u00e4ngas till dess att en ny modell \u00e4r p\u00e5 plats. I och med dagens beslut s\u00e5 kommer ers\u00e4ttning som borde kommit sjuksk\u00f6terskorna till del \u201dbrinna inne\u201d under fem m\u00e5nader.<\/strong><\/p>\n<p><strong>\u00a0<\/strong>&#8211; Moderaterna och Kristdemokraterna har f\u00f6rordat ett h\u00f6jt till\u00e4gg p\u00e5 obekv\u00e4m arbetstid (OB-till\u00e4gg) under l\u00e5ng tid. Det fanns \u00e4ven med i det yrkande som hela fullm\u00e4ktige bif\u00f6ll f\u00f6r ett \u00e5r sedan. Vi \u00e4r mycket oroliga f\u00f6r att vi kommer att tappa viktiga medarbetare inom 24sju-verksamheten, s\u00e4ger Marie Morell (M), 2:e vice ordf\u00f6rande i regionstyrelsen.<\/p>\n<p>&#8211; Att ta bort en ers\u00e4ttning som funnits under flera \u00e5r och inte ers\u00e4tta den omedelbart utan v\u00e4nta i fem m\u00e5nader k\u00e4nns v\u00e4ldigt os\u00e4kert i den sk\u00f6ra situation vi befinner oss i just nu. D\u00e4rf\u00f6r yrkade vi p\u00e5 att den s\u00e5 kallade 24sju-bonusen skulle f\u00f6rl\u00e4ngas till dess att en ny modell finns p\u00e5 plats, s\u00e4ger Stefan Red\u00e9en (KD), ledamot i regionstyrelsen.<\/p>\n<p>&#8211; Vi \u00e4r sj\u00e4lvklart f\u00f6r att det avtal som finns med V\u00e5rdf\u00f6rbundet kring s\u00e4rskilt yrkesskickliga ska genomf\u00f6ras p\u00e5 ett s\u00e5 bra s\u00e4tt som m\u00f6jligt. Men vi anser att detta b\u00f6r kombineras med ett h\u00f6jt OB-till\u00e4gg, avslutar Marie Morell.<\/p>\n<p>F\u00f6r ytterligare information:<\/p>\n<p>Marie Morell (M), 0703-16 98 00<br \/>\nStefan Red\u00e9en (KD), 0702-34 26 39<\/p>\n","protected":false},"excerpt":{"rendered":"<p>I dag har regionstyrelsen fattat beslut om hur den s\u00e5 kallade 24sju-bonusen f\u00f6r sjuksk\u00f6terskor ska ers\u00e4ttas. Beslutet inneb\u00e4r en satsning om 40 miljoner kronor p\u00e5 s\u00e4rskilt yrkesskickliga medarbetare inom V\u00e5rdf\u00f6rbundets medlemsgrupper. Moderaterna och Kristdemokraterna hade ett alternativt yrkande som innebar att vi \u00e4ven ville f\u00e5 en h\u00f6jning av OB-till\u00e4gget samt att den nuvarande bonusen skulle <a class=\"read-more-link\" href=\"https:\/\/wp.kristdemokraterna.se\/regionostergotland\/ersattning-till-sjukskoterskor-brinner-inne\/\">Read More<\/a><\/p>\n","protected":false},"author":737,"featured_media":0,"comment_status":"closed","ping_status":"closed","sticky":false,"template":"","format":"standard","meta":{"_acf_changed":false,"footnotes":""},"categories":[1],"tags":[],"class_list":["post-1166","post","type-post","status-publish","format-standard","hentry","category-nyheter"],"acf":[],"yoast_head":"<!-- This site is optimized with the Yoast SEO plugin v27.5 - https:\/\/yoast.com\/product\/yoast-seo-wordpress\/ -->\n<title>Ers\u00e4ttning till sjuksk\u00f6terskor brinner inne - i Region \u00d6sterg\u00f6tland<\/title>\n<meta name=\"robots\" content=\"index, follow, max-snippet:-1, max-image-preview:large, max-video-preview:-1\" \/>\n<link rel=\"canonical\" href=\"https:\/\/wp.kristdemokraterna.se\/regionostergotland\/ersattning-till-sjukskoterskor-brinner-inne\/\" \/>\n<meta property=\"og:locale\" content=\"sv_SE\" \/>\n<meta property=\"og:type\" content=\"article\" \/>\n<meta property=\"og:title\" content=\"Ers\u00e4ttning till sjuksk\u00f6terskor brinner inne - i Region \u00d6sterg\u00f6tland\" \/>\n<meta property=\"og:description\" content=\"I dag har regionstyrelsen fattat beslut om hur den s\u00e5 kallade 24sju-bonusen f\u00f6r sjuksk\u00f6terskor ska ers\u00e4ttas. Beslutet inneb\u00e4r en satsning om 40 miljoner kronor p\u00e5 s\u00e4rskilt yrkesskickliga medarbetare inom V\u00e5rdf\u00f6rbundets medlemsgrupper. Moderaterna och Kristdemokraterna hade ett alternativt yrkande som innebar att vi \u00e4ven ville f\u00e5 en h\u00f6jning av OB-till\u00e4gget samt att den nuvarande bonusen skulle Read More\" \/>\n<meta property=\"og:url\" content=\"https:\/\/wp.kristdemokraterna.se\/regionostergotland\/ersattning-till-sjukskoterskor-brinner-inne\/\" \/>\n<meta property=\"og:site_name\" content=\"i Region \u00d6sterg\u00f6tland\" \/>\n<meta property=\"article:published_time\" content=\"2019-11-13T14:23:52+00:00\" \/>\n<meta property=\"article:modified_time\" content=\"2019-11-15T09:27:52+00:00\" \/>\n<meta name=\"author\" content=\"regionostergotland\" \/>\n<meta name=\"twitter:card\" content=\"summary_large_image\" \/>\n<meta name=\"twitter:label1\" content=\"Skriven av\" \/>\n\t<meta name=\"twitter:data1\" content=\"regionostergotland\" \/>\n\t<meta name=\"twitter:label2\" content=\"Ber\u00e4knad l\u00e4stid\" \/>\n\t<meta name=\"twitter:data2\" content=\"2 minuter\" \/>\n<script type=\"application\/ld+json\" class=\"yoast-schema-graph\">{\"@context\":\"https:\\\/\\\/schema.org\",\"@graph\":[{\"@type\":\"Article\",\"@id\":\"https:\\\/\\\/wp.kristdemokraterna.se\\\/regionostergotland\\\/ersattning-till-sjukskoterskor-brinner-inne\\\/#article\",\"isPartOf\":{\"@id\":\"https:\\\/\\\/wp.kristdemokraterna.se\\\/regionostergotland\\\/ersattning-till-sjukskoterskor-brinner-inne\\\/\"},\"author\":{\"name\":\"regionostergotland\",\"@id\":\"https:\\\/\\\/wp.kristdemokraterna.se\\\/regionostergotland\\\/#\\\/schema\\\/person\\\/74c3c4f502fcc489722a7be0dfe0088c\"},\"headline\":\"Ers\u00e4ttning till sjuksk\u00f6terskor brinner inne\",\"datePublished\":\"2019-11-13T14:23:52+00:00\",\"dateModified\":\"2019-11-15T09:27:52+00:00\",\"mainEntityOfPage\":{\"@id\":\"https:\\\/\\\/wp.kristdemokraterna.se\\\/regionostergotland\\\/ersattning-till-sjukskoterskor-brinner-inne\\\/\"},\"wordCount\":307,\"articleSection\":[\"Nyheter\"],\"inLanguage\":\"sv-SE\"},{\"@type\":\"WebPage\",\"@id\":\"https:\\\/\\\/wp.kristdemokraterna.se\\\/regionostergotland\\\/ersattning-till-sjukskoterskor-brinner-inne\\\/\",\"url\":\"https:\\\/\\\/wp.kristdemokraterna.se\\\/regionostergotland\\\/ersattning-till-sjukskoterskor-brinner-inne\\\/\",\"name\":\"Ers\u00e4ttning till sjuksk\u00f6terskor brinner inne - i Region \u00d6sterg\u00f6tland\",\"isPartOf\":{\"@id\":\"https:\\\/\\\/wp.kristdemokraterna.se\\\/regionostergotland\\\/#website\"},\"datePublished\":\"2019-11-13T14:23:52+00:00\",\"dateModified\":\"2019-11-15T09:27:52+00:00\",\"author\":{\"@id\":\"https:\\\/\\\/wp.kristdemokraterna.se\\\/regionostergotland\\\/#\\\/schema\\\/person\\\/74c3c4f502fcc489722a7be0dfe0088c\"},\"breadcrumb\":{\"@id\":\"https:\\\/\\\/wp.kristdemokraterna.se\\\/regionostergotland\\\/ersattning-till-sjukskoterskor-brinner-inne\\\/#breadcrumb\"},\"inLanguage\":\"sv-SE\",\"potentialAction\":[{\"@type\":\"ReadAction\",\"target\":[\"https:\\\/\\\/wp.kristdemokraterna.se\\\/regionostergotland\\\/ersattning-till-sjukskoterskor-brinner-inne\\\/\"]}]},{\"@type\":\"BreadcrumbList\",\"@id\":\"https:\\\/\\\/wp.kristdemokraterna.se\\\/regionostergotland\\\/ersattning-till-sjukskoterskor-brinner-inne\\\/#breadcrumb\",\"itemListElement\":[{\"@type\":\"ListItem\",\"position\":1,\"name\":\"Hem\",\"item\":\"https:\\\/\\\/wp.kristdemokraterna.se\\\/regionostergotland\\\/\"},{\"@type\":\"ListItem\",\"position\":2,\"name\":\"Ers\u00e4ttning till sjuksk\u00f6terskor brinner inne\"}]},{\"@type\":\"WebSite\",\"@id\":\"https:\\\/\\\/wp.kristdemokraterna.se\\\/regionostergotland\\\/#website\",\"url\":\"https:\\\/\\\/wp.kristdemokraterna.se\\\/regionostergotland\\\/\",\"name\":\"i Region \u00d6sterg\u00f6tland\",\"description\":\"\",\"inLanguage\":\"sv-SE\"},{\"@type\":\"Person\",\"@id\":\"https:\\\/\\\/wp.kristdemokraterna.se\\\/regionostergotland\\\/#\\\/schema\\\/person\\\/74c3c4f502fcc489722a7be0dfe0088c\",\"name\":\"regionostergotland\",\"image\":{\"@type\":\"ImageObject\",\"inLanguage\":\"sv-SE\",\"@id\":\"https:\\\/\\\/secure.gravatar.com\\\/avatar\\\/8fb8f0a216e627554da57506bfaf78d677f45512f24f703e185ec701423b1e92?s=96&d=mm&r=g\",\"url\":\"https:\\\/\\\/secure.gravatar.com\\\/avatar\\\/8fb8f0a216e627554da57506bfaf78d677f45512f24f703e185ec701423b1e92?s=96&d=mm&r=g\",\"contentUrl\":\"https:\\\/\\\/secure.gravatar.com\\\/avatar\\\/8fb8f0a216e627554da57506bfaf78d677f45512f24f703e185ec701423b1e92?s=96&d=mm&r=g\",\"caption\":\"regionostergotland\"},\"url\":\"https:\\\/\\\/wp.kristdemokraterna.se\\\/regionostergotland\\\/author\\\/regionostergotland\\\/\"}]}<\/script>\n<!-- \/ Yoast SEO plugin. -->","yoast_head_json":{"title":"Ers\u00e4ttning till sjuksk\u00f6terskor brinner inne - i Region \u00d6sterg\u00f6tland","robots":{"index":"index","follow":"follow","max-snippet":"max-snippet:-1","max-image-preview":"max-image-preview:large","max-video-preview":"max-video-preview:-1"},"canonical":"https:\/\/wp.kristdemokraterna.se\/regionostergotland\/ersattning-till-sjukskoterskor-brinner-inne\/","og_locale":"sv_SE","og_type":"article","og_title":"Ers\u00e4ttning till sjuksk\u00f6terskor brinner inne - i Region \u00d6sterg\u00f6tland","og_description":"I dag har regionstyrelsen fattat beslut om hur den s\u00e5 kallade 24sju-bonusen f\u00f6r sjuksk\u00f6terskor ska ers\u00e4ttas. Beslutet inneb\u00e4r en satsning om 40 miljoner kronor p\u00e5 s\u00e4rskilt yrkesskickliga medarbetare inom V\u00e5rdf\u00f6rbundets medlemsgrupper. Moderaterna och Kristdemokraterna hade ett alternativt yrkande som innebar att vi \u00e4ven ville f\u00e5 en h\u00f6jning av OB-till\u00e4gget samt att den nuvarande bonusen skulle Read More","og_url":"https:\/\/wp.kristdemokraterna.se\/regionostergotland\/ersattning-till-sjukskoterskor-brinner-inne\/","og_site_name":"i Region \u00d6sterg\u00f6tland","article_published_time":"2019-11-13T14:23:52+00:00","article_modified_time":"2019-11-15T09:27:52+00:00","author":"regionostergotland","twitter_card":"summary_large_image","twitter_misc":{"Skriven av":"regionostergotland","Ber\u00e4knad l\u00e4stid":"2 minuter"},"schema":{"@context":"https:\/\/schema.org","@graph":[{"@type":"Article","@id":"https:\/\/wp.kristdemokraterna.se\/regionostergotland\/ersattning-till-sjukskoterskor-brinner-inne\/#article","isPartOf":{"@id":"https:\/\/wp.kristdemokraterna.se\/regionostergotland\/ersattning-till-sjukskoterskor-brinner-inne\/"},"author":{"name":"regionostergotland","@id":"https:\/\/wp.kristdemokraterna.se\/regionostergotland\/#\/schema\/person\/74c3c4f502fcc489722a7be0dfe0088c"},"headline":"Ers\u00e4ttning till sjuksk\u00f6terskor brinner inne","datePublished":"2019-11-13T14:23:52+00:00","dateModified":"2019-11-15T09:27:52+00:00","mainEntityOfPage":{"@id":"https:\/\/wp.kristdemokraterna.se\/regionostergotland\/ersattning-till-sjukskoterskor-brinner-inne\/"},"wordCount":307,"articleSection":["Nyheter"],"inLanguage":"sv-SE"},{"@type":"WebPage","@id":"https:\/\/wp.kristdemokraterna.se\/regionostergotland\/ersattning-till-sjukskoterskor-brinner-inne\/","url":"https:\/\/wp.kristdemokraterna.se\/regionostergotland\/ersattning-till-sjukskoterskor-brinner-inne\/","name":"Ers\u00e4ttning till sjuksk\u00f6terskor brinner inne - i Region \u00d6sterg\u00f6tland","isPartOf":{"@id":"https:\/\/wp.kristdemokraterna.se\/regionostergotland\/#website"},"datePublished":"2019-11-13T14:23:52+00:00","dateModified":"2019-11-15T09:27:52+00:00","author":{"@id":"https:\/\/wp.kristdemokraterna.se\/regionostergotland\/#\/schema\/person\/74c3c4f502fcc489722a7be0dfe0088c"},"breadcrumb":{"@id":"https:\/\/wp.kristdemokraterna.se\/regionostergotland\/ersattning-till-sjukskoterskor-brinner-inne\/#breadcrumb"},"inLanguage":"sv-SE","potentialAction":[{"@type":"ReadAction","target":["https:\/\/wp.kristdemokraterna.se\/regionostergotland\/ersattning-till-sjukskoterskor-brinner-inne\/"]}]},{"@type":"BreadcrumbList","@id":"https:\/\/wp.kristdemokraterna.se\/regionostergotland\/ersattning-till-sjukskoterskor-brinner-inne\/#breadcrumb","itemListElement":[{"@type":"ListItem","position":1,"name":"Hem","item":"https:\/\/wp.kristdemokraterna.se\/regionostergotland\/"},{"@type":"ListItem","position":2,"name":"Ers\u00e4ttning till sjuksk\u00f6terskor brinner inne"}]},{"@type":"WebSite","@id":"https:\/\/wp.kristdemokraterna.se\/regionostergotland\/#website","url":"https:\/\/wp.kristdemokraterna.se\/regionostergotland\/","name":"i Region \u00d6sterg\u00f6tland","description":"","inLanguage":"sv-SE"},{"@type":"Person","@id":"https:\/\/wp.kristdemokraterna.se\/regionostergotland\/#\/schema\/person\/74c3c4f502fcc489722a7be0dfe0088c","name":"regionostergotland","image":{"@type":"ImageObject","inLanguage":"sv-SE","@id":"https:\/\/secure.gravatar.com\/avatar\/8fb8f0a216e627554da57506bfaf78d677f45512f24f703e185ec701423b1e92?s=96&d=mm&r=g","url":"https:\/\/secure.gravatar.com\/avatar\/8fb8f0a216e627554da57506bfaf78d677f45512f24f703e185ec701423b1e92?s=96&d=mm&r=g","contentUrl":"https:\/\/secure.gravatar.com\/avatar\/8fb8f0a216e627554da57506bfaf78d677f45512f24f703e185ec701423b1e92?s=96&d=mm&r=g","caption":"regionostergotland"},"url":"https:\/\/wp.kristdemokraterna.se\/regionostergotland\/author\/regionostergotland\/"}]}},"_links":{"self":[{"href":"https:\/\/wp.kristdemokraterna.se\/regionostergotland\/wp-json\/wp\/v2\/posts\/1166","targetHints":{"allow":["GET"]}}],"collection":[{"href":"https:\/\/wp.kristdemokraterna.se\/regionostergotland\/wp-json\/wp\/v2\/posts"}],"about":[{"href":"https:\/\/wp.kristdemokraterna.se\/regionostergotland\/wp-json\/wp\/v2\/types\/post"}],"author":[{"embeddable":true,"href":"https:\/\/wp.kristdemokraterna.se\/regionostergotland\/wp-json\/wp\/v2\/users\/737"}],"replies":[{"embeddable":true,"href":"https:\/\/wp.kristdemokraterna.se\/regionostergotland\/wp-json\/wp\/v2\/comments?post=1166"}],"version-history":[{"count":1,"href":"https:\/\/wp.kristdemokraterna.se\/regionostergotland\/wp-json\/wp\/v2\/posts\/1166\/revisions"}],"predecessor-version":[{"id":1168,"href":"https:\/\/wp.kristdemokraterna.se\/regionostergotland\/wp-json\/wp\/v2\/posts\/1166\/revisions\/1168"}],"wp:attachment":[{"href":"https:\/\/wp.kristdemokraterna.se\/regionostergotland\/wp-json\/wp\/v2\/media?parent=1166"}],"wp:term":[{"taxonomy":"category","embeddable":true,"href":"https:\/\/wp.kristdemokraterna.se\/regionostergotland\/wp-json\/wp\/v2\/categories?post=1166"},{"taxonomy":"post_tag","embeddable":true,"href":"https:\/\/wp.kristdemokraterna.se\/regionostergotland\/wp-json\/wp\/v2\/tags?post=1166"}],"curies":[{"name":"wp","href":"https:\/\/api.w.org\/{rel}","templated":true}]}}