{"id":1273,"date":"2019-11-19T10:32:36","date_gmt":"2019-11-19T09:32:36","guid":{"rendered":"http:\/\/wp.kristdemokraterna.se\/regionostergotland\/?p=1273"},"modified":"2019-11-19T10:35:49","modified_gmt":"2019-11-19T09:35:49","slug":"nu-maste-vardkrisen-i-ostergotland-vandas","status":"publish","type":"post","link":"https:\/\/wp.kristdemokraterna.se\/regionostergotland\/nu-maste-vardkrisen-i-ostergotland-vandas\/","title":{"rendered":"Nu m\u00e5ste v\u00e5rdkrisen i \u00d6sterg\u00f6tland v\u00e4ndas"},"content":{"rendered":"<p>DEBATT i Corren 2019-11-19<br \/>\n<a href=\"https:\/\/corren.se\/asikter\/debatt\/nu-maste-vardkrisen-i-ostergotland-vandas-om6385964.aspx\" target=\"_blank\" rel=\"noopener noreferrer\">https:\/\/corren.se\/asikter\/debatt\/nu-maste-vardkrisen-i-ostergotland-vandas-om6385964.aspx<\/a><\/p>\n<p>Region \u00d6sterg\u00f6tland befinner sig i ett mycket allvarligt l\u00e4ge, med rekordstora underskott i v\u00e5rden och v\u00e4xande v\u00e5rdk\u00f6er. Och tyv\u00e4rr g\u00e5r utvecklingen \u00e5t helt fel h\u00e5ll.<\/p>\n<p>Vi kallar det f\u00f6r v\u00e5rdkris. Men ordvalet \u00e4r inte det viktiga. Det allvarliga \u00e4r att v\u00e5rdk\u00f6erna, som vi s\u00e5 ofta pratar om, inte handlar om statistik p\u00e5 ett papper. Det handlar om allt fr\u00e5n cancerpatienter som skickas till andra regioner f\u00f6r att f\u00e5 den s\u00e5 livsn\u00f6diga v\u00e5rd som de beh\u00f6ver, till \u00f6gonpatienter som faktiskt riskerar att bli blinda i v\u00e5rdk\u00f6n. Eller om barn och unga som \u00e4r i behov av psykiatrisk v\u00e5rd, d\u00e4r varje dag av v\u00e4ntan ofta inneb\u00e4r stort lidande b\u00e5de f\u00f6r barnet och familjen runtomkring.<\/p>\n<p>V\u00e5ra medarbetare sliter h\u00e5rt varje dag f\u00f6r att ta hand om patienterna efter b\u00e4sta f\u00f6rm\u00e5ga. Men n\u00e4r v\u00e5rdplats efter v\u00e5rdplats beh\u00f6ver st\u00e4ngas \u00e4r det ett n\u00e4stintill om\u00f6jligt uppdrag. Det m\u00e4rker vi ocks\u00e5 i de larmrapporter vi f\u00e5r fr\u00e5n v\u00e5rdens medarbetare. Det larmas om att patients\u00e4kerheten \u00e4r hotad, att livsviktiga (bokstavligen) v\u00e5rdavdelningar h\u00e5ller p\u00e5 att klappa ihop, men ocks\u00e5 om att de \u2013 medarbetarna som brinner f\u00f6r sitt yrke \u2013 inte orkar l\u00e4ngre. Priset \u00e4r f\u00f6r h\u00f6gt.<\/p>\n<p>Moderaterna och Kristdemokraterna har under en l\u00e5ng tid varnat f\u00f6r detta och vi har kommit med konstruktiva f\u00f6rslag f\u00f6r att v\u00e4nda utvecklingen. Vi har ofta f\u00e5tt h\u00f6ra att allt \u00e4r under kontroll, att \u00e5tg\u00e4rder inte beh\u00f6ver vidtas. H\u00e4r st\u00e5r vi nu, med en verklighet som s\u00e4ger n\u00e5got helt annat.<\/p>\n<p>I morgon, onsdag 20 november, n\u00e4r finansplanen f\u00f6r 2020-2022 ska beslutas av regionfullm\u00e4ktige, forts\u00e4tter vi att l\u00e4gga ytterligare konkreta f\u00f6rslag f\u00f6r att v\u00e4nda utvecklingen. Det handlar fr\u00e4mst om f\u00f6ljande omr\u00e5den: Generalplan f\u00f6r b\u00e4ttre tillg\u00e4nglighet, strategi f\u00f6r minskning av antalet administrativa medarbetare, strategi f\u00f6r l\u00e4kemedelshantering, strategi f\u00f6r samverkan med andra regioner och en politisk organisation f\u00f6r framtidens behov.<\/p>\n<p>N\u00e4r budgeten f\u00f6r Region \u00d6sterg\u00f6tland beslutades i juni m\u00e5nad valde en majoritet av regionfullm\u00e4ktige att r\u00f6sta igenom en skatteh\u00f6jning med 85 \u00f6re. Vi var emot och lade ist\u00e4llet fram f\u00f6rslag som syftade till att ta tag i grundproblemen i v\u00e5rden. Men vi r\u00f6stades ner.<\/p>\n<p>Vi kan nu tyv\u00e4rr konstatera att den styrande minoriteten (S, C, L och MP) inte f\u00f6rm\u00e5tt v\u00e4nda den ekonomiska utvecklingen f\u00f6r h\u00e4lso- och sjukv\u00e5rdsverksamheten. Inte heller har de \u00e5tg\u00e4rder koalitionen vidtagit haft effekt. Det g\u00f6r att situationen \u00e4r s\u00e5 k\u00f6rd i botten att vi inte kan f\u00f6resl\u00e5 en skattes\u00e4nkning i nul\u00e4get. Vi vill dock vara tydliga med att skatten, s\u00e5 snart det \u00e4r m\u00f6jligt, ska s\u00e4nkas.<\/p>\n<p>Nu beh\u00f6vs ett starkt politiskt ledarskap, som inte blundar f\u00f6r problemen och som s\u00e4tter den politiska prestigen \u00e5t sidan. Vi kommer forts\u00e4tta att komma med konkreta f\u00f6rslag och \u00e5tg\u00e4rder f\u00f6r att f\u00e5 Region \u00d6sterg\u00f6tland p\u00e5 f\u00f6tter igen.<\/p>\n<p>Marie Morell (M), oppositionsr\u00e5d<br \/>\nFredrik Sj\u00f6strand (M), oppositionsr\u00e5d<br \/>\nPer Larsson (KD), oppositionsr\u00e5d<\/p>\n","protected":false},"excerpt":{"rendered":"<p>DEBATT i Corren 2019-11-19 https:\/\/corren.se\/asikter\/debatt\/nu-maste-vardkrisen-i-ostergotland-vandas-om6385964.aspx Region \u00d6sterg\u00f6tland befinner sig i ett mycket allvarligt l\u00e4ge, med rekordstora underskott i v\u00e5rden och v\u00e4xande v\u00e5rdk\u00f6er. Och tyv\u00e4rr g\u00e5r utvecklingen \u00e5t helt fel h\u00e5ll. Vi kallar det f\u00f6r v\u00e5rdkris. Men ordvalet \u00e4r inte det viktiga. Det allvarliga \u00e4r att v\u00e5rdk\u00f6erna, som vi s\u00e5 ofta pratar om, inte handlar om <a class=\"read-more-link\" href=\"https:\/\/wp.kristdemokraterna.se\/regionostergotland\/nu-maste-vardkrisen-i-ostergotland-vandas\/\">Read More<\/a><\/p>\n","protected":false},"author":737,"featured_media":0,"comment_status":"closed","ping_status":"closed","sticky":false,"template":"","format":"standard","meta":{"_acf_changed":false,"footnotes":""},"categories":[1],"tags":[],"class_list":["post-1273","post","type-post","status-publish","format-standard","hentry","category-nyheter"],"acf":[],"yoast_head":"<!-- This site is optimized with the Yoast SEO plugin v27.5 - https:\/\/yoast.com\/product\/yoast-seo-wordpress\/ -->\n<title>Nu m\u00e5ste v\u00e5rdkrisen i \u00d6sterg\u00f6tland v\u00e4ndas - i Region \u00d6sterg\u00f6tland<\/title>\n<meta name=\"robots\" content=\"index, follow, max-snippet:-1, max-image-preview:large, max-video-preview:-1\" \/>\n<link rel=\"canonical\" href=\"https:\/\/wp.kristdemokraterna.se\/regionostergotland\/nu-maste-vardkrisen-i-ostergotland-vandas\/\" \/>\n<meta property=\"og:locale\" content=\"sv_SE\" \/>\n<meta property=\"og:type\" content=\"article\" \/>\n<meta property=\"og:title\" content=\"Nu m\u00e5ste v\u00e5rdkrisen i \u00d6sterg\u00f6tland v\u00e4ndas - i Region \u00d6sterg\u00f6tland\" \/>\n<meta property=\"og:description\" content=\"DEBATT i Corren 2019-11-19 https:\/\/corren.se\/asikter\/debatt\/nu-maste-vardkrisen-i-ostergotland-vandas-om6385964.aspx Region \u00d6sterg\u00f6tland befinner sig i ett mycket allvarligt l\u00e4ge, med rekordstora underskott i v\u00e5rden och v\u00e4xande v\u00e5rdk\u00f6er. Och tyv\u00e4rr g\u00e5r utvecklingen \u00e5t helt fel h\u00e5ll. Vi kallar det f\u00f6r v\u00e5rdkris. Men ordvalet \u00e4r inte det viktiga. Det allvarliga \u00e4r att v\u00e5rdk\u00f6erna, som vi s\u00e5 ofta pratar om, inte handlar om Read More\" \/>\n<meta property=\"og:url\" content=\"https:\/\/wp.kristdemokraterna.se\/regionostergotland\/nu-maste-vardkrisen-i-ostergotland-vandas\/\" \/>\n<meta property=\"og:site_name\" content=\"i Region \u00d6sterg\u00f6tland\" \/>\n<meta property=\"article:published_time\" content=\"2019-11-19T09:32:36+00:00\" \/>\n<meta property=\"article:modified_time\" content=\"2019-11-19T09:35:49+00:00\" \/>\n<meta name=\"author\" content=\"regionostergotland\" \/>\n<meta name=\"twitter:card\" content=\"summary_large_image\" \/>\n<meta name=\"twitter:label1\" content=\"Skriven av\" \/>\n\t<meta name=\"twitter:data1\" content=\"regionostergotland\" \/>\n\t<meta name=\"twitter:label2\" content=\"Ber\u00e4knad l\u00e4stid\" \/>\n\t<meta name=\"twitter:data2\" content=\"3 minuter\" \/>\n<script type=\"application\/ld+json\" class=\"yoast-schema-graph\">{\"@context\":\"https:\\\/\\\/schema.org\",\"@graph\":[{\"@type\":\"Article\",\"@id\":\"https:\\\/\\\/wp.kristdemokraterna.se\\\/regionostergotland\\\/nu-maste-vardkrisen-i-ostergotland-vandas\\\/#article\",\"isPartOf\":{\"@id\":\"https:\\\/\\\/wp.kristdemokraterna.se\\\/regionostergotland\\\/nu-maste-vardkrisen-i-ostergotland-vandas\\\/\"},\"author\":{\"name\":\"regionostergotland\",\"@id\":\"https:\\\/\\\/wp.kristdemokraterna.se\\\/regionostergotland\\\/#\\\/schema\\\/person\\\/74c3c4f502fcc489722a7be0dfe0088c\"},\"headline\":\"Nu m\u00e5ste v\u00e5rdkrisen i \u00d6sterg\u00f6tland v\u00e4ndas\",\"datePublished\":\"2019-11-19T09:32:36+00:00\",\"dateModified\":\"2019-11-19T09:35:49+00:00\",\"mainEntityOfPage\":{\"@id\":\"https:\\\/\\\/wp.kristdemokraterna.se\\\/regionostergotland\\\/nu-maste-vardkrisen-i-ostergotland-vandas\\\/\"},\"wordCount\":592,\"articleSection\":[\"Nyheter\"],\"inLanguage\":\"sv-SE\"},{\"@type\":\"WebPage\",\"@id\":\"https:\\\/\\\/wp.kristdemokraterna.se\\\/regionostergotland\\\/nu-maste-vardkrisen-i-ostergotland-vandas\\\/\",\"url\":\"https:\\\/\\\/wp.kristdemokraterna.se\\\/regionostergotland\\\/nu-maste-vardkrisen-i-ostergotland-vandas\\\/\",\"name\":\"Nu m\u00e5ste v\u00e5rdkrisen i \u00d6sterg\u00f6tland v\u00e4ndas - i Region \u00d6sterg\u00f6tland\",\"isPartOf\":{\"@id\":\"https:\\\/\\\/wp.kristdemokraterna.se\\\/regionostergotland\\\/#website\"},\"datePublished\":\"2019-11-19T09:32:36+00:00\",\"dateModified\":\"2019-11-19T09:35:49+00:00\",\"author\":{\"@id\":\"https:\\\/\\\/wp.kristdemokraterna.se\\\/regionostergotland\\\/#\\\/schema\\\/person\\\/74c3c4f502fcc489722a7be0dfe0088c\"},\"breadcrumb\":{\"@id\":\"https:\\\/\\\/wp.kristdemokraterna.se\\\/regionostergotland\\\/nu-maste-vardkrisen-i-ostergotland-vandas\\\/#breadcrumb\"},\"inLanguage\":\"sv-SE\",\"potentialAction\":[{\"@type\":\"ReadAction\",\"target\":[\"https:\\\/\\\/wp.kristdemokraterna.se\\\/regionostergotland\\\/nu-maste-vardkrisen-i-ostergotland-vandas\\\/\"]}]},{\"@type\":\"BreadcrumbList\",\"@id\":\"https:\\\/\\\/wp.kristdemokraterna.se\\\/regionostergotland\\\/nu-maste-vardkrisen-i-ostergotland-vandas\\\/#breadcrumb\",\"itemListElement\":[{\"@type\":\"ListItem\",\"position\":1,\"name\":\"Hem\",\"item\":\"https:\\\/\\\/wp.kristdemokraterna.se\\\/regionostergotland\\\/\"},{\"@type\":\"ListItem\",\"position\":2,\"name\":\"Nu m\u00e5ste v\u00e5rdkrisen i \u00d6sterg\u00f6tland v\u00e4ndas\"}]},{\"@type\":\"WebSite\",\"@id\":\"https:\\\/\\\/wp.kristdemokraterna.se\\\/regionostergotland\\\/#website\",\"url\":\"https:\\\/\\\/wp.kristdemokraterna.se\\\/regionostergotland\\\/\",\"name\":\"i Region \u00d6sterg\u00f6tland\",\"description\":\"\",\"inLanguage\":\"sv-SE\"},{\"@type\":\"Person\",\"@id\":\"https:\\\/\\\/wp.kristdemokraterna.se\\\/regionostergotland\\\/#\\\/schema\\\/person\\\/74c3c4f502fcc489722a7be0dfe0088c\",\"name\":\"regionostergotland\",\"image\":{\"@type\":\"ImageObject\",\"inLanguage\":\"sv-SE\",\"@id\":\"https:\\\/\\\/secure.gravatar.com\\\/avatar\\\/8fb8f0a216e627554da57506bfaf78d677f45512f24f703e185ec701423b1e92?s=96&d=mm&r=g\",\"url\":\"https:\\\/\\\/secure.gravatar.com\\\/avatar\\\/8fb8f0a216e627554da57506bfaf78d677f45512f24f703e185ec701423b1e92?s=96&d=mm&r=g\",\"contentUrl\":\"https:\\\/\\\/secure.gravatar.com\\\/avatar\\\/8fb8f0a216e627554da57506bfaf78d677f45512f24f703e185ec701423b1e92?s=96&d=mm&r=g\",\"caption\":\"regionostergotland\"},\"url\":\"https:\\\/\\\/wp.kristdemokraterna.se\\\/regionostergotland\\\/author\\\/regionostergotland\\\/\"}]}<\/script>\n<!-- \/ Yoast SEO plugin. -->","yoast_head_json":{"title":"Nu m\u00e5ste v\u00e5rdkrisen i \u00d6sterg\u00f6tland v\u00e4ndas - i Region \u00d6sterg\u00f6tland","robots":{"index":"index","follow":"follow","max-snippet":"max-snippet:-1","max-image-preview":"max-image-preview:large","max-video-preview":"max-video-preview:-1"},"canonical":"https:\/\/wp.kristdemokraterna.se\/regionostergotland\/nu-maste-vardkrisen-i-ostergotland-vandas\/","og_locale":"sv_SE","og_type":"article","og_title":"Nu m\u00e5ste v\u00e5rdkrisen i \u00d6sterg\u00f6tland v\u00e4ndas - i Region \u00d6sterg\u00f6tland","og_description":"DEBATT i Corren 2019-11-19 https:\/\/corren.se\/asikter\/debatt\/nu-maste-vardkrisen-i-ostergotland-vandas-om6385964.aspx Region \u00d6sterg\u00f6tland befinner sig i ett mycket allvarligt l\u00e4ge, med rekordstora underskott i v\u00e5rden och v\u00e4xande v\u00e5rdk\u00f6er. Och tyv\u00e4rr g\u00e5r utvecklingen \u00e5t helt fel h\u00e5ll. Vi kallar det f\u00f6r v\u00e5rdkris. Men ordvalet \u00e4r inte det viktiga. Det allvarliga \u00e4r att v\u00e5rdk\u00f6erna, som vi s\u00e5 ofta pratar om, inte handlar om Read More","og_url":"https:\/\/wp.kristdemokraterna.se\/regionostergotland\/nu-maste-vardkrisen-i-ostergotland-vandas\/","og_site_name":"i Region \u00d6sterg\u00f6tland","article_published_time":"2019-11-19T09:32:36+00:00","article_modified_time":"2019-11-19T09:35:49+00:00","author":"regionostergotland","twitter_card":"summary_large_image","twitter_misc":{"Skriven av":"regionostergotland","Ber\u00e4knad l\u00e4stid":"3 minuter"},"schema":{"@context":"https:\/\/schema.org","@graph":[{"@type":"Article","@id":"https:\/\/wp.kristdemokraterna.se\/regionostergotland\/nu-maste-vardkrisen-i-ostergotland-vandas\/#article","isPartOf":{"@id":"https:\/\/wp.kristdemokraterna.se\/regionostergotland\/nu-maste-vardkrisen-i-ostergotland-vandas\/"},"author":{"name":"regionostergotland","@id":"https:\/\/wp.kristdemokraterna.se\/regionostergotland\/#\/schema\/person\/74c3c4f502fcc489722a7be0dfe0088c"},"headline":"Nu m\u00e5ste v\u00e5rdkrisen i \u00d6sterg\u00f6tland v\u00e4ndas","datePublished":"2019-11-19T09:32:36+00:00","dateModified":"2019-11-19T09:35:49+00:00","mainEntityOfPage":{"@id":"https:\/\/wp.kristdemokraterna.se\/regionostergotland\/nu-maste-vardkrisen-i-ostergotland-vandas\/"},"wordCount":592,"articleSection":["Nyheter"],"inLanguage":"sv-SE"},{"@type":"WebPage","@id":"https:\/\/wp.kristdemokraterna.se\/regionostergotland\/nu-maste-vardkrisen-i-ostergotland-vandas\/","url":"https:\/\/wp.kristdemokraterna.se\/regionostergotland\/nu-maste-vardkrisen-i-ostergotland-vandas\/","name":"Nu m\u00e5ste v\u00e5rdkrisen i \u00d6sterg\u00f6tland v\u00e4ndas - i Region \u00d6sterg\u00f6tland","isPartOf":{"@id":"https:\/\/wp.kristdemokraterna.se\/regionostergotland\/#website"},"datePublished":"2019-11-19T09:32:36+00:00","dateModified":"2019-11-19T09:35:49+00:00","author":{"@id":"https:\/\/wp.kristdemokraterna.se\/regionostergotland\/#\/schema\/person\/74c3c4f502fcc489722a7be0dfe0088c"},"breadcrumb":{"@id":"https:\/\/wp.kristdemokraterna.se\/regionostergotland\/nu-maste-vardkrisen-i-ostergotland-vandas\/#breadcrumb"},"inLanguage":"sv-SE","potentialAction":[{"@type":"ReadAction","target":["https:\/\/wp.kristdemokraterna.se\/regionostergotland\/nu-maste-vardkrisen-i-ostergotland-vandas\/"]}]},{"@type":"BreadcrumbList","@id":"https:\/\/wp.kristdemokraterna.se\/regionostergotland\/nu-maste-vardkrisen-i-ostergotland-vandas\/#breadcrumb","itemListElement":[{"@type":"ListItem","position":1,"name":"Hem","item":"https:\/\/wp.kristdemokraterna.se\/regionostergotland\/"},{"@type":"ListItem","position":2,"name":"Nu m\u00e5ste v\u00e5rdkrisen i \u00d6sterg\u00f6tland v\u00e4ndas"}]},{"@type":"WebSite","@id":"https:\/\/wp.kristdemokraterna.se\/regionostergotland\/#website","url":"https:\/\/wp.kristdemokraterna.se\/regionostergotland\/","name":"i Region \u00d6sterg\u00f6tland","description":"","inLanguage":"sv-SE"},{"@type":"Person","@id":"https:\/\/wp.kristdemokraterna.se\/regionostergotland\/#\/schema\/person\/74c3c4f502fcc489722a7be0dfe0088c","name":"regionostergotland","image":{"@type":"ImageObject","inLanguage":"sv-SE","@id":"https:\/\/secure.gravatar.com\/avatar\/8fb8f0a216e627554da57506bfaf78d677f45512f24f703e185ec701423b1e92?s=96&d=mm&r=g","url":"https:\/\/secure.gravatar.com\/avatar\/8fb8f0a216e627554da57506bfaf78d677f45512f24f703e185ec701423b1e92?s=96&d=mm&r=g","contentUrl":"https:\/\/secure.gravatar.com\/avatar\/8fb8f0a216e627554da57506bfaf78d677f45512f24f703e185ec701423b1e92?s=96&d=mm&r=g","caption":"regionostergotland"},"url":"https:\/\/wp.kristdemokraterna.se\/regionostergotland\/author\/regionostergotland\/"}]}},"_links":{"self":[{"href":"https:\/\/wp.kristdemokraterna.se\/regionostergotland\/wp-json\/wp\/v2\/posts\/1273","targetHints":{"allow":["GET"]}}],"collection":[{"href":"https:\/\/wp.kristdemokraterna.se\/regionostergotland\/wp-json\/wp\/v2\/posts"}],"about":[{"href":"https:\/\/wp.kristdemokraterna.se\/regionostergotland\/wp-json\/wp\/v2\/types\/post"}],"author":[{"embeddable":true,"href":"https:\/\/wp.kristdemokraterna.se\/regionostergotland\/wp-json\/wp\/v2\/users\/737"}],"replies":[{"embeddable":true,"href":"https:\/\/wp.kristdemokraterna.se\/regionostergotland\/wp-json\/wp\/v2\/comments?post=1273"}],"version-history":[{"count":2,"href":"https:\/\/wp.kristdemokraterna.se\/regionostergotland\/wp-json\/wp\/v2\/posts\/1273\/revisions"}],"predecessor-version":[{"id":1277,"href":"https:\/\/wp.kristdemokraterna.se\/regionostergotland\/wp-json\/wp\/v2\/posts\/1273\/revisions\/1277"}],"wp:attachment":[{"href":"https:\/\/wp.kristdemokraterna.se\/regionostergotland\/wp-json\/wp\/v2\/media?parent=1273"}],"wp:term":[{"taxonomy":"category","embeddable":true,"href":"https:\/\/wp.kristdemokraterna.se\/regionostergotland\/wp-json\/wp\/v2\/categories?post=1273"},{"taxonomy":"post_tag","embeddable":true,"href":"https:\/\/wp.kristdemokraterna.se\/regionostergotland\/wp-json\/wp\/v2\/tags?post=1273"}],"curies":[{"name":"wp","href":"https:\/\/api.w.org\/{rel}","templated":true}]}}