{"id":1306,"date":"2020-01-31T09:19:44","date_gmt":"2020-01-31T08:19:44","guid":{"rendered":"http:\/\/wp.kristdemokraterna.se\/regionostergotland\/?p=1306"},"modified":"2020-01-31T09:20:38","modified_gmt":"2020-01-31T08:20:38","slug":"ambulanshelikopter-ingar-i-en-jamlik-sjukvard","status":"publish","type":"post","link":"https:\/\/wp.kristdemokraterna.se\/regionostergotland\/ambulanshelikopter-ingar-i-en-jamlik-sjukvard\/","title":{"rendered":"Ambulanshelikopter ing\u00e5r i en j\u00e4mlik sjukv\u00e5rd"},"content":{"rendered":"<p><strong>Snabb transport med ambulanshelikopter till Universitetssjukhuset kan r\u00e4dda liv och undvika l\u00e5ngvarigt m\u00e4nskligt lidande, framh\u00e5ller fyra kristdemokratiska regionpolitiker.<\/strong><\/p>\n<p><a href=\"https:\/\/www.corren.se\/asikter\/debatt\/ambulanshelikopter-ingar-i-en-jamlik-sjukvard-om6482959.aspx\" target=\"_blank\" rel=\"noopener noreferrer\">https:\/\/www.corren.se\/asikter\/debatt\/ambulanshelikopter-ingar-i-en-jamlik-sjukvard-om6482959.aspx<\/a><\/p>\n<p><!--more--><\/p>\n<p>Fr\u00e5gan om regionala ambulanshelikoptrar lyfter igen. Bland annat redogjorde Dagens Nyheter nyligen f\u00f6r att det endast \u00e4r 9 av 21 regioner i Sverige som har en egen ambulanshelikopter. Tyv\u00e4rr \u00e4r inte v\u00e5r sjukv\u00e5rdsregion, Syd\u00f6stra sjukv\u00e5rdsregionen d\u00e4r Region \u00d6sterg\u00f6tland ing\u00e5r tillsammans med Region J\u00f6nk\u00f6pings l\u00e4n och Region Kalmar l\u00e4n, en av dessa.<\/p>\n<p>Vi menar att oavsett vem man \u00e4r eller var man bor ska man kunna lita p\u00e5 att f\u00e5 den v\u00e5rd man beh\u00f6ver n\u00e4r den beh\u00f6vs. V\u00e5rden ska vara s\u00e4ker, j\u00e4mlik, av god kvalitet och bygga p\u00e5 b\u00e4sta tillg\u00e4ngliga kunskap. Ambulanshelikopter \u00e4r en del i den j\u00e4mlika v\u00e5rden.<\/p>\n<p>F\u00f6r m\u00e4nniskor som bor l\u00e5ngt ifr\u00e5n v\u00e5ra st\u00f6rre sjukhus, d\u00e4r huvuddelen av den avancerade specialistsjukv\u00e5rden ges, har dock idag inte samma f\u00f6ruts\u00e4ttningar att f\u00e5 den v\u00e5rd de beh\u00f6ver.<\/p>\n<p>Vi har exempel p\u00e5 flera platser i v\u00e5r sjukv\u00e5rdsregion, bland annat stora omr\u00e5den l\u00e4ngs med den \u00f6stg\u00f6tska \u00d6stersj\u00f6kusten, d\u00e4r en v\u00e4gambulans inte alltid hinner fram till Universitetssjukhuset i Link\u00f6ping n\u00e4r en akut behandling av en stroke beh\u00f6ver s\u00e4ttas in. I v\u00e4rsta fall \u00f6verlever inte den drabbade, och g\u00f6r man det \u00e4r risken stor att man resten av livet f\u00e5r leva med omfattande funktionsneds\u00e4ttning.<\/p>\n<p>F\u00f6r dessa, och m\u00e5nga andra behov, skulle en snabb transport med ambulanshelikopter direkt till Universitetssjukhuset kunna r\u00e4dda liv och undvika l\u00e5ngvarigt m\u00e4nskligt lidande. Dessutom \u00e4r omfattande samh\u00e4llsekonomiska vinster att v\u00e4nta, genom att behov av insatser i form av rehabilitering, hemtj\u00e4nst och v\u00e5rdboende uteblir eller minskar, samt att arbetsf\u00f6rm\u00e5ga kvarst\u00e5r och d\u00e4rmed m\u00f6jlighet att genom skatteinbetalningar bidra till v\u00e5r gemensamma v\u00e4lf\u00e4rd.<\/p>\n<p>I nul\u00e4get saknar Sverige en gemensam organisation f\u00f6r ambulanshelikoptrar, ist\u00e4llet \u00e4r det upp till varje region att hantera fr\u00e5gan. F\u00f6r den som f\u00f6ljt med i debatten kring \u00e4mnet \u00e4r det ingen nyhet var Kristdemokraterna st\u00e5r i fr\u00e5gan. Vi har p\u00e5 olika s\u00e4tt drivit p\u00e5 f\u00f6r att Syd\u00f6stra sjukv\u00e5rdsregionen ska ha en egen ambulanshelikopter, bland annat genom en motion till regionfullm\u00e4ktige i Region \u00d6sterg\u00f6tland. Trots att flera utredningar pekar p\u00e5 b\u00e5de behov och nytta valde samverkansn\u00e4mnden att f\u00f6rra \u00e5ret s\u00e4ga nej till en gemensam helikopter.<\/p>\n<p>Vid Kristdemokraternas riksting oktober 2019 antogs en motion om att verka f\u00f6r att staten tar \u00f6ver ansvaret f\u00f6r ett nationellt helikoptersystem. Vi kan ocks\u00e5 konstatera att fler partier \u00e4r inne p\u00e5 samma linje, d\u00e5 bland annat Socialdemokraterna inf\u00f6r valet 2018 lovade mer pengar till riktat st\u00f6d, f\u00f6r att dagens nio helikoptrar ska bli femton p\u00e5 sikt. Pengar som vi \u00e4nnu inte sett.<\/p>\n<p>Nu \u00e4r det dags att g\u00e5 fr\u00e5n vall\u00f6fte till verkstad. F\u00f6r att s\u00e4kerst\u00e4lla en j\u00e4mlik v\u00e5rd i hela v\u00e5rt land beh\u00f6ver dagens nio ambulanshelikoptrar bli fler.<\/p>\n<p><strong>Per Larsson (KD), oppositionsr\u00e5d och gruppledare i Region \u00d6sterg\u00f6tland<\/strong><br \/>\n<strong>Stefan Red\u00e9en (KD), ledamot i regionstyrelsen<\/strong><br \/>\n<strong>Lena K\u00e4cker Johansson (KD), ledamot i h\u00e4lso- och sjukv\u00e5rdsn\u00e4mnden<\/strong><br \/>\n<strong>Birgitta Waern (KD), ledamot i h\u00e4lso- och sjukv\u00e5rdsn\u00e4mnden<\/strong><\/p>\n","protected":false},"excerpt":{"rendered":"<p>Snabb transport med ambulanshelikopter till Universitetssjukhuset kan r\u00e4dda liv och undvika l\u00e5ngvarigt m\u00e4nskligt lidande, framh\u00e5ller fyra kristdemokratiska regionpolitiker. https:\/\/www.corren.se\/asikter\/debatt\/ambulanshelikopter-ingar-i-en-jamlik-sjukvard-om6482959.aspx<\/p>\n","protected":false},"author":737,"featured_media":0,"comment_status":"closed","ping_status":"closed","sticky":false,"template":"","format":"standard","meta":{"_acf_changed":false,"footnotes":""},"categories":[1],"tags":[],"class_list":["post-1306","post","type-post","status-publish","format-standard","hentry","category-nyheter"],"acf":[],"yoast_head":"<!-- This site is optimized with the Yoast SEO plugin v27.5 - https:\/\/yoast.com\/product\/yoast-seo-wordpress\/ -->\n<title>Ambulanshelikopter ing\u00e5r i en j\u00e4mlik sjukv\u00e5rd - i Region \u00d6sterg\u00f6tland<\/title>\n<meta name=\"robots\" content=\"index, follow, max-snippet:-1, max-image-preview:large, max-video-preview:-1\" \/>\n<link rel=\"canonical\" href=\"https:\/\/wp.kristdemokraterna.se\/regionostergotland\/ambulanshelikopter-ingar-i-en-jamlik-sjukvard\/\" \/>\n<meta property=\"og:locale\" content=\"sv_SE\" \/>\n<meta property=\"og:type\" content=\"article\" \/>\n<meta property=\"og:title\" content=\"Ambulanshelikopter ing\u00e5r i en j\u00e4mlik sjukv\u00e5rd - i Region \u00d6sterg\u00f6tland\" \/>\n<meta property=\"og:description\" content=\"Snabb transport med ambulanshelikopter till Universitetssjukhuset kan r\u00e4dda liv och undvika l\u00e5ngvarigt m\u00e4nskligt lidande, framh\u00e5ller fyra kristdemokratiska regionpolitiker. https:\/\/www.corren.se\/asikter\/debatt\/ambulanshelikopter-ingar-i-en-jamlik-sjukvard-om6482959.aspx\" \/>\n<meta property=\"og:url\" content=\"https:\/\/wp.kristdemokraterna.se\/regionostergotland\/ambulanshelikopter-ingar-i-en-jamlik-sjukvard\/\" \/>\n<meta property=\"og:site_name\" content=\"i Region \u00d6sterg\u00f6tland\" \/>\n<meta property=\"article:published_time\" content=\"2020-01-31T08:19:44+00:00\" \/>\n<meta property=\"article:modified_time\" content=\"2020-01-31T08:20:38+00:00\" \/>\n<meta name=\"author\" content=\"regionostergotland\" \/>\n<meta name=\"twitter:card\" content=\"summary_large_image\" \/>\n<meta name=\"twitter:label1\" content=\"Skriven av\" \/>\n\t<meta name=\"twitter:data1\" content=\"regionostergotland\" \/>\n\t<meta name=\"twitter:label2\" content=\"Ber\u00e4knad l\u00e4stid\" \/>\n\t<meta name=\"twitter:data2\" content=\"3 minuter\" \/>\n<script type=\"application\/ld+json\" class=\"yoast-schema-graph\">{\"@context\":\"https:\\\/\\\/schema.org\",\"@graph\":[{\"@type\":\"Article\",\"@id\":\"https:\\\/\\\/wp.kristdemokraterna.se\\\/regionostergotland\\\/ambulanshelikopter-ingar-i-en-jamlik-sjukvard\\\/#article\",\"isPartOf\":{\"@id\":\"https:\\\/\\\/wp.kristdemokraterna.se\\\/regionostergotland\\\/ambulanshelikopter-ingar-i-en-jamlik-sjukvard\\\/\"},\"author\":{\"name\":\"regionostergotland\",\"@id\":\"https:\\\/\\\/wp.kristdemokraterna.se\\\/regionostergotland\\\/#\\\/schema\\\/person\\\/74c3c4f502fcc489722a7be0dfe0088c\"},\"headline\":\"Ambulanshelikopter ing\u00e5r i en j\u00e4mlik sjukv\u00e5rd\",\"datePublished\":\"2020-01-31T08:19:44+00:00\",\"dateModified\":\"2020-01-31T08:20:38+00:00\",\"mainEntityOfPage\":{\"@id\":\"https:\\\/\\\/wp.kristdemokraterna.se\\\/regionostergotland\\\/ambulanshelikopter-ingar-i-en-jamlik-sjukvard\\\/\"},\"wordCount\":600,\"articleSection\":[\"Nyheter\"],\"inLanguage\":\"sv-SE\"},{\"@type\":\"WebPage\",\"@id\":\"https:\\\/\\\/wp.kristdemokraterna.se\\\/regionostergotland\\\/ambulanshelikopter-ingar-i-en-jamlik-sjukvard\\\/\",\"url\":\"https:\\\/\\\/wp.kristdemokraterna.se\\\/regionostergotland\\\/ambulanshelikopter-ingar-i-en-jamlik-sjukvard\\\/\",\"name\":\"Ambulanshelikopter ing\u00e5r i en j\u00e4mlik sjukv\u00e5rd - i Region \u00d6sterg\u00f6tland\",\"isPartOf\":{\"@id\":\"https:\\\/\\\/wp.kristdemokraterna.se\\\/regionostergotland\\\/#website\"},\"datePublished\":\"2020-01-31T08:19:44+00:00\",\"dateModified\":\"2020-01-31T08:20:38+00:00\",\"author\":{\"@id\":\"https:\\\/\\\/wp.kristdemokraterna.se\\\/regionostergotland\\\/#\\\/schema\\\/person\\\/74c3c4f502fcc489722a7be0dfe0088c\"},\"breadcrumb\":{\"@id\":\"https:\\\/\\\/wp.kristdemokraterna.se\\\/regionostergotland\\\/ambulanshelikopter-ingar-i-en-jamlik-sjukvard\\\/#breadcrumb\"},\"inLanguage\":\"sv-SE\",\"potentialAction\":[{\"@type\":\"ReadAction\",\"target\":[\"https:\\\/\\\/wp.kristdemokraterna.se\\\/regionostergotland\\\/ambulanshelikopter-ingar-i-en-jamlik-sjukvard\\\/\"]}]},{\"@type\":\"BreadcrumbList\",\"@id\":\"https:\\\/\\\/wp.kristdemokraterna.se\\\/regionostergotland\\\/ambulanshelikopter-ingar-i-en-jamlik-sjukvard\\\/#breadcrumb\",\"itemListElement\":[{\"@type\":\"ListItem\",\"position\":1,\"name\":\"Hem\",\"item\":\"https:\\\/\\\/wp.kristdemokraterna.se\\\/regionostergotland\\\/\"},{\"@type\":\"ListItem\",\"position\":2,\"name\":\"Ambulanshelikopter ing\u00e5r i en j\u00e4mlik sjukv\u00e5rd\"}]},{\"@type\":\"WebSite\",\"@id\":\"https:\\\/\\\/wp.kristdemokraterna.se\\\/regionostergotland\\\/#website\",\"url\":\"https:\\\/\\\/wp.kristdemokraterna.se\\\/regionostergotland\\\/\",\"name\":\"i Region \u00d6sterg\u00f6tland\",\"description\":\"\",\"inLanguage\":\"sv-SE\"},{\"@type\":\"Person\",\"@id\":\"https:\\\/\\\/wp.kristdemokraterna.se\\\/regionostergotland\\\/#\\\/schema\\\/person\\\/74c3c4f502fcc489722a7be0dfe0088c\",\"name\":\"regionostergotland\",\"image\":{\"@type\":\"ImageObject\",\"inLanguage\":\"sv-SE\",\"@id\":\"https:\\\/\\\/secure.gravatar.com\\\/avatar\\\/8fb8f0a216e627554da57506bfaf78d677f45512f24f703e185ec701423b1e92?s=96&d=mm&r=g\",\"url\":\"https:\\\/\\\/secure.gravatar.com\\\/avatar\\\/8fb8f0a216e627554da57506bfaf78d677f45512f24f703e185ec701423b1e92?s=96&d=mm&r=g\",\"contentUrl\":\"https:\\\/\\\/secure.gravatar.com\\\/avatar\\\/8fb8f0a216e627554da57506bfaf78d677f45512f24f703e185ec701423b1e92?s=96&d=mm&r=g\",\"caption\":\"regionostergotland\"},\"url\":\"https:\\\/\\\/wp.kristdemokraterna.se\\\/regionostergotland\\\/author\\\/regionostergotland\\\/\"}]}<\/script>\n<!-- \/ Yoast SEO plugin. -->","yoast_head_json":{"title":"Ambulanshelikopter ing\u00e5r i en j\u00e4mlik sjukv\u00e5rd - i Region \u00d6sterg\u00f6tland","robots":{"index":"index","follow":"follow","max-snippet":"max-snippet:-1","max-image-preview":"max-image-preview:large","max-video-preview":"max-video-preview:-1"},"canonical":"https:\/\/wp.kristdemokraterna.se\/regionostergotland\/ambulanshelikopter-ingar-i-en-jamlik-sjukvard\/","og_locale":"sv_SE","og_type":"article","og_title":"Ambulanshelikopter ing\u00e5r i en j\u00e4mlik sjukv\u00e5rd - i Region \u00d6sterg\u00f6tland","og_description":"Snabb transport med ambulanshelikopter till Universitetssjukhuset kan r\u00e4dda liv och undvika l\u00e5ngvarigt m\u00e4nskligt lidande, framh\u00e5ller fyra kristdemokratiska regionpolitiker. https:\/\/www.corren.se\/asikter\/debatt\/ambulanshelikopter-ingar-i-en-jamlik-sjukvard-om6482959.aspx","og_url":"https:\/\/wp.kristdemokraterna.se\/regionostergotland\/ambulanshelikopter-ingar-i-en-jamlik-sjukvard\/","og_site_name":"i Region \u00d6sterg\u00f6tland","article_published_time":"2020-01-31T08:19:44+00:00","article_modified_time":"2020-01-31T08:20:38+00:00","author":"regionostergotland","twitter_card":"summary_large_image","twitter_misc":{"Skriven av":"regionostergotland","Ber\u00e4knad l\u00e4stid":"3 minuter"},"schema":{"@context":"https:\/\/schema.org","@graph":[{"@type":"Article","@id":"https:\/\/wp.kristdemokraterna.se\/regionostergotland\/ambulanshelikopter-ingar-i-en-jamlik-sjukvard\/#article","isPartOf":{"@id":"https:\/\/wp.kristdemokraterna.se\/regionostergotland\/ambulanshelikopter-ingar-i-en-jamlik-sjukvard\/"},"author":{"name":"regionostergotland","@id":"https:\/\/wp.kristdemokraterna.se\/regionostergotland\/#\/schema\/person\/74c3c4f502fcc489722a7be0dfe0088c"},"headline":"Ambulanshelikopter ing\u00e5r i en j\u00e4mlik sjukv\u00e5rd","datePublished":"2020-01-31T08:19:44+00:00","dateModified":"2020-01-31T08:20:38+00:00","mainEntityOfPage":{"@id":"https:\/\/wp.kristdemokraterna.se\/regionostergotland\/ambulanshelikopter-ingar-i-en-jamlik-sjukvard\/"},"wordCount":600,"articleSection":["Nyheter"],"inLanguage":"sv-SE"},{"@type":"WebPage","@id":"https:\/\/wp.kristdemokraterna.se\/regionostergotland\/ambulanshelikopter-ingar-i-en-jamlik-sjukvard\/","url":"https:\/\/wp.kristdemokraterna.se\/regionostergotland\/ambulanshelikopter-ingar-i-en-jamlik-sjukvard\/","name":"Ambulanshelikopter ing\u00e5r i en j\u00e4mlik sjukv\u00e5rd - i Region \u00d6sterg\u00f6tland","isPartOf":{"@id":"https:\/\/wp.kristdemokraterna.se\/regionostergotland\/#website"},"datePublished":"2020-01-31T08:19:44+00:00","dateModified":"2020-01-31T08:20:38+00:00","author":{"@id":"https:\/\/wp.kristdemokraterna.se\/regionostergotland\/#\/schema\/person\/74c3c4f502fcc489722a7be0dfe0088c"},"breadcrumb":{"@id":"https:\/\/wp.kristdemokraterna.se\/regionostergotland\/ambulanshelikopter-ingar-i-en-jamlik-sjukvard\/#breadcrumb"},"inLanguage":"sv-SE","potentialAction":[{"@type":"ReadAction","target":["https:\/\/wp.kristdemokraterna.se\/regionostergotland\/ambulanshelikopter-ingar-i-en-jamlik-sjukvard\/"]}]},{"@type":"BreadcrumbList","@id":"https:\/\/wp.kristdemokraterna.se\/regionostergotland\/ambulanshelikopter-ingar-i-en-jamlik-sjukvard\/#breadcrumb","itemListElement":[{"@type":"ListItem","position":1,"name":"Hem","item":"https:\/\/wp.kristdemokraterna.se\/regionostergotland\/"},{"@type":"ListItem","position":2,"name":"Ambulanshelikopter ing\u00e5r i en j\u00e4mlik sjukv\u00e5rd"}]},{"@type":"WebSite","@id":"https:\/\/wp.kristdemokraterna.se\/regionostergotland\/#website","url":"https:\/\/wp.kristdemokraterna.se\/regionostergotland\/","name":"i Region \u00d6sterg\u00f6tland","description":"","inLanguage":"sv-SE"},{"@type":"Person","@id":"https:\/\/wp.kristdemokraterna.se\/regionostergotland\/#\/schema\/person\/74c3c4f502fcc489722a7be0dfe0088c","name":"regionostergotland","image":{"@type":"ImageObject","inLanguage":"sv-SE","@id":"https:\/\/secure.gravatar.com\/avatar\/8fb8f0a216e627554da57506bfaf78d677f45512f24f703e185ec701423b1e92?s=96&d=mm&r=g","url":"https:\/\/secure.gravatar.com\/avatar\/8fb8f0a216e627554da57506bfaf78d677f45512f24f703e185ec701423b1e92?s=96&d=mm&r=g","contentUrl":"https:\/\/secure.gravatar.com\/avatar\/8fb8f0a216e627554da57506bfaf78d677f45512f24f703e185ec701423b1e92?s=96&d=mm&r=g","caption":"regionostergotland"},"url":"https:\/\/wp.kristdemokraterna.se\/regionostergotland\/author\/regionostergotland\/"}]}},"_links":{"self":[{"href":"https:\/\/wp.kristdemokraterna.se\/regionostergotland\/wp-json\/wp\/v2\/posts\/1306","targetHints":{"allow":["GET"]}}],"collection":[{"href":"https:\/\/wp.kristdemokraterna.se\/regionostergotland\/wp-json\/wp\/v2\/posts"}],"about":[{"href":"https:\/\/wp.kristdemokraterna.se\/regionostergotland\/wp-json\/wp\/v2\/types\/post"}],"author":[{"embeddable":true,"href":"https:\/\/wp.kristdemokraterna.se\/regionostergotland\/wp-json\/wp\/v2\/users\/737"}],"replies":[{"embeddable":true,"href":"https:\/\/wp.kristdemokraterna.se\/regionostergotland\/wp-json\/wp\/v2\/comments?post=1306"}],"version-history":[{"count":2,"href":"https:\/\/wp.kristdemokraterna.se\/regionostergotland\/wp-json\/wp\/v2\/posts\/1306\/revisions"}],"predecessor-version":[{"id":1308,"href":"https:\/\/wp.kristdemokraterna.se\/regionostergotland\/wp-json\/wp\/v2\/posts\/1306\/revisions\/1308"}],"wp:attachment":[{"href":"https:\/\/wp.kristdemokraterna.se\/regionostergotland\/wp-json\/wp\/v2\/media?parent=1306"}],"wp:term":[{"taxonomy":"category","embeddable":true,"href":"https:\/\/wp.kristdemokraterna.se\/regionostergotland\/wp-json\/wp\/v2\/categories?post=1306"},{"taxonomy":"post_tag","embeddable":true,"href":"https:\/\/wp.kristdemokraterna.se\/regionostergotland\/wp-json\/wp\/v2\/tags?post=1306"}],"curies":[{"name":"wp","href":"https:\/\/api.w.org\/{rel}","templated":true}]}}