{"id":1319,"date":"2020-02-12T09:17:16","date_gmt":"2020-02-12T08:17:16","guid":{"rendered":"http:\/\/wp.kristdemokraterna.se\/regionostergotland\/?p=1319"},"modified":"2020-02-12T09:17:16","modified_gmt":"2020-02-12T08:17:16","slug":"slopat-vardval-drabbar-de-svagaste","status":"publish","type":"post","link":"https:\/\/wp.kristdemokraterna.se\/regionostergotland\/slopat-vardval-drabbar-de-svagaste\/","title":{"rendered":"Slopat v\u00e5rdval drabbar de svagaste"},"content":{"rendered":"<p><strong>Det \u00e4r tydligt att det h\u00e4r f\u00f6rslaget \u00e4r baserat p\u00e5 den socialdemokratiska partiboken snarare \u00e4n vad som \u00e4r b\u00e4st f\u00f6r patienterna, skriver regionpolitikerna Fredrik Sj\u00f6strand (M) och Lena K\u00e4cker Johansson (KD).<\/strong><\/p>\n<p><!--more--><\/p>\n<p>Den styrande minoriteten i Region \u00d6sterg\u00f6tland (S, C, L och MP) har beslutat att avskaffa v\u00e5rdvalet inom den vuxenpsykiatriska \u00f6ppenv\u00e5rden. Ett beslut som Moderaterna och Kristdemokraterna kraftfullt \u00e4r emot d\u00e5 det drabbar de allra svagaste. Varf\u00f6r vill den S-ledda koalitionen inte att personer med psykiatriska besv\u00e4r ska ha r\u00e4tten att v\u00e4lja sin v\u00e5rd?<\/p>\n<p>Socialdemokraterna s\u00e4ger sig ofta v\u00e4rna de svaga i samh\u00e4llet. D\u00e4rf\u00f6r blir det h\u00e4r beslutet obegripligt. Man rycker nu bort m\u00f6jligheten f\u00f6r personer med psykiatriska besv\u00e4r att v\u00e4lja \u2013 eller kanske \u00e4nnu viktigare v\u00e4lja bort \u2013 v\u00e5rdgivare i en period av livet d\u00e5 sk\u00f6rheten \u00e4r som st\u00f6rst och trygghet och tillit som viktigast.<\/p>\n<p>Att avskaffa v\u00e5rdvalet kommer utan tvekan att p\u00e5verka patienterna negativt. De patienter med l\u00e5ngvariga kontakter med specialistpsykiatrin kommer att f\u00e5 byta utf\u00f6rare vid denna upphandling och vid varje ny upphandling som ger en ny utf\u00f6rare. F\u00f6r de sv\u00e5rast sjuka patienterna kan det f\u00e5 stora konsekvenser, det s\u00e4ger sig sj\u00e4lvt.<\/p>\n<p>Men effekten av det h\u00e4r beslutet blir ocks\u00e5 att\u00a0utbudet av psykiatrisk v\u00e5rd begr\u00e4nsas i \u00d6sterg\u00f6tland och att utvecklingen bromsas upp. Genomf\u00f6r man en traditionell upphandling till l\u00e4gsta pris kommer minst tre \u00f6ppenv\u00e5rdsmottagningar att beh\u00f6va st\u00e4nga. Huruvida man t\u00e4nker sig en s\u00e5dan modell eller inte v\u00e4grar den politiska ledningen att svara p\u00e5 \u2013 bara det skapar oro.<\/p>\n<p>Det \u00e4r tydligt att det h\u00e4r f\u00f6rslaget \u00e4r baserat p\u00e5 den socialdemokratiska partiboken, snarare \u00e4n vad som \u00e4r b\u00e4st f\u00f6r patienterna. Det som f\u00f6rv\u00e5nar mest \u00e4r hur Liberalerna och Centerpartiet kan g\u00e5 med p\u00e5 detta. Hur motiverar de b\u00e5da partierna att m\u00f6jligheten att v\u00e4lja v\u00e5rd skulle vara d\u00e5ligt f\u00f6r just den h\u00e4r patientgruppen? F\u00f6r det m\u00e5ste \u00e4nd\u00e5 ses som en kov\u00e4ndning \u00e4ven fr\u00e5n deras sida, d\u00e5 samma konstellation partier faktiskt inf\u00f6rde v\u00e5rdvalet 2015.<\/p>\n<p>I nul\u00e4get, med det fattade beslutet om att v\u00e5rdvalet ska slopas, \u00e4r os\u00e4kerheten stor f\u00f6r hur framtidens \u00f6ppenv\u00e5rdspsykiatri ska se ut. N\u00e4r regionfullm\u00e4ktige samlas i veckan kr\u00e4ver vi d\u00e4rf\u00f6r svar fr\u00e5n den styrande minoriteten. Vi g\u00f6r det f\u00f6r de patienter som nu \u00e4r oroliga och vi g\u00f6r det f\u00f6r att vi v\u00e4rnar om en v\u00e4l fungerande psykiatri i \u00d6sterg\u00f6tland.<\/p>\n<p><strong>Fredrik Sj\u00f6strand (M), oppositionsr\u00e5d och 2:e vice ordf\u00f6rande i h\u00e4lso- och sjukv\u00e5rdsn\u00e4mnden<\/strong><br \/>\n<strong>Lena K\u00e4cker Johansson (KD), ledamot i h\u00e4lso- och sjukv\u00e5rdsn\u00e4mnden<\/strong><\/p>\n","protected":false},"excerpt":{"rendered":"<p>Det \u00e4r tydligt att det h\u00e4r f\u00f6rslaget \u00e4r baserat p\u00e5 den socialdemokratiska partiboken snarare \u00e4n vad som \u00e4r b\u00e4st f\u00f6r patienterna, skriver regionpolitikerna Fredrik Sj\u00f6strand (M) och Lena K\u00e4cker Johansson (KD).<\/p>\n","protected":false},"author":737,"featured_media":0,"comment_status":"closed","ping_status":"closed","sticky":false,"template":"","format":"standard","meta":{"_acf_changed":false,"footnotes":""},"categories":[1],"tags":[],"class_list":["post-1319","post","type-post","status-publish","format-standard","hentry","category-nyheter"],"acf":[],"yoast_head":"<!-- This site is optimized with the Yoast SEO plugin v27.5 - https:\/\/yoast.com\/product\/yoast-seo-wordpress\/ -->\n<title>Slopat v\u00e5rdval drabbar de svagaste - i Region \u00d6sterg\u00f6tland<\/title>\n<meta name=\"robots\" content=\"index, follow, max-snippet:-1, max-image-preview:large, max-video-preview:-1\" \/>\n<link rel=\"canonical\" href=\"https:\/\/wp.kristdemokraterna.se\/regionostergotland\/slopat-vardval-drabbar-de-svagaste\/\" \/>\n<meta property=\"og:locale\" content=\"sv_SE\" \/>\n<meta property=\"og:type\" content=\"article\" \/>\n<meta property=\"og:title\" content=\"Slopat v\u00e5rdval drabbar de svagaste - i Region \u00d6sterg\u00f6tland\" \/>\n<meta property=\"og:description\" content=\"Det \u00e4r tydligt att det h\u00e4r f\u00f6rslaget \u00e4r baserat p\u00e5 den socialdemokratiska partiboken snarare \u00e4n vad som \u00e4r b\u00e4st f\u00f6r patienterna, skriver regionpolitikerna Fredrik Sj\u00f6strand (M) och Lena K\u00e4cker Johansson (KD).\" \/>\n<meta property=\"og:url\" content=\"https:\/\/wp.kristdemokraterna.se\/regionostergotland\/slopat-vardval-drabbar-de-svagaste\/\" \/>\n<meta property=\"og:site_name\" content=\"i Region \u00d6sterg\u00f6tland\" \/>\n<meta property=\"article:published_time\" content=\"2020-02-12T08:17:16+00:00\" \/>\n<meta name=\"author\" content=\"regionostergotland\" \/>\n<meta name=\"twitter:card\" content=\"summary_large_image\" \/>\n<meta name=\"twitter:label1\" content=\"Skriven av\" \/>\n\t<meta name=\"twitter:data1\" content=\"regionostergotland\" \/>\n\t<meta name=\"twitter:label2\" content=\"Ber\u00e4knad l\u00e4stid\" \/>\n\t<meta name=\"twitter:data2\" content=\"2 minuter\" \/>\n<script type=\"application\/ld+json\" class=\"yoast-schema-graph\">{\"@context\":\"https:\\\/\\\/schema.org\",\"@graph\":[{\"@type\":\"Article\",\"@id\":\"https:\\\/\\\/wp.kristdemokraterna.se\\\/regionostergotland\\\/slopat-vardval-drabbar-de-svagaste\\\/#article\",\"isPartOf\":{\"@id\":\"https:\\\/\\\/wp.kristdemokraterna.se\\\/regionostergotland\\\/slopat-vardval-drabbar-de-svagaste\\\/\"},\"author\":{\"name\":\"regionostergotland\",\"@id\":\"https:\\\/\\\/wp.kristdemokraterna.se\\\/regionostergotland\\\/#\\\/schema\\\/person\\\/74c3c4f502fcc489722a7be0dfe0088c\"},\"headline\":\"Slopat v\u00e5rdval drabbar de svagaste\",\"datePublished\":\"2020-02-12T08:17:16+00:00\",\"mainEntityOfPage\":{\"@id\":\"https:\\\/\\\/wp.kristdemokraterna.se\\\/regionostergotland\\\/slopat-vardval-drabbar-de-svagaste\\\/\"},\"wordCount\":493,\"articleSection\":[\"Nyheter\"],\"inLanguage\":\"sv-SE\"},{\"@type\":\"WebPage\",\"@id\":\"https:\\\/\\\/wp.kristdemokraterna.se\\\/regionostergotland\\\/slopat-vardval-drabbar-de-svagaste\\\/\",\"url\":\"https:\\\/\\\/wp.kristdemokraterna.se\\\/regionostergotland\\\/slopat-vardval-drabbar-de-svagaste\\\/\",\"name\":\"Slopat v\u00e5rdval drabbar de svagaste - i Region \u00d6sterg\u00f6tland\",\"isPartOf\":{\"@id\":\"https:\\\/\\\/wp.kristdemokraterna.se\\\/regionostergotland\\\/#website\"},\"datePublished\":\"2020-02-12T08:17:16+00:00\",\"author\":{\"@id\":\"https:\\\/\\\/wp.kristdemokraterna.se\\\/regionostergotland\\\/#\\\/schema\\\/person\\\/74c3c4f502fcc489722a7be0dfe0088c\"},\"breadcrumb\":{\"@id\":\"https:\\\/\\\/wp.kristdemokraterna.se\\\/regionostergotland\\\/slopat-vardval-drabbar-de-svagaste\\\/#breadcrumb\"},\"inLanguage\":\"sv-SE\",\"potentialAction\":[{\"@type\":\"ReadAction\",\"target\":[\"https:\\\/\\\/wp.kristdemokraterna.se\\\/regionostergotland\\\/slopat-vardval-drabbar-de-svagaste\\\/\"]}]},{\"@type\":\"BreadcrumbList\",\"@id\":\"https:\\\/\\\/wp.kristdemokraterna.se\\\/regionostergotland\\\/slopat-vardval-drabbar-de-svagaste\\\/#breadcrumb\",\"itemListElement\":[{\"@type\":\"ListItem\",\"position\":1,\"name\":\"Hem\",\"item\":\"https:\\\/\\\/wp.kristdemokraterna.se\\\/regionostergotland\\\/\"},{\"@type\":\"ListItem\",\"position\":2,\"name\":\"Slopat v\u00e5rdval drabbar de svagaste\"}]},{\"@type\":\"WebSite\",\"@id\":\"https:\\\/\\\/wp.kristdemokraterna.se\\\/regionostergotland\\\/#website\",\"url\":\"https:\\\/\\\/wp.kristdemokraterna.se\\\/regionostergotland\\\/\",\"name\":\"i Region \u00d6sterg\u00f6tland\",\"description\":\"\",\"inLanguage\":\"sv-SE\"},{\"@type\":\"Person\",\"@id\":\"https:\\\/\\\/wp.kristdemokraterna.se\\\/regionostergotland\\\/#\\\/schema\\\/person\\\/74c3c4f502fcc489722a7be0dfe0088c\",\"name\":\"regionostergotland\",\"image\":{\"@type\":\"ImageObject\",\"inLanguage\":\"sv-SE\",\"@id\":\"https:\\\/\\\/secure.gravatar.com\\\/avatar\\\/8fb8f0a216e627554da57506bfaf78d677f45512f24f703e185ec701423b1e92?s=96&d=mm&r=g\",\"url\":\"https:\\\/\\\/secure.gravatar.com\\\/avatar\\\/8fb8f0a216e627554da57506bfaf78d677f45512f24f703e185ec701423b1e92?s=96&d=mm&r=g\",\"contentUrl\":\"https:\\\/\\\/secure.gravatar.com\\\/avatar\\\/8fb8f0a216e627554da57506bfaf78d677f45512f24f703e185ec701423b1e92?s=96&d=mm&r=g\",\"caption\":\"regionostergotland\"},\"url\":\"https:\\\/\\\/wp.kristdemokraterna.se\\\/regionostergotland\\\/author\\\/regionostergotland\\\/\"}]}<\/script>\n<!-- \/ Yoast SEO plugin. -->","yoast_head_json":{"title":"Slopat v\u00e5rdval drabbar de svagaste - i Region \u00d6sterg\u00f6tland","robots":{"index":"index","follow":"follow","max-snippet":"max-snippet:-1","max-image-preview":"max-image-preview:large","max-video-preview":"max-video-preview:-1"},"canonical":"https:\/\/wp.kristdemokraterna.se\/regionostergotland\/slopat-vardval-drabbar-de-svagaste\/","og_locale":"sv_SE","og_type":"article","og_title":"Slopat v\u00e5rdval drabbar de svagaste - i Region \u00d6sterg\u00f6tland","og_description":"Det \u00e4r tydligt att det h\u00e4r f\u00f6rslaget \u00e4r baserat p\u00e5 den socialdemokratiska partiboken snarare \u00e4n vad som \u00e4r b\u00e4st f\u00f6r patienterna, skriver regionpolitikerna Fredrik Sj\u00f6strand (M) och Lena K\u00e4cker Johansson (KD).","og_url":"https:\/\/wp.kristdemokraterna.se\/regionostergotland\/slopat-vardval-drabbar-de-svagaste\/","og_site_name":"i Region \u00d6sterg\u00f6tland","article_published_time":"2020-02-12T08:17:16+00:00","author":"regionostergotland","twitter_card":"summary_large_image","twitter_misc":{"Skriven av":"regionostergotland","Ber\u00e4knad l\u00e4stid":"2 minuter"},"schema":{"@context":"https:\/\/schema.org","@graph":[{"@type":"Article","@id":"https:\/\/wp.kristdemokraterna.se\/regionostergotland\/slopat-vardval-drabbar-de-svagaste\/#article","isPartOf":{"@id":"https:\/\/wp.kristdemokraterna.se\/regionostergotland\/slopat-vardval-drabbar-de-svagaste\/"},"author":{"name":"regionostergotland","@id":"https:\/\/wp.kristdemokraterna.se\/regionostergotland\/#\/schema\/person\/74c3c4f502fcc489722a7be0dfe0088c"},"headline":"Slopat v\u00e5rdval drabbar de svagaste","datePublished":"2020-02-12T08:17:16+00:00","mainEntityOfPage":{"@id":"https:\/\/wp.kristdemokraterna.se\/regionostergotland\/slopat-vardval-drabbar-de-svagaste\/"},"wordCount":493,"articleSection":["Nyheter"],"inLanguage":"sv-SE"},{"@type":"WebPage","@id":"https:\/\/wp.kristdemokraterna.se\/regionostergotland\/slopat-vardval-drabbar-de-svagaste\/","url":"https:\/\/wp.kristdemokraterna.se\/regionostergotland\/slopat-vardval-drabbar-de-svagaste\/","name":"Slopat v\u00e5rdval drabbar de svagaste - i Region \u00d6sterg\u00f6tland","isPartOf":{"@id":"https:\/\/wp.kristdemokraterna.se\/regionostergotland\/#website"},"datePublished":"2020-02-12T08:17:16+00:00","author":{"@id":"https:\/\/wp.kristdemokraterna.se\/regionostergotland\/#\/schema\/person\/74c3c4f502fcc489722a7be0dfe0088c"},"breadcrumb":{"@id":"https:\/\/wp.kristdemokraterna.se\/regionostergotland\/slopat-vardval-drabbar-de-svagaste\/#breadcrumb"},"inLanguage":"sv-SE","potentialAction":[{"@type":"ReadAction","target":["https:\/\/wp.kristdemokraterna.se\/regionostergotland\/slopat-vardval-drabbar-de-svagaste\/"]}]},{"@type":"BreadcrumbList","@id":"https:\/\/wp.kristdemokraterna.se\/regionostergotland\/slopat-vardval-drabbar-de-svagaste\/#breadcrumb","itemListElement":[{"@type":"ListItem","position":1,"name":"Hem","item":"https:\/\/wp.kristdemokraterna.se\/regionostergotland\/"},{"@type":"ListItem","position":2,"name":"Slopat v\u00e5rdval drabbar de svagaste"}]},{"@type":"WebSite","@id":"https:\/\/wp.kristdemokraterna.se\/regionostergotland\/#website","url":"https:\/\/wp.kristdemokraterna.se\/regionostergotland\/","name":"i Region \u00d6sterg\u00f6tland","description":"","inLanguage":"sv-SE"},{"@type":"Person","@id":"https:\/\/wp.kristdemokraterna.se\/regionostergotland\/#\/schema\/person\/74c3c4f502fcc489722a7be0dfe0088c","name":"regionostergotland","image":{"@type":"ImageObject","inLanguage":"sv-SE","@id":"https:\/\/secure.gravatar.com\/avatar\/8fb8f0a216e627554da57506bfaf78d677f45512f24f703e185ec701423b1e92?s=96&d=mm&r=g","url":"https:\/\/secure.gravatar.com\/avatar\/8fb8f0a216e627554da57506bfaf78d677f45512f24f703e185ec701423b1e92?s=96&d=mm&r=g","contentUrl":"https:\/\/secure.gravatar.com\/avatar\/8fb8f0a216e627554da57506bfaf78d677f45512f24f703e185ec701423b1e92?s=96&d=mm&r=g","caption":"regionostergotland"},"url":"https:\/\/wp.kristdemokraterna.se\/regionostergotland\/author\/regionostergotland\/"}]}},"_links":{"self":[{"href":"https:\/\/wp.kristdemokraterna.se\/regionostergotland\/wp-json\/wp\/v2\/posts\/1319","targetHints":{"allow":["GET"]}}],"collection":[{"href":"https:\/\/wp.kristdemokraterna.se\/regionostergotland\/wp-json\/wp\/v2\/posts"}],"about":[{"href":"https:\/\/wp.kristdemokraterna.se\/regionostergotland\/wp-json\/wp\/v2\/types\/post"}],"author":[{"embeddable":true,"href":"https:\/\/wp.kristdemokraterna.se\/regionostergotland\/wp-json\/wp\/v2\/users\/737"}],"replies":[{"embeddable":true,"href":"https:\/\/wp.kristdemokraterna.se\/regionostergotland\/wp-json\/wp\/v2\/comments?post=1319"}],"version-history":[{"count":1,"href":"https:\/\/wp.kristdemokraterna.se\/regionostergotland\/wp-json\/wp\/v2\/posts\/1319\/revisions"}],"predecessor-version":[{"id":1321,"href":"https:\/\/wp.kristdemokraterna.se\/regionostergotland\/wp-json\/wp\/v2\/posts\/1319\/revisions\/1321"}],"wp:attachment":[{"href":"https:\/\/wp.kristdemokraterna.se\/regionostergotland\/wp-json\/wp\/v2\/media?parent=1319"}],"wp:term":[{"taxonomy":"category","embeddable":true,"href":"https:\/\/wp.kristdemokraterna.se\/regionostergotland\/wp-json\/wp\/v2\/categories?post=1319"},{"taxonomy":"post_tag","embeddable":true,"href":"https:\/\/wp.kristdemokraterna.se\/regionostergotland\/wp-json\/wp\/v2\/tags?post=1319"}],"curies":[{"name":"wp","href":"https:\/\/api.w.org\/{rel}","templated":true}]}}