{"id":1336,"date":"2020-03-03T11:30:27","date_gmt":"2020-03-03T10:30:27","guid":{"rendered":"http:\/\/wp.kristdemokraterna.se\/regionostergotland\/?p=1336"},"modified":"2020-03-03T11:31:14","modified_gmt":"2020-03-03T10:31:14","slug":"obekvama-tider-ska-markas-i-planboken","status":"publish","type":"post","link":"https:\/\/wp.kristdemokraterna.se\/regionostergotland\/obekvama-tider-ska-markas-i-planboken\/","title":{"rendered":"Obekv\u00e4ma tider ska m\u00e4rkas i pl\u00e5nboken"},"content":{"rendered":"<p>Ins\u00e4ndare Svar p\u00e5 \u201dG\u00f6r det v\u00e4rt att jobba oregelbundet\u201d (27\/2):<\/p>\n<p>Avs\u00e4ndaren \u201dSjuksk\u00f6terska\u201d lyfter en v\u00e4ldigt viktig fr\u00e5ga om att det m\u00e5ste l\u00f6na sig att arbeta obekv\u00e4ma arbetstider i v\u00e5rden. Vi h\u00e5ller med.<\/p>\n<p>Fr\u00e5gan \u00e4r viktig av flera anledningar. Dels ska det givetvis, p\u00e5 det individuella planet, m\u00e4rkas i pl\u00e5nboken att man arbetar n\u00e4r de flesta andra \u00e4r lediga. Dels \u00e4r det ocks\u00e5, i ett st\u00f6rre perspektiv, viktigt f\u00f6r att s\u00e4kerst\u00e4lla bemanningen p\u00e5 dessa obekv\u00e4ma tider.<\/p>\n<p>D\u00e4rf\u00f6r har Moderaterna och Kristdemokraterna i Region \u00d6sterg\u00f6tland ocks\u00e5 under en l\u00e5ng tid drivit fr\u00e5gan om att inf\u00f6ra en generell h\u00f6jning av ob-till\u00e4ggen \u2013 f\u00f6r alla personalkategorier i v\u00e5rden.<\/p>\n<p>Vi st\u00e5r bakom satsningen som g\u00f6rs p\u00e5 s\u00e4rskilt yrkesskickliga sjuksk\u00f6terskor, men vi hade velat se den kombineras med en generell h\u00f6jning av ob-till\u00e4ggen. Det har dock de styrande partierna (S, C, L och MP) sagt nej till, vilket vi beklagar.<\/p>\n<p>Som systemet \u00e4r utformat nu, endast med bonus till s\u00e4rskilt yrkesskickliga, \u00e4r vi mycket oroliga f\u00f6r att vi kommer att tappa viktiga medarbetare inom 24\/sju-verksamheten. Och det kommer drabba \u00f6stg\u00f6tar i behov av v\u00e5rd i f\u00f6rl\u00e4ngningen.<\/p>\n<p>Marie Morell (M), oppositionsr\u00e5d Region \u00d6sterg\u00f6tland<br \/>\nPer Larsson (KD), oppositionsr\u00e5d Region \u00d6sterg\u00f6tland<\/p>\n<p>Publicerat i Norrk\u00f6pings Tidningar 3\/3<br \/>\n<a href=\"https:\/\/nt.se\/asikter\/insandare\/obekvama-tider-ska-markas-i-planboken-om6522191.aspx\" target=\"_blank\" rel=\"noopener noreferrer\">https:\/\/nt.se\/asikter\/insandare\/obekvama-tider-ska-markas-i-planboken-om6522191.aspx<\/a><\/p>\n","protected":false},"excerpt":{"rendered":"<p>Ins\u00e4ndare Svar p\u00e5 \u201dG\u00f6r det v\u00e4rt att jobba oregelbundet\u201d (27\/2): Avs\u00e4ndaren \u201dSjuksk\u00f6terska\u201d lyfter en v\u00e4ldigt viktig fr\u00e5ga om att det m\u00e5ste l\u00f6na sig att arbeta obekv\u00e4ma arbetstider i v\u00e5rden. Vi h\u00e5ller med. Fr\u00e5gan \u00e4r viktig av flera anledningar. Dels ska det givetvis, p\u00e5 det individuella planet, m\u00e4rkas i pl\u00e5nboken att man arbetar n\u00e4r de flesta <a class=\"read-more-link\" href=\"https:\/\/wp.kristdemokraterna.se\/regionostergotland\/obekvama-tider-ska-markas-i-planboken\/\">Read More<\/a><\/p>\n","protected":false},"author":737,"featured_media":0,"comment_status":"closed","ping_status":"closed","sticky":false,"template":"","format":"standard","meta":{"_acf_changed":false,"footnotes":""},"categories":[1],"tags":[],"class_list":["post-1336","post","type-post","status-publish","format-standard","hentry","category-nyheter"],"acf":[],"yoast_head":"<!-- This site is optimized with the Yoast SEO plugin v27.5 - https:\/\/yoast.com\/product\/yoast-seo-wordpress\/ -->\n<title>Obekv\u00e4ma tider ska m\u00e4rkas i pl\u00e5nboken - i Region \u00d6sterg\u00f6tland<\/title>\n<meta name=\"robots\" content=\"index, follow, max-snippet:-1, max-image-preview:large, max-video-preview:-1\" \/>\n<link rel=\"canonical\" href=\"https:\/\/wp.kristdemokraterna.se\/regionostergotland\/obekvama-tider-ska-markas-i-planboken\/\" \/>\n<meta property=\"og:locale\" content=\"sv_SE\" \/>\n<meta property=\"og:type\" content=\"article\" \/>\n<meta property=\"og:title\" content=\"Obekv\u00e4ma tider ska m\u00e4rkas i pl\u00e5nboken - i Region \u00d6sterg\u00f6tland\" \/>\n<meta property=\"og:description\" content=\"Ins\u00e4ndare Svar p\u00e5 \u201dG\u00f6r det v\u00e4rt att jobba oregelbundet\u201d (27\/2): Avs\u00e4ndaren \u201dSjuksk\u00f6terska\u201d lyfter en v\u00e4ldigt viktig fr\u00e5ga om att det m\u00e5ste l\u00f6na sig att arbeta obekv\u00e4ma arbetstider i v\u00e5rden. Vi h\u00e5ller med. Fr\u00e5gan \u00e4r viktig av flera anledningar. Dels ska det givetvis, p\u00e5 det individuella planet, m\u00e4rkas i pl\u00e5nboken att man arbetar n\u00e4r de flesta Read More\" \/>\n<meta property=\"og:url\" content=\"https:\/\/wp.kristdemokraterna.se\/regionostergotland\/obekvama-tider-ska-markas-i-planboken\/\" \/>\n<meta property=\"og:site_name\" content=\"i Region \u00d6sterg\u00f6tland\" \/>\n<meta property=\"article:published_time\" content=\"2020-03-03T10:30:27+00:00\" \/>\n<meta property=\"article:modified_time\" content=\"2020-03-03T10:31:14+00:00\" \/>\n<meta name=\"author\" content=\"regionostergotland\" \/>\n<meta name=\"twitter:card\" content=\"summary_large_image\" \/>\n<meta name=\"twitter:label1\" content=\"Skriven av\" \/>\n\t<meta name=\"twitter:data1\" content=\"regionostergotland\" \/>\n\t<meta name=\"twitter:label2\" content=\"Ber\u00e4knad l\u00e4stid\" \/>\n\t<meta name=\"twitter:data2\" content=\"1 minut\" \/>\n<script type=\"application\/ld+json\" class=\"yoast-schema-graph\">{\"@context\":\"https:\\\/\\\/schema.org\",\"@graph\":[{\"@type\":\"Article\",\"@id\":\"https:\\\/\\\/wp.kristdemokraterna.se\\\/regionostergotland\\\/obekvama-tider-ska-markas-i-planboken\\\/#article\",\"isPartOf\":{\"@id\":\"https:\\\/\\\/wp.kristdemokraterna.se\\\/regionostergotland\\\/obekvama-tider-ska-markas-i-planboken\\\/\"},\"author\":{\"name\":\"regionostergotland\",\"@id\":\"https:\\\/\\\/wp.kristdemokraterna.se\\\/regionostergotland\\\/#\\\/schema\\\/person\\\/74c3c4f502fcc489722a7be0dfe0088c\"},\"headline\":\"Obekv\u00e4ma tider ska m\u00e4rkas i pl\u00e5nboken\",\"datePublished\":\"2020-03-03T10:30:27+00:00\",\"dateModified\":\"2020-03-03T10:31:14+00:00\",\"mainEntityOfPage\":{\"@id\":\"https:\\\/\\\/wp.kristdemokraterna.se\\\/regionostergotland\\\/obekvama-tider-ska-markas-i-planboken\\\/\"},\"wordCount\":258,\"articleSection\":[\"Nyheter\"],\"inLanguage\":\"sv-SE\"},{\"@type\":\"WebPage\",\"@id\":\"https:\\\/\\\/wp.kristdemokraterna.se\\\/regionostergotland\\\/obekvama-tider-ska-markas-i-planboken\\\/\",\"url\":\"https:\\\/\\\/wp.kristdemokraterna.se\\\/regionostergotland\\\/obekvama-tider-ska-markas-i-planboken\\\/\",\"name\":\"Obekv\u00e4ma tider ska m\u00e4rkas i pl\u00e5nboken - i Region \u00d6sterg\u00f6tland\",\"isPartOf\":{\"@id\":\"https:\\\/\\\/wp.kristdemokraterna.se\\\/regionostergotland\\\/#website\"},\"datePublished\":\"2020-03-03T10:30:27+00:00\",\"dateModified\":\"2020-03-03T10:31:14+00:00\",\"author\":{\"@id\":\"https:\\\/\\\/wp.kristdemokraterna.se\\\/regionostergotland\\\/#\\\/schema\\\/person\\\/74c3c4f502fcc489722a7be0dfe0088c\"},\"breadcrumb\":{\"@id\":\"https:\\\/\\\/wp.kristdemokraterna.se\\\/regionostergotland\\\/obekvama-tider-ska-markas-i-planboken\\\/#breadcrumb\"},\"inLanguage\":\"sv-SE\",\"potentialAction\":[{\"@type\":\"ReadAction\",\"target\":[\"https:\\\/\\\/wp.kristdemokraterna.se\\\/regionostergotland\\\/obekvama-tider-ska-markas-i-planboken\\\/\"]}]},{\"@type\":\"BreadcrumbList\",\"@id\":\"https:\\\/\\\/wp.kristdemokraterna.se\\\/regionostergotland\\\/obekvama-tider-ska-markas-i-planboken\\\/#breadcrumb\",\"itemListElement\":[{\"@type\":\"ListItem\",\"position\":1,\"name\":\"Hem\",\"item\":\"https:\\\/\\\/wp.kristdemokraterna.se\\\/regionostergotland\\\/\"},{\"@type\":\"ListItem\",\"position\":2,\"name\":\"Obekv\u00e4ma tider ska m\u00e4rkas i pl\u00e5nboken\"}]},{\"@type\":\"WebSite\",\"@id\":\"https:\\\/\\\/wp.kristdemokraterna.se\\\/regionostergotland\\\/#website\",\"url\":\"https:\\\/\\\/wp.kristdemokraterna.se\\\/regionostergotland\\\/\",\"name\":\"i Region \u00d6sterg\u00f6tland\",\"description\":\"\",\"inLanguage\":\"sv-SE\"},{\"@type\":\"Person\",\"@id\":\"https:\\\/\\\/wp.kristdemokraterna.se\\\/regionostergotland\\\/#\\\/schema\\\/person\\\/74c3c4f502fcc489722a7be0dfe0088c\",\"name\":\"regionostergotland\",\"image\":{\"@type\":\"ImageObject\",\"inLanguage\":\"sv-SE\",\"@id\":\"https:\\\/\\\/secure.gravatar.com\\\/avatar\\\/8fb8f0a216e627554da57506bfaf78d677f45512f24f703e185ec701423b1e92?s=96&d=mm&r=g\",\"url\":\"https:\\\/\\\/secure.gravatar.com\\\/avatar\\\/8fb8f0a216e627554da57506bfaf78d677f45512f24f703e185ec701423b1e92?s=96&d=mm&r=g\",\"contentUrl\":\"https:\\\/\\\/secure.gravatar.com\\\/avatar\\\/8fb8f0a216e627554da57506bfaf78d677f45512f24f703e185ec701423b1e92?s=96&d=mm&r=g\",\"caption\":\"regionostergotland\"},\"url\":\"https:\\\/\\\/wp.kristdemokraterna.se\\\/regionostergotland\\\/author\\\/regionostergotland\\\/\"}]}<\/script>\n<!-- \/ Yoast SEO plugin. -->","yoast_head_json":{"title":"Obekv\u00e4ma tider ska m\u00e4rkas i pl\u00e5nboken - i Region \u00d6sterg\u00f6tland","robots":{"index":"index","follow":"follow","max-snippet":"max-snippet:-1","max-image-preview":"max-image-preview:large","max-video-preview":"max-video-preview:-1"},"canonical":"https:\/\/wp.kristdemokraterna.se\/regionostergotland\/obekvama-tider-ska-markas-i-planboken\/","og_locale":"sv_SE","og_type":"article","og_title":"Obekv\u00e4ma tider ska m\u00e4rkas i pl\u00e5nboken - i Region \u00d6sterg\u00f6tland","og_description":"Ins\u00e4ndare Svar p\u00e5 \u201dG\u00f6r det v\u00e4rt att jobba oregelbundet\u201d (27\/2): Avs\u00e4ndaren \u201dSjuksk\u00f6terska\u201d lyfter en v\u00e4ldigt viktig fr\u00e5ga om att det m\u00e5ste l\u00f6na sig att arbeta obekv\u00e4ma arbetstider i v\u00e5rden. Vi h\u00e5ller med. Fr\u00e5gan \u00e4r viktig av flera anledningar. Dels ska det givetvis, p\u00e5 det individuella planet, m\u00e4rkas i pl\u00e5nboken att man arbetar n\u00e4r de flesta Read More","og_url":"https:\/\/wp.kristdemokraterna.se\/regionostergotland\/obekvama-tider-ska-markas-i-planboken\/","og_site_name":"i Region \u00d6sterg\u00f6tland","article_published_time":"2020-03-03T10:30:27+00:00","article_modified_time":"2020-03-03T10:31:14+00:00","author":"regionostergotland","twitter_card":"summary_large_image","twitter_misc":{"Skriven av":"regionostergotland","Ber\u00e4knad l\u00e4stid":"1 minut"},"schema":{"@context":"https:\/\/schema.org","@graph":[{"@type":"Article","@id":"https:\/\/wp.kristdemokraterna.se\/regionostergotland\/obekvama-tider-ska-markas-i-planboken\/#article","isPartOf":{"@id":"https:\/\/wp.kristdemokraterna.se\/regionostergotland\/obekvama-tider-ska-markas-i-planboken\/"},"author":{"name":"regionostergotland","@id":"https:\/\/wp.kristdemokraterna.se\/regionostergotland\/#\/schema\/person\/74c3c4f502fcc489722a7be0dfe0088c"},"headline":"Obekv\u00e4ma tider ska m\u00e4rkas i pl\u00e5nboken","datePublished":"2020-03-03T10:30:27+00:00","dateModified":"2020-03-03T10:31:14+00:00","mainEntityOfPage":{"@id":"https:\/\/wp.kristdemokraterna.se\/regionostergotland\/obekvama-tider-ska-markas-i-planboken\/"},"wordCount":258,"articleSection":["Nyheter"],"inLanguage":"sv-SE"},{"@type":"WebPage","@id":"https:\/\/wp.kristdemokraterna.se\/regionostergotland\/obekvama-tider-ska-markas-i-planboken\/","url":"https:\/\/wp.kristdemokraterna.se\/regionostergotland\/obekvama-tider-ska-markas-i-planboken\/","name":"Obekv\u00e4ma tider ska m\u00e4rkas i pl\u00e5nboken - i Region \u00d6sterg\u00f6tland","isPartOf":{"@id":"https:\/\/wp.kristdemokraterna.se\/regionostergotland\/#website"},"datePublished":"2020-03-03T10:30:27+00:00","dateModified":"2020-03-03T10:31:14+00:00","author":{"@id":"https:\/\/wp.kristdemokraterna.se\/regionostergotland\/#\/schema\/person\/74c3c4f502fcc489722a7be0dfe0088c"},"breadcrumb":{"@id":"https:\/\/wp.kristdemokraterna.se\/regionostergotland\/obekvama-tider-ska-markas-i-planboken\/#breadcrumb"},"inLanguage":"sv-SE","potentialAction":[{"@type":"ReadAction","target":["https:\/\/wp.kristdemokraterna.se\/regionostergotland\/obekvama-tider-ska-markas-i-planboken\/"]}]},{"@type":"BreadcrumbList","@id":"https:\/\/wp.kristdemokraterna.se\/regionostergotland\/obekvama-tider-ska-markas-i-planboken\/#breadcrumb","itemListElement":[{"@type":"ListItem","position":1,"name":"Hem","item":"https:\/\/wp.kristdemokraterna.se\/regionostergotland\/"},{"@type":"ListItem","position":2,"name":"Obekv\u00e4ma tider ska m\u00e4rkas i pl\u00e5nboken"}]},{"@type":"WebSite","@id":"https:\/\/wp.kristdemokraterna.se\/regionostergotland\/#website","url":"https:\/\/wp.kristdemokraterna.se\/regionostergotland\/","name":"i Region \u00d6sterg\u00f6tland","description":"","inLanguage":"sv-SE"},{"@type":"Person","@id":"https:\/\/wp.kristdemokraterna.se\/regionostergotland\/#\/schema\/person\/74c3c4f502fcc489722a7be0dfe0088c","name":"regionostergotland","image":{"@type":"ImageObject","inLanguage":"sv-SE","@id":"https:\/\/secure.gravatar.com\/avatar\/8fb8f0a216e627554da57506bfaf78d677f45512f24f703e185ec701423b1e92?s=96&d=mm&r=g","url":"https:\/\/secure.gravatar.com\/avatar\/8fb8f0a216e627554da57506bfaf78d677f45512f24f703e185ec701423b1e92?s=96&d=mm&r=g","contentUrl":"https:\/\/secure.gravatar.com\/avatar\/8fb8f0a216e627554da57506bfaf78d677f45512f24f703e185ec701423b1e92?s=96&d=mm&r=g","caption":"regionostergotland"},"url":"https:\/\/wp.kristdemokraterna.se\/regionostergotland\/author\/regionostergotland\/"}]}},"_links":{"self":[{"href":"https:\/\/wp.kristdemokraterna.se\/regionostergotland\/wp-json\/wp\/v2\/posts\/1336","targetHints":{"allow":["GET"]}}],"collection":[{"href":"https:\/\/wp.kristdemokraterna.se\/regionostergotland\/wp-json\/wp\/v2\/posts"}],"about":[{"href":"https:\/\/wp.kristdemokraterna.se\/regionostergotland\/wp-json\/wp\/v2\/types\/post"}],"author":[{"embeddable":true,"href":"https:\/\/wp.kristdemokraterna.se\/regionostergotland\/wp-json\/wp\/v2\/users\/737"}],"replies":[{"embeddable":true,"href":"https:\/\/wp.kristdemokraterna.se\/regionostergotland\/wp-json\/wp\/v2\/comments?post=1336"}],"version-history":[{"count":2,"href":"https:\/\/wp.kristdemokraterna.se\/regionostergotland\/wp-json\/wp\/v2\/posts\/1336\/revisions"}],"predecessor-version":[{"id":1341,"href":"https:\/\/wp.kristdemokraterna.se\/regionostergotland\/wp-json\/wp\/v2\/posts\/1336\/revisions\/1341"}],"wp:attachment":[{"href":"https:\/\/wp.kristdemokraterna.se\/regionostergotland\/wp-json\/wp\/v2\/media?parent=1336"}],"wp:term":[{"taxonomy":"category","embeddable":true,"href":"https:\/\/wp.kristdemokraterna.se\/regionostergotland\/wp-json\/wp\/v2\/categories?post=1336"},{"taxonomy":"post_tag","embeddable":true,"href":"https:\/\/wp.kristdemokraterna.se\/regionostergotland\/wp-json\/wp\/v2\/tags?post=1336"}],"curies":[{"name":"wp","href":"https:\/\/api.w.org\/{rel}","templated":true}]}}