{"id":1367,"date":"2020-04-17T14:38:43","date_gmt":"2020-04-17T12:38:43","guid":{"rendered":"http:\/\/wp.kristdemokraterna.se\/regionostergotland\/?p=1367"},"modified":"2020-04-17T14:38:43","modified_gmt":"2020-04-17T12:38:43","slug":"nyhetsbrev-vecka-16-3","status":"publish","type":"post","link":"https:\/\/wp.kristdemokraterna.se\/regionostergotland\/nyhetsbrev-vecka-16-3\/","title":{"rendered":"Nyhetsbrev vecka 16"},"content":{"rendered":"<p>Hej!<\/p>\n<p>\u00c4ven idag skiner solen fr\u00e5n en klarbl\u00e5 himmel, och nu \u00e4r m\u00e5nga av knopparna utslagna p\u00e5 magnolietr\u00e4den utanf\u00f6r mitt kontorsf\u00f6nster i regionhuset. P\u00e5skveckan inneh\u00e5ller bara fyra ordinarie arbetsdagar efter helgdagen Annandag P\u00e5sk, men har trots det blivit en intensiv arbetsvecka. F\u00f6r n\u00e5gra veckor sedan n\u00e4r Coronapandemins framfart ledde till att m\u00e5nga st\u00f6rre sammantr\u00e4den och konferenser st\u00e4lldes in, s\u00e5g det tidvis ut som att det skulle bli mycket luft i almanackan. Men, m\u00e5nga inplanerade m\u00f6ten har trots allt genomf\u00f6rts, med flera eller alla deltagare p\u00e5 distans, och flera nya sammantr\u00e4den har tillkommit, till f\u00f6ljd av pandemin. Den h\u00e4r veckan har jag varit p\u00e5 sammantr\u00e4den p\u00e5 plats i m\u00f6tesrum i regionhuset, via Skype, Zoom och per telefon. N\u00e5gra nedslag bland veckans m\u00f6ten och aktiviteter, kommer h\u00e4r i veckans nyhetsbrev. Trevlig l\u00e4sning!<\/p>\n<p><!--more--><\/p>\n<p><strong>M\u00f6te med Region Kalmar l\u00e4n om bes\u00f6ksn\u00e4ringsfr\u00e5gor<\/strong><br \/>\nVeckans f\u00f6rsta sammantr\u00e4de, i tisdags f\u00f6rmiddag, var ett m\u00f6te mellan Region \u00d6sterg\u00f6tland och Region Kalmar l\u00e4n om bes\u00f6ksn\u00e4ringsfr\u00e5gor, eller mer specifikt projektet Team \u00d6sterg\u00f6tland. Med start h\u00f6sten 2019 driver Region \u00d6sterg\u00f6tland projektet med medel fr\u00e5n Tillv\u00e4xtverket via Business Sweden, som \u00e4r inriktat p\u00e5 att st\u00e4rka etableringen av utl\u00e4ndska f\u00f6retag, utveckla bes\u00f6ksn\u00e4ringen och bli b\u00e4ttre p\u00e5 att rekrytera talanger. Ut\u00f6ver de tretton \u00f6stg\u00f6tska kommunerna, ing\u00e5r tre kommuner fr\u00e5n Kalmar l\u00e4n i projektet; Vimmerby, Hultsfred och V\u00e4stervik. Extern projektledare f\u00f6r projektet \u00e4r Joakim Ljungqvist, vars f\u00f6retag Place Promotion, vann upphandlingen att leda projektet. Mattias Flodstr\u00f6m, strateg p\u00e5 enheten f\u00f6r tillv\u00e4xt, \u00e4r ansvarig tj\u00e4nsteperson fr\u00e5n Region \u00d6sterg\u00f6tland. Arbetet tog ordentlig fart under h\u00f6sten 2019, och fortsatte starkt under b\u00f6rjan av 2020, men tar nu en paus n\u00e4r det g\u00e4ller aktiviteter med kommuner o.s.v., under den p\u00e5g\u00e5ende Coronapandemin. D\u00e4remot kan en del annat f\u00f6rberedande arbete g\u00f6ras, och t.ex. tisdagens avst\u00e4mningsm\u00f6te genomf\u00f6ras mellan de b\u00e5da regionerna. F\u00f6rsta tr\u00e4ffen, som jag ber\u00e4ttat om i tidigare nyhetsbrev, h\u00f6lls i december i Link\u00f6ping, och den ursprungliga tanken var att i tisdags tr\u00e4ffas i Vimmerby. Men, nu genomf\u00f6rdes ist\u00e4llet m\u00f6tet via Skype. Ut\u00f6ver de ovan n\u00e4mnda projektledarna, deltog fr\u00e5n Region \u00d6sterg\u00f6tland Eva Andersson (S) och jag fr\u00e5n regionutvecklingsn\u00e4mndens presidium, samt fr\u00e5n Region Kalmar l\u00e4n, Karin Helmersson (C), regionr\u00e5d, Anders Andersson (KD), oppositionsr\u00e5d och Karin Ekebj\u00e4r, turismchef. Ett bra och konstruktivt m\u00f6te, d\u00e4r vi bl.a. diskuterade utformningen av en avsiktsf\u00f6rklaring mellan v\u00e5ra b\u00e5da regioner kring det fortsatta gemensamma arbetet, samt en kommunikationsplan f\u00f6r hur arbetet ska kommuniceras externt. Projektets syfte har dessv\u00e4rre inte blivit mindre aktuell av den p\u00e5g\u00e5ende pandemin, d\u00e4r bes\u00f6ksn\u00e4ringen drabbats h\u00e5rd och utvecklingen av sektorn n\u00e4r krisen \u00e4r \u00f6ver, \u00e4r extremt n\u00f6dv\u00e4ndig!<\/p>\n<p><strong>M\u00f6te med ledningsgruppen f\u00f6r Lunnevads folkh\u00f6gskola<\/strong><br \/>\nI onsdags b\u00f6rjade dagen med ett m\u00f6te mellan regionutvecklingsn\u00e4mndens presidium och ledningsgruppen f\u00f6r Region \u00d6sterg\u00f6tlands egen folkh\u00f6gskola, Lunnevads folkh\u00f6gskola. Regionutvecklingsn\u00e4mnden \u00e4r sedan 2015 tillika folkh\u00f6gskolestyrelse f\u00f6r skolan, och n\u00e4mndens presidium har regelbundna m\u00f6ten med rektor och ledningsgrupp. N\u00e4r m\u00f6tet f\u00f6rsta g\u00e5ngen bokades in, var tanken att vi fr\u00e5n presidiet skulle bege oss till skolan, som \u00e4r bel\u00e4gen mellan Vikingstad och Mantorp, men \u00e4ven detta m\u00f6te genomf\u00f6rdes ist\u00e4llet via Skype. Rektor Lena Sahrblom och de tre enhetscheferna Jan Druidh, Leif Segerberg och Erik Ferm, informerade inledningsvis hur distansundervisningen fungerat och utvecklats sedan regeringens beslut i mitten av mars. All undervisning sker p\u00e5 distans, men d\u00e5 en hel del deltagare bor p\u00e5 skolans internat, \u00e4r viss service ig\u00e5ng p\u00e5 skolan, t.ex. serveras fortfarande m\u00e5ltider. Dock delas f\u00e4rdiga frukost- och lunchl\u00e5dor ut efter ett schema, f\u00f6r att undvika att m\u00e5nga samlas i matsalen samtidigt. Det utvecklingsarbete som var ig\u00e5ng p\u00e5 skolan har fortsatt, med vissa omorganisationer och t.ex. utveckling av skolans externa kommunikation, med bl.a. ny hemsida. Att skolans datainfrastruktur nyligen uppdaterats \u00e4r s\u00e4rskilt v\u00e4lkommet nu n\u00e4r all undervisning sker p\u00e5 distans. Trots det speciella omv\u00e4rldsl\u00e4get, en p\u00e5 det hela taget positiv bild av arbetet p\u00e5 Lunnevad!<\/p>\n<p><strong>Telefonm\u00f6te med Kristdemokraternas regionr\u00e5d i hela landet<\/strong><br \/>\nI onsdags eftermiddag kallade partiledningen f\u00f6r andra g\u00e5ngen under Coronapandemin in Kristdemokraternas samtliga regionr\u00e5d i landet till telefonm\u00f6te, f\u00f6r avst\u00e4mningen av l\u00e4get i respektive region och nationellt. M\u00f6tet leddes av Bengt Germundsson, andre vice partiordf\u00f6rande och gruppledare i Sveriges kommuner och regioner (SKR). Ut\u00f6ver alla regionr\u00e5d medverkade ocks\u00e5 partiets representanter i riksdagens socialutskott, med dess ordf\u00f6rande Acko Ankarberg Johansson i spetsen. Det \u00e4r v\u00e4rdefullt att p\u00e5 detta s\u00e4tt f\u00e5 ta del av hur l\u00e4get ser ut runt om i landet, och det \u00e4r tydligt att situationen med antal smittande, antal som v\u00e5rdas p\u00e5 sjukhus och antal d\u00f6dsfall, varierar mycket mellan olika regioner. De flesta regionerna har trots allt ett f\u00f6rh\u00e5llandevis lugnt l\u00e4ge, och det \u00e4r imponerande att se hur m\u00e5nga regioner snabbt har st\u00e4llt om verksamhet, hur lokalt n\u00e4ringsliv snabbt kommit ig\u00e5ng med att producera skyddsutrustning o.s.v. M\u00e5nga medarbetare i regionerna g\u00f6r ett oerh\u00f6rt imponerande arbete just nu!<\/p>\n<p><strong>Extra m\u00f6te med Regionalt kompetensforum<\/strong><br \/>\nI g\u00e5r torsdag inleddes dagen med ett extrainsatt m\u00f6te med Regionalt kompetenforum. Forumet tr\u00e4ffas normalt 4-5 g\u00e5nger om \u00e5ret utifr\u00e5n regionens uppdrag att samordna kompetensf\u00f6rs\u00f6rjningsarbetet regionalt. Bland deltagarna finns representanter f\u00f6r arbetsgivareorganisationer, fackf\u00f6rbund, n\u00e4ringslivsorganisationer, Arbetsf\u00f6rmedlingen, L\u00e4nsstyrelsen, Link\u00f6pings Universitet m.fl. Forumet h\u00e5lls ihop av regionen och fr\u00e5n regionutvecklingsn\u00e4mndens presidium deltar Martin Toll\u00e9n (S) och jag som politiska representanter. Syftet med det extra m\u00f6tet var att st\u00e4mma av hur respektive organisation arbetar med tanke p\u00e5 Coronapandemin. Efter inledande informationer fr\u00e5n olika representanter f\u00f6r Region \u00d6sterg\u00f6tland, b\u00e5de vad g\u00e4ller det n\u00e4ringslivsst\u00f6ttande arbetet och kompetensf\u00f6rs\u00f6rjningsarbetet med anledning av pandemin, och regionens roll som arbetsgivare f\u00f6r 13~000 anst\u00e4llda, varav de flesta v\u00e5rdpersonal, fick varje representant i forumet m\u00f6jlighet att kort ber\u00e4tta fr\u00e5n sin organisation. Flera branscher har det enormt besv\u00e4rligt, framf\u00f6rallt inom bes\u00f6ksn\u00e4ring, hotell, restaurang, researrang\u00f6rer o.s.v., andra branscher rullar arbetet p\u00e5 som vanligt och ytterligare andra branscher har sett ett uppsving den senaste tiden. M\u00e5nga insatser \u00e4r p\u00e5 g\u00e5ng b\u00e5de fr\u00e5n offentliga akt\u00f6rer och fr\u00e5n exempelvis branschorganisationer, och planering p\u00e5g\u00e5r ocks\u00e5 parallellt f\u00f6r vilka insatser som kommer att kr\u00e4vas n\u00e4r vi har tagit oss igenom krisen. \u00c4ven h\u00e4r \u00e4r det imponerande att se vilka olika insatser som g\u00f6rs!<\/p>\n<p><strong>M\u00f6te med regionens politiska ledningsgrupp<\/strong><br \/>\nP\u00e5 torsdagens program stod ocks\u00e5 veckans m\u00f6te med regionens politiska ledningsgrupp, f\u00f6r uppdaterad information om regionens arbete p\u00e5 olika fronter med anledning av Coronapandemin. Regional sjukv\u00e5rsledare Rickard Lundin och regiondirekt\u00f6r Krister Bj\u00f6rkegren stod f\u00f6r informationen. L\u00e4get i sjukv\u00e5rden i \u00d6sterg\u00f6tland forts\u00e4tter att under omst\u00e4ndigheterna vara relativt stabilt, med beredskap att vid behov kunna ta emot fler patienter i b\u00e5de slutenv\u00e5rd och intensivv\u00e5rd, \u00e4n s\u00e5 l\u00e4nge tillr\u00e4cklig tillg\u00e5ng till skyddsutrustning och trots vissa enheter med h\u00f6g sjukfr\u00e5nvaro, i nul\u00e4get fungerande personalf\u00f6rs\u00f6rjning p\u00e5 sjukhusen. Antalet patienter som beh\u00f6ver intensivv\u00e5rd har med vissa mindre upp- och nedg\u00e5ngar legat ganska stabilt den senaste veckan. Os\u00e4kerhetsfaktorer den n\u00e4rmaste tiden \u00e4r dels att i slutet av denna vecka och i b\u00f6rjan p\u00e5 n\u00e4sta vecka se om p\u00e5skhelgen kommer att p\u00e5verka l\u00e4get inom sjukv\u00e5rden, beroende p\u00e5 hur vi i befolkningen f\u00f6ljt myndigheternas rekommendationer, dels hur situationen med smittspridning inom kommunala \u00e4ldreboenden kommer att se ut. \u00c5terigen kan i alla fall konstateras att s\u00e5v\u00e4l personalen inom sjukv\u00e5rden som de som arbetar i den s\u00e4rskilda sjukv\u00e5rdsledningen g\u00f6r ett omfattande och mycket imponerande arbete!<\/p>\n<p><strong>M\u00f6te med Kristdemokraternas nya regionala ombudsman<\/strong><br \/>\nI h\u00f6stas inr\u00e4ttade Kristdemokraternas riksorganisation tj\u00e4nster som regionala ombudsm\u00e4n, som ansvarar f\u00f6r samordning av olika slag f\u00f6r ett antal l\u00e4n. F\u00f6r de tre l\u00e4nen \u00d6sterg\u00f6tlands l\u00e4n, J\u00f6nk\u00f6pings l\u00e4n och Kalmar l\u00e4n, anst\u00e4lldes formellt fr\u00e5n 1 april Christina Landoff som ny regional ombudsman. Christina bor i nul\u00e4get i Sk\u00e4nninge och har dels kommunpolitiska uppdrag i Mj\u00f6lby kommun och finns ocks\u00e5 med i regiongruppen, genom sitt uppdrag i Trafik- och samh\u00e4llsplaneringsn\u00e4mnden. Men, i sin nya roll som regional ombudsman, hade hon idag kallat in politisk sekreterare Fredrik Topplund och mig som gruppledare och oppositionsr\u00e5d i regionen, till ett m\u00f6te f\u00f6r att bl.a. samtala om hur vi kan samverka p\u00e5 b\u00e4sta s\u00e4tt fram\u00f6ver. Ett bra och fram\u00e5tsyftande m\u00f6te!<\/p>\n<p><strong>Planeringsm\u00f6te f\u00f6r kommande hearing om psykisk oh\u00e4lsa<\/strong><br \/>\nSom jag ber\u00e4ttade i f\u00f6rra veckans nyhetsbrev p\u00e5b\u00f6rjade vi d\u00e5 planeringen f\u00f6r en hearing om psykisk oh\u00e4lsa i Coronapandemins sp\u00e5r, inom ramen f\u00f6r det folkh\u00e4lsopolitiska n\u00e4tverket i \u00d6sterg\u00f6tland, efter ett initiativ fr\u00e5n Eva-Britt Sj\u00f6berg (KD), kommunalr\u00e5d i Norrk\u00f6ping. Idag p\u00e5 eftermiddagen fortsatte planeringen genom ytterligare ett planeringsm\u00f6te via Skype. Flera organisationer i civilsamh\u00e4llet har tillfr\u00e5gats att medverka och tackat ja, och detaljerna finslipas p\u00e5. Hearingen kommer att genomf\u00f6ras genom videokonferens tisdag 28 april.<\/p>\n<p>\u00c4ven den kommande helgen ser det ut att bli hyfsat bra v\u00e4der, s\u00e5 det b\u00f6r finnas chans att ge sig ut i naturen. Och sedan forts\u00e4tter vi f\u00f6rst\u00e5s alla att f\u00f6lja folkh\u00e4lsomyndighetens rekommendationer. Ta hand om er och hoppas att ni f\u00e5r en trevlig helg!<\/p>\n<p>Med v\u00e4nlig h\u00e4lsning<br \/>\nPer Larsson<br \/>\nOppositionsr\u00e5d och gruppledare<br \/>\nKristdemokraterna i Region \u00d6sterg\u00f6tland<br \/>\ntfn 010-103 72 84 (arb)<br \/>\ntfn 013-14 11 59 (bost)<br \/>\ntfn 0702-88 21 34 (mobil)<br \/>\nper.larsson@kristdemokraterna.se<\/p>\n","protected":false},"excerpt":{"rendered":"<p>Hej! \u00c4ven idag skiner solen fr\u00e5n en klarbl\u00e5 himmel, och nu \u00e4r m\u00e5nga av knopparna utslagna p\u00e5 magnolietr\u00e4den utanf\u00f6r mitt kontorsf\u00f6nster i regionhuset. P\u00e5skveckan inneh\u00e5ller bara fyra ordinarie arbetsdagar efter helgdagen Annandag P\u00e5sk, men har trots det blivit en intensiv arbetsvecka. F\u00f6r n\u00e5gra veckor sedan n\u00e4r Coronapandemins framfart ledde till att m\u00e5nga st\u00f6rre sammantr\u00e4den och <a class=\"read-more-link\" href=\"https:\/\/wp.kristdemokraterna.se\/regionostergotland\/nyhetsbrev-vecka-16-3\/\">Read More<\/a><\/p>\n","protected":false},"author":737,"featured_media":0,"comment_status":"closed","ping_status":"closed","sticky":false,"template":"","format":"standard","meta":{"_acf_changed":false,"footnotes":""},"categories":[1],"tags":[],"class_list":["post-1367","post","type-post","status-publish","format-standard","hentry","category-nyheter"],"acf":[],"yoast_head":"<!-- This site is optimized with the Yoast SEO plugin v27.5 - https:\/\/yoast.com\/product\/yoast-seo-wordpress\/ -->\n<title>Nyhetsbrev vecka 16 - i Region \u00d6sterg\u00f6tland<\/title>\n<meta name=\"robots\" content=\"index, follow, max-snippet:-1, max-image-preview:large, max-video-preview:-1\" \/>\n<link rel=\"canonical\" href=\"https:\/\/wp.kristdemokraterna.se\/regionostergotland\/nyhetsbrev-vecka-16-3\/\" \/>\n<meta property=\"og:locale\" content=\"sv_SE\" \/>\n<meta property=\"og:type\" content=\"article\" \/>\n<meta property=\"og:title\" content=\"Nyhetsbrev vecka 16 - i Region \u00d6sterg\u00f6tland\" \/>\n<meta property=\"og:description\" content=\"Hej! \u00c4ven idag skiner solen fr\u00e5n en klarbl\u00e5 himmel, och nu \u00e4r m\u00e5nga av knopparna utslagna p\u00e5 magnolietr\u00e4den utanf\u00f6r mitt kontorsf\u00f6nster i regionhuset. P\u00e5skveckan inneh\u00e5ller bara fyra ordinarie arbetsdagar efter helgdagen Annandag P\u00e5sk, men har trots det blivit en intensiv arbetsvecka. F\u00f6r n\u00e5gra veckor sedan n\u00e4r Coronapandemins framfart ledde till att m\u00e5nga st\u00f6rre sammantr\u00e4den och Read More\" \/>\n<meta property=\"og:url\" content=\"https:\/\/wp.kristdemokraterna.se\/regionostergotland\/nyhetsbrev-vecka-16-3\/\" \/>\n<meta property=\"og:site_name\" content=\"i Region \u00d6sterg\u00f6tland\" \/>\n<meta property=\"article:published_time\" content=\"2020-04-17T12:38:43+00:00\" \/>\n<meta property=\"og:image\" content=\"https:\/\/wp.kristdemokraterna.se\/regionostergotland\/files\/2020\/04\/bild-nyhetsbrev-vecka-16-2020.jpg\" \/>\n\t<meta property=\"og:image:width\" content=\"2048\" \/>\n\t<meta property=\"og:image:height\" content=\"1356\" \/>\n\t<meta property=\"og:image:type\" content=\"image\/jpeg\" \/>\n<meta name=\"author\" content=\"regionostergotland\" \/>\n<meta name=\"twitter:card\" content=\"summary_large_image\" \/>\n<meta name=\"twitter:label1\" content=\"Skriven av\" \/>\n\t<meta name=\"twitter:data1\" content=\"regionostergotland\" \/>\n\t<meta name=\"twitter:label2\" content=\"Ber\u00e4knad l\u00e4stid\" \/>\n\t<meta name=\"twitter:data2\" content=\"9 minuter\" \/>\n<script type=\"application\/ld+json\" class=\"yoast-schema-graph\">{\"@context\":\"https:\\\/\\\/schema.org\",\"@graph\":[{\"@type\":\"Article\",\"@id\":\"https:\\\/\\\/wp.kristdemokraterna.se\\\/regionostergotland\\\/nyhetsbrev-vecka-16-3\\\/#article\",\"isPartOf\":{\"@id\":\"https:\\\/\\\/wp.kristdemokraterna.se\\\/regionostergotland\\\/nyhetsbrev-vecka-16-3\\\/\"},\"author\":{\"name\":\"regionostergotland\",\"@id\":\"https:\\\/\\\/wp.kristdemokraterna.se\\\/regionostergotland\\\/#\\\/schema\\\/person\\\/74c3c4f502fcc489722a7be0dfe0088c\"},\"headline\":\"Nyhetsbrev vecka 16\",\"datePublished\":\"2020-04-17T12:38:43+00:00\",\"mainEntityOfPage\":{\"@id\":\"https:\\\/\\\/wp.kristdemokraterna.se\\\/regionostergotland\\\/nyhetsbrev-vecka-16-3\\\/\"},\"wordCount\":1764,\"articleSection\":[\"Nyheter\"],\"inLanguage\":\"sv-SE\"},{\"@type\":\"WebPage\",\"@id\":\"https:\\\/\\\/wp.kristdemokraterna.se\\\/regionostergotland\\\/nyhetsbrev-vecka-16-3\\\/\",\"url\":\"https:\\\/\\\/wp.kristdemokraterna.se\\\/regionostergotland\\\/nyhetsbrev-vecka-16-3\\\/\",\"name\":\"Nyhetsbrev vecka 16 - i Region \u00d6sterg\u00f6tland\",\"isPartOf\":{\"@id\":\"https:\\\/\\\/wp.kristdemokraterna.se\\\/regionostergotland\\\/#website\"},\"datePublished\":\"2020-04-17T12:38:43+00:00\",\"author\":{\"@id\":\"https:\\\/\\\/wp.kristdemokraterna.se\\\/regionostergotland\\\/#\\\/schema\\\/person\\\/74c3c4f502fcc489722a7be0dfe0088c\"},\"breadcrumb\":{\"@id\":\"https:\\\/\\\/wp.kristdemokraterna.se\\\/regionostergotland\\\/nyhetsbrev-vecka-16-3\\\/#breadcrumb\"},\"inLanguage\":\"sv-SE\",\"potentialAction\":[{\"@type\":\"ReadAction\",\"target\":[\"https:\\\/\\\/wp.kristdemokraterna.se\\\/regionostergotland\\\/nyhetsbrev-vecka-16-3\\\/\"]}]},{\"@type\":\"BreadcrumbList\",\"@id\":\"https:\\\/\\\/wp.kristdemokraterna.se\\\/regionostergotland\\\/nyhetsbrev-vecka-16-3\\\/#breadcrumb\",\"itemListElement\":[{\"@type\":\"ListItem\",\"position\":1,\"name\":\"Hem\",\"item\":\"https:\\\/\\\/wp.kristdemokraterna.se\\\/regionostergotland\\\/\"},{\"@type\":\"ListItem\",\"position\":2,\"name\":\"Nyhetsbrev vecka 16\"}]},{\"@type\":\"WebSite\",\"@id\":\"https:\\\/\\\/wp.kristdemokraterna.se\\\/regionostergotland\\\/#website\",\"url\":\"https:\\\/\\\/wp.kristdemokraterna.se\\\/regionostergotland\\\/\",\"name\":\"i Region \u00d6sterg\u00f6tland\",\"description\":\"\",\"inLanguage\":\"sv-SE\"},{\"@type\":\"Person\",\"@id\":\"https:\\\/\\\/wp.kristdemokraterna.se\\\/regionostergotland\\\/#\\\/schema\\\/person\\\/74c3c4f502fcc489722a7be0dfe0088c\",\"name\":\"regionostergotland\",\"image\":{\"@type\":\"ImageObject\",\"inLanguage\":\"sv-SE\",\"@id\":\"https:\\\/\\\/secure.gravatar.com\\\/avatar\\\/8fb8f0a216e627554da57506bfaf78d677f45512f24f703e185ec701423b1e92?s=96&d=mm&r=g\",\"url\":\"https:\\\/\\\/secure.gravatar.com\\\/avatar\\\/8fb8f0a216e627554da57506bfaf78d677f45512f24f703e185ec701423b1e92?s=96&d=mm&r=g\",\"contentUrl\":\"https:\\\/\\\/secure.gravatar.com\\\/avatar\\\/8fb8f0a216e627554da57506bfaf78d677f45512f24f703e185ec701423b1e92?s=96&d=mm&r=g\",\"caption\":\"regionostergotland\"},\"url\":\"https:\\\/\\\/wp.kristdemokraterna.se\\\/regionostergotland\\\/author\\\/regionostergotland\\\/\"}]}<\/script>\n<!-- \/ Yoast SEO plugin. -->","yoast_head_json":{"title":"Nyhetsbrev vecka 16 - i Region \u00d6sterg\u00f6tland","robots":{"index":"index","follow":"follow","max-snippet":"max-snippet:-1","max-image-preview":"max-image-preview:large","max-video-preview":"max-video-preview:-1"},"canonical":"https:\/\/wp.kristdemokraterna.se\/regionostergotland\/nyhetsbrev-vecka-16-3\/","og_locale":"sv_SE","og_type":"article","og_title":"Nyhetsbrev vecka 16 - i Region \u00d6sterg\u00f6tland","og_description":"Hej! \u00c4ven idag skiner solen fr\u00e5n en klarbl\u00e5 himmel, och nu \u00e4r m\u00e5nga av knopparna utslagna p\u00e5 magnolietr\u00e4den utanf\u00f6r mitt kontorsf\u00f6nster i regionhuset. P\u00e5skveckan inneh\u00e5ller bara fyra ordinarie arbetsdagar efter helgdagen Annandag P\u00e5sk, men har trots det blivit en intensiv arbetsvecka. F\u00f6r n\u00e5gra veckor sedan n\u00e4r Coronapandemins framfart ledde till att m\u00e5nga st\u00f6rre sammantr\u00e4den och Read More","og_url":"https:\/\/wp.kristdemokraterna.se\/regionostergotland\/nyhetsbrev-vecka-16-3\/","og_site_name":"i Region \u00d6sterg\u00f6tland","article_published_time":"2020-04-17T12:38:43+00:00","og_image":[{"width":2048,"height":1356,"url":"https:\/\/wp.kristdemokraterna.se\/regionostergotland\/files\/2020\/04\/bild-nyhetsbrev-vecka-16-2020.jpg","type":"image\/jpeg"}],"author":"regionostergotland","twitter_card":"summary_large_image","twitter_misc":{"Skriven av":"regionostergotland","Ber\u00e4knad l\u00e4stid":"9 minuter"},"schema":{"@context":"https:\/\/schema.org","@graph":[{"@type":"Article","@id":"https:\/\/wp.kristdemokraterna.se\/regionostergotland\/nyhetsbrev-vecka-16-3\/#article","isPartOf":{"@id":"https:\/\/wp.kristdemokraterna.se\/regionostergotland\/nyhetsbrev-vecka-16-3\/"},"author":{"name":"regionostergotland","@id":"https:\/\/wp.kristdemokraterna.se\/regionostergotland\/#\/schema\/person\/74c3c4f502fcc489722a7be0dfe0088c"},"headline":"Nyhetsbrev vecka 16","datePublished":"2020-04-17T12:38:43+00:00","mainEntityOfPage":{"@id":"https:\/\/wp.kristdemokraterna.se\/regionostergotland\/nyhetsbrev-vecka-16-3\/"},"wordCount":1764,"articleSection":["Nyheter"],"inLanguage":"sv-SE"},{"@type":"WebPage","@id":"https:\/\/wp.kristdemokraterna.se\/regionostergotland\/nyhetsbrev-vecka-16-3\/","url":"https:\/\/wp.kristdemokraterna.se\/regionostergotland\/nyhetsbrev-vecka-16-3\/","name":"Nyhetsbrev vecka 16 - i Region \u00d6sterg\u00f6tland","isPartOf":{"@id":"https:\/\/wp.kristdemokraterna.se\/regionostergotland\/#website"},"datePublished":"2020-04-17T12:38:43+00:00","author":{"@id":"https:\/\/wp.kristdemokraterna.se\/regionostergotland\/#\/schema\/person\/74c3c4f502fcc489722a7be0dfe0088c"},"breadcrumb":{"@id":"https:\/\/wp.kristdemokraterna.se\/regionostergotland\/nyhetsbrev-vecka-16-3\/#breadcrumb"},"inLanguage":"sv-SE","potentialAction":[{"@type":"ReadAction","target":["https:\/\/wp.kristdemokraterna.se\/regionostergotland\/nyhetsbrev-vecka-16-3\/"]}]},{"@type":"BreadcrumbList","@id":"https:\/\/wp.kristdemokraterna.se\/regionostergotland\/nyhetsbrev-vecka-16-3\/#breadcrumb","itemListElement":[{"@type":"ListItem","position":1,"name":"Hem","item":"https:\/\/wp.kristdemokraterna.se\/regionostergotland\/"},{"@type":"ListItem","position":2,"name":"Nyhetsbrev vecka 16"}]},{"@type":"WebSite","@id":"https:\/\/wp.kristdemokraterna.se\/regionostergotland\/#website","url":"https:\/\/wp.kristdemokraterna.se\/regionostergotland\/","name":"i Region \u00d6sterg\u00f6tland","description":"","inLanguage":"sv-SE"},{"@type":"Person","@id":"https:\/\/wp.kristdemokraterna.se\/regionostergotland\/#\/schema\/person\/74c3c4f502fcc489722a7be0dfe0088c","name":"regionostergotland","image":{"@type":"ImageObject","inLanguage":"sv-SE","@id":"https:\/\/secure.gravatar.com\/avatar\/8fb8f0a216e627554da57506bfaf78d677f45512f24f703e185ec701423b1e92?s=96&d=mm&r=g","url":"https:\/\/secure.gravatar.com\/avatar\/8fb8f0a216e627554da57506bfaf78d677f45512f24f703e185ec701423b1e92?s=96&d=mm&r=g","contentUrl":"https:\/\/secure.gravatar.com\/avatar\/8fb8f0a216e627554da57506bfaf78d677f45512f24f703e185ec701423b1e92?s=96&d=mm&r=g","caption":"regionostergotland"},"url":"https:\/\/wp.kristdemokraterna.se\/regionostergotland\/author\/regionostergotland\/"}]}},"_links":{"self":[{"href":"https:\/\/wp.kristdemokraterna.se\/regionostergotland\/wp-json\/wp\/v2\/posts\/1367","targetHints":{"allow":["GET"]}}],"collection":[{"href":"https:\/\/wp.kristdemokraterna.se\/regionostergotland\/wp-json\/wp\/v2\/posts"}],"about":[{"href":"https:\/\/wp.kristdemokraterna.se\/regionostergotland\/wp-json\/wp\/v2\/types\/post"}],"author":[{"embeddable":true,"href":"https:\/\/wp.kristdemokraterna.se\/regionostergotland\/wp-json\/wp\/v2\/users\/737"}],"replies":[{"embeddable":true,"href":"https:\/\/wp.kristdemokraterna.se\/regionostergotland\/wp-json\/wp\/v2\/comments?post=1367"}],"version-history":[{"count":1,"href":"https:\/\/wp.kristdemokraterna.se\/regionostergotland\/wp-json\/wp\/v2\/posts\/1367\/revisions"}],"predecessor-version":[{"id":1369,"href":"https:\/\/wp.kristdemokraterna.se\/regionostergotland\/wp-json\/wp\/v2\/posts\/1367\/revisions\/1369"}],"wp:attachment":[{"href":"https:\/\/wp.kristdemokraterna.se\/regionostergotland\/wp-json\/wp\/v2\/media?parent=1367"}],"wp:term":[{"taxonomy":"category","embeddable":true,"href":"https:\/\/wp.kristdemokraterna.se\/regionostergotland\/wp-json\/wp\/v2\/categories?post=1367"},{"taxonomy":"post_tag","embeddable":true,"href":"https:\/\/wp.kristdemokraterna.se\/regionostergotland\/wp-json\/wp\/v2\/tags?post=1367"}],"curies":[{"name":"wp","href":"https:\/\/api.w.org\/{rel}","templated":true}]}}