{"id":1400,"date":"2020-05-29T14:01:23","date_gmt":"2020-05-29T12:01:23","guid":{"rendered":"http:\/\/wp.kristdemokraterna.se\/regionostergotland\/?p=1400"},"modified":"2020-05-29T14:19:38","modified_gmt":"2020-05-29T12:19:38","slug":"nyhetsbrev-vecka-22-3","status":"publish","type":"post","link":"https:\/\/wp.kristdemokraterna.se\/regionostergotland\/nyhetsbrev-vecka-22-3\/","title":{"rendered":"Nyhetsbrev vecka 22"},"content":{"rendered":"<p>Hej!<\/p>\n<p>Efter f\u00f6rra veckans kortare arbetsvecka har denna hela arbetsvecka inneh\u00e5llit ett digert schema av sammantr\u00e4den inom de flesta av regionens ansvarsomr\u00e5den. Flera digitala m\u00f6tesverktyg har anv\u00e4nts \u00e4ven denna vecka, men ocks\u00e5 n\u00e5gra \u2019vanliga\u2019 fysiska m\u00f6ten. En sammanfattning av n\u00e5gra av veckans h\u00e4ndelser kommer h\u00e4r i veckans nyhetsbrev. Trevlig l\u00e4sning!<\/p>\n<p><!--more--><\/p>\n<p><strong>M\u00e5ndagsm\u00f6te med v\u00e5rddirekt\u00f6r och smittskyddsl\u00e4kare<\/strong><br \/>\nVeckans upplaga av m\u00e5ndagsm\u00f6tet f\u00f6r Kristdemokraterna och Moderaterna i regionhuset blev mycket intressant med aktuella f\u00f6redragningar av en av regionens tv\u00e5 v\u00e5rddirekt\u00f6rer, Ninnie Borendal Wodlin och av smittskyddsl\u00e4kare Britt \u00c5kerlind. Ninnie fokuserade framf\u00f6rallt p\u00e5 l\u00e4get n\u00e4r det g\u00e4ller tillg\u00e4ngligheten till v\u00e5rden i \u00d6sterg\u00f6tland. Tillg\u00e4ngligheten, d\u00e4r det tidigare har funnits problem av varierande storlek, har f\u00f6rb\u00e4ttrats i princip \u00f6verallt under mars och april. Huvudsk\u00e4let till det \u00e4r att infl\u00f6det av patienter minskat kraftigt p\u00e5 akutmottagningar och inom prim\u00e4rv\u00e5rden under Coronapandemin. M\u00e4nniskor har antagligen avst\u00e5tt att bes\u00f6ka sjukv\u00e5rden av r\u00e4dsla f\u00f6r att d\u00e4r uts\u00e4ttas f\u00f6r \u00f6kad smittorisk. Tidigare har en del s\u00f6kt sig till akuten som egentligen skulle klara sig med egenv\u00e5rd och\/eller telefonr\u00e5dgivning. Att de personerna nu uteblir fr\u00e5n akutmottagningarna \u00e4r f\u00f6rst\u00e5s bara bra. V\u00e4rre \u00e4r det om personer som t.ex. har hj\u00e4rtbesv\u00e4r, som skulle kunna vara indikationer p\u00e5 n\u00e5got allvarligare, inte s\u00f6ker v\u00e5rd. Om antalet bes\u00f6kare p\u00e5 akuten blir l\u00e4gre \u00e4ven efter pandemin, eller \u00e5terv\u00e4nder till tidigare storlek, \u00e5terst\u00e5r att se. Britt \u00c5kerlind talade en hel del om den h\u00f6gaktuella fr\u00e5gan om testning f\u00f6r Covid-19. Det figurerar just nu m\u00e5nga missuppfattningar n\u00e4r det g\u00e4ller testning, och det \u00e4r viktigt att h\u00e5lla is\u00e4r olika typer av tester. Dels finns tester som visar om en person har sjukdomen vid testtillf\u00e4llet, s\u00e5 kallade PCR-tester. Dels finns tester som visar om en person som har utvecklat antikroppar f\u00f6r sjukdomen, efter att ha haft den. Det \u00e4r den f\u00f6rsta typen av tester d\u00e4r det diskuterats hur m\u00e5nga tester som b\u00f6r ske per vecka. Den andra typen finns \u00e4nnu inte helt kvalitetss\u00e4krade test f\u00f6r att ge ett helt p\u00e5litligt resultat p\u00e5 individniv\u00e5. Fr\u00e5gan l\u00e4r forts\u00e4tta att vara aktuell fram\u00f6ver\u2026 Dessutom g\u00e4stades m\u00e5ndagsm\u00f6tet av regiondirekt\u00f6r Krister Bj\u00f6rkegren, h\u00e4lso- och sjukv\u00e5rdsdirekt\u00f6r Lena Lundgren, regionutvecklingsdirekt\u00f6r Andreas Capilla och ekonomidirekt\u00f6r Josefin Bj\u00e4resten.<\/p>\n<p><strong>Tr\u00e4ff med \u00d6sterg\u00f6tlands L\u00e4karf\u00f6rening<\/strong><br \/>\nP\u00e5 m\u00e5ndagseftermiddagen tr\u00e4ffade vi fr\u00e5n Kristdemokraterna och Moderaterna i regionhuset, styrelsen f\u00f6r \u00d6sterg\u00f6tlands L\u00e4karf\u00f6rening. Vi har brukat tr\u00e4ffas med j\u00e4mna mellanrum f\u00f6r att diskutera aktuella fr\u00e5gor i regionen. Vid m\u00e5ndagens m\u00f6te, som skedde i konferenslokal i anslutning till fackf\u00f6reningens kontor, blev det f\u00f6rst\u00e5s en hel del samtal om Coronapandemin och dess p\u00e5verkan p\u00e5 den \u00f6stg\u00f6tska v\u00e5rden, men ocks\u00e5 hur v\u00e5rden ska fungera efter att pandemin \u00e4r \u00f6ver samt fr\u00e5gor om den nyligen genomf\u00f6rda omorganisationen av h\u00e4lso- och sjukv\u00e5rden i regionen och framtiden f\u00f6r den n\u00e4ra v\u00e5rden. Alltid v\u00e4rdefullt att f\u00e5 synpunkter och inspel fr\u00e5n olika yrkesgrupper i regionen!<\/p>\n<p><strong>Gruppledar\u00f6verl\u00e4ggningar om regionfullm\u00e4ktige i juni<\/strong><br \/>\nTisdagen inleddes med en gruppledar\u00f6verl\u00e4ggning mellan gruppledarna f\u00f6r partierna i regionfullm\u00e4ktige. \u00c4rendet f\u00f6r m\u00f6tet var att diskutera formerna f\u00f6r regionfullm\u00e4ktiges sammantr\u00e4de i juni. Det f\u00f6rsta regionfullm\u00e4ktigem\u00f6tet sedan Coronapandemin tog Sverige i sitt grepp, som skulle h\u00e5llits i april, st\u00e4lldes in helt och h\u00e5llet. Junim\u00f6tet var t\u00e4nkt att, som vanligt, vara tv\u00e5 dagar 16-17 juni och inneh\u00e5lla beslut om budget. Redan tidigare har beslutats att budgetbeslutet skjuts upp till november, men nu skulle sammantr\u00e4dets utformning i \u00f6vrigt diskuteras. \u00c4nnu \u00e5terst\u00e5r n\u00e5gra praktiska fr\u00e5gor, men i vilket fall som helst kommer fullm\u00e4ktigem\u00f6tet enbart att vara en dag och antalet ledam\u00f6ter i sammantr\u00e4deslokalen kommer att halveras, s\u00e5 att beslutsm\u00e4ssighet precis uppn\u00e5s. Dessutom blir det bara de n\u00f6dv\u00e4ndigaste besluts\u00e4rendena, medan motioner och interpellationer skjuts fram till ett extra fullm\u00e4ktigem\u00f6te i september.<\/p>\n<p><strong>Sammantr\u00e4de med politiska ledningsgruppen<\/strong><br \/>\nTisdagen fortsatte med sammantr\u00e4de med politiska ledningsgruppen (PLG). Under Coronapandemin har det varit kortare informationsm\u00f6ten med PLG varje vecka, men detta sammantr\u00e4de var ett ordinarie, fr\u00e5n start inbokat m\u00f6te. P\u00e5 dagordningen stod inledningsvis uppdaterad information om l\u00e4get f\u00f6r regionens olika insatser med anledning av Coronapandemin. Dessutom fick vi information om planeringen f\u00f6r sommaren 2020, d\u00e4r m\u00e5let f\u00f6rst\u00e5s \u00e4r att s\u00e4kra semester f\u00f6r alla anst\u00e4llda, s\u00e4rskilt de som slitit h\u00e5rt med Coronav\u00e5rden under v\u00e5ren, men ocks\u00e5 att samtidigt se till att ha tillr\u00e4cklig bemanning f\u00f6r att m\u00f6ta de behov av Coronav\u00e5rd som kommer att finnas under sommaren. \u00c4ven en uppdatering av det ekonomiska l\u00e4get f\u00f6r regionens olika delar gavs av ekonomidirekt\u00f6ren, d\u00e4r mycket \u00e4r st\u00e4llt p\u00e5 \u00e4nda av Coronapandemin, exempelvis vad g\u00e4ller \u00f6kade kostnader i v\u00e5rden, minskade int\u00e4kter f\u00f6r kollektivtrafiken och minskade skatteint\u00e4kter p\u00e5 grund av \u00f6kad arbetsl\u00f6shet m.m.<\/p>\n<p><strong>M\u00f6te om nya stipendiet Hemv\u00e4xa f\u00f6r kulturskapare i Coronatid<\/strong><br \/>\nP\u00e5 tisdagseftermiddagen hade vi fr\u00e5n regionutvecklingsn\u00e4mndens presidium en intressant genomg\u00e5ng med kulturchef Rikard \u00c5slund av de 20 personer som kulturenheten f\u00f6resl\u00e5r ska f\u00e5 det nyinr\u00e4ttade stipendiet Hemv\u00e4xa f\u00f6r kulturskapare drabbade av Coronapandemin. Totalt 149 ans\u00f6kningar kom in under den relativt korta ans\u00f6kningstiden. F\u00f6rslaget l\u00e4ggs fram p\u00e5 regionutvecklingsn\u00e4mndens bord vid n\u00e4mndsammantr\u00e4det i n\u00e4sta vecka, f\u00f6r slutligt beslut, och blir sedan offentligt. Men redan nu kan jag avsl\u00f6ja att det \u00e4r stor bredd och flera intressanta stipendiater!<\/p>\n<p><strong>Presidiem\u00f6te med regionutvecklingsn\u00e4mndens presidium<\/strong><br \/>\nTisdagseftermiddagen fortsatte med ordinarie presidiem\u00f6te med regionutvecklingsn\u00e4mndens presidium. P\u00e5 dagordningen stod bl.a. en informationspunkt, d\u00e4r vi fick veta mer om den p\u00e5g\u00e5ende kartl\u00e4ggningen av bild- och formomr\u00e5det i \u00d6sterg\u00f6tland. Maria St\u00e5hl, ansvarig strateg f\u00f6r omr\u00e5det, g\u00e4stade presidiem\u00f6tet och ber\u00e4ttade om det arbete som den upphandlade utredaren hittills gjort. \u00c4ven om arbetets utformning till viss del p\u00e5verkats av Coronapandemin, har \u00e4nd\u00e5 en hel del kunnat g\u00f6ras, med bl.a. enk\u00e4ter och kontakter med n\u00e4rmare 300 konstn\u00e4rer i l\u00e4net. S\u00e5v\u00e4l Maria fr\u00e5n kulturenheten, som strategkollega fr\u00e5n samh\u00e4llsbyggnadsenheten, \u00e4r involverade i kartl\u00e4ggningen, som tar utg\u00e5ngspunkt i b\u00e5de kulturplan och landsbygdsstrategi. Dessutom finns koppling till tillv\u00e4xtomr\u00e5det, genom att m\u00e5nga inom sektorn ocks\u00e5 verkar inom de kulturella och kreativa n\u00e4ringarna.<\/p>\n<p><strong>M\u00f6te med Region Kalmar l\u00e4n om projektet Team \u00d6sterg\u00f6tland<\/strong><br \/>\nSom jag har ber\u00e4ttat om i flera tidigare nyhetsbrev p\u00e5g\u00e5r sedan i h\u00f6stas projektet Team \u00d6sterg\u00f6tland, d\u00e4r Region \u00d6sterg\u00f6tland i samverkan med Business Sweden, med medel fr\u00e5n Tillv\u00e4xtverket, arbetar med att \u00f6ka antalet utl\u00e4ndska etableringar i regionen, rekrytera nya talanger och utveckla bes\u00f6ksn\u00e4ringen. Projektet v\u00e4ckte ganska snart intresse hos tre kommuner i norra Kalmar l\u00e4n, Vimmerby, Hultsfred och V\u00e4stervik. De tre kommunerna har d\u00e4rf\u00f6r deltagit i olika m\u00f6ten och seminarier inom ramen f\u00f6r projektet. Det har ocks\u00e5 i sin tur resulterat i att vi fr\u00e5n Region \u00d6sterg\u00f6tland har inlett samarbete med Region Kalmar l\u00e4n n\u00e4r det g\u00e4ller Team \u00d6sterg\u00f6tland. Vi hade ett m\u00f6te i december f\u00f6rra \u00e5ret och ett i mitten av april, och i tisdags seneftermiddag var det dags f\u00f6r en avst\u00e4mning igen. Fr\u00e5n Region \u00d6sterg\u00f6tland deltog Eva Andersson (S) och jag fr\u00e5n regionutvecklingsn\u00e4mndens presidium, Malin Thunberg, enhetschef f\u00f6r tillv\u00e4xt, Mattias Flodstr\u00f6m, ansvarig strateg f\u00f6r projektet och Joakim Ljungqvist, som \u00e4r projektledare f\u00f6r Team \u00d6sterg\u00f6tland. Fr\u00e5n Region Kalmar l\u00e4n deltog via m\u00f6tesverktyget Teams, Karin Helmersson (C) och Anders Andersson (KD) och turismchef Karin Ekebj\u00e4r. Huvud\u00e4rendet f\u00f6r tisdagens m\u00f6te var att l\u00e4gga sista handen vid det f\u00f6rslag till avsiktsf\u00f6rklaring mellan v\u00e5ra b\u00e5da regioner avseende delprojektet kring att \u00f6ka antalet utl\u00e4ndska etableringar, som ska beslutas vid regionutvecklingsn\u00e4mndens sammantr\u00e4de i n\u00e4sta vecka. Vi fick ocks\u00e5 en allm\u00e4n uppdatering av projektets olika delar och diskuterade kommande gemensamma kommunikationsinsatser.<\/p>\n<p><strong>Kommun- och regionledningsdag f\u00f6r Kristdemokraterna<\/strong><br \/>\nI onsdags skulle egentligen kristdemokratiska gruppledare, kommunalr\u00e5d, regionr\u00e5d och politiska sekreterare fr\u00e5n kommuner och regioner i hela landet samlats till kommun- och regionledningsdag i Stockholm. P\u00e5 grund av Coronapandemin genomf\u00f6rdes ist\u00e4llet ledningsdagen f\u00f6r f\u00f6rsta g\u00e5ngen digitalt, via Zoom. Partiledare Ebba Busch, partisekreterare Peter Kullgren, ordf\u00f6rande i riksdagens socialutskott Acko Ankarberg Johansson och informationschef Fredrik Noreback medverkade med pass om b\u00e5de aktuellt politiskt l\u00e4ge i Coronapandemins p\u00e5verkan, fokus p\u00e5 h\u00e4lso- och sjukv\u00e5rdsomr\u00e5det, f\u00f6rdjupning i opinionsl\u00e4get och informationer om kommande kampanjer. Dessutom medverkade Annika Wallenskog, chefsekonom vid Sveriges kommuner och regioner (SKR) med en f\u00f6rdjupande f\u00f6redragning om det ekonomiska l\u00e4get i regioner och kommuner i pandemins sp\u00e5r.<\/p>\n<p><strong>Styrelsem\u00f6te och \u00e5rsst\u00e4mma f\u00f6r M\u00e4lardalstrafik AB<\/strong><br \/>\nOnsdagen fortsatte f\u00f6r min del med styrelsem\u00f6te och \u00e5rsst\u00e4mma f\u00f6r M\u00e4lardalstrafik AB. \u00c4ven f\u00f6r detta m\u00f6te anv\u00e4ndes det digitala m\u00f6tesverktyget Zoom, \u00e4ven om n\u00e5gra mer n\u00e4rboende var p\u00e5 plats i Kollektivtrafikens hus i Stockholm. Ocks\u00e5 h\u00e4r fick vi p\u00e5 styrelsem\u00f6tet en genomg\u00e5ng av hur antalet resande och niv\u00e5n p\u00e5 biljettint\u00e4kter sjunkit p\u00e5 grund av pandemin, fr\u00e5n att under en l\u00e4ngre tid stadigt \u00f6kat med successivt st\u00e4rkt trafikutbud, nytt gemensamt biljettsystem och nya t\u00e5g. De ekonomiska prognoserna f\u00f6r 2020 har d\u00e4rf\u00f6r beh\u00f6vt justeras, men samtidigt p\u00e5g\u00e5r planeringen f\u00f6r tiden efter pandemin, vilket ocks\u00e5 informerades om. Efter styrelsem\u00f6tet f\u00f6ljde en rekordkort \u00e5rsst\u00e4mma f\u00f6r bolaget, med ombud fr\u00e5n de sex \u00e4garregionerna; Region \u00d6sterg\u00f6tland, Region S\u00f6rmland, Region \u00d6rebro l\u00e4n, Region V\u00e4stmanland, Region Uppsala och Region Stockholm.<\/p>\n<p><strong>M\u00f6te med Folkh\u00e4lsopolitiska n\u00e4tverket i \u00d6sterg\u00f6tland<\/strong><br \/>\nI g\u00e5r torsdags h\u00f6lls \u00e5rets f\u00f6rsta ordinarie m\u00f6te med det folkh\u00e4lsopolitiska n\u00e4tverket i \u00d6sterg\u00f6tland, som samlar folkh\u00e4lsopolitiskt ansvariga politiker och tj\u00e4nstepersoner i \u00d6sterg\u00f6tlands kommuner och i regionen. \u00c5rets f\u00f6rsta m\u00f6te, som skulle h\u00e5llits i mitten av mars, blev inst\u00e4llt, men i slutet av april arrangerade n\u00e4tverket en digital hearing om psykisk oh\u00e4lsa i sp\u00e5ren av Coronapandemin, p\u00e5 initiativ av Norrk\u00f6pings kommuns representant i n\u00e4tverket, kommunalr\u00e5d Eva-Britt Sj\u00f6berg (KD). Huvudfokus f\u00f6r torsdagens n\u00e4tverkstr\u00e4ff var ocks\u00e5 en uppf\u00f6ljning av hearingen, d\u00e4r olika \u00e4mnesomr\u00e5den som kommit upp p\u00e5 hearingen gicks igenom. De tj\u00e4nstepersoner som \u00e4r knutna till n\u00e4tverket, som ocks\u00e5 har egna tr\u00e4ffar, fick sedan i uppdrag att utifr\u00e5n diskussionerna p\u00e5 n\u00e4tverket, ta fram mer konkreta f\u00f6rslag p\u00e5 \u00e5tg\u00e4rder som kan genomf\u00f6ras i kommuner och regionen.<\/p>\n<p><strong>Strategiskt samr\u00e5d med kommunerna i \u00d6sterg\u00f6tland<\/strong><br \/>\nIdag fredag genomf\u00f6rdes v\u00e5rens sista strategiska samr\u00e5d mellan Region \u00d6sterg\u00f6tland och kommunerna i \u00d6sterg\u00f6tland. Samr\u00e5det samlar kommunstyrelseordf\u00f6rande och oppositionsledare fr\u00e5n kommunerna, ordf\u00f6rande och andre vice ordf\u00f6rande i regionstyrelsen, regionutvecklingsn\u00e4mnden och trafik- och samh\u00e4llsplaneringsn\u00e4mnden samt landsh\u00f6vdingen. Dagens m\u00f6te inleddes med ett l\u00e4ngre pass om olika aspekter av Coronapandemin, d\u00e4r inledningsvis v\u00e5rddirekt\u00f6r Jessica Frisk och smittskyddsl\u00e4kare Britt \u00c5kerlind medverkade med en uppdatering av l\u00e4get i sjukv\u00e5rden och den h\u00f6gaktuella fr\u00e5gan om testning. Landsh\u00f6vding Carl-Fredrik Graf och f\u00f6rsvarsdirekt\u00f6r Jenny Knuthammar redogjorde f\u00f6r L\u00e4nsstyrelsens samordningsuppdrag i l\u00e4net f\u00f6r skyddsutrustning till kommunerna, regionutvecklingsdirekt\u00f6r Andreas Capilla sammanfattade pandemins p\u00e5verkan p\u00e5 det \u00f6stg\u00f6tska n\u00e4ringslivet och arbetsmarknaden och VD p\u00e5 \u00d6stg\u00f6tatrafiken, Sofia Malander, talade om pandemins effekter p\u00e5 kollektivtrafiken just nu och planeringen f\u00f6r h\u00f6stens trafik. Varje kommun gav ocks\u00e5 en kort genomg\u00e5ng om l\u00e4get i respektive kommun, och det \u00e4r intressant att konstatera att framf\u00f6rallt de st\u00f6rre kommunerna p\u00e5verkats mycket, medan flera av de mindre kommunerna sett mycket begr\u00e4nsad p\u00e5verkan med ytterst f\u00e5 fall av virussmitta. P\u00e5 dagordningen f\u00f6r m\u00f6tet stod ocks\u00e5 information om den \u00f6versyn som g\u00f6rs av regelverket f\u00f6r f\u00e4rdtj\u00e4nst och information fr\u00e5n kommunalf\u00f6rbundet R\u00e4ddningstj\u00e4nsten \u00d6stra G\u00f6taland, som g\u00e4rna v\u00e4lkomnar fler \u00f6stg\u00f6tska kommuner som medlemmar. Vi var tre kristdemokratiska deltagare vid dagens m\u00f6te, kommunstyrelsens ordf\u00f6rande i \u00d6desh\u00f6g, Annicki Oscarsson, f\u00f6rste vice ordf\u00f6rande i kommunstyrelsen i Link\u00f6ping, Denis\u00e9 Cassel (som ersatte moderate kommunstyrelseordf\u00f6rande Niklas Borg) och undertecknad.<\/p>\n<p>D\u00e5 n\u00e4rmar vi oss snart helg och viss chans till ledighet. V\u00e4derprognosen talar om riktigt fint sommarv\u00e4der i helgen, s\u00e5 om den st\u00e5r sig, \u00e4r det bara att passa p\u00e5 att ge sig ut i den \u00f6stg\u00f6tska naturen. Och oavsett vad vi anv\u00e4nder eventuell ledighet till forts\u00e4tter vi f\u00f6rst\u00e5s alla att f\u00f6lja myndigheternas rekommendationer! Trevlig helg till er alla!<\/p>\n<p>Med v\u00e4nlig h\u00e4lsning<br \/>\nPer Larsson<br \/>\nOppositionsr\u00e5d och gruppledare<br \/>\nKristdemokraterna i Region \u00d6sterg\u00f6tland<br \/>\ntfn 010-103 72 84 (arb)<br \/>\ntfn 013-14 11 59 (bost)<br \/>\ntfn 0702-88 21 34 (mobil)<br \/>\nper.larsson@kristdemokraterna.se<\/p>\n","protected":false},"excerpt":{"rendered":"<p>Hej! Efter f\u00f6rra veckans kortare arbetsvecka har denna hela arbetsvecka inneh\u00e5llit ett digert schema av sammantr\u00e4den inom de flesta av regionens ansvarsomr\u00e5den. Flera digitala m\u00f6tesverktyg har anv\u00e4nts \u00e4ven denna vecka, men ocks\u00e5 n\u00e5gra \u2019vanliga\u2019 fysiska m\u00f6ten. En sammanfattning av n\u00e5gra av veckans h\u00e4ndelser kommer h\u00e4r i veckans nyhetsbrev. Trevlig l\u00e4sning!<\/p>\n","protected":false},"author":737,"featured_media":0,"comment_status":"closed","ping_status":"closed","sticky":false,"template":"","format":"standard","meta":{"_acf_changed":false,"footnotes":""},"categories":[1],"tags":[],"class_list":["post-1400","post","type-post","status-publish","format-standard","hentry","category-nyheter"],"acf":[],"yoast_head":"<!-- This site is optimized with the Yoast SEO plugin v27.5 - https:\/\/yoast.com\/product\/yoast-seo-wordpress\/ -->\n<title>Nyhetsbrev vecka 22 - i Region \u00d6sterg\u00f6tland<\/title>\n<meta name=\"robots\" content=\"index, follow, max-snippet:-1, max-image-preview:large, max-video-preview:-1\" \/>\n<link rel=\"canonical\" href=\"https:\/\/wp.kristdemokraterna.se\/regionostergotland\/nyhetsbrev-vecka-22-3\/\" \/>\n<meta property=\"og:locale\" content=\"sv_SE\" \/>\n<meta property=\"og:type\" content=\"article\" \/>\n<meta property=\"og:title\" content=\"Nyhetsbrev vecka 22 - i Region \u00d6sterg\u00f6tland\" \/>\n<meta property=\"og:description\" content=\"Hej! Efter f\u00f6rra veckans kortare arbetsvecka har denna hela arbetsvecka inneh\u00e5llit ett digert schema av sammantr\u00e4den inom de flesta av regionens ansvarsomr\u00e5den. Flera digitala m\u00f6tesverktyg har anv\u00e4nts \u00e4ven denna vecka, men ocks\u00e5 n\u00e5gra \u2019vanliga\u2019 fysiska m\u00f6ten. En sammanfattning av n\u00e5gra av veckans h\u00e4ndelser kommer h\u00e4r i veckans nyhetsbrev. Trevlig l\u00e4sning!\" \/>\n<meta property=\"og:url\" content=\"https:\/\/wp.kristdemokraterna.se\/regionostergotland\/nyhetsbrev-vecka-22-3\/\" \/>\n<meta property=\"og:site_name\" content=\"i Region \u00d6sterg\u00f6tland\" \/>\n<meta property=\"article:published_time\" content=\"2020-05-29T12:01:23+00:00\" \/>\n<meta property=\"article:modified_time\" content=\"2020-05-29T12:19:38+00:00\" \/>\n<meta property=\"og:image\" content=\"https:\/\/wp.kristdemokraterna.se\/regionostergotland\/files\/2020\/05\/bild-nyhetsbrev-vecka-22-2020-nyast.jpg\" \/>\n\t<meta property=\"og:image:width\" content=\"2048\" \/>\n\t<meta property=\"og:image:height\" content=\"1061\" \/>\n\t<meta property=\"og:image:type\" content=\"image\/jpeg\" \/>\n<meta name=\"author\" content=\"regionostergotland\" \/>\n<meta name=\"twitter:card\" content=\"summary_large_image\" \/>\n<meta name=\"twitter:label1\" content=\"Skriven av\" \/>\n\t<meta name=\"twitter:data1\" content=\"regionostergotland\" \/>\n\t<meta name=\"twitter:label2\" content=\"Ber\u00e4knad l\u00e4stid\" \/>\n\t<meta name=\"twitter:data2\" content=\"12 minuter\" \/>\n<script type=\"application\/ld+json\" class=\"yoast-schema-graph\">{\"@context\":\"https:\\\/\\\/schema.org\",\"@graph\":[{\"@type\":\"Article\",\"@id\":\"https:\\\/\\\/wp.kristdemokraterna.se\\\/regionostergotland\\\/nyhetsbrev-vecka-22-3\\\/#article\",\"isPartOf\":{\"@id\":\"https:\\\/\\\/wp.kristdemokraterna.se\\\/regionostergotland\\\/nyhetsbrev-vecka-22-3\\\/\"},\"author\":{\"name\":\"regionostergotland\",\"@id\":\"https:\\\/\\\/wp.kristdemokraterna.se\\\/regionostergotland\\\/#\\\/schema\\\/person\\\/74c3c4f502fcc489722a7be0dfe0088c\"},\"headline\":\"Nyhetsbrev vecka 22\",\"datePublished\":\"2020-05-29T12:01:23+00:00\",\"dateModified\":\"2020-05-29T12:19:38+00:00\",\"mainEntityOfPage\":{\"@id\":\"https:\\\/\\\/wp.kristdemokraterna.se\\\/regionostergotland\\\/nyhetsbrev-vecka-22-3\\\/\"},\"wordCount\":2336,\"articleSection\":[\"Nyheter\"],\"inLanguage\":\"sv-SE\"},{\"@type\":\"WebPage\",\"@id\":\"https:\\\/\\\/wp.kristdemokraterna.se\\\/regionostergotland\\\/nyhetsbrev-vecka-22-3\\\/\",\"url\":\"https:\\\/\\\/wp.kristdemokraterna.se\\\/regionostergotland\\\/nyhetsbrev-vecka-22-3\\\/\",\"name\":\"Nyhetsbrev vecka 22 - i Region \u00d6sterg\u00f6tland\",\"isPartOf\":{\"@id\":\"https:\\\/\\\/wp.kristdemokraterna.se\\\/regionostergotland\\\/#website\"},\"datePublished\":\"2020-05-29T12:01:23+00:00\",\"dateModified\":\"2020-05-29T12:19:38+00:00\",\"author\":{\"@id\":\"https:\\\/\\\/wp.kristdemokraterna.se\\\/regionostergotland\\\/#\\\/schema\\\/person\\\/74c3c4f502fcc489722a7be0dfe0088c\"},\"breadcrumb\":{\"@id\":\"https:\\\/\\\/wp.kristdemokraterna.se\\\/regionostergotland\\\/nyhetsbrev-vecka-22-3\\\/#breadcrumb\"},\"inLanguage\":\"sv-SE\",\"potentialAction\":[{\"@type\":\"ReadAction\",\"target\":[\"https:\\\/\\\/wp.kristdemokraterna.se\\\/regionostergotland\\\/nyhetsbrev-vecka-22-3\\\/\"]}]},{\"@type\":\"BreadcrumbList\",\"@id\":\"https:\\\/\\\/wp.kristdemokraterna.se\\\/regionostergotland\\\/nyhetsbrev-vecka-22-3\\\/#breadcrumb\",\"itemListElement\":[{\"@type\":\"ListItem\",\"position\":1,\"name\":\"Hem\",\"item\":\"https:\\\/\\\/wp.kristdemokraterna.se\\\/regionostergotland\\\/\"},{\"@type\":\"ListItem\",\"position\":2,\"name\":\"Nyhetsbrev vecka 22\"}]},{\"@type\":\"WebSite\",\"@id\":\"https:\\\/\\\/wp.kristdemokraterna.se\\\/regionostergotland\\\/#website\",\"url\":\"https:\\\/\\\/wp.kristdemokraterna.se\\\/regionostergotland\\\/\",\"name\":\"i Region \u00d6sterg\u00f6tland\",\"description\":\"\",\"inLanguage\":\"sv-SE\"},{\"@type\":\"Person\",\"@id\":\"https:\\\/\\\/wp.kristdemokraterna.se\\\/regionostergotland\\\/#\\\/schema\\\/person\\\/74c3c4f502fcc489722a7be0dfe0088c\",\"name\":\"regionostergotland\",\"image\":{\"@type\":\"ImageObject\",\"inLanguage\":\"sv-SE\",\"@id\":\"https:\\\/\\\/secure.gravatar.com\\\/avatar\\\/8fb8f0a216e627554da57506bfaf78d677f45512f24f703e185ec701423b1e92?s=96&d=mm&r=g\",\"url\":\"https:\\\/\\\/secure.gravatar.com\\\/avatar\\\/8fb8f0a216e627554da57506bfaf78d677f45512f24f703e185ec701423b1e92?s=96&d=mm&r=g\",\"contentUrl\":\"https:\\\/\\\/secure.gravatar.com\\\/avatar\\\/8fb8f0a216e627554da57506bfaf78d677f45512f24f703e185ec701423b1e92?s=96&d=mm&r=g\",\"caption\":\"regionostergotland\"},\"url\":\"https:\\\/\\\/wp.kristdemokraterna.se\\\/regionostergotland\\\/author\\\/regionostergotland\\\/\"}]}<\/script>\n<!-- \/ Yoast SEO plugin. -->","yoast_head_json":{"title":"Nyhetsbrev vecka 22 - i Region \u00d6sterg\u00f6tland","robots":{"index":"index","follow":"follow","max-snippet":"max-snippet:-1","max-image-preview":"max-image-preview:large","max-video-preview":"max-video-preview:-1"},"canonical":"https:\/\/wp.kristdemokraterna.se\/regionostergotland\/nyhetsbrev-vecka-22-3\/","og_locale":"sv_SE","og_type":"article","og_title":"Nyhetsbrev vecka 22 - i Region \u00d6sterg\u00f6tland","og_description":"Hej! Efter f\u00f6rra veckans kortare arbetsvecka har denna hela arbetsvecka inneh\u00e5llit ett digert schema av sammantr\u00e4den inom de flesta av regionens ansvarsomr\u00e5den. Flera digitala m\u00f6tesverktyg har anv\u00e4nts \u00e4ven denna vecka, men ocks\u00e5 n\u00e5gra \u2019vanliga\u2019 fysiska m\u00f6ten. En sammanfattning av n\u00e5gra av veckans h\u00e4ndelser kommer h\u00e4r i veckans nyhetsbrev. Trevlig l\u00e4sning!","og_url":"https:\/\/wp.kristdemokraterna.se\/regionostergotland\/nyhetsbrev-vecka-22-3\/","og_site_name":"i Region \u00d6sterg\u00f6tland","article_published_time":"2020-05-29T12:01:23+00:00","article_modified_time":"2020-05-29T12:19:38+00:00","og_image":[{"width":2048,"height":1061,"url":"https:\/\/wp.kristdemokraterna.se\/regionostergotland\/files\/2020\/05\/bild-nyhetsbrev-vecka-22-2020-nyast.jpg","type":"image\/jpeg"}],"author":"regionostergotland","twitter_card":"summary_large_image","twitter_misc":{"Skriven av":"regionostergotland","Ber\u00e4knad l\u00e4stid":"12 minuter"},"schema":{"@context":"https:\/\/schema.org","@graph":[{"@type":"Article","@id":"https:\/\/wp.kristdemokraterna.se\/regionostergotland\/nyhetsbrev-vecka-22-3\/#article","isPartOf":{"@id":"https:\/\/wp.kristdemokraterna.se\/regionostergotland\/nyhetsbrev-vecka-22-3\/"},"author":{"name":"regionostergotland","@id":"https:\/\/wp.kristdemokraterna.se\/regionostergotland\/#\/schema\/person\/74c3c4f502fcc489722a7be0dfe0088c"},"headline":"Nyhetsbrev vecka 22","datePublished":"2020-05-29T12:01:23+00:00","dateModified":"2020-05-29T12:19:38+00:00","mainEntityOfPage":{"@id":"https:\/\/wp.kristdemokraterna.se\/regionostergotland\/nyhetsbrev-vecka-22-3\/"},"wordCount":2336,"articleSection":["Nyheter"],"inLanguage":"sv-SE"},{"@type":"WebPage","@id":"https:\/\/wp.kristdemokraterna.se\/regionostergotland\/nyhetsbrev-vecka-22-3\/","url":"https:\/\/wp.kristdemokraterna.se\/regionostergotland\/nyhetsbrev-vecka-22-3\/","name":"Nyhetsbrev vecka 22 - i Region \u00d6sterg\u00f6tland","isPartOf":{"@id":"https:\/\/wp.kristdemokraterna.se\/regionostergotland\/#website"},"datePublished":"2020-05-29T12:01:23+00:00","dateModified":"2020-05-29T12:19:38+00:00","author":{"@id":"https:\/\/wp.kristdemokraterna.se\/regionostergotland\/#\/schema\/person\/74c3c4f502fcc489722a7be0dfe0088c"},"breadcrumb":{"@id":"https:\/\/wp.kristdemokraterna.se\/regionostergotland\/nyhetsbrev-vecka-22-3\/#breadcrumb"},"inLanguage":"sv-SE","potentialAction":[{"@type":"ReadAction","target":["https:\/\/wp.kristdemokraterna.se\/regionostergotland\/nyhetsbrev-vecka-22-3\/"]}]},{"@type":"BreadcrumbList","@id":"https:\/\/wp.kristdemokraterna.se\/regionostergotland\/nyhetsbrev-vecka-22-3\/#breadcrumb","itemListElement":[{"@type":"ListItem","position":1,"name":"Hem","item":"https:\/\/wp.kristdemokraterna.se\/regionostergotland\/"},{"@type":"ListItem","position":2,"name":"Nyhetsbrev vecka 22"}]},{"@type":"WebSite","@id":"https:\/\/wp.kristdemokraterna.se\/regionostergotland\/#website","url":"https:\/\/wp.kristdemokraterna.se\/regionostergotland\/","name":"i Region \u00d6sterg\u00f6tland","description":"","inLanguage":"sv-SE"},{"@type":"Person","@id":"https:\/\/wp.kristdemokraterna.se\/regionostergotland\/#\/schema\/person\/74c3c4f502fcc489722a7be0dfe0088c","name":"regionostergotland","image":{"@type":"ImageObject","inLanguage":"sv-SE","@id":"https:\/\/secure.gravatar.com\/avatar\/8fb8f0a216e627554da57506bfaf78d677f45512f24f703e185ec701423b1e92?s=96&d=mm&r=g","url":"https:\/\/secure.gravatar.com\/avatar\/8fb8f0a216e627554da57506bfaf78d677f45512f24f703e185ec701423b1e92?s=96&d=mm&r=g","contentUrl":"https:\/\/secure.gravatar.com\/avatar\/8fb8f0a216e627554da57506bfaf78d677f45512f24f703e185ec701423b1e92?s=96&d=mm&r=g","caption":"regionostergotland"},"url":"https:\/\/wp.kristdemokraterna.se\/regionostergotland\/author\/regionostergotland\/"}]}},"_links":{"self":[{"href":"https:\/\/wp.kristdemokraterna.se\/regionostergotland\/wp-json\/wp\/v2\/posts\/1400","targetHints":{"allow":["GET"]}}],"collection":[{"href":"https:\/\/wp.kristdemokraterna.se\/regionostergotland\/wp-json\/wp\/v2\/posts"}],"about":[{"href":"https:\/\/wp.kristdemokraterna.se\/regionostergotland\/wp-json\/wp\/v2\/types\/post"}],"author":[{"embeddable":true,"href":"https:\/\/wp.kristdemokraterna.se\/regionostergotland\/wp-json\/wp\/v2\/users\/737"}],"replies":[{"embeddable":true,"href":"https:\/\/wp.kristdemokraterna.se\/regionostergotland\/wp-json\/wp\/v2\/comments?post=1400"}],"version-history":[{"count":4,"href":"https:\/\/wp.kristdemokraterna.se\/regionostergotland\/wp-json\/wp\/v2\/posts\/1400\/revisions"}],"predecessor-version":[{"id":1408,"href":"https:\/\/wp.kristdemokraterna.se\/regionostergotland\/wp-json\/wp\/v2\/posts\/1400\/revisions\/1408"}],"wp:attachment":[{"href":"https:\/\/wp.kristdemokraterna.se\/regionostergotland\/wp-json\/wp\/v2\/media?parent=1400"}],"wp:term":[{"taxonomy":"category","embeddable":true,"href":"https:\/\/wp.kristdemokraterna.se\/regionostergotland\/wp-json\/wp\/v2\/categories?post=1400"},{"taxonomy":"post_tag","embeddable":true,"href":"https:\/\/wp.kristdemokraterna.se\/regionostergotland\/wp-json\/wp\/v2\/tags?post=1400"}],"curies":[{"name":"wp","href":"https:\/\/api.w.org\/{rel}","templated":true}]}}