{"id":1417,"date":"2020-06-16T13:42:41","date_gmt":"2020-06-16T11:42:41","guid":{"rendered":"http:\/\/wp.kristdemokraterna.se\/regionostergotland\/?p=1417"},"modified":"2020-06-16T13:42:41","modified_gmt":"2020-06-16T11:42:41","slug":"personer-pa-nya-uppdrag-for-kd-i-regionen","status":"publish","type":"post","link":"https:\/\/wp.kristdemokraterna.se\/regionostergotland\/personer-pa-nya-uppdrag-for-kd-i-regionen\/","title":{"rendered":"Personer p\u00e5 nya uppdrag f\u00f6r KD i regionen"},"content":{"rendered":"<p><strong>Kristdemokraterna i Region \u00d6sterg\u00f6tland f\u00e5r en del f\u00f6r\u00e4ndringar i sin partigrupp i samband med regionfullm\u00e4ktige 17 juni. N\u00e5gra personer byter uppdrag och en helt ny person v\u00e4ljs in.<br \/>\n&#8211; Det k\u00e4nns mycket bra att st\u00e4rka v\u00e5rt kristdemokratiska lag i regionen!, s\u00e4ger Per Larsson (KD) oppositionsr\u00e5d och gruppledare f\u00f6r Kristdemokraterna i Region \u00d6sterg\u00f6tland.<\/strong><\/p>\n<p><!--more--><\/p>\n<p>Bakgrunden till f\u00f6r\u00e4ndringarna i Kristdemokraternas regiongrupp \u00e4r att Stefan Red\u00e9en, som bl.a. varit ledamot i regionstyrelsen, har f\u00e5tt nytt jobb och beh\u00f6ver minska ned n\u00e5got p\u00e5 sitt politiska engagemang. Han l\u00e4mnar d\u00e4rf\u00f6r uppdraget som ledamot i regionstyrelsen och ett par ytterligare uppdrag kopplat till det. Stefan Red\u00e9en kommer fortsatt att finnas kvar som ledamot i regionfullm\u00e4ktige och i uppdraget som ledamot i Regionala etikpr\u00f6vningsn\u00e4mnden Link\u00f6ping.<\/p>\n<p>Ny ledamot i regionstyrelsen blir <strong>Anders Eksmo, S\u00f6derk\u00f6ping<\/strong>, som var ledamot i regionstyrelsen f\u00f6reg\u00e5ende mandatperiod och denna mandatperiod varit ers\u00e4ttare i regionstyrelsen, vid sidan av uppdraget som andre vice ordf\u00f6rande i regionfullm\u00e4ktige. Anders tar ocks\u00e5 \u00f6ver Stefan Red\u00e9ens uppdrag som ledamot i regionstyrelsens samordningsberedning, ledamot i regionstyrelsens beredning f\u00f6r strategiska \u00e4garfr\u00e5gor och ledamot i regionens r\u00e5d i fr\u00e5gor om funktionsneds\u00e4ttning. Anders l\u00e4mnar i och med de nya f\u00f6rtroendeuppdragen, uppdraget som andre vice ordf\u00f6rande i regionfullm\u00e4ktige.<br \/>\n&#8211; Jag ser fram emot att \u00f6ka mitt engagemang i regionstyrelsen och l\u00e4gga fokus p\u00e5 de f\u00f6r regionen viktiga \u00e4garfr\u00e5gorna, kommenterar Anders Eksmo.<\/p>\n<p>Ny andre vice ordf\u00f6rande i regionfullm\u00e4ktige efter Anders Eksmo blir ist\u00e4llet <strong>Elvira Wibeck, Norrk\u00f6ping<\/strong>. Elvira eftertr\u00e4der ocks\u00e5 Anders Eksmo i Rolf Wirt\u00e9ns kulturstiftelse. Med presidieuppdraget i fullm\u00e4ktige f\u00f6ljer ocks\u00e5 ledamotskap i regionens politiska ledningsgrupp (PLG), d\u00e4r hon tillsammans med gruppledare och oppositionsr\u00e5d Per Larsson kommer att representera Kristdemokraterna. I och med de nya uppdragen f\u00f6r Elvira, l\u00e4mnar hon tv\u00e5 av sina tidigare politiska f\u00f6rtroendeuppdrag, som ers\u00e4ttare i regionutvecklingsn\u00e4mnden och vice ordf\u00f6rande i regionutvecklingsn\u00e4mndens beredning f\u00f6r folkh\u00e4lsa.<br \/>\n&#8211; Det \u00e4r verkligen hedrande att ta plats i presidiet f\u00f6r regionens h\u00f6gsta beslutande organ och f\u00e5 vara med och utveckla det demokratiska arbetet i Region \u00d6sterg\u00f6tland, s\u00e4ger Elvira Wibeck.<\/p>\n<p>Ny ers\u00e4ttare i regionutvecklingsn\u00e4mnden och vice ordf\u00f6rande i regionutvecklingsn\u00e4mndens beredning f\u00f6r folkh\u00e4lsa efter Elvira Wibeck blir <strong>Kristin Andersson, Finsp\u00e5ng<\/strong>. Kristin, som blir det helt nya namnet i Kristdemokraternas regiongrupp, \u00e4r sedan i h\u00f6stas kommunalr\u00e5d i Finsp\u00e5ng. Eftersom r\u00e5dsuppdraget i Finsp\u00e5ng \u00e4r ett halvtidsuppdrag, har Kristin m\u00f6jlighet att ocks\u00e5 engagera sig i regionpolitiken.<br \/>\n&#8211; Det ska bli sp\u00e4nnande att bredda mitt politiska arbete till den regionala niv\u00e5n. Att som vice ordf\u00f6rande i folkh\u00e4lsoberedningen f\u00e5 vara med och leda regionens folkh\u00e4lsoarbete i ett brett perspektiv k\u00e4nns b\u00e5de utmanande och inspirerande, kommenterar Kristin Andersson.<\/p>\n<p>Ny ers\u00e4ttare i regionstyrelsen efter Anders Eksmo blir <strong>Martin Zetterlund, Link\u00f6ping<\/strong>. Martin \u00e4r sedan tidigare ledamot i regionstyrelsens beredning f\u00f6r personal och kompetensf\u00f6rs\u00f6rjning. Det blir nu n\u00e4r Martin v\u00e4ljs in i regionstyrelsen en b\u00e4ttre samordning mellan de tv\u00e5 viktiga f\u00f6rtroendeuppdragen.<br \/>\n&#8211; Jag \u00e4r tacksam att f\u00e5 m\u00f6jligheten att f\u00e5 en bredare insyn i den regionala politiken genom ers\u00e4ttarplatsen i regionstyrelsen, avslutar Martin Zetterlund.<\/p>\n<p><em>Kontaktuppgifter:<br \/>\n<\/em>Per Larsson, gruppledare och oppositionsr\u00e5d, tfn 0702-88 21 34<br \/>\nAnders Eksmo, tfn 0708-33 34 33<br \/>\nElvira Wibeck, tfn 0725-39 61 13<br \/>\nKristin Andersson, tfn 0735-31 06 11<br \/>\nMartin Zetterlund, tfn 0730-86 57 01<\/p>\n","protected":false},"excerpt":{"rendered":"<p>Kristdemokraterna i Region \u00d6sterg\u00f6tland f\u00e5r en del f\u00f6r\u00e4ndringar i sin partigrupp i samband med regionfullm\u00e4ktige 17 juni. N\u00e5gra personer byter uppdrag och en helt ny person v\u00e4ljs in. &#8211; Det k\u00e4nns mycket bra att st\u00e4rka v\u00e5rt kristdemokratiska lag i regionen!, s\u00e4ger Per Larsson (KD) oppositionsr\u00e5d och gruppledare f\u00f6r Kristdemokraterna i Region \u00d6sterg\u00f6tland.<\/p>\n","protected":false},"author":737,"featured_media":0,"comment_status":"closed","ping_status":"closed","sticky":false,"template":"","format":"standard","meta":{"_acf_changed":false,"footnotes":""},"categories":[1],"tags":[],"class_list":["post-1417","post","type-post","status-publish","format-standard","hentry","category-nyheter"],"acf":[],"yoast_head":"<!-- This site is optimized with the Yoast SEO plugin v27.5 - https:\/\/yoast.com\/product\/yoast-seo-wordpress\/ -->\n<title>Personer p\u00e5 nya uppdrag f\u00f6r KD i regionen - i Region \u00d6sterg\u00f6tland<\/title>\n<meta name=\"robots\" content=\"index, follow, max-snippet:-1, max-image-preview:large, max-video-preview:-1\" \/>\n<link rel=\"canonical\" href=\"https:\/\/wp.kristdemokraterna.se\/regionostergotland\/personer-pa-nya-uppdrag-for-kd-i-regionen\/\" \/>\n<meta property=\"og:locale\" content=\"sv_SE\" \/>\n<meta property=\"og:type\" content=\"article\" \/>\n<meta property=\"og:title\" content=\"Personer p\u00e5 nya uppdrag f\u00f6r KD i regionen - i Region \u00d6sterg\u00f6tland\" \/>\n<meta property=\"og:description\" content=\"Kristdemokraterna i Region \u00d6sterg\u00f6tland f\u00e5r en del f\u00f6r\u00e4ndringar i sin partigrupp i samband med regionfullm\u00e4ktige 17 juni. N\u00e5gra personer byter uppdrag och en helt ny person v\u00e4ljs in. &#8211; Det k\u00e4nns mycket bra att st\u00e4rka v\u00e5rt kristdemokratiska lag i regionen!, s\u00e4ger Per Larsson (KD) oppositionsr\u00e5d och gruppledare f\u00f6r Kristdemokraterna i Region \u00d6sterg\u00f6tland.\" \/>\n<meta property=\"og:url\" content=\"https:\/\/wp.kristdemokraterna.se\/regionostergotland\/personer-pa-nya-uppdrag-for-kd-i-regionen\/\" \/>\n<meta property=\"og:site_name\" content=\"i Region \u00d6sterg\u00f6tland\" \/>\n<meta property=\"article:published_time\" content=\"2020-06-16T11:42:41+00:00\" \/>\n<meta name=\"author\" content=\"regionostergotland\" \/>\n<meta name=\"twitter:card\" content=\"summary_large_image\" \/>\n<meta name=\"twitter:label1\" content=\"Skriven av\" \/>\n\t<meta name=\"twitter:data1\" content=\"regionostergotland\" \/>\n\t<meta name=\"twitter:label2\" content=\"Ber\u00e4knad l\u00e4stid\" \/>\n\t<meta name=\"twitter:data2\" content=\"3 minuter\" \/>\n<script type=\"application\/ld+json\" class=\"yoast-schema-graph\">{\"@context\":\"https:\\\/\\\/schema.org\",\"@graph\":[{\"@type\":\"Article\",\"@id\":\"https:\\\/\\\/wp.kristdemokraterna.se\\\/regionostergotland\\\/personer-pa-nya-uppdrag-for-kd-i-regionen\\\/#article\",\"isPartOf\":{\"@id\":\"https:\\\/\\\/wp.kristdemokraterna.se\\\/regionostergotland\\\/personer-pa-nya-uppdrag-for-kd-i-regionen\\\/\"},\"author\":{\"name\":\"regionostergotland\",\"@id\":\"https:\\\/\\\/wp.kristdemokraterna.se\\\/regionostergotland\\\/#\\\/schema\\\/person\\\/74c3c4f502fcc489722a7be0dfe0088c\"},\"headline\":\"Personer p\u00e5 nya uppdrag f\u00f6r KD i regionen\",\"datePublished\":\"2020-06-16T11:42:41+00:00\",\"mainEntityOfPage\":{\"@id\":\"https:\\\/\\\/wp.kristdemokraterna.se\\\/regionostergotland\\\/personer-pa-nya-uppdrag-for-kd-i-regionen\\\/\"},\"wordCount\":611,\"articleSection\":[\"Nyheter\"],\"inLanguage\":\"sv-SE\"},{\"@type\":\"WebPage\",\"@id\":\"https:\\\/\\\/wp.kristdemokraterna.se\\\/regionostergotland\\\/personer-pa-nya-uppdrag-for-kd-i-regionen\\\/\",\"url\":\"https:\\\/\\\/wp.kristdemokraterna.se\\\/regionostergotland\\\/personer-pa-nya-uppdrag-for-kd-i-regionen\\\/\",\"name\":\"Personer p\u00e5 nya uppdrag f\u00f6r KD i regionen - i Region \u00d6sterg\u00f6tland\",\"isPartOf\":{\"@id\":\"https:\\\/\\\/wp.kristdemokraterna.se\\\/regionostergotland\\\/#website\"},\"datePublished\":\"2020-06-16T11:42:41+00:00\",\"author\":{\"@id\":\"https:\\\/\\\/wp.kristdemokraterna.se\\\/regionostergotland\\\/#\\\/schema\\\/person\\\/74c3c4f502fcc489722a7be0dfe0088c\"},\"breadcrumb\":{\"@id\":\"https:\\\/\\\/wp.kristdemokraterna.se\\\/regionostergotland\\\/personer-pa-nya-uppdrag-for-kd-i-regionen\\\/#breadcrumb\"},\"inLanguage\":\"sv-SE\",\"potentialAction\":[{\"@type\":\"ReadAction\",\"target\":[\"https:\\\/\\\/wp.kristdemokraterna.se\\\/regionostergotland\\\/personer-pa-nya-uppdrag-for-kd-i-regionen\\\/\"]}]},{\"@type\":\"BreadcrumbList\",\"@id\":\"https:\\\/\\\/wp.kristdemokraterna.se\\\/regionostergotland\\\/personer-pa-nya-uppdrag-for-kd-i-regionen\\\/#breadcrumb\",\"itemListElement\":[{\"@type\":\"ListItem\",\"position\":1,\"name\":\"Hem\",\"item\":\"https:\\\/\\\/wp.kristdemokraterna.se\\\/regionostergotland\\\/\"},{\"@type\":\"ListItem\",\"position\":2,\"name\":\"Personer p\u00e5 nya uppdrag f\u00f6r KD i regionen\"}]},{\"@type\":\"WebSite\",\"@id\":\"https:\\\/\\\/wp.kristdemokraterna.se\\\/regionostergotland\\\/#website\",\"url\":\"https:\\\/\\\/wp.kristdemokraterna.se\\\/regionostergotland\\\/\",\"name\":\"i Region \u00d6sterg\u00f6tland\",\"description\":\"\",\"inLanguage\":\"sv-SE\"},{\"@type\":\"Person\",\"@id\":\"https:\\\/\\\/wp.kristdemokraterna.se\\\/regionostergotland\\\/#\\\/schema\\\/person\\\/74c3c4f502fcc489722a7be0dfe0088c\",\"name\":\"regionostergotland\",\"image\":{\"@type\":\"ImageObject\",\"inLanguage\":\"sv-SE\",\"@id\":\"https:\\\/\\\/secure.gravatar.com\\\/avatar\\\/8fb8f0a216e627554da57506bfaf78d677f45512f24f703e185ec701423b1e92?s=96&d=mm&r=g\",\"url\":\"https:\\\/\\\/secure.gravatar.com\\\/avatar\\\/8fb8f0a216e627554da57506bfaf78d677f45512f24f703e185ec701423b1e92?s=96&d=mm&r=g\",\"contentUrl\":\"https:\\\/\\\/secure.gravatar.com\\\/avatar\\\/8fb8f0a216e627554da57506bfaf78d677f45512f24f703e185ec701423b1e92?s=96&d=mm&r=g\",\"caption\":\"regionostergotland\"},\"url\":\"https:\\\/\\\/wp.kristdemokraterna.se\\\/regionostergotland\\\/author\\\/regionostergotland\\\/\"}]}<\/script>\n<!-- \/ Yoast SEO plugin. -->","yoast_head_json":{"title":"Personer p\u00e5 nya uppdrag f\u00f6r KD i regionen - i Region \u00d6sterg\u00f6tland","robots":{"index":"index","follow":"follow","max-snippet":"max-snippet:-1","max-image-preview":"max-image-preview:large","max-video-preview":"max-video-preview:-1"},"canonical":"https:\/\/wp.kristdemokraterna.se\/regionostergotland\/personer-pa-nya-uppdrag-for-kd-i-regionen\/","og_locale":"sv_SE","og_type":"article","og_title":"Personer p\u00e5 nya uppdrag f\u00f6r KD i regionen - i Region \u00d6sterg\u00f6tland","og_description":"Kristdemokraterna i Region \u00d6sterg\u00f6tland f\u00e5r en del f\u00f6r\u00e4ndringar i sin partigrupp i samband med regionfullm\u00e4ktige 17 juni. N\u00e5gra personer byter uppdrag och en helt ny person v\u00e4ljs in. &#8211; Det k\u00e4nns mycket bra att st\u00e4rka v\u00e5rt kristdemokratiska lag i regionen!, s\u00e4ger Per Larsson (KD) oppositionsr\u00e5d och gruppledare f\u00f6r Kristdemokraterna i Region \u00d6sterg\u00f6tland.","og_url":"https:\/\/wp.kristdemokraterna.se\/regionostergotland\/personer-pa-nya-uppdrag-for-kd-i-regionen\/","og_site_name":"i Region \u00d6sterg\u00f6tland","article_published_time":"2020-06-16T11:42:41+00:00","author":"regionostergotland","twitter_card":"summary_large_image","twitter_misc":{"Skriven av":"regionostergotland","Ber\u00e4knad l\u00e4stid":"3 minuter"},"schema":{"@context":"https:\/\/schema.org","@graph":[{"@type":"Article","@id":"https:\/\/wp.kristdemokraterna.se\/regionostergotland\/personer-pa-nya-uppdrag-for-kd-i-regionen\/#article","isPartOf":{"@id":"https:\/\/wp.kristdemokraterna.se\/regionostergotland\/personer-pa-nya-uppdrag-for-kd-i-regionen\/"},"author":{"name":"regionostergotland","@id":"https:\/\/wp.kristdemokraterna.se\/regionostergotland\/#\/schema\/person\/74c3c4f502fcc489722a7be0dfe0088c"},"headline":"Personer p\u00e5 nya uppdrag f\u00f6r KD i regionen","datePublished":"2020-06-16T11:42:41+00:00","mainEntityOfPage":{"@id":"https:\/\/wp.kristdemokraterna.se\/regionostergotland\/personer-pa-nya-uppdrag-for-kd-i-regionen\/"},"wordCount":611,"articleSection":["Nyheter"],"inLanguage":"sv-SE"},{"@type":"WebPage","@id":"https:\/\/wp.kristdemokraterna.se\/regionostergotland\/personer-pa-nya-uppdrag-for-kd-i-regionen\/","url":"https:\/\/wp.kristdemokraterna.se\/regionostergotland\/personer-pa-nya-uppdrag-for-kd-i-regionen\/","name":"Personer p\u00e5 nya uppdrag f\u00f6r KD i regionen - i Region \u00d6sterg\u00f6tland","isPartOf":{"@id":"https:\/\/wp.kristdemokraterna.se\/regionostergotland\/#website"},"datePublished":"2020-06-16T11:42:41+00:00","author":{"@id":"https:\/\/wp.kristdemokraterna.se\/regionostergotland\/#\/schema\/person\/74c3c4f502fcc489722a7be0dfe0088c"},"breadcrumb":{"@id":"https:\/\/wp.kristdemokraterna.se\/regionostergotland\/personer-pa-nya-uppdrag-for-kd-i-regionen\/#breadcrumb"},"inLanguage":"sv-SE","potentialAction":[{"@type":"ReadAction","target":["https:\/\/wp.kristdemokraterna.se\/regionostergotland\/personer-pa-nya-uppdrag-for-kd-i-regionen\/"]}]},{"@type":"BreadcrumbList","@id":"https:\/\/wp.kristdemokraterna.se\/regionostergotland\/personer-pa-nya-uppdrag-for-kd-i-regionen\/#breadcrumb","itemListElement":[{"@type":"ListItem","position":1,"name":"Hem","item":"https:\/\/wp.kristdemokraterna.se\/regionostergotland\/"},{"@type":"ListItem","position":2,"name":"Personer p\u00e5 nya uppdrag f\u00f6r KD i regionen"}]},{"@type":"WebSite","@id":"https:\/\/wp.kristdemokraterna.se\/regionostergotland\/#website","url":"https:\/\/wp.kristdemokraterna.se\/regionostergotland\/","name":"i Region \u00d6sterg\u00f6tland","description":"","inLanguage":"sv-SE"},{"@type":"Person","@id":"https:\/\/wp.kristdemokraterna.se\/regionostergotland\/#\/schema\/person\/74c3c4f502fcc489722a7be0dfe0088c","name":"regionostergotland","image":{"@type":"ImageObject","inLanguage":"sv-SE","@id":"https:\/\/secure.gravatar.com\/avatar\/8fb8f0a216e627554da57506bfaf78d677f45512f24f703e185ec701423b1e92?s=96&d=mm&r=g","url":"https:\/\/secure.gravatar.com\/avatar\/8fb8f0a216e627554da57506bfaf78d677f45512f24f703e185ec701423b1e92?s=96&d=mm&r=g","contentUrl":"https:\/\/secure.gravatar.com\/avatar\/8fb8f0a216e627554da57506bfaf78d677f45512f24f703e185ec701423b1e92?s=96&d=mm&r=g","caption":"regionostergotland"},"url":"https:\/\/wp.kristdemokraterna.se\/regionostergotland\/author\/regionostergotland\/"}]}},"_links":{"self":[{"href":"https:\/\/wp.kristdemokraterna.se\/regionostergotland\/wp-json\/wp\/v2\/posts\/1417","targetHints":{"allow":["GET"]}}],"collection":[{"href":"https:\/\/wp.kristdemokraterna.se\/regionostergotland\/wp-json\/wp\/v2\/posts"}],"about":[{"href":"https:\/\/wp.kristdemokraterna.se\/regionostergotland\/wp-json\/wp\/v2\/types\/post"}],"author":[{"embeddable":true,"href":"https:\/\/wp.kristdemokraterna.se\/regionostergotland\/wp-json\/wp\/v2\/users\/737"}],"replies":[{"embeddable":true,"href":"https:\/\/wp.kristdemokraterna.se\/regionostergotland\/wp-json\/wp\/v2\/comments?post=1417"}],"version-history":[{"count":1,"href":"https:\/\/wp.kristdemokraterna.se\/regionostergotland\/wp-json\/wp\/v2\/posts\/1417\/revisions"}],"predecessor-version":[{"id":1419,"href":"https:\/\/wp.kristdemokraterna.se\/regionostergotland\/wp-json\/wp\/v2\/posts\/1417\/revisions\/1419"}],"wp:attachment":[{"href":"https:\/\/wp.kristdemokraterna.se\/regionostergotland\/wp-json\/wp\/v2\/media?parent=1417"}],"wp:term":[{"taxonomy":"category","embeddable":true,"href":"https:\/\/wp.kristdemokraterna.se\/regionostergotland\/wp-json\/wp\/v2\/categories?post=1417"},{"taxonomy":"post_tag","embeddable":true,"href":"https:\/\/wp.kristdemokraterna.se\/regionostergotland\/wp-json\/wp\/v2\/tags?post=1417"}],"curies":[{"name":"wp","href":"https:\/\/api.w.org\/{rel}","templated":true}]}}