{"id":1495,"date":"2020-11-10T09:49:39","date_gmt":"2020-11-10T08:49:39","guid":{"rendered":"http:\/\/wp.kristdemokraterna.se\/regionostergotland\/?p=1495"},"modified":"2020-11-10T09:49:39","modified_gmt":"2020-11-10T08:49:39","slug":"m-och-kd-presenterar-generalplan-for-battre-tillganglighet-till-specialiserad-vard","status":"publish","type":"post","link":"https:\/\/wp.kristdemokraterna.se\/regionostergotland\/m-och-kd-presenterar-generalplan-for-battre-tillganglighet-till-specialiserad-vard\/","title":{"rendered":"M och KD presenterar: Generalplan f\u00f6r b\u00e4ttre tillg\u00e4nglighet till specialiserad v\u00e5rd"},"content":{"rendered":"<p><strong>Tillg\u00e4ngligheten till specialiserad v\u00e5rd har kraftigt f\u00f6rs\u00e4mrats de senaste \u00e5ren i Region \u00d6sterg\u00f6tland. Redan innan Coronapandemin v\u00e4xte sig k\u00f6erna l\u00e5nga inom flera omr\u00e5den, pandemin har bara f\u00f6rv\u00e4rrat en redan negativ trend. Moderaterna och Kristdemokraterna menar att utvecklingen m\u00e5ste v\u00e4ndas och presenterar nu en generalplan f\u00f6r b\u00e4ttre tillg\u00e4nglighet till specialiserad v\u00e5rd.<\/strong><\/p>\n<p><!--more--><\/p>\n<p class=\"Default\">&#8211; V\u00e5rden i Region \u00d6sterg\u00f6tland \u00e4r p\u00e5 m\u00e5nga s\u00e4tt fantastisk och av h\u00f6g kvalitet. Men det finns tyv\u00e4rr, sedan ganska m\u00e5nga \u00e5r tillbaka, stora bekymmer med tillg\u00e4ngligheten till den specialiserade v\u00e5rden. Moderaterna och Kristdemokraterna har l\u00e4nge och i olika sammanhang lyft detta, men inte f\u00e5tt geh\u00f6r. Nu g\u00e5r vi steget l\u00e4ngre och presenterar en generalplan f\u00f6r tillg\u00e4nglighet, s\u00e4ger Fredrik Sj\u00f6strand (M), oppositionsr\u00e5d och 2:e vice ordf\u00f6rande i h\u00e4lso- och sjukv\u00e5rdsn\u00e4mnden.<\/p>\n<p class=\"Default\">&#8211; Syftet \u00e4r att v\u00e4nda utvecklingen f\u00f6r Region \u00d6sterg\u00f6tland och komma tillbaka till den tillg\u00e4nglighet till specialiserad v\u00e5rd som fanns 2014. Det vi presenterar \u00e4r ingen quick-fix, utan ett ramverk f\u00f6r ett l\u00e5ngsiktigt arbete f\u00f6r att steg f\u00f6r steg n\u00e5 ett l\u00e5ngsiktigt m\u00e5l. Det tog Region \u00d6sterg\u00f6tland flera \u00e5r att n\u00e5 dit vi \u00e4r idag och f\u00f6r att v\u00e4nda utvecklingen beh\u00f6vs ocks\u00e5 ett fler\u00e5rsperspektiv. V\u00e5r bed\u00f6mning \u00e4r att en tre\u00e5rsperiod \u00e4r en rimlig tidshorisont, forts\u00e4tter Lena K\u00e4cker Johansson (KD), ledamot i h\u00e4lso- och sjukv\u00e5rdsn\u00e4mnden.<\/p>\n<p class=\"Default\">&#8211; M\u00e5let f\u00f6r generalplanen \u00e4r att max 1 500 \u00f6stg\u00f6tar ska v\u00e4nta mer \u00e4n 60 dagar p\u00e5 ett f\u00f6rsta bes\u00f6k till specialiserad v\u00e5rd i december 2023. Motsvarande m\u00e5l f\u00f6r operation och \u00e5tg\u00e4rd \u00e4r max 500 \u00f6stg\u00f6tar. P\u00e5 de niv\u00e5erna l\u00e5g vi 2014 och vi m\u00e5ste klara att komma dit igen, menar Fredrik Sj\u00f6strand.<\/p>\n<p class=\"Default\">&#8211; Det \u00e4r viktigt att komma ih\u00e5g att bakom varje siffra i statistiken finns en person, med sm\u00e4rta, oro och lidande som v\u00e4ntar p\u00e5 sin v\u00e5rd. \u00d6stg\u00f6tarna ska kunna lita p\u00e5 att de f\u00e5r v\u00e5rd i r\u00e4tt tid n\u00e4r de beh\u00f6ver den, avslutar Lena K\u00e4cker Johansson.<\/p>\n<p><i>Generalplanen bifogas i sin helhet.<\/i><\/p>\n<p><a href=\"http:\/\/wp.kristdemokraterna.se\/regionostergotland\/files\/2020\/11\/2020-11-10-generalplan-for-battre-tillganglighet.pdf\" target=\"_blank\" rel=\"noopener noreferrer\">2020-11-10 Generalplan f\u00f6r b\u00e4ttre tillg\u00e4nlighet (PDF)<\/a><\/p>\n<p>&nbsp;<\/p>\n","protected":false},"excerpt":{"rendered":"<p>Tillg\u00e4ngligheten till specialiserad v\u00e5rd har kraftigt f\u00f6rs\u00e4mrats de senaste \u00e5ren i Region \u00d6sterg\u00f6tland. Redan innan Coronapandemin v\u00e4xte sig k\u00f6erna l\u00e5nga inom flera omr\u00e5den, pandemin har bara f\u00f6rv\u00e4rrat en redan negativ trend. Moderaterna och Kristdemokraterna menar att utvecklingen m\u00e5ste v\u00e4ndas och presenterar nu en generalplan f\u00f6r b\u00e4ttre tillg\u00e4nglighet till specialiserad v\u00e5rd.<\/p>\n","protected":false},"author":737,"featured_media":0,"comment_status":"closed","ping_status":"closed","sticky":false,"template":"","format":"standard","meta":{"_acf_changed":false,"footnotes":""},"categories":[1],"tags":[],"class_list":["post-1495","post","type-post","status-publish","format-standard","hentry","category-nyheter"],"acf":[],"yoast_head":"<!-- This site is optimized with the Yoast SEO plugin v27.5 - https:\/\/yoast.com\/product\/yoast-seo-wordpress\/ -->\n<title>M och KD presenterar: Generalplan f\u00f6r b\u00e4ttre tillg\u00e4nglighet till specialiserad v\u00e5rd - i Region \u00d6sterg\u00f6tland<\/title>\n<meta name=\"robots\" content=\"index, follow, max-snippet:-1, max-image-preview:large, max-video-preview:-1\" \/>\n<link rel=\"canonical\" href=\"https:\/\/wp.kristdemokraterna.se\/regionostergotland\/m-och-kd-presenterar-generalplan-for-battre-tillganglighet-till-specialiserad-vard\/\" \/>\n<meta property=\"og:locale\" content=\"sv_SE\" \/>\n<meta property=\"og:type\" content=\"article\" \/>\n<meta property=\"og:title\" content=\"M och KD presenterar: Generalplan f\u00f6r b\u00e4ttre tillg\u00e4nglighet till specialiserad v\u00e5rd - i Region \u00d6sterg\u00f6tland\" \/>\n<meta property=\"og:description\" content=\"Tillg\u00e4ngligheten till specialiserad v\u00e5rd har kraftigt f\u00f6rs\u00e4mrats de senaste \u00e5ren i Region \u00d6sterg\u00f6tland. Redan innan Coronapandemin v\u00e4xte sig k\u00f6erna l\u00e5nga inom flera omr\u00e5den, pandemin har bara f\u00f6rv\u00e4rrat en redan negativ trend. Moderaterna och Kristdemokraterna menar att utvecklingen m\u00e5ste v\u00e4ndas och presenterar nu en generalplan f\u00f6r b\u00e4ttre tillg\u00e4nglighet till specialiserad v\u00e5rd.\" \/>\n<meta property=\"og:url\" content=\"https:\/\/wp.kristdemokraterna.se\/regionostergotland\/m-och-kd-presenterar-generalplan-for-battre-tillganglighet-till-specialiserad-vard\/\" \/>\n<meta property=\"og:site_name\" content=\"i Region \u00d6sterg\u00f6tland\" \/>\n<meta property=\"article:published_time\" content=\"2020-11-10T08:49:39+00:00\" \/>\n<meta name=\"author\" content=\"regionostergotland\" \/>\n<meta name=\"twitter:card\" content=\"summary_large_image\" \/>\n<meta name=\"twitter:label1\" content=\"Skriven av\" \/>\n\t<meta name=\"twitter:data1\" content=\"regionostergotland\" \/>\n\t<meta name=\"twitter:label2\" content=\"Ber\u00e4knad l\u00e4stid\" \/>\n\t<meta name=\"twitter:data2\" content=\"2 minuter\" \/>\n<script type=\"application\/ld+json\" class=\"yoast-schema-graph\">{\"@context\":\"https:\\\/\\\/schema.org\",\"@graph\":[{\"@type\":\"Article\",\"@id\":\"https:\\\/\\\/wp.kristdemokraterna.se\\\/regionostergotland\\\/m-och-kd-presenterar-generalplan-for-battre-tillganglighet-till-specialiserad-vard\\\/#article\",\"isPartOf\":{\"@id\":\"https:\\\/\\\/wp.kristdemokraterna.se\\\/regionostergotland\\\/m-och-kd-presenterar-generalplan-for-battre-tillganglighet-till-specialiserad-vard\\\/\"},\"author\":{\"name\":\"regionostergotland\",\"@id\":\"https:\\\/\\\/wp.kristdemokraterna.se\\\/regionostergotland\\\/#\\\/schema\\\/person\\\/74c3c4f502fcc489722a7be0dfe0088c\"},\"headline\":\"M och KD presenterar: Generalplan f\u00f6r b\u00e4ttre tillg\u00e4nglighet till specialiserad v\u00e5rd\",\"datePublished\":\"2020-11-10T08:49:39+00:00\",\"mainEntityOfPage\":{\"@id\":\"https:\\\/\\\/wp.kristdemokraterna.se\\\/regionostergotland\\\/m-och-kd-presenterar-generalplan-for-battre-tillganglighet-till-specialiserad-vard\\\/\"},\"wordCount\":417,\"articleSection\":[\"Nyheter\"],\"inLanguage\":\"sv-SE\"},{\"@type\":\"WebPage\",\"@id\":\"https:\\\/\\\/wp.kristdemokraterna.se\\\/regionostergotland\\\/m-och-kd-presenterar-generalplan-for-battre-tillganglighet-till-specialiserad-vard\\\/\",\"url\":\"https:\\\/\\\/wp.kristdemokraterna.se\\\/regionostergotland\\\/m-och-kd-presenterar-generalplan-for-battre-tillganglighet-till-specialiserad-vard\\\/\",\"name\":\"M och KD presenterar: Generalplan f\u00f6r b\u00e4ttre tillg\u00e4nglighet till specialiserad v\u00e5rd - i Region \u00d6sterg\u00f6tland\",\"isPartOf\":{\"@id\":\"https:\\\/\\\/wp.kristdemokraterna.se\\\/regionostergotland\\\/#website\"},\"datePublished\":\"2020-11-10T08:49:39+00:00\",\"author\":{\"@id\":\"https:\\\/\\\/wp.kristdemokraterna.se\\\/regionostergotland\\\/#\\\/schema\\\/person\\\/74c3c4f502fcc489722a7be0dfe0088c\"},\"breadcrumb\":{\"@id\":\"https:\\\/\\\/wp.kristdemokraterna.se\\\/regionostergotland\\\/m-och-kd-presenterar-generalplan-for-battre-tillganglighet-till-specialiserad-vard\\\/#breadcrumb\"},\"inLanguage\":\"sv-SE\",\"potentialAction\":[{\"@type\":\"ReadAction\",\"target\":[\"https:\\\/\\\/wp.kristdemokraterna.se\\\/regionostergotland\\\/m-och-kd-presenterar-generalplan-for-battre-tillganglighet-till-specialiserad-vard\\\/\"]}]},{\"@type\":\"BreadcrumbList\",\"@id\":\"https:\\\/\\\/wp.kristdemokraterna.se\\\/regionostergotland\\\/m-och-kd-presenterar-generalplan-for-battre-tillganglighet-till-specialiserad-vard\\\/#breadcrumb\",\"itemListElement\":[{\"@type\":\"ListItem\",\"position\":1,\"name\":\"Hem\",\"item\":\"https:\\\/\\\/wp.kristdemokraterna.se\\\/regionostergotland\\\/\"},{\"@type\":\"ListItem\",\"position\":2,\"name\":\"M och KD presenterar: Generalplan f\u00f6r b\u00e4ttre tillg\u00e4nglighet till specialiserad v\u00e5rd\"}]},{\"@type\":\"WebSite\",\"@id\":\"https:\\\/\\\/wp.kristdemokraterna.se\\\/regionostergotland\\\/#website\",\"url\":\"https:\\\/\\\/wp.kristdemokraterna.se\\\/regionostergotland\\\/\",\"name\":\"i Region \u00d6sterg\u00f6tland\",\"description\":\"\",\"inLanguage\":\"sv-SE\"},{\"@type\":\"Person\",\"@id\":\"https:\\\/\\\/wp.kristdemokraterna.se\\\/regionostergotland\\\/#\\\/schema\\\/person\\\/74c3c4f502fcc489722a7be0dfe0088c\",\"name\":\"regionostergotland\",\"image\":{\"@type\":\"ImageObject\",\"inLanguage\":\"sv-SE\",\"@id\":\"https:\\\/\\\/secure.gravatar.com\\\/avatar\\\/8fb8f0a216e627554da57506bfaf78d677f45512f24f703e185ec701423b1e92?s=96&d=mm&r=g\",\"url\":\"https:\\\/\\\/secure.gravatar.com\\\/avatar\\\/8fb8f0a216e627554da57506bfaf78d677f45512f24f703e185ec701423b1e92?s=96&d=mm&r=g\",\"contentUrl\":\"https:\\\/\\\/secure.gravatar.com\\\/avatar\\\/8fb8f0a216e627554da57506bfaf78d677f45512f24f703e185ec701423b1e92?s=96&d=mm&r=g\",\"caption\":\"regionostergotland\"},\"url\":\"https:\\\/\\\/wp.kristdemokraterna.se\\\/regionostergotland\\\/author\\\/regionostergotland\\\/\"}]}<\/script>\n<!-- \/ Yoast SEO plugin. -->","yoast_head_json":{"title":"M och KD presenterar: Generalplan f\u00f6r b\u00e4ttre tillg\u00e4nglighet till specialiserad v\u00e5rd - i Region \u00d6sterg\u00f6tland","robots":{"index":"index","follow":"follow","max-snippet":"max-snippet:-1","max-image-preview":"max-image-preview:large","max-video-preview":"max-video-preview:-1"},"canonical":"https:\/\/wp.kristdemokraterna.se\/regionostergotland\/m-och-kd-presenterar-generalplan-for-battre-tillganglighet-till-specialiserad-vard\/","og_locale":"sv_SE","og_type":"article","og_title":"M och KD presenterar: Generalplan f\u00f6r b\u00e4ttre tillg\u00e4nglighet till specialiserad v\u00e5rd - i Region \u00d6sterg\u00f6tland","og_description":"Tillg\u00e4ngligheten till specialiserad v\u00e5rd har kraftigt f\u00f6rs\u00e4mrats de senaste \u00e5ren i Region \u00d6sterg\u00f6tland. Redan innan Coronapandemin v\u00e4xte sig k\u00f6erna l\u00e5nga inom flera omr\u00e5den, pandemin har bara f\u00f6rv\u00e4rrat en redan negativ trend. Moderaterna och Kristdemokraterna menar att utvecklingen m\u00e5ste v\u00e4ndas och presenterar nu en generalplan f\u00f6r b\u00e4ttre tillg\u00e4nglighet till specialiserad v\u00e5rd.","og_url":"https:\/\/wp.kristdemokraterna.se\/regionostergotland\/m-och-kd-presenterar-generalplan-for-battre-tillganglighet-till-specialiserad-vard\/","og_site_name":"i Region \u00d6sterg\u00f6tland","article_published_time":"2020-11-10T08:49:39+00:00","author":"regionostergotland","twitter_card":"summary_large_image","twitter_misc":{"Skriven av":"regionostergotland","Ber\u00e4knad l\u00e4stid":"2 minuter"},"schema":{"@context":"https:\/\/schema.org","@graph":[{"@type":"Article","@id":"https:\/\/wp.kristdemokraterna.se\/regionostergotland\/m-och-kd-presenterar-generalplan-for-battre-tillganglighet-till-specialiserad-vard\/#article","isPartOf":{"@id":"https:\/\/wp.kristdemokraterna.se\/regionostergotland\/m-och-kd-presenterar-generalplan-for-battre-tillganglighet-till-specialiserad-vard\/"},"author":{"name":"regionostergotland","@id":"https:\/\/wp.kristdemokraterna.se\/regionostergotland\/#\/schema\/person\/74c3c4f502fcc489722a7be0dfe0088c"},"headline":"M och KD presenterar: Generalplan f\u00f6r b\u00e4ttre tillg\u00e4nglighet till specialiserad v\u00e5rd","datePublished":"2020-11-10T08:49:39+00:00","mainEntityOfPage":{"@id":"https:\/\/wp.kristdemokraterna.se\/regionostergotland\/m-och-kd-presenterar-generalplan-for-battre-tillganglighet-till-specialiserad-vard\/"},"wordCount":417,"articleSection":["Nyheter"],"inLanguage":"sv-SE"},{"@type":"WebPage","@id":"https:\/\/wp.kristdemokraterna.se\/regionostergotland\/m-och-kd-presenterar-generalplan-for-battre-tillganglighet-till-specialiserad-vard\/","url":"https:\/\/wp.kristdemokraterna.se\/regionostergotland\/m-och-kd-presenterar-generalplan-for-battre-tillganglighet-till-specialiserad-vard\/","name":"M och KD presenterar: Generalplan f\u00f6r b\u00e4ttre tillg\u00e4nglighet till specialiserad v\u00e5rd - i Region \u00d6sterg\u00f6tland","isPartOf":{"@id":"https:\/\/wp.kristdemokraterna.se\/regionostergotland\/#website"},"datePublished":"2020-11-10T08:49:39+00:00","author":{"@id":"https:\/\/wp.kristdemokraterna.se\/regionostergotland\/#\/schema\/person\/74c3c4f502fcc489722a7be0dfe0088c"},"breadcrumb":{"@id":"https:\/\/wp.kristdemokraterna.se\/regionostergotland\/m-och-kd-presenterar-generalplan-for-battre-tillganglighet-till-specialiserad-vard\/#breadcrumb"},"inLanguage":"sv-SE","potentialAction":[{"@type":"ReadAction","target":["https:\/\/wp.kristdemokraterna.se\/regionostergotland\/m-och-kd-presenterar-generalplan-for-battre-tillganglighet-till-specialiserad-vard\/"]}]},{"@type":"BreadcrumbList","@id":"https:\/\/wp.kristdemokraterna.se\/regionostergotland\/m-och-kd-presenterar-generalplan-for-battre-tillganglighet-till-specialiserad-vard\/#breadcrumb","itemListElement":[{"@type":"ListItem","position":1,"name":"Hem","item":"https:\/\/wp.kristdemokraterna.se\/regionostergotland\/"},{"@type":"ListItem","position":2,"name":"M och KD presenterar: Generalplan f\u00f6r b\u00e4ttre tillg\u00e4nglighet till specialiserad v\u00e5rd"}]},{"@type":"WebSite","@id":"https:\/\/wp.kristdemokraterna.se\/regionostergotland\/#website","url":"https:\/\/wp.kristdemokraterna.se\/regionostergotland\/","name":"i Region \u00d6sterg\u00f6tland","description":"","inLanguage":"sv-SE"},{"@type":"Person","@id":"https:\/\/wp.kristdemokraterna.se\/regionostergotland\/#\/schema\/person\/74c3c4f502fcc489722a7be0dfe0088c","name":"regionostergotland","image":{"@type":"ImageObject","inLanguage":"sv-SE","@id":"https:\/\/secure.gravatar.com\/avatar\/8fb8f0a216e627554da57506bfaf78d677f45512f24f703e185ec701423b1e92?s=96&d=mm&r=g","url":"https:\/\/secure.gravatar.com\/avatar\/8fb8f0a216e627554da57506bfaf78d677f45512f24f703e185ec701423b1e92?s=96&d=mm&r=g","contentUrl":"https:\/\/secure.gravatar.com\/avatar\/8fb8f0a216e627554da57506bfaf78d677f45512f24f703e185ec701423b1e92?s=96&d=mm&r=g","caption":"regionostergotland"},"url":"https:\/\/wp.kristdemokraterna.se\/regionostergotland\/author\/regionostergotland\/"}]}},"_links":{"self":[{"href":"https:\/\/wp.kristdemokraterna.se\/regionostergotland\/wp-json\/wp\/v2\/posts\/1495","targetHints":{"allow":["GET"]}}],"collection":[{"href":"https:\/\/wp.kristdemokraterna.se\/regionostergotland\/wp-json\/wp\/v2\/posts"}],"about":[{"href":"https:\/\/wp.kristdemokraterna.se\/regionostergotland\/wp-json\/wp\/v2\/types\/post"}],"author":[{"embeddable":true,"href":"https:\/\/wp.kristdemokraterna.se\/regionostergotland\/wp-json\/wp\/v2\/users\/737"}],"replies":[{"embeddable":true,"href":"https:\/\/wp.kristdemokraterna.se\/regionostergotland\/wp-json\/wp\/v2\/comments?post=1495"}],"version-history":[{"count":4,"href":"https:\/\/wp.kristdemokraterna.se\/regionostergotland\/wp-json\/wp\/v2\/posts\/1495\/revisions"}],"predecessor-version":[{"id":1500,"href":"https:\/\/wp.kristdemokraterna.se\/regionostergotland\/wp-json\/wp\/v2\/posts\/1495\/revisions\/1500"}],"wp:attachment":[{"href":"https:\/\/wp.kristdemokraterna.se\/regionostergotland\/wp-json\/wp\/v2\/media?parent=1495"}],"wp:term":[{"taxonomy":"category","embeddable":true,"href":"https:\/\/wp.kristdemokraterna.se\/regionostergotland\/wp-json\/wp\/v2\/categories?post=1495"},{"taxonomy":"post_tag","embeddable":true,"href":"https:\/\/wp.kristdemokraterna.se\/regionostergotland\/wp-json\/wp\/v2\/tags?post=1495"}],"curies":[{"name":"wp","href":"https:\/\/api.w.org\/{rel}","templated":true}]}}