{"id":1534,"date":"2020-12-04T10:48:01","date_gmt":"2020-12-04T09:48:01","guid":{"rendered":"http:\/\/wp.kristdemokraterna.se\/regionostergotland\/?p=1534"},"modified":"2020-12-04T10:48:01","modified_gmt":"2020-12-04T09:48:01","slug":"regeringen-kan-inte-lova-gratis-vaccin-till-ostgotarna-m-och-kd-i-region-ostergotland-tar-saken-i-egna-hander","status":"publish","type":"post","link":"https:\/\/wp.kristdemokraterna.se\/regionostergotland\/regeringen-kan-inte-lova-gratis-vaccin-till-ostgotarna-m-och-kd-i-region-ostergotland-tar-saken-i-egna-hander\/","title":{"rendered":"Regeringen kan inte lova gratis vaccin till \u00f6stg\u00f6tarna \u2013  M och KD i Region \u00d6sterg\u00f6tland tar saken i egna h\u00e4nder"},"content":{"rendered":"<p style=\"font-weight: 400\"><strong>Regeringen har idag p\u00e5 en presskonferens deklarerat att \u201ddet ska vara gratis att ta vaccin mot Covid-19\u201d. Det finns dock inget nationellt fattat beslut om detta, vilket g\u00f6r att Region \u00d6sterg\u00f6tland m\u00e5ste fatta ett eget beslut i fr\u00e5gan \u2013 och det br\u00e5dskar.<\/strong><\/p>\n<p style=\"font-weight: 400\">&#8211; N\u00e4r vaccinationen mot covid-19 startar i Region \u00d6sterg\u00f6tland vill Moderaterna och Kristdemokraterna att alla inv\u00e5nare ska f\u00e5 vaccinera sig kostnadsfritt. Vi l\u00e4gger d\u00e4rf\u00f6r fram ett s\u00e5dant f\u00f6rslag till h\u00e4lso- och sjukv\u00e5rdsn\u00e4mndens sammantr\u00e4de den 8 december, s\u00e4ger Fredrik Sj\u00f6strand (M), oppositionsr\u00e5d och 2:e vice ordf\u00f6rande i h\u00e4lso- och sjukv\u00e5rdsn\u00e4mnden.<\/p>\n<p style=\"font-weight: 400\">&#8211; \u00c4ven om det i dagsl\u00e4get inte finns ett godk\u00e4nt vaccin mot covid-19 s\u00e5 f\u00f6rv\u00e4ntas europeiska l\u00e4kemedelsmyndigheten (EMA) godk\u00e4nna flera vaccinkandidater inom de n\u00e4rmaste veckorna. Det g\u00f6r att Region \u00d6sterg\u00f6tland med st\u00f6rsta sannolikhet kommer inleda en bred vaccinationsinsats redan i januari 2021. Regionen kommer d\u00e4rf\u00f6r att beh\u00f6va jobba v\u00e4ldigt snabbt med fr\u00e5gan, menar Per Larsson (KD), oppositionsr\u00e5d.<\/p>\n<p style=\"font-weight: 400\">&#8211; Det \u00e4r av yttersta vikt att \u00f6stg\u00f6tarna inte beh\u00f6ver st\u00e5 f\u00f6r n\u00e5gon kostnad n\u00e4r det g\u00e4ller vaccinering f\u00f6r covid-19. D\u00e4rf\u00f6r l\u00e4gger vi nu fram ett f\u00f6rslag till h\u00e4lso- och sjukv\u00e5rdsn\u00e4mnden om att g\u00f6ra kommande vaccinering avgiftsfri. P\u00e5 s\u00e5 s\u00e4tt kan alla \u00f6stg\u00f6tar, oavsett ekonomiska f\u00f6ruts\u00e4ttningar, bli vaccinerade. Vaccin \u00e4r en avg\u00f6rande del i att kunna stoppa pandemin, avslutar Fredrik Sj\u00f6strand.<\/p>\n<p style=\"font-weight: 400\"><a href=\"http:\/\/wp.kristdemokraterna.se\/regionostergotland\/files\/2020\/12\/2020-12-08-angaende-avgift-for-covid-19-vaccination.pdf\" target=\"_blank\" rel=\"noopener noreferrer\"><em>Kicka h\u00e4r f\u00f6r att l\u00e4sa n\u00e4mndinitiativet (PDF)<\/em><\/a><\/p>\n<p>&nbsp;<\/p>\n<p style=\"font-weight: 400\"><strong>F\u00f6r ytterligare information:<\/strong><\/p>\n<p>Fredrik Sj\u00f6strand (M), 0707-88 07 63<\/p>\n<p>Per Larsson (KD), 0702-88 21 34<\/p>\n","protected":false},"excerpt":{"rendered":"<p>Regeringen har idag p\u00e5 en presskonferens deklarerat att \u201ddet ska vara gratis att ta vaccin mot Covid-19\u201d. Det finns dock inget nationellt fattat beslut om detta, vilket g\u00f6r att Region \u00d6sterg\u00f6tland m\u00e5ste fatta ett eget beslut i fr\u00e5gan \u2013 och det br\u00e5dskar. &#8211; N\u00e4r vaccinationen mot covid-19 startar i Region \u00d6sterg\u00f6tland vill Moderaterna och Kristdemokraterna <a class=\"read-more-link\" href=\"https:\/\/wp.kristdemokraterna.se\/regionostergotland\/regeringen-kan-inte-lova-gratis-vaccin-till-ostgotarna-m-och-kd-i-region-ostergotland-tar-saken-i-egna-hander\/\">Read More<\/a><\/p>\n","protected":false},"author":737,"featured_media":0,"comment_status":"closed","ping_status":"closed","sticky":false,"template":"","format":"standard","meta":{"_acf_changed":false,"footnotes":""},"categories":[1],"tags":[],"class_list":["post-1534","post","type-post","status-publish","format-standard","hentry","category-nyheter"],"acf":[],"yoast_head":"<!-- This site is optimized with the Yoast SEO plugin v27.5 - https:\/\/yoast.com\/product\/yoast-seo-wordpress\/ -->\n<title>Regeringen kan inte lova gratis vaccin till \u00f6stg\u00f6tarna \u2013 M och KD i Region \u00d6sterg\u00f6tland tar saken i egna h\u00e4nder - i Region \u00d6sterg\u00f6tland<\/title>\n<meta name=\"robots\" content=\"index, follow, max-snippet:-1, max-image-preview:large, max-video-preview:-1\" \/>\n<link rel=\"canonical\" href=\"https:\/\/wp.kristdemokraterna.se\/regionostergotland\/regeringen-kan-inte-lova-gratis-vaccin-till-ostgotarna-m-och-kd-i-region-ostergotland-tar-saken-i-egna-hander\/\" \/>\n<meta property=\"og:locale\" content=\"sv_SE\" \/>\n<meta property=\"og:type\" content=\"article\" \/>\n<meta property=\"og:title\" content=\"Regeringen kan inte lova gratis vaccin till \u00f6stg\u00f6tarna \u2013 M och KD i Region \u00d6sterg\u00f6tland tar saken i egna h\u00e4nder - i Region \u00d6sterg\u00f6tland\" \/>\n<meta property=\"og:description\" content=\"Regeringen har idag p\u00e5 en presskonferens deklarerat att \u201ddet ska vara gratis att ta vaccin mot Covid-19\u201d. Det finns dock inget nationellt fattat beslut om detta, vilket g\u00f6r att Region \u00d6sterg\u00f6tland m\u00e5ste fatta ett eget beslut i fr\u00e5gan \u2013 och det br\u00e5dskar. &#8211; N\u00e4r vaccinationen mot covid-19 startar i Region \u00d6sterg\u00f6tland vill Moderaterna och Kristdemokraterna Read More\" \/>\n<meta property=\"og:url\" content=\"https:\/\/wp.kristdemokraterna.se\/regionostergotland\/regeringen-kan-inte-lova-gratis-vaccin-till-ostgotarna-m-och-kd-i-region-ostergotland-tar-saken-i-egna-hander\/\" \/>\n<meta property=\"og:site_name\" content=\"i Region \u00d6sterg\u00f6tland\" \/>\n<meta property=\"article:published_time\" content=\"2020-12-04T09:48:01+00:00\" \/>\n<meta name=\"author\" content=\"regionostergotland\" \/>\n<meta name=\"twitter:card\" content=\"summary_large_image\" \/>\n<meta name=\"twitter:label1\" content=\"Skriven av\" \/>\n\t<meta name=\"twitter:data1\" content=\"regionostergotland\" \/>\n\t<meta name=\"twitter:label2\" content=\"Ber\u00e4knad l\u00e4stid\" \/>\n\t<meta name=\"twitter:data2\" content=\"1 minut\" \/>\n<script type=\"application\/ld+json\" class=\"yoast-schema-graph\">{\"@context\":\"https:\\\/\\\/schema.org\",\"@graph\":[{\"@type\":\"Article\",\"@id\":\"https:\\\/\\\/wp.kristdemokraterna.se\\\/regionostergotland\\\/regeringen-kan-inte-lova-gratis-vaccin-till-ostgotarna-m-och-kd-i-region-ostergotland-tar-saken-i-egna-hander\\\/#article\",\"isPartOf\":{\"@id\":\"https:\\\/\\\/wp.kristdemokraterna.se\\\/regionostergotland\\\/regeringen-kan-inte-lova-gratis-vaccin-till-ostgotarna-m-och-kd-i-region-ostergotland-tar-saken-i-egna-hander\\\/\"},\"author\":{\"name\":\"regionostergotland\",\"@id\":\"https:\\\/\\\/wp.kristdemokraterna.se\\\/regionostergotland\\\/#\\\/schema\\\/person\\\/74c3c4f502fcc489722a7be0dfe0088c\"},\"headline\":\"Regeringen kan inte lova gratis vaccin till \u00f6stg\u00f6tarna \u2013 M och KD i Region \u00d6sterg\u00f6tland tar saken i egna h\u00e4nder\",\"datePublished\":\"2020-12-04T09:48:01+00:00\",\"mainEntityOfPage\":{\"@id\":\"https:\\\/\\\/wp.kristdemokraterna.se\\\/regionostergotland\\\/regeringen-kan-inte-lova-gratis-vaccin-till-ostgotarna-m-och-kd-i-region-ostergotland-tar-saken-i-egna-hander\\\/\"},\"wordCount\":314,\"articleSection\":[\"Nyheter\"],\"inLanguage\":\"sv-SE\"},{\"@type\":\"WebPage\",\"@id\":\"https:\\\/\\\/wp.kristdemokraterna.se\\\/regionostergotland\\\/regeringen-kan-inte-lova-gratis-vaccin-till-ostgotarna-m-och-kd-i-region-ostergotland-tar-saken-i-egna-hander\\\/\",\"url\":\"https:\\\/\\\/wp.kristdemokraterna.se\\\/regionostergotland\\\/regeringen-kan-inte-lova-gratis-vaccin-till-ostgotarna-m-och-kd-i-region-ostergotland-tar-saken-i-egna-hander\\\/\",\"name\":\"Regeringen kan inte lova gratis vaccin till \u00f6stg\u00f6tarna \u2013 M och KD i Region \u00d6sterg\u00f6tland tar saken i egna h\u00e4nder - i Region \u00d6sterg\u00f6tland\",\"isPartOf\":{\"@id\":\"https:\\\/\\\/wp.kristdemokraterna.se\\\/regionostergotland\\\/#website\"},\"datePublished\":\"2020-12-04T09:48:01+00:00\",\"author\":{\"@id\":\"https:\\\/\\\/wp.kristdemokraterna.se\\\/regionostergotland\\\/#\\\/schema\\\/person\\\/74c3c4f502fcc489722a7be0dfe0088c\"},\"breadcrumb\":{\"@id\":\"https:\\\/\\\/wp.kristdemokraterna.se\\\/regionostergotland\\\/regeringen-kan-inte-lova-gratis-vaccin-till-ostgotarna-m-och-kd-i-region-ostergotland-tar-saken-i-egna-hander\\\/#breadcrumb\"},\"inLanguage\":\"sv-SE\",\"potentialAction\":[{\"@type\":\"ReadAction\",\"target\":[\"https:\\\/\\\/wp.kristdemokraterna.se\\\/regionostergotland\\\/regeringen-kan-inte-lova-gratis-vaccin-till-ostgotarna-m-och-kd-i-region-ostergotland-tar-saken-i-egna-hander\\\/\"]}]},{\"@type\":\"BreadcrumbList\",\"@id\":\"https:\\\/\\\/wp.kristdemokraterna.se\\\/regionostergotland\\\/regeringen-kan-inte-lova-gratis-vaccin-till-ostgotarna-m-och-kd-i-region-ostergotland-tar-saken-i-egna-hander\\\/#breadcrumb\",\"itemListElement\":[{\"@type\":\"ListItem\",\"position\":1,\"name\":\"Hem\",\"item\":\"https:\\\/\\\/wp.kristdemokraterna.se\\\/regionostergotland\\\/\"},{\"@type\":\"ListItem\",\"position\":2,\"name\":\"Regeringen kan inte lova gratis vaccin till \u00f6stg\u00f6tarna \u2013 M och KD i Region \u00d6sterg\u00f6tland tar saken i egna h\u00e4nder\"}]},{\"@type\":\"WebSite\",\"@id\":\"https:\\\/\\\/wp.kristdemokraterna.se\\\/regionostergotland\\\/#website\",\"url\":\"https:\\\/\\\/wp.kristdemokraterna.se\\\/regionostergotland\\\/\",\"name\":\"i Region \u00d6sterg\u00f6tland\",\"description\":\"\",\"inLanguage\":\"sv-SE\"},{\"@type\":\"Person\",\"@id\":\"https:\\\/\\\/wp.kristdemokraterna.se\\\/regionostergotland\\\/#\\\/schema\\\/person\\\/74c3c4f502fcc489722a7be0dfe0088c\",\"name\":\"regionostergotland\",\"image\":{\"@type\":\"ImageObject\",\"inLanguage\":\"sv-SE\",\"@id\":\"https:\\\/\\\/secure.gravatar.com\\\/avatar\\\/8fb8f0a216e627554da57506bfaf78d677f45512f24f703e185ec701423b1e92?s=96&d=mm&r=g\",\"url\":\"https:\\\/\\\/secure.gravatar.com\\\/avatar\\\/8fb8f0a216e627554da57506bfaf78d677f45512f24f703e185ec701423b1e92?s=96&d=mm&r=g\",\"contentUrl\":\"https:\\\/\\\/secure.gravatar.com\\\/avatar\\\/8fb8f0a216e627554da57506bfaf78d677f45512f24f703e185ec701423b1e92?s=96&d=mm&r=g\",\"caption\":\"regionostergotland\"},\"url\":\"https:\\\/\\\/wp.kristdemokraterna.se\\\/regionostergotland\\\/author\\\/regionostergotland\\\/\"}]}<\/script>\n<!-- \/ Yoast SEO plugin. -->","yoast_head_json":{"title":"Regeringen kan inte lova gratis vaccin till \u00f6stg\u00f6tarna \u2013 M och KD i Region \u00d6sterg\u00f6tland tar saken i egna h\u00e4nder - i Region \u00d6sterg\u00f6tland","robots":{"index":"index","follow":"follow","max-snippet":"max-snippet:-1","max-image-preview":"max-image-preview:large","max-video-preview":"max-video-preview:-1"},"canonical":"https:\/\/wp.kristdemokraterna.se\/regionostergotland\/regeringen-kan-inte-lova-gratis-vaccin-till-ostgotarna-m-och-kd-i-region-ostergotland-tar-saken-i-egna-hander\/","og_locale":"sv_SE","og_type":"article","og_title":"Regeringen kan inte lova gratis vaccin till \u00f6stg\u00f6tarna \u2013 M och KD i Region \u00d6sterg\u00f6tland tar saken i egna h\u00e4nder - i Region \u00d6sterg\u00f6tland","og_description":"Regeringen har idag p\u00e5 en presskonferens deklarerat att \u201ddet ska vara gratis att ta vaccin mot Covid-19\u201d. Det finns dock inget nationellt fattat beslut om detta, vilket g\u00f6r att Region \u00d6sterg\u00f6tland m\u00e5ste fatta ett eget beslut i fr\u00e5gan \u2013 och det br\u00e5dskar. &#8211; N\u00e4r vaccinationen mot covid-19 startar i Region \u00d6sterg\u00f6tland vill Moderaterna och Kristdemokraterna Read More","og_url":"https:\/\/wp.kristdemokraterna.se\/regionostergotland\/regeringen-kan-inte-lova-gratis-vaccin-till-ostgotarna-m-och-kd-i-region-ostergotland-tar-saken-i-egna-hander\/","og_site_name":"i Region \u00d6sterg\u00f6tland","article_published_time":"2020-12-04T09:48:01+00:00","author":"regionostergotland","twitter_card":"summary_large_image","twitter_misc":{"Skriven av":"regionostergotland","Ber\u00e4knad l\u00e4stid":"1 minut"},"schema":{"@context":"https:\/\/schema.org","@graph":[{"@type":"Article","@id":"https:\/\/wp.kristdemokraterna.se\/regionostergotland\/regeringen-kan-inte-lova-gratis-vaccin-till-ostgotarna-m-och-kd-i-region-ostergotland-tar-saken-i-egna-hander\/#article","isPartOf":{"@id":"https:\/\/wp.kristdemokraterna.se\/regionostergotland\/regeringen-kan-inte-lova-gratis-vaccin-till-ostgotarna-m-och-kd-i-region-ostergotland-tar-saken-i-egna-hander\/"},"author":{"name":"regionostergotland","@id":"https:\/\/wp.kristdemokraterna.se\/regionostergotland\/#\/schema\/person\/74c3c4f502fcc489722a7be0dfe0088c"},"headline":"Regeringen kan inte lova gratis vaccin till \u00f6stg\u00f6tarna \u2013 M och KD i Region \u00d6sterg\u00f6tland tar saken i egna h\u00e4nder","datePublished":"2020-12-04T09:48:01+00:00","mainEntityOfPage":{"@id":"https:\/\/wp.kristdemokraterna.se\/regionostergotland\/regeringen-kan-inte-lova-gratis-vaccin-till-ostgotarna-m-och-kd-i-region-ostergotland-tar-saken-i-egna-hander\/"},"wordCount":314,"articleSection":["Nyheter"],"inLanguage":"sv-SE"},{"@type":"WebPage","@id":"https:\/\/wp.kristdemokraterna.se\/regionostergotland\/regeringen-kan-inte-lova-gratis-vaccin-till-ostgotarna-m-och-kd-i-region-ostergotland-tar-saken-i-egna-hander\/","url":"https:\/\/wp.kristdemokraterna.se\/regionostergotland\/regeringen-kan-inte-lova-gratis-vaccin-till-ostgotarna-m-och-kd-i-region-ostergotland-tar-saken-i-egna-hander\/","name":"Regeringen kan inte lova gratis vaccin till \u00f6stg\u00f6tarna \u2013 M och KD i Region \u00d6sterg\u00f6tland tar saken i egna h\u00e4nder - i Region \u00d6sterg\u00f6tland","isPartOf":{"@id":"https:\/\/wp.kristdemokraterna.se\/regionostergotland\/#website"},"datePublished":"2020-12-04T09:48:01+00:00","author":{"@id":"https:\/\/wp.kristdemokraterna.se\/regionostergotland\/#\/schema\/person\/74c3c4f502fcc489722a7be0dfe0088c"},"breadcrumb":{"@id":"https:\/\/wp.kristdemokraterna.se\/regionostergotland\/regeringen-kan-inte-lova-gratis-vaccin-till-ostgotarna-m-och-kd-i-region-ostergotland-tar-saken-i-egna-hander\/#breadcrumb"},"inLanguage":"sv-SE","potentialAction":[{"@type":"ReadAction","target":["https:\/\/wp.kristdemokraterna.se\/regionostergotland\/regeringen-kan-inte-lova-gratis-vaccin-till-ostgotarna-m-och-kd-i-region-ostergotland-tar-saken-i-egna-hander\/"]}]},{"@type":"BreadcrumbList","@id":"https:\/\/wp.kristdemokraterna.se\/regionostergotland\/regeringen-kan-inte-lova-gratis-vaccin-till-ostgotarna-m-och-kd-i-region-ostergotland-tar-saken-i-egna-hander\/#breadcrumb","itemListElement":[{"@type":"ListItem","position":1,"name":"Hem","item":"https:\/\/wp.kristdemokraterna.se\/regionostergotland\/"},{"@type":"ListItem","position":2,"name":"Regeringen kan inte lova gratis vaccin till \u00f6stg\u00f6tarna \u2013 M och KD i Region \u00d6sterg\u00f6tland tar saken i egna h\u00e4nder"}]},{"@type":"WebSite","@id":"https:\/\/wp.kristdemokraterna.se\/regionostergotland\/#website","url":"https:\/\/wp.kristdemokraterna.se\/regionostergotland\/","name":"i Region \u00d6sterg\u00f6tland","description":"","inLanguage":"sv-SE"},{"@type":"Person","@id":"https:\/\/wp.kristdemokraterna.se\/regionostergotland\/#\/schema\/person\/74c3c4f502fcc489722a7be0dfe0088c","name":"regionostergotland","image":{"@type":"ImageObject","inLanguage":"sv-SE","@id":"https:\/\/secure.gravatar.com\/avatar\/8fb8f0a216e627554da57506bfaf78d677f45512f24f703e185ec701423b1e92?s=96&d=mm&r=g","url":"https:\/\/secure.gravatar.com\/avatar\/8fb8f0a216e627554da57506bfaf78d677f45512f24f703e185ec701423b1e92?s=96&d=mm&r=g","contentUrl":"https:\/\/secure.gravatar.com\/avatar\/8fb8f0a216e627554da57506bfaf78d677f45512f24f703e185ec701423b1e92?s=96&d=mm&r=g","caption":"regionostergotland"},"url":"https:\/\/wp.kristdemokraterna.se\/regionostergotland\/author\/regionostergotland\/"}]}},"_links":{"self":[{"href":"https:\/\/wp.kristdemokraterna.se\/regionostergotland\/wp-json\/wp\/v2\/posts\/1534","targetHints":{"allow":["GET"]}}],"collection":[{"href":"https:\/\/wp.kristdemokraterna.se\/regionostergotland\/wp-json\/wp\/v2\/posts"}],"about":[{"href":"https:\/\/wp.kristdemokraterna.se\/regionostergotland\/wp-json\/wp\/v2\/types\/post"}],"author":[{"embeddable":true,"href":"https:\/\/wp.kristdemokraterna.se\/regionostergotland\/wp-json\/wp\/v2\/users\/737"}],"replies":[{"embeddable":true,"href":"https:\/\/wp.kristdemokraterna.se\/regionostergotland\/wp-json\/wp\/v2\/comments?post=1534"}],"version-history":[{"count":2,"href":"https:\/\/wp.kristdemokraterna.se\/regionostergotland\/wp-json\/wp\/v2\/posts\/1534\/revisions"}],"predecessor-version":[{"id":1536,"href":"https:\/\/wp.kristdemokraterna.se\/regionostergotland\/wp-json\/wp\/v2\/posts\/1534\/revisions\/1536"}],"wp:attachment":[{"href":"https:\/\/wp.kristdemokraterna.se\/regionostergotland\/wp-json\/wp\/v2\/media?parent=1534"}],"wp:term":[{"taxonomy":"category","embeddable":true,"href":"https:\/\/wp.kristdemokraterna.se\/regionostergotland\/wp-json\/wp\/v2\/categories?post=1534"},{"taxonomy":"post_tag","embeddable":true,"href":"https:\/\/wp.kristdemokraterna.se\/regionostergotland\/wp-json\/wp\/v2\/tags?post=1534"}],"curies":[{"name":"wp","href":"https:\/\/api.w.org\/{rel}","templated":true}]}}