{"id":1587,"date":"2021-02-24T07:19:41","date_gmt":"2021-02-24T06:19:41","guid":{"rendered":"http:\/\/wp.kristdemokraterna.se\/regionostergotland\/?p=1587"},"modified":"2022-04-14T09:37:48","modified_gmt":"2022-04-14T07:37:48","slug":"elbrist-hotar-analysera-ostergotlands-behov","status":"publish","type":"post","link":"https:\/\/wp.kristdemokraterna.se\/regionostergotland\/elbrist-hotar-analysera-ostergotlands-behov\/","title":{"rendered":"Elbrist hotar \u2013 analysera \u00d6sterg\u00f6tlands behov!"},"content":{"rendered":"<p><strong>Sveriges elpris skjuter i h\u00f6jden och larmrapporterna avl\u00f6ser varandra om att f\u00f6retag inte har tillr\u00e4cklig tillg\u00e5ng p\u00e5 el. Fr\u00e5gan om eltillg\u00e5ng och \u00f6verf\u00f6ringskapacitet har inte minst varit p\u00e5 agendan under de kyliga dagarna nu i februari n\u00e4r \u00e5tg\u00e5ngen medf\u00f6rt h\u00f6gre elpriser och produktionsstopp i vissa industrier. Nu vill Moderaterna och Kristdemokraterna att Region \u00d6sterg\u00f6tland analyserar \u00d6sterg\u00f6tlands behov.<\/strong><\/p>\n<p><!--more--><\/p>\n<p>&#8211; Elkrisen m\u00e5ste tas p\u00e5 st\u00f6rsta allvar. Ett v\u00e4l fungerande elsystem \u00e4r centralt f\u00f6r att elektrifiera samh\u00e4llet och fasa ut fossila br\u00e4nslen.\u202fElsystemet\u202f\u00e4r ocks\u00e5 avg\u00f6rande f\u00f6r f\u00f6retagens investeringsvilja, s\u00e4ger Jan Owe-Larsson (M), 2:e vice ordf\u00f6rande i trafik- och samh\u00e4llsplaneringsn\u00e4mnden.<\/p>\n<p>&#8211; Nedst\u00e4ngningen av fossilfria k\u00e4rnkraftverk i landet menar vi var fatala misstag. Utan s\u00e4kerst\u00e4llda framtida leveranser av elenergi har det kommit m\u00e5nga signaler fr\u00e5n f\u00f6retag som inte kan bygga ut sin produktion eller satsa p\u00e5 nya etableringar. Det \u00e4r orov\u00e4ckande f\u00f6r Sveriges \u2013 liksom \u00d6sterg\u00f6tlands \u2013 utveckling, menar Per Larsson (KD), 2:e vice ordf\u00f6rande regionutvecklingsn\u00e4mnden.<\/p>\n<p>&#8211; Den h\u00e4r vintern har oljekraftverk startats och vi har dessutom importerat kolkraftsel. S\u00e5 kan vi inte ha det. Visst \u00e4r vindkraft och solpaneler bra, men det ger ingen effekt n\u00e4r det \u00e4r vindstilla och solen lyser med sin fr\u00e5nvaro, forts\u00e4tter Jan Owe-Larsson.<\/p>\n<p>&#8211; Vi f\u00f6resl\u00e5r nu i en motion till regionfullm\u00e4ktige att Region \u00d6sterg\u00f6tland genomf\u00f6r en SWOT-analys \u00f6ver tillg\u00e5ng p\u00e5 el och \u00f6verf\u00f6ringskapacitet med fokus p\u00e5 n\u00e4ringslivets och inv\u00e5narna nuvarande och framtida behov i \u00d6sterg\u00f6tland. V\u00e5r v\u00e4lf\u00e4rd, jobb och konkurrenskraft \u00e4r beroende av att vi har en fungerande eltillf\u00f6rsel till konkurrenskraftiga priser, avslutar Per Larsson.<\/p>\n<p>L\u00e4nk till motionen:<\/p>\n<p><a href=\"http:\/\/wp.kristdemokraterna.se\/regionostergotland\/files\/2021\/02\/200222_motion_elbrist-hotar-\u2013-analysera-ostergotlands-behov.pdf\" target=\"_blank\" rel=\"noopener\">200222_motion_elbrist-hotar-analysera-ostergotlands-behov.pdf<\/a><\/p>\n","protected":false},"excerpt":{"rendered":"<p>Sveriges elpris skjuter i h\u00f6jden och larmrapporterna avl\u00f6ser varandra om att f\u00f6retag inte har tillr\u00e4cklig tillg\u00e5ng p\u00e5 el. Fr\u00e5gan om eltillg\u00e5ng och \u00f6verf\u00f6ringskapacitet har inte minst varit p\u00e5 agendan under de kyliga dagarna nu i februari n\u00e4r \u00e5tg\u00e5ngen medf\u00f6rt h\u00f6gre elpriser och produktionsstopp i vissa industrier. Nu vill Moderaterna och Kristdemokraterna att Region \u00d6sterg\u00f6tland analyserar <a class=\"read-more-link\" href=\"https:\/\/wp.kristdemokraterna.se\/regionostergotland\/elbrist-hotar-analysera-ostergotlands-behov\/\">Read More<\/a><\/p>\n","protected":false},"author":737,"featured_media":0,"comment_status":"closed","ping_status":"closed","sticky":false,"template":"","format":"standard","meta":{"_acf_changed":false,"footnotes":""},"categories":[1],"tags":[],"class_list":["post-1587","post","type-post","status-publish","format-standard","hentry","category-nyheter"],"acf":[],"yoast_head":"<!-- This site is optimized with the Yoast SEO plugin v27.5 - https:\/\/yoast.com\/product\/yoast-seo-wordpress\/ -->\n<title>Elbrist hotar \u2013 analysera \u00d6sterg\u00f6tlands behov! - i Region \u00d6sterg\u00f6tland<\/title>\n<meta name=\"robots\" content=\"index, follow, max-snippet:-1, max-image-preview:large, max-video-preview:-1\" \/>\n<link rel=\"canonical\" href=\"https:\/\/wp.kristdemokraterna.se\/regionostergotland\/elbrist-hotar-analysera-ostergotlands-behov\/\" \/>\n<meta property=\"og:locale\" content=\"sv_SE\" \/>\n<meta property=\"og:type\" content=\"article\" \/>\n<meta property=\"og:title\" content=\"Elbrist hotar \u2013 analysera \u00d6sterg\u00f6tlands behov! - i Region \u00d6sterg\u00f6tland\" \/>\n<meta property=\"og:description\" content=\"Sveriges elpris skjuter i h\u00f6jden och larmrapporterna avl\u00f6ser varandra om att f\u00f6retag inte har tillr\u00e4cklig tillg\u00e5ng p\u00e5 el. Fr\u00e5gan om eltillg\u00e5ng och \u00f6verf\u00f6ringskapacitet har inte minst varit p\u00e5 agendan under de kyliga dagarna nu i februari n\u00e4r \u00e5tg\u00e5ngen medf\u00f6rt h\u00f6gre elpriser och produktionsstopp i vissa industrier. Nu vill Moderaterna och Kristdemokraterna att Region \u00d6sterg\u00f6tland analyserar Read More\" \/>\n<meta property=\"og:url\" content=\"https:\/\/wp.kristdemokraterna.se\/regionostergotland\/elbrist-hotar-analysera-ostergotlands-behov\/\" \/>\n<meta property=\"og:site_name\" content=\"i Region \u00d6sterg\u00f6tland\" \/>\n<meta property=\"article:published_time\" content=\"2021-02-24T06:19:41+00:00\" \/>\n<meta property=\"article:modified_time\" content=\"2022-04-14T07:37:48+00:00\" \/>\n<meta name=\"author\" content=\"regionostergotland\" \/>\n<meta name=\"twitter:card\" content=\"summary_large_image\" \/>\n<meta name=\"twitter:label1\" content=\"Skriven av\" \/>\n\t<meta name=\"twitter:data1\" content=\"regionostergotland\" \/>\n\t<meta name=\"twitter:label2\" content=\"Ber\u00e4knad l\u00e4stid\" \/>\n\t<meta name=\"twitter:data2\" content=\"2 minuter\" \/>\n<script type=\"application\/ld+json\" class=\"yoast-schema-graph\">{\"@context\":\"https:\\\/\\\/schema.org\",\"@graph\":[{\"@type\":\"Article\",\"@id\":\"https:\\\/\\\/wp.kristdemokraterna.se\\\/regionostergotland\\\/elbrist-hotar-analysera-ostergotlands-behov\\\/#article\",\"isPartOf\":{\"@id\":\"https:\\\/\\\/wp.kristdemokraterna.se\\\/regionostergotland\\\/elbrist-hotar-analysera-ostergotlands-behov\\\/\"},\"author\":{\"name\":\"regionostergotland\",\"@id\":\"https:\\\/\\\/wp.kristdemokraterna.se\\\/regionostergotland\\\/#\\\/schema\\\/person\\\/74c3c4f502fcc489722a7be0dfe0088c\"},\"headline\":\"Elbrist hotar \u2013 analysera \u00d6sterg\u00f6tlands behov!\",\"datePublished\":\"2021-02-24T06:19:41+00:00\",\"dateModified\":\"2022-04-14T07:37:48+00:00\",\"mainEntityOfPage\":{\"@id\":\"https:\\\/\\\/wp.kristdemokraterna.se\\\/regionostergotland\\\/elbrist-hotar-analysera-ostergotlands-behov\\\/\"},\"wordCount\":316,\"articleSection\":[\"Nyheter\"],\"inLanguage\":\"sv-SE\"},{\"@type\":\"WebPage\",\"@id\":\"https:\\\/\\\/wp.kristdemokraterna.se\\\/regionostergotland\\\/elbrist-hotar-analysera-ostergotlands-behov\\\/\",\"url\":\"https:\\\/\\\/wp.kristdemokraterna.se\\\/regionostergotland\\\/elbrist-hotar-analysera-ostergotlands-behov\\\/\",\"name\":\"Elbrist hotar \u2013 analysera \u00d6sterg\u00f6tlands behov! - i Region \u00d6sterg\u00f6tland\",\"isPartOf\":{\"@id\":\"https:\\\/\\\/wp.kristdemokraterna.se\\\/regionostergotland\\\/#website\"},\"datePublished\":\"2021-02-24T06:19:41+00:00\",\"dateModified\":\"2022-04-14T07:37:48+00:00\",\"author\":{\"@id\":\"https:\\\/\\\/wp.kristdemokraterna.se\\\/regionostergotland\\\/#\\\/schema\\\/person\\\/74c3c4f502fcc489722a7be0dfe0088c\"},\"breadcrumb\":{\"@id\":\"https:\\\/\\\/wp.kristdemokraterna.se\\\/regionostergotland\\\/elbrist-hotar-analysera-ostergotlands-behov\\\/#breadcrumb\"},\"inLanguage\":\"sv-SE\",\"potentialAction\":[{\"@type\":\"ReadAction\",\"target\":[\"https:\\\/\\\/wp.kristdemokraterna.se\\\/regionostergotland\\\/elbrist-hotar-analysera-ostergotlands-behov\\\/\"]}]},{\"@type\":\"BreadcrumbList\",\"@id\":\"https:\\\/\\\/wp.kristdemokraterna.se\\\/regionostergotland\\\/elbrist-hotar-analysera-ostergotlands-behov\\\/#breadcrumb\",\"itemListElement\":[{\"@type\":\"ListItem\",\"position\":1,\"name\":\"Hem\",\"item\":\"https:\\\/\\\/wp.kristdemokraterna.se\\\/regionostergotland\\\/\"},{\"@type\":\"ListItem\",\"position\":2,\"name\":\"Elbrist hotar \u2013 analysera \u00d6sterg\u00f6tlands behov!\"}]},{\"@type\":\"WebSite\",\"@id\":\"https:\\\/\\\/wp.kristdemokraterna.se\\\/regionostergotland\\\/#website\",\"url\":\"https:\\\/\\\/wp.kristdemokraterna.se\\\/regionostergotland\\\/\",\"name\":\"i Region \u00d6sterg\u00f6tland\",\"description\":\"\",\"inLanguage\":\"sv-SE\"},{\"@type\":\"Person\",\"@id\":\"https:\\\/\\\/wp.kristdemokraterna.se\\\/regionostergotland\\\/#\\\/schema\\\/person\\\/74c3c4f502fcc489722a7be0dfe0088c\",\"name\":\"regionostergotland\",\"image\":{\"@type\":\"ImageObject\",\"inLanguage\":\"sv-SE\",\"@id\":\"https:\\\/\\\/secure.gravatar.com\\\/avatar\\\/8fb8f0a216e627554da57506bfaf78d677f45512f24f703e185ec701423b1e92?s=96&d=mm&r=g\",\"url\":\"https:\\\/\\\/secure.gravatar.com\\\/avatar\\\/8fb8f0a216e627554da57506bfaf78d677f45512f24f703e185ec701423b1e92?s=96&d=mm&r=g\",\"contentUrl\":\"https:\\\/\\\/secure.gravatar.com\\\/avatar\\\/8fb8f0a216e627554da57506bfaf78d677f45512f24f703e185ec701423b1e92?s=96&d=mm&r=g\",\"caption\":\"regionostergotland\"},\"url\":\"https:\\\/\\\/wp.kristdemokraterna.se\\\/regionostergotland\\\/author\\\/regionostergotland\\\/\"}]}<\/script>\n<!-- \/ Yoast SEO plugin. -->","yoast_head_json":{"title":"Elbrist hotar \u2013 analysera \u00d6sterg\u00f6tlands behov! - i Region \u00d6sterg\u00f6tland","robots":{"index":"index","follow":"follow","max-snippet":"max-snippet:-1","max-image-preview":"max-image-preview:large","max-video-preview":"max-video-preview:-1"},"canonical":"https:\/\/wp.kristdemokraterna.se\/regionostergotland\/elbrist-hotar-analysera-ostergotlands-behov\/","og_locale":"sv_SE","og_type":"article","og_title":"Elbrist hotar \u2013 analysera \u00d6sterg\u00f6tlands behov! - i Region \u00d6sterg\u00f6tland","og_description":"Sveriges elpris skjuter i h\u00f6jden och larmrapporterna avl\u00f6ser varandra om att f\u00f6retag inte har tillr\u00e4cklig tillg\u00e5ng p\u00e5 el. Fr\u00e5gan om eltillg\u00e5ng och \u00f6verf\u00f6ringskapacitet har inte minst varit p\u00e5 agendan under de kyliga dagarna nu i februari n\u00e4r \u00e5tg\u00e5ngen medf\u00f6rt h\u00f6gre elpriser och produktionsstopp i vissa industrier. Nu vill Moderaterna och Kristdemokraterna att Region \u00d6sterg\u00f6tland analyserar Read More","og_url":"https:\/\/wp.kristdemokraterna.se\/regionostergotland\/elbrist-hotar-analysera-ostergotlands-behov\/","og_site_name":"i Region \u00d6sterg\u00f6tland","article_published_time":"2021-02-24T06:19:41+00:00","article_modified_time":"2022-04-14T07:37:48+00:00","author":"regionostergotland","twitter_card":"summary_large_image","twitter_misc":{"Skriven av":"regionostergotland","Ber\u00e4knad l\u00e4stid":"2 minuter"},"schema":{"@context":"https:\/\/schema.org","@graph":[{"@type":"Article","@id":"https:\/\/wp.kristdemokraterna.se\/regionostergotland\/elbrist-hotar-analysera-ostergotlands-behov\/#article","isPartOf":{"@id":"https:\/\/wp.kristdemokraterna.se\/regionostergotland\/elbrist-hotar-analysera-ostergotlands-behov\/"},"author":{"name":"regionostergotland","@id":"https:\/\/wp.kristdemokraterna.se\/regionostergotland\/#\/schema\/person\/74c3c4f502fcc489722a7be0dfe0088c"},"headline":"Elbrist hotar \u2013 analysera \u00d6sterg\u00f6tlands behov!","datePublished":"2021-02-24T06:19:41+00:00","dateModified":"2022-04-14T07:37:48+00:00","mainEntityOfPage":{"@id":"https:\/\/wp.kristdemokraterna.se\/regionostergotland\/elbrist-hotar-analysera-ostergotlands-behov\/"},"wordCount":316,"articleSection":["Nyheter"],"inLanguage":"sv-SE"},{"@type":"WebPage","@id":"https:\/\/wp.kristdemokraterna.se\/regionostergotland\/elbrist-hotar-analysera-ostergotlands-behov\/","url":"https:\/\/wp.kristdemokraterna.se\/regionostergotland\/elbrist-hotar-analysera-ostergotlands-behov\/","name":"Elbrist hotar \u2013 analysera \u00d6sterg\u00f6tlands behov! - i Region \u00d6sterg\u00f6tland","isPartOf":{"@id":"https:\/\/wp.kristdemokraterna.se\/regionostergotland\/#website"},"datePublished":"2021-02-24T06:19:41+00:00","dateModified":"2022-04-14T07:37:48+00:00","author":{"@id":"https:\/\/wp.kristdemokraterna.se\/regionostergotland\/#\/schema\/person\/74c3c4f502fcc489722a7be0dfe0088c"},"breadcrumb":{"@id":"https:\/\/wp.kristdemokraterna.se\/regionostergotland\/elbrist-hotar-analysera-ostergotlands-behov\/#breadcrumb"},"inLanguage":"sv-SE","potentialAction":[{"@type":"ReadAction","target":["https:\/\/wp.kristdemokraterna.se\/regionostergotland\/elbrist-hotar-analysera-ostergotlands-behov\/"]}]},{"@type":"BreadcrumbList","@id":"https:\/\/wp.kristdemokraterna.se\/regionostergotland\/elbrist-hotar-analysera-ostergotlands-behov\/#breadcrumb","itemListElement":[{"@type":"ListItem","position":1,"name":"Hem","item":"https:\/\/wp.kristdemokraterna.se\/regionostergotland\/"},{"@type":"ListItem","position":2,"name":"Elbrist hotar \u2013 analysera \u00d6sterg\u00f6tlands behov!"}]},{"@type":"WebSite","@id":"https:\/\/wp.kristdemokraterna.se\/regionostergotland\/#website","url":"https:\/\/wp.kristdemokraterna.se\/regionostergotland\/","name":"i Region \u00d6sterg\u00f6tland","description":"","inLanguage":"sv-SE"},{"@type":"Person","@id":"https:\/\/wp.kristdemokraterna.se\/regionostergotland\/#\/schema\/person\/74c3c4f502fcc489722a7be0dfe0088c","name":"regionostergotland","image":{"@type":"ImageObject","inLanguage":"sv-SE","@id":"https:\/\/secure.gravatar.com\/avatar\/8fb8f0a216e627554da57506bfaf78d677f45512f24f703e185ec701423b1e92?s=96&d=mm&r=g","url":"https:\/\/secure.gravatar.com\/avatar\/8fb8f0a216e627554da57506bfaf78d677f45512f24f703e185ec701423b1e92?s=96&d=mm&r=g","contentUrl":"https:\/\/secure.gravatar.com\/avatar\/8fb8f0a216e627554da57506bfaf78d677f45512f24f703e185ec701423b1e92?s=96&d=mm&r=g","caption":"regionostergotland"},"url":"https:\/\/wp.kristdemokraterna.se\/regionostergotland\/author\/regionostergotland\/"}]}},"_links":{"self":[{"href":"https:\/\/wp.kristdemokraterna.se\/regionostergotland\/wp-json\/wp\/v2\/posts\/1587","targetHints":{"allow":["GET"]}}],"collection":[{"href":"https:\/\/wp.kristdemokraterna.se\/regionostergotland\/wp-json\/wp\/v2\/posts"}],"about":[{"href":"https:\/\/wp.kristdemokraterna.se\/regionostergotland\/wp-json\/wp\/v2\/types\/post"}],"author":[{"embeddable":true,"href":"https:\/\/wp.kristdemokraterna.se\/regionostergotland\/wp-json\/wp\/v2\/users\/737"}],"replies":[{"embeddable":true,"href":"https:\/\/wp.kristdemokraterna.se\/regionostergotland\/wp-json\/wp\/v2\/comments?post=1587"}],"version-history":[{"count":2,"href":"https:\/\/wp.kristdemokraterna.se\/regionostergotland\/wp-json\/wp\/v2\/posts\/1587\/revisions"}],"predecessor-version":[{"id":1591,"href":"https:\/\/wp.kristdemokraterna.se\/regionostergotland\/wp-json\/wp\/v2\/posts\/1587\/revisions\/1591"}],"wp:attachment":[{"href":"https:\/\/wp.kristdemokraterna.se\/regionostergotland\/wp-json\/wp\/v2\/media?parent=1587"}],"wp:term":[{"taxonomy":"category","embeddable":true,"href":"https:\/\/wp.kristdemokraterna.se\/regionostergotland\/wp-json\/wp\/v2\/categories?post=1587"},{"taxonomy":"post_tag","embeddable":true,"href":"https:\/\/wp.kristdemokraterna.se\/regionostergotland\/wp-json\/wp\/v2\/tags?post=1587"}],"curies":[{"name":"wp","href":"https:\/\/api.w.org\/{rel}","templated":true}]}}