{"id":1615,"date":"2021-04-01T13:24:25","date_gmt":"2021-04-01T11:24:25","guid":{"rendered":"https:\/\/wp.kristdemokraterna.se\/regionostergotland\/?p=1615"},"modified":"2021-04-01T13:24:25","modified_gmt":"2021-04-01T11:24:25","slug":"nyhetsbrev-vecka-13-5","status":"publish","type":"post","link":"https:\/\/wp.kristdemokraterna.se\/regionostergotland\/nyhetsbrev-vecka-13-5\/","title":{"rendered":"Nyhetsbrev vecka 13"},"content":{"rendered":"<p>Hej!<\/p>\n<p>Idag \u00e4r det sk\u00e4rtorsdag, p\u00e5skhelgen inleds och det \u00e4r dags att sammanfatta den lite kortare arbetsveckan. Veckan har hittills bjudit p\u00e5 inslag av b\u00e5de sommartemperaturer och sm\u00e5regn i sn\u00e5lbl\u00e5st. Men, med tanke p\u00e5 att det vi nu har klivit in i april, \u00e4r v\u00e4l v\u00e4xlande v\u00e4der bara att v\u00e4nta\u2026 P\u00e5 pandemifronten \u00e4r det ocks\u00e5 skiftande nyheter, med dessv\u00e4rre fortsatt \u00f6kande antal smittade och fler som beh\u00f6ver sjukhusv\u00e5rd, men samtidigt betydligt f\u00e4rre d\u00f6dsfall och allt fler som blir vaccinerade. Det g\u00e4ller allts\u00e5 att vi, \u00e4ven under p\u00e5sken, forts\u00e4tter att h\u00e5lla i, h\u00e5lla ut och f\u00f6lja r\u00e5d och rekommendationer! N\u00e5gra nedslag i veckans regionpolitiska aktiviteter kommer h\u00e4r i veckans nyhetsbrev. Trevlig l\u00e4sning!<!--more--><\/p>\n<p><strong>M\u00e5ndagsm\u00f6te med direkt\u00f6rsbes\u00f6k<\/strong><br \/>\nVeckan inleddes som vanligt med m\u00e5ndagsm\u00f6te f\u00f6r ledningarna f\u00f6r Kristdemokraterna och Moderaterna i regionen. Denna m\u00e5ndag var det dags f\u00f6r m\u00e5nadens bes\u00f6k av regionens samlade direkt\u00f6rer. Vi g\u00e4stades denna g\u00e5ng av regiondirekt\u00f6r Krister Bj\u00f6rkegren, h\u00e4lso- och sjukv\u00e5rdsdirekt\u00f6r Lena Lundgren, regionutvecklingsdirekt\u00f6r Richard Wid\u00e9n och ekonomidirekt\u00f6r Josefin Bj\u00e4resten. P\u00e5 dagordningen stod bl.a. information om l\u00e4get n\u00e4r det g\u00e4ller formandet av det rikst\u00e4ckande kommunalf\u00f6rbundet Svenskt Ambulansflyg och aktuellt l\u00e4ge f\u00f6r regionens hantering av Coronapandemin. Trots att m\u00e5nga fler just nu testar sig och dessv\u00e4rre ocks\u00e5 fler testas positivt f\u00f6r Covid-19, \u00e4r provtagningskapaciteten god, vilket \u00e4r b\u00e4ttre \u00e4n i b\u00f6rjan av den andra v\u00e5gen i h\u00f6stas, d\u00e5 \u00d6sterg\u00f6tland hade s\u00e4mst kapacitet i landet.<\/p>\n<p><strong>Digitalt turn\u00e9bes\u00f6k i Valdemarsvik<\/strong><br \/>\nI m\u00e5ndags kv\u00e4ll fortsatte regiongruppens digitala turn\u00e9 runt till partiavdelningarna i \u00d6sterg\u00f6tland f\u00f6r att inh\u00e4mta f\u00f6rslag och id\u00e9er inf\u00f6r framtagandet av regionalt valprogram till regionvalet 2022. M\u00e5ndagskv\u00e4llens digitala bes\u00f6k genomf\u00f6rdes hos Kristdemokraterna i Valdemarsvik, d\u00e4r ut\u00f6ver ordf\u00f6rande Annelie Noort och gruppledare Marianne Svensson, ocks\u00e5 n\u00e5gra nya aktiva i avdelningen var med och bidrog med synpunkter! Kommunikationer, kollektivtrafik, bes\u00f6ksn\u00e4ring, samverkan kommun-region, n\u00e4ra v\u00e5rd m.m. var omr\u00e5den som d\u00f6k upp i samtalet. Stort tack f\u00f6r trevligt m\u00f6te och bra inspel i arbetet med regionalt valprogram!<\/p>\n<p><strong>Forts\u00e4ttning p\u00e5 Workshop inf\u00f6r ny strategi f\u00f6r bes\u00f6ksn\u00e4ring<\/strong><br \/>\nI f\u00f6rra veckans nyhetsbrev ber\u00e4ttade jag att en workshop genomf\u00f6rts som en start f\u00f6r arbetet att revidera regionens strategi f\u00f6r bes\u00f6ksn\u00e4ring. Denna vecka, n\u00e4rmare best\u00e4mt i tisdags eftermiddag, genomf\u00f6rdes del tv\u00e5 av workshopen, d\u00e4r akt\u00f6rer i bes\u00f6ksn\u00e4ringen, kommunala f\u00f6retr\u00e4dare, L\u00e4nsstyrelsen m.fl., deltog och f\u00f6rde fram synpunkter och funderingar p\u00e5 inneh\u00e5ll, avgr\u00e4nsning och uppl\u00e4gg f\u00f6r den uppdaterade strategin. Efter dessa tv\u00e5 workshops med de f\u00f6retagare och tj\u00e4nstepersoner som arbetar konkret med fr\u00e5gorna, v\u00e4ntar om ett par veckor en workshop med f\u00f6rtroendevalda fr\u00e5n kommunerna i \u00d6sterg\u00f6tland, f\u00f6r att \u00e4ven f\u00e5nga inspel fr\u00e5n det perspektivet.<\/p>\n<p><strong>Gruppm\u00f6te med Kristdemokraternas regiongrupp<\/strong><br \/>\nI tisdags kv\u00e4ll var det dags f\u00f6r mars m\u00e5nads gruppm\u00f6te med Kristdemokraternas regiongrupp. Som vanligt inleddes kv\u00e4llen med n\u00e4mndvisa gruppm\u00f6ten tillsammans med Moderaterna, varp\u00e5 Kristdemokraternas eget gruppm\u00f6te tog vid. Denna g\u00e5ng g\u00e4stades gruppm\u00f6tet av Olof Hermelin, chef f\u00f6r \u00d6sterg\u00f6tlands Museum och G\u00f6ran Gunnarsson (C), ordf\u00f6rande i styrelsen f\u00f6r museet. Vi fick en aktuell uppdatering av l\u00e4get f\u00f6r om- och nybyggnationen av museibyggnaden i Link\u00f6ping och situationen f\u00f6r museets \u00f6vriga byggnader runt om i \u00d6sterg\u00f6tland, hur arbetet sett ut med att t.ex. genom framg\u00e5ngsrika ans\u00f6kningar fr\u00e5n olika fonder ordna finansiering till byggnationen och vilka finanseringsbehov som trots detta fortfarande \u00e5terst\u00e5r. Intressant f\u00f6redragning, bra fr\u00e5gor och diskussioner i regiongruppen och st\u00e4rkt nyfikenhet att f\u00e5 bes\u00f6ka museet efter \u00e5ter\u00f6ppnandet i slutet av \u00e5ret! P\u00e5 gruppm\u00f6tet gick vi ocks\u00e5 bl.a. igenom motioner och interpellationer som har l\u00e4mnats in, \u00e4r p\u00e5 v\u00e4g att l\u00e4mnas in och som arbetas med f\u00f6r att l\u00e4mna in lite l\u00e4ngre fram.<\/p>\n<p><strong>Sammantr\u00e4de med regionutvecklingsn\u00e4mnden<\/strong><br \/>\nI g\u00e5r onsdag sammantr\u00e4dde regionutvecklingsn\u00e4mnden. Precis som de senaste m\u00e5naderna genomf\u00f6rdes sammantr\u00e4det via Zoom, med enbart ordf\u00f6rande, andre vice ordf\u00f6rande, regionutvecklingsdirekt\u00f6r och sekreterare p\u00e5 plats i Sessionssalen i regionhuset. P\u00e5 dagordningen fanns bl.a. en rad \u00e5rsredovisningar; f\u00f6r hela regionen, f\u00f6r regionutvecklingsn\u00e4mnden, f\u00f6r Naturbruksgymnasiet (som n\u00e4mnden \u00e4r skolstyrelse f\u00f6r), f\u00f6r Lunnevads folkh\u00f6gskola (som n\u00e4mnden \u00e4r folkh\u00f6gskolestyrelse f\u00f6r) och f\u00f6r beredningen f\u00f6r folkh\u00e4lsa (som organisatoriskt sorterar under n\u00e4mnden). P\u00e5 \u00e5rsredovisningen f\u00f6r regionutvecklingsn\u00e4mnden l\u00e4mnade Kristdemokraterna och Moderaterna en protokollsanteckning d\u00e4r vi bl.a. lyfte behovet av samverkan mellan n\u00e4mnden och kommunerna i \u00d6sterg\u00f6tland kring utbildnings- och kompetensf\u00f6rs\u00f6rjningsfr\u00e5gor samt n\u00f6dv\u00e4ndigheten i att f\u00e5 fler utbildningsplatser inom yrkesh\u00f6gskolan till \u00d6sterg\u00f6tland, framf\u00f6rallt inom IT-omr\u00e5det. N\u00e4mnden beslutade ocks\u00e5 bl.a. om de eng\u00e5ngsmedel n\u00e4mnden f\u00e5tt, f\u00f6r att f\u00f6rdela ut till kultur, civilsamh\u00e4lle och n\u00e4ringsliv som st\u00f6d i \u00e5terh\u00e4mtning fr\u00e5n pandemin, d\u00e4r det efter initiativ fr\u00e5n M\/KD-gruppen p\u00e5 n\u00e4mndsammantr\u00e4det omf\u00f6rdelades mer medel till barn- och ungdomsidrott.<\/p>\n<p><strong>Debattartikel om \u00f6kat statligt ansvar f\u00f6r v\u00e5rden<\/strong><br \/>\nI veckans nummer av tidningen Dagens Samh\u00e4lle finns en debattartikel fr\u00e5n ett antal kristdemokratiska region-\/oppositionsr\u00e5d om behovet av staten tar en st\u00f6rre roll i att b\u00e5de samordna och finansiera stora investeringar i sjukhusbyggen runt om i landet, b\u00e5de f\u00f6r att f\u00e5 en mer effektiv f\u00f6rdelning av medel och d\u00e4r stora byggnationer av detta slag, med oerh\u00f6rt h\u00f6ga krav p\u00e5 s\u00e4kerhet och teknik, f\u00f6r m\u00e5nga regioner \u00e4r en alltf\u00f6r stor kostnad att b\u00e4ra p\u00e5 egen hand. Kollegorna Anders Lundstr\u00f6m och Per Einarsson fr\u00e5n Region Sk\u00e5ne, Hans-Inge Smetana fr\u00e5n Region V\u00e4sterbotten, Jennie Forsblom fr\u00e5n Region G\u00e4vleborg och undertecknad fr\u00e5n Region \u00d6sterg\u00f6tland skriver under artikeln, som du kan l\u00e4sa h\u00e4r: (https:\/\/www.dagenssamhalle.se\/debatt\/kd-staten-behover-vara-med-och-bygga-framtidens-sjukvard-35892).<\/p>\n<p><strong>M\u00f6te om regional filmutredning med Norrk\u00f6ping och Link\u00f6ping<\/strong><br \/>\nI nyhetsbrevet f\u00f6r tv\u00e5 veckor sedan, ber\u00e4ttade jag att vi ifr\u00e5n regionutvecklingsn\u00e4mndens presidium tillsammans med ansvariga tj\u00e4nstepersoner p\u00e5 kulturenheten, f\u00e5tt en presentation av den regionala filmutredning som gjorts, som en forts\u00e4ttning p\u00e5 den utredning som Norrk\u00f6pings och Link\u00f6pings kommuner gemensamt gjorde f\u00f6r ett par \u00e5r sedan. Idag torsdag genomf\u00f6rdes p\u00e5 f\u00f6rmiddagen ett m\u00f6te d\u00e4r vi fr\u00e5n regionen tr\u00e4ffade f\u00f6rtroendevalda och tj\u00e4nstepersoner fr\u00e5n Link\u00f6pings och Norrk\u00f6pings kommuner, och tillsammans med dem fick en f\u00f6redragning av utredaren Hjalmar Palmgren, och ocks\u00e5 efter\u00e5t kunde st\u00e4lla fr\u00e5gor och ha en f\u00f6rsta diskussion om utredningens f\u00f6rslag. Efter detta \u00e4r det dags f\u00f6r respektive akt\u00f6r; regionen och de b\u00e5da kommunerna, att lyfta utredningen internt, innan vi m\u00f6ts igen f\u00f6r att ta eventuella ytterligare steg mot ett mer ordnat regionalt samarbete kring filmen i \u00d6sterg\u00f6tland.<\/p>\n<p>Denna den f\u00f6rsta dagen i april, b\u00f6rjar aprilv\u00e4dret i alla fall bra, med solsken och behaglig temperatur. Prognosen ser ut att kunna ge mer av den varan under p\u00e5skhelgen \u2013 l\u00e5t oss hoppas att den prognosen st\u00e5r sig! Det b\u00e5dar gott f\u00f6r utomhusaktiviteter i den v\u00e5rligt spirande naturen \u2013 som passar sig ypperligt i dessa tider. I vilket fall som helst hoppas jag att ni alla f\u00e5r en riktigt fin p\u00e5skhelg!<\/p>\n<p>Med v\u00e4nlig h\u00e4lsning<br \/>\nPer Larsson<br \/>\nOppositionsr\u00e5d och gruppledare<br \/>\nKristdemokraterna i Region \u00d6sterg\u00f6tland<br \/>\ntfn 010-103 72 84 (arb)<br \/>\ntfn 0702-88 21 34 (mobil)<br \/>\nper.larsson@regionostergotland.se<\/p>\n<p>&nbsp;<\/p>\n","protected":false},"excerpt":{"rendered":"<p>Hej! Idag \u00e4r det sk\u00e4rtorsdag, p\u00e5skhelgen inleds och det \u00e4r dags att sammanfatta den lite kortare arbetsveckan. Veckan har hittills bjudit p\u00e5 inslag av b\u00e5de sommartemperaturer och sm\u00e5regn i sn\u00e5lbl\u00e5st. Men, med tanke p\u00e5 att det vi nu har klivit in i april, \u00e4r v\u00e4l v\u00e4xlande v\u00e4der bara att v\u00e4nta\u2026 P\u00e5 pandemifronten \u00e4r det ocks\u00e5 <a class=\"read-more-link\" href=\"https:\/\/wp.kristdemokraterna.se\/regionostergotland\/nyhetsbrev-vecka-13-5\/\">Read More<\/a><\/p>\n","protected":false},"author":737,"featured_media":0,"comment_status":"closed","ping_status":"closed","sticky":false,"template":"","format":"standard","meta":{"_acf_changed":false,"footnotes":""},"categories":[1],"tags":[],"class_list":["post-1615","post","type-post","status-publish","format-standard","hentry","category-nyheter"],"acf":[],"yoast_head":"<!-- This site is optimized with the Yoast SEO plugin v27.5 - https:\/\/yoast.com\/product\/yoast-seo-wordpress\/ -->\n<title>Nyhetsbrev vecka 13 - i Region \u00d6sterg\u00f6tland<\/title>\n<meta name=\"robots\" content=\"index, follow, max-snippet:-1, max-image-preview:large, max-video-preview:-1\" \/>\n<link rel=\"canonical\" href=\"https:\/\/wp.kristdemokraterna.se\/regionostergotland\/nyhetsbrev-vecka-13-5\/\" \/>\n<meta property=\"og:locale\" content=\"sv_SE\" \/>\n<meta property=\"og:type\" content=\"article\" \/>\n<meta property=\"og:title\" content=\"Nyhetsbrev vecka 13 - i Region \u00d6sterg\u00f6tland\" \/>\n<meta property=\"og:description\" content=\"Hej! Idag \u00e4r det sk\u00e4rtorsdag, p\u00e5skhelgen inleds och det \u00e4r dags att sammanfatta den lite kortare arbetsveckan. Veckan har hittills bjudit p\u00e5 inslag av b\u00e5de sommartemperaturer och sm\u00e5regn i sn\u00e5lbl\u00e5st. Men, med tanke p\u00e5 att det vi nu har klivit in i april, \u00e4r v\u00e4l v\u00e4xlande v\u00e4der bara att v\u00e4nta\u2026 P\u00e5 pandemifronten \u00e4r det ocks\u00e5 Read More\" \/>\n<meta property=\"og:url\" content=\"https:\/\/wp.kristdemokraterna.se\/regionostergotland\/nyhetsbrev-vecka-13-5\/\" \/>\n<meta property=\"og:site_name\" content=\"i Region \u00d6sterg\u00f6tland\" \/>\n<meta property=\"article:published_time\" content=\"2021-04-01T11:24:25+00:00\" \/>\n<meta property=\"og:image\" content=\"https:\/\/wp.kristdemokraterna.se\/regionostergotland\/files\/2021\/04\/bild-nyhetsbrev-vecka-13-2021.jpg\" \/>\n\t<meta property=\"og:image:width\" content=\"2048\" \/>\n\t<meta property=\"og:image:height\" content=\"1126\" \/>\n\t<meta property=\"og:image:type\" content=\"image\/jpeg\" \/>\n<meta name=\"author\" content=\"regionostergotland\" \/>\n<meta name=\"twitter:card\" content=\"summary_large_image\" \/>\n<meta name=\"twitter:label1\" content=\"Skriven av\" \/>\n\t<meta name=\"twitter:data1\" content=\"regionostergotland\" \/>\n\t<meta name=\"twitter:label2\" content=\"Ber\u00e4knad l\u00e4stid\" \/>\n\t<meta name=\"twitter:data2\" content=\"5 minuter\" \/>\n<script type=\"application\/ld+json\" class=\"yoast-schema-graph\">{\"@context\":\"https:\\\/\\\/schema.org\",\"@graph\":[{\"@type\":\"Article\",\"@id\":\"https:\\\/\\\/wp.kristdemokraterna.se\\\/regionostergotland\\\/nyhetsbrev-vecka-13-5\\\/#article\",\"isPartOf\":{\"@id\":\"https:\\\/\\\/wp.kristdemokraterna.se\\\/regionostergotland\\\/nyhetsbrev-vecka-13-5\\\/\"},\"author\":{\"name\":\"regionostergotland\",\"@id\":\"https:\\\/\\\/wp.kristdemokraterna.se\\\/regionostergotland\\\/#\\\/schema\\\/person\\\/74c3c4f502fcc489722a7be0dfe0088c\"},\"headline\":\"Nyhetsbrev vecka 13\",\"datePublished\":\"2021-04-01T11:24:25+00:00\",\"mainEntityOfPage\":{\"@id\":\"https:\\\/\\\/wp.kristdemokraterna.se\\\/regionostergotland\\\/nyhetsbrev-vecka-13-5\\\/\"},\"wordCount\":1376,\"articleSection\":[\"Nyheter\"],\"inLanguage\":\"sv-SE\"},{\"@type\":\"WebPage\",\"@id\":\"https:\\\/\\\/wp.kristdemokraterna.se\\\/regionostergotland\\\/nyhetsbrev-vecka-13-5\\\/\",\"url\":\"https:\\\/\\\/wp.kristdemokraterna.se\\\/regionostergotland\\\/nyhetsbrev-vecka-13-5\\\/\",\"name\":\"Nyhetsbrev vecka 13 - i Region \u00d6sterg\u00f6tland\",\"isPartOf\":{\"@id\":\"https:\\\/\\\/wp.kristdemokraterna.se\\\/regionostergotland\\\/#website\"},\"datePublished\":\"2021-04-01T11:24:25+00:00\",\"author\":{\"@id\":\"https:\\\/\\\/wp.kristdemokraterna.se\\\/regionostergotland\\\/#\\\/schema\\\/person\\\/74c3c4f502fcc489722a7be0dfe0088c\"},\"breadcrumb\":{\"@id\":\"https:\\\/\\\/wp.kristdemokraterna.se\\\/regionostergotland\\\/nyhetsbrev-vecka-13-5\\\/#breadcrumb\"},\"inLanguage\":\"sv-SE\",\"potentialAction\":[{\"@type\":\"ReadAction\",\"target\":[\"https:\\\/\\\/wp.kristdemokraterna.se\\\/regionostergotland\\\/nyhetsbrev-vecka-13-5\\\/\"]}]},{\"@type\":\"BreadcrumbList\",\"@id\":\"https:\\\/\\\/wp.kristdemokraterna.se\\\/regionostergotland\\\/nyhetsbrev-vecka-13-5\\\/#breadcrumb\",\"itemListElement\":[{\"@type\":\"ListItem\",\"position\":1,\"name\":\"Hem\",\"item\":\"https:\\\/\\\/wp.kristdemokraterna.se\\\/regionostergotland\\\/\"},{\"@type\":\"ListItem\",\"position\":2,\"name\":\"Nyhetsbrev vecka 13\"}]},{\"@type\":\"WebSite\",\"@id\":\"https:\\\/\\\/wp.kristdemokraterna.se\\\/regionostergotland\\\/#website\",\"url\":\"https:\\\/\\\/wp.kristdemokraterna.se\\\/regionostergotland\\\/\",\"name\":\"i Region \u00d6sterg\u00f6tland\",\"description\":\"\",\"inLanguage\":\"sv-SE\"},{\"@type\":\"Person\",\"@id\":\"https:\\\/\\\/wp.kristdemokraterna.se\\\/regionostergotland\\\/#\\\/schema\\\/person\\\/74c3c4f502fcc489722a7be0dfe0088c\",\"name\":\"regionostergotland\",\"image\":{\"@type\":\"ImageObject\",\"inLanguage\":\"sv-SE\",\"@id\":\"https:\\\/\\\/secure.gravatar.com\\\/avatar\\\/8fb8f0a216e627554da57506bfaf78d677f45512f24f703e185ec701423b1e92?s=96&d=mm&r=g\",\"url\":\"https:\\\/\\\/secure.gravatar.com\\\/avatar\\\/8fb8f0a216e627554da57506bfaf78d677f45512f24f703e185ec701423b1e92?s=96&d=mm&r=g\",\"contentUrl\":\"https:\\\/\\\/secure.gravatar.com\\\/avatar\\\/8fb8f0a216e627554da57506bfaf78d677f45512f24f703e185ec701423b1e92?s=96&d=mm&r=g\",\"caption\":\"regionostergotland\"},\"url\":\"https:\\\/\\\/wp.kristdemokraterna.se\\\/regionostergotland\\\/author\\\/regionostergotland\\\/\"}]}<\/script>\n<!-- \/ Yoast SEO plugin. -->","yoast_head_json":{"title":"Nyhetsbrev vecka 13 - i Region \u00d6sterg\u00f6tland","robots":{"index":"index","follow":"follow","max-snippet":"max-snippet:-1","max-image-preview":"max-image-preview:large","max-video-preview":"max-video-preview:-1"},"canonical":"https:\/\/wp.kristdemokraterna.se\/regionostergotland\/nyhetsbrev-vecka-13-5\/","og_locale":"sv_SE","og_type":"article","og_title":"Nyhetsbrev vecka 13 - i Region \u00d6sterg\u00f6tland","og_description":"Hej! Idag \u00e4r det sk\u00e4rtorsdag, p\u00e5skhelgen inleds och det \u00e4r dags att sammanfatta den lite kortare arbetsveckan. Veckan har hittills bjudit p\u00e5 inslag av b\u00e5de sommartemperaturer och sm\u00e5regn i sn\u00e5lbl\u00e5st. Men, med tanke p\u00e5 att det vi nu har klivit in i april, \u00e4r v\u00e4l v\u00e4xlande v\u00e4der bara att v\u00e4nta\u2026 P\u00e5 pandemifronten \u00e4r det ocks\u00e5 Read More","og_url":"https:\/\/wp.kristdemokraterna.se\/regionostergotland\/nyhetsbrev-vecka-13-5\/","og_site_name":"i Region \u00d6sterg\u00f6tland","article_published_time":"2021-04-01T11:24:25+00:00","og_image":[{"width":2048,"height":1126,"url":"https:\/\/wp.kristdemokraterna.se\/regionostergotland\/files\/2021\/04\/bild-nyhetsbrev-vecka-13-2021.jpg","type":"image\/jpeg"}],"author":"regionostergotland","twitter_card":"summary_large_image","twitter_misc":{"Skriven av":"regionostergotland","Ber\u00e4knad l\u00e4stid":"5 minuter"},"schema":{"@context":"https:\/\/schema.org","@graph":[{"@type":"Article","@id":"https:\/\/wp.kristdemokraterna.se\/regionostergotland\/nyhetsbrev-vecka-13-5\/#article","isPartOf":{"@id":"https:\/\/wp.kristdemokraterna.se\/regionostergotland\/nyhetsbrev-vecka-13-5\/"},"author":{"name":"regionostergotland","@id":"https:\/\/wp.kristdemokraterna.se\/regionostergotland\/#\/schema\/person\/74c3c4f502fcc489722a7be0dfe0088c"},"headline":"Nyhetsbrev vecka 13","datePublished":"2021-04-01T11:24:25+00:00","mainEntityOfPage":{"@id":"https:\/\/wp.kristdemokraterna.se\/regionostergotland\/nyhetsbrev-vecka-13-5\/"},"wordCount":1376,"articleSection":["Nyheter"],"inLanguage":"sv-SE"},{"@type":"WebPage","@id":"https:\/\/wp.kristdemokraterna.se\/regionostergotland\/nyhetsbrev-vecka-13-5\/","url":"https:\/\/wp.kristdemokraterna.se\/regionostergotland\/nyhetsbrev-vecka-13-5\/","name":"Nyhetsbrev vecka 13 - i Region \u00d6sterg\u00f6tland","isPartOf":{"@id":"https:\/\/wp.kristdemokraterna.se\/regionostergotland\/#website"},"datePublished":"2021-04-01T11:24:25+00:00","author":{"@id":"https:\/\/wp.kristdemokraterna.se\/regionostergotland\/#\/schema\/person\/74c3c4f502fcc489722a7be0dfe0088c"},"breadcrumb":{"@id":"https:\/\/wp.kristdemokraterna.se\/regionostergotland\/nyhetsbrev-vecka-13-5\/#breadcrumb"},"inLanguage":"sv-SE","potentialAction":[{"@type":"ReadAction","target":["https:\/\/wp.kristdemokraterna.se\/regionostergotland\/nyhetsbrev-vecka-13-5\/"]}]},{"@type":"BreadcrumbList","@id":"https:\/\/wp.kristdemokraterna.se\/regionostergotland\/nyhetsbrev-vecka-13-5\/#breadcrumb","itemListElement":[{"@type":"ListItem","position":1,"name":"Hem","item":"https:\/\/wp.kristdemokraterna.se\/regionostergotland\/"},{"@type":"ListItem","position":2,"name":"Nyhetsbrev vecka 13"}]},{"@type":"WebSite","@id":"https:\/\/wp.kristdemokraterna.se\/regionostergotland\/#website","url":"https:\/\/wp.kristdemokraterna.se\/regionostergotland\/","name":"i Region \u00d6sterg\u00f6tland","description":"","inLanguage":"sv-SE"},{"@type":"Person","@id":"https:\/\/wp.kristdemokraterna.se\/regionostergotland\/#\/schema\/person\/74c3c4f502fcc489722a7be0dfe0088c","name":"regionostergotland","image":{"@type":"ImageObject","inLanguage":"sv-SE","@id":"https:\/\/secure.gravatar.com\/avatar\/8fb8f0a216e627554da57506bfaf78d677f45512f24f703e185ec701423b1e92?s=96&d=mm&r=g","url":"https:\/\/secure.gravatar.com\/avatar\/8fb8f0a216e627554da57506bfaf78d677f45512f24f703e185ec701423b1e92?s=96&d=mm&r=g","contentUrl":"https:\/\/secure.gravatar.com\/avatar\/8fb8f0a216e627554da57506bfaf78d677f45512f24f703e185ec701423b1e92?s=96&d=mm&r=g","caption":"regionostergotland"},"url":"https:\/\/wp.kristdemokraterna.se\/regionostergotland\/author\/regionostergotland\/"}]}},"_links":{"self":[{"href":"https:\/\/wp.kristdemokraterna.se\/regionostergotland\/wp-json\/wp\/v2\/posts\/1615","targetHints":{"allow":["GET"]}}],"collection":[{"href":"https:\/\/wp.kristdemokraterna.se\/regionostergotland\/wp-json\/wp\/v2\/posts"}],"about":[{"href":"https:\/\/wp.kristdemokraterna.se\/regionostergotland\/wp-json\/wp\/v2\/types\/post"}],"author":[{"embeddable":true,"href":"https:\/\/wp.kristdemokraterna.se\/regionostergotland\/wp-json\/wp\/v2\/users\/737"}],"replies":[{"embeddable":true,"href":"https:\/\/wp.kristdemokraterna.se\/regionostergotland\/wp-json\/wp\/v2\/comments?post=1615"}],"version-history":[{"count":1,"href":"https:\/\/wp.kristdemokraterna.se\/regionostergotland\/wp-json\/wp\/v2\/posts\/1615\/revisions"}],"predecessor-version":[{"id":1617,"href":"https:\/\/wp.kristdemokraterna.se\/regionostergotland\/wp-json\/wp\/v2\/posts\/1615\/revisions\/1617"}],"wp:attachment":[{"href":"https:\/\/wp.kristdemokraterna.se\/regionostergotland\/wp-json\/wp\/v2\/media?parent=1615"}],"wp:term":[{"taxonomy":"category","embeddable":true,"href":"https:\/\/wp.kristdemokraterna.se\/regionostergotland\/wp-json\/wp\/v2\/categories?post=1615"},{"taxonomy":"post_tag","embeddable":true,"href":"https:\/\/wp.kristdemokraterna.se\/regionostergotland\/wp-json\/wp\/v2\/tags?post=1615"}],"curies":[{"name":"wp","href":"https:\/\/api.w.org\/{rel}","templated":true}]}}