{"id":1627,"date":"2021-04-16T13:18:34","date_gmt":"2021-04-16T11:18:34","guid":{"rendered":"https:\/\/wp.kristdemokraterna.se\/regionostergotland\/?p=1627"},"modified":"2021-04-16T13:18:34","modified_gmt":"2021-04-16T11:18:34","slug":"nyhetsbrev-vecka-15-4","status":"publish","type":"post","link":"https:\/\/wp.kristdemokraterna.se\/regionostergotland\/nyhetsbrev-vecka-15-4\/","title":{"rendered":"Nyhetsbrev vecka 15"},"content":{"rendered":"<p>Hej!<\/p>\n<p>Det \u00e4r fredag igen och dags att summera den g\u00e5ngna veckan i regionpolitiken. Om f\u00f6rra veckan var lite p\u00e5sklovslugn, har intensiteten denna vecka v\u00e4gt upp det med r\u00e5ge! Det \u00e4r tydligt att den digitala m\u00f6tesformen m\u00f6jligg\u00f6r ibland n\u00e5got f\u00f6r m\u00e5nga m\u00f6ten p\u00e5 raken\u2026 Men, om det \u00e4r intressanta och givande m\u00f6ten, kan det l\u00e5ngvariga stillasittandet v\u00e4gas upp. Och s\u00e5 f\u00e5r det f\u00f6rst\u00e5s bli m\u00e5nga promenader p\u00e5 den lediga tid som finns! H\u00e4r kommer ett urval av veckans aktiviteter i nyhetsbrevet. Trevlig l\u00e4sning!<!--more--><\/p>\n<p><strong>M\u00e5ndagsm\u00f6te med fokus p\u00e5 East Sweden Medtech<\/strong><br \/>\nVeckans f\u00f6rsta m\u00f6te var som vanligt m\u00e5ndagsm\u00f6tet med ledningarna f\u00f6r Kristdemokraterna och Moderaterna i Region \u00d6sterg\u00f6tland. Detta m\u00e5ndagsm\u00f6te g\u00e4stades av Anna Fahlgren, professor vid medicinska fakulteten p\u00e5 Link\u00f6pings Universitet, grundare av bolag utifr\u00e5n forskning kring cancerdiagnostik, och nu verksam inom East Sweden Medtech (ESMT). Det senare var huvudfokus f\u00f6r bes\u00f6ket, d\u00e4r Anna ber\u00e4ttade om hur ESMT arbetar f\u00f6r att sammanf\u00f6ra akademi, sjukv\u00e5rd och n\u00e4ringsliv f\u00f6r att bl.a. fr\u00e4mja \u00f6kat f\u00f6retagande inom medicinteknik. Arbetet sker ocks\u00e5 i samverkan med v\u00e5ra grannregioner inom Syd\u00f6stra sjukv\u00e5rdsregionen; Region J\u00f6nk\u00f6pings l\u00e4n och Region Kalmar l\u00e4n. Intressant och inspirerande bes\u00f6k!<\/p>\n<p><strong>F\u00f6rsta m\u00f6te med regiongruppens Trafikforum<\/strong><br \/>\nF\u00f6r n\u00e5gra veckor sedan var det premi\u00e4r f\u00f6r regiongruppens H\u00e4lso- och sjukv\u00e5rdsforum, d\u00e4r de ur regiongruppen som mest arbetar specifikt med h\u00e4lso- och sjukv\u00e5rdsfr\u00e5gor, kunde fokusera mer p\u00e5 aktuella och l\u00e5ngsiktigt strategiska diskussioner kring det omr\u00e5det. I m\u00e5ndags kv\u00e4ll var det dags f\u00f6r f\u00f6rsta m\u00f6tet med regiongruppens Trafikforum, d\u00e4r inte ov\u00e4ntat regionpolitiska fr\u00e5gor inom trafik- och samh\u00e4llsplaneringsomr\u00e5det. Regiongruppens f\u00f6retr\u00e4dare inom detta politikomr\u00e5de, t.ex. v\u00e5ra representanter i Trafik- och samh\u00e4llsplaneringsn\u00e4mnden och \u00d6stg\u00f6tatrafikens styrelse, ing\u00e5r i Trafikforum, och vid m\u00e5ndagskv\u00e4llens m\u00f6te v\u00e4cktes flera intressanta fr\u00e5gor, b\u00e5de f\u00f6r ageranden p\u00e5 kort sikt, och till det kommande regionala valprogrammet. Tack till alla deltagare f\u00f6r bra diskussioner!<\/p>\n<p><strong>Beslut: V\u00e5rdval inf\u00f6rs inom \u00f6gonsjukv\u00e5rden<\/strong><br \/>\nRedan v\u00e5ren 2017 l\u00e4mnade vi fr\u00e5n Kristdemokraterna och Moderaterna in en motion till regionfullm\u00e4ktige om att inf\u00f6ra v\u00e5rdval inom \u00f6gonsjukv\u00e5rden. Redan d\u00e5 var k\u00f6erna till vissa operationer och behandlingar alldeles f\u00f6r l\u00e5nga. Genom att l\u00e5ta fler akt\u00f6rer vara med och utf\u00f6ra \u00f6gonsjukv\u00e5rd, skulle det vara m\u00f6jligt, att som i flera andra regioner, gemensamt korta k\u00f6erna. Dessv\u00e4rre avslogs motionen av den styrande koalitionen, och vi fr\u00e5n KD och M har sedan dess i flera andra sammanhang fortsatt att driva fr\u00e5gan, bl.a. genom \u00e5terkommande yrkanden i h\u00e4lso- och sjukv\u00e5rdsn\u00e4mnden. Efter fyra \u00e5r har \u00e4ntligen koalitionen kommit p\u00e5 b\u00e4ttre tankar, och g\u00e5r p\u00e5 f\u00f6rslaget fr\u00e5n KD och M och inf\u00f6r v\u00e5rdval inom \u00f6gonsjukv\u00e5rden. Vid tisdagens sammantr\u00e4de med h\u00e4lso- och sjukv\u00e5rdsn\u00e4mnden, d\u00e4r Lena K\u00e4cker Johansson och Birgitta Waern som vanligt h\u00f6ll Kristdemokraternas fana h\u00f6gt, fattades beslutet. I m\u00e5ndags gick Marie Morell (M) och jag som gruppledare ut med en gemensam kommentar kring att v\u00e5rt fyra \u00e5r gamla f\u00f6rslag \u00e4ntligen blir verklighet. Du kan l\u00e4sa kommentaren h\u00e4r: (<a href=\"https:\/\/wp.kristdemokraterna.se\/regionostergotland\/moderaternas-och-kristdemokraternas-forslag-om-vardval-inom-ogonsjukvarden-blir-nu-verklighet-2\" target=\"_blank\" rel=\"noopener\">https:\/\/wp.kristdemokraterna.se\/regionostergotland\/moderaternas-och-kristdemokraternas-forslag-om-vardval-inom-ogonsjukvarden-blir-nu-verklighet-2<\/a>\/)<\/p>\n<p><strong>M\u00f6te om kulturfr\u00e5gor med regionerna i \u00d6stra Mellansverige<\/strong><br \/>\nI tisdags f\u00f6rmiddag hade vi fr\u00e5n regionutvecklingsn\u00e4mndens presidium i Region \u00d6sterg\u00f6tland tagit initiativ till ett m\u00f6te med n\u00e4mndpresidier och tj\u00e4nstepersoner ansvariga f\u00f6r kulturfr\u00e5gor i regionerna inom \u00d6stra Mellansverige. Ut\u00f6ver \u00d6sterg\u00f6tland, deltog allts\u00e5 representanter fr\u00e5n Region S\u00f6rmland, Region \u00d6rebro l\u00e4n, Region V\u00e4stmanland och Region Uppsala. Inom det \u00f6vriga regionala utvecklingsomr\u00e5det sker sedan l\u00e4nge samverkan mellan de fem regionerna, framf\u00f6rallt kring EU:s strukturfonder inom \u00d6stra Mellansverige. Inom kulturomr\u00e5det har hittills ingen formell samverkan skett, och det har i andra delar av landet tagits liknande initiativ som blivit mer etablerade, t.ex. i s\u00f6dra och norra Sverige. Responsen fr\u00e5n deltagarna vid detta f\u00f6rsta m\u00f6te var god, d\u00e5 m\u00e5nga kunde se ett tydligt behov och nytta av samverkan. S\u00e4rskild fokus f\u00f6r m\u00f6tets andra del, var de regionala museernas st\u00e4llning inom kultursamverkansmodellen, aprop\u00e5 nyligen publicerad rapport fr\u00e5n Riksantikvarie\u00e4mbetet i fr\u00e5gan. D\u00e4rf\u00f6r deltog ocks\u00e5 representanter fr\u00e5n de regionala museerna i de fem regionerna.<\/p>\n<p><strong>M\u00f6te med beredningen f\u00f6r ny regional utvecklingsstrategi<\/strong><br \/>\nI tisdags eftermiddag h\u00f6lls m\u00f6te med beredningen f\u00f6r ny regional utvecklingsstrategi f\u00f6r \u00d6sterg\u00f6tland. Beredningen, som f\u00f6ljer regionens p\u00e5g\u00e5ende arbete med att arbeta fram strategin, best\u00e5r av ordf\u00f6rande och andre vice ordf\u00f6rande i regionstyrelsen, regionutvecklingsn\u00e4mnden, trafik- och samh\u00e4llsplaneringsn\u00e4mnden och h\u00e4lso- och sjukv\u00e5rdsn\u00e4mnden, samt de partiers gruppledare som inte finns p\u00e5 n\u00e5gon av de positionerna. Beredningen deltog aktivt under 2019-2020 i de dialoger som h\u00f6lls med kommunerna i \u00d6sterg\u00f6tland, och \u00e4ven med akt\u00f6rer som L\u00e4nsstyrelsen, Link\u00f6pings Universitet och \u00d6stsvenska handelskammaren. I februari beslutades om remissversion av strategin, som nu befinner sig p\u00e5 remiss hos en l\u00e5ng rad remissinstanser. Vid tisdagens m\u00f6te f\u00f6ljdes upp kring de remissvar som hittills inkommit och diskuterades tidplan och formell beslutshantering fram\u00e5t. Slutligt ska strategin beslutas av regionfullm\u00e4ktige i oktober.<\/p>\n<p><strong>Extra styrelsem\u00f6te med M\u00e4lardalstrafik<\/strong><br \/>\nP\u00e5 tisdagseftermiddagen h\u00f6lls ocks\u00e5 ett extra styrelsem\u00f6te med styrelsen f\u00f6r M\u00e4lardalstrafik. Bolaget, som \u00e4gs gemensamt av Region \u00d6sterg\u00f6tland, Region S\u00f6rmland, Region \u00d6rebro l\u00e4n, Region V\u00e4stmanland, Region Uppsala och Region Stockholm, bedriver regional t\u00e5gtrafik mellan de sex regionerna, och har bl.a. de senaste \u00e5ren lanserat ett gemensamt biljettsystem f\u00f6r interregionala resor. Normalt har styrelsen, som best\u00e5r av tv\u00e5 ledam\u00f6ter och tv\u00e5 ers\u00e4ttare fr\u00e5n respektive regin, fyra styrelsem\u00f6ten per \u00e5r, men detta var redan det andra extra styrelsem\u00f6tet i \u00e5r. Bakgrunden \u00e4r f\u00f6r\u00e4ndringar i avtal kring utf\u00f6randet av t\u00e5gtrafiken, d\u00e4r det kan bli aktuellt med nya upphandlingar o.s.v. Just n\u00e4r det g\u00e4ller extra m\u00f6ten inkallade med kort varsel, \u00e4r f\u00f6rst\u00e5s den digitala m\u00f6tesformen mycket praktisk!<\/p>\n<p><strong>Digital turn\u00e9 om regionalt valprogram i Norrk\u00f6ping<\/strong><br \/>\nP\u00e5 tisdagskv\u00e4llen gick regiongruppens digitala turn\u00e9 till Kristdemokraternas partiavdelningar i \u00d6sterg\u00f6tland f\u00f6r inspel och f\u00f6rslag till det kommande regionala valprogrammet, vidare till Norrk\u00f6ping. Flera av de aktiva kommunpolitikerna i Norrk\u00f6ping deltog och kom med m\u00e5nga bra och konstruktiva f\u00f6rslag till kristdemokratiska politiska f\u00f6rslag till valprogrammet. Sjukv\u00e5rd, kollektivtrafik, landsbygdsfr\u00e5gor, utbildning m.m. var omr\u00e5den som dryftades. Stort tack till alla som deltog!<\/p>\n<p><strong>Ny debattartikel i Dagens Samh\u00e4lle om h\u00e4lso- och sjukv\u00e5rdens styrning<\/strong><br \/>\nF\u00f6r ett par veckor sedan hade vi n\u00e5gra kristdemokratiska regionr\u00e5d och oppositionsr\u00e5d en gemensam debattartikel i Dagens Samh\u00e4lle med f\u00f6rslag kring \u00f6kad statlig samordning och finansiering av framf\u00f6rallt omfattande sjukhusbyggen i landet. Som ett steg mot Kristdemokraternas f\u00f6rslag om \u00f6kad statlig styrning av h\u00e4lso- och sjukv\u00e5rden. Veckan efter fick vi en replik fr\u00e5n socialdemokratiskt h\u00e5ll, som kr\u00e4vde en ordentlig slutreplik fr\u00e5n v\u00e5r sida. Den publicerades denna vecka av Dagens Samh\u00e4lle. Du kan l\u00e4sa hela debattartikeln h\u00e4r: (<a href=\"https:\/\/www.dagenssamhalle.se\/opinion\/debatt\/kd-det-ar-dags-for-ett-vagval-inom-svensk-sjukvard\/\" target=\"_blank\" rel=\"noopener\">https:\/\/www.dagenssamhalle.se\/opinion\/debatt\/kd-det-ar-dags-for-ett-vagval-inom-svensk-sjukvard\/<\/a>)<\/p>\n<p><strong>Dialog med kulturminister Amanda Lind<\/strong><br \/>\nRedan under f\u00f6rr-f\u00f6rra mandatperioden b\u00f6rjade d\u00e5varande kulturministern med att bjuda in kulturpolitiskt ansvariga i landets regioner till dialog om kultursamverkansmodellen. Dialogerna, som h\u00f6lls i Stockholm, fortsatte under f\u00f6rra mandatperioden och denna mandatperiod bj\u00f6d kulturminister Amanda Lind in till sin f\u00f6rsta dialog h\u00f6sten 2019. Under 2020 hade f\u00f6r f\u00f6rsta g\u00e5ngen planerats in tv\u00e5 dialogtillf\u00e4llen under \u00e5ren, efter att regionerna l\u00e4nge efterfr\u00e5gat en ut\u00f6kning fr\u00e5n den enda \u00e5rliga dialogen. Pandemin om\u00f6jliggjorde f\u00f6rst\u00e5s att genomf\u00f6ra dialogerna fysiskt, och ist\u00e4llet bj\u00f6ds enbart majoritetsf\u00f6retr\u00e4dare f\u00f6r regionerna in till tre digitala dialogtillf\u00e4llen. I onsdags var dock ordningen \u00e5terst\u00e4lld och b\u00e5de majoritets- och oppositionsf\u00f6retr\u00e4dare bj\u00f6ds in till digital dialog med kulturministern om kultursamverkansmodellen. P\u00e5 dagordningen f\u00f6r onsdagens dialog stod bl.a. statligt krisst\u00f6d till kulturlivet med anledning av pandemin, planeringen f\u00f6r uppdateringen av pandemilagen fram\u00e5t avseende bl.a. publikstorlekar, den p\u00e5g\u00e5ende utredningen om hur kulturlivet ska \u00e5terstartas efter pandemin, kulturpolitikens koppling till n\u00e4ringspolitiken och den fortsatta utvecklingen av kultursamverkansmodellen.<\/p>\n<p><strong>Dialog med ledningen f\u00f6r G\u00f6ta Kanal AB<\/strong><br \/>\nI g\u00e5r torsdag b\u00f6rjade dagen med dialog mellan regionutvecklingsn\u00e4mndens presidium och ledningen f\u00f6r G\u00f6ta Kanal AB. Eva Andersson (S) och jag tillsammans med Malin Thunborg, chef f\u00f6r tillv\u00e4xtenheten i regionen tr\u00e4ffade G\u00f6ta Kanals VD Roger Alts\u00e4ter, marknads- och kommunikationschef Magnus Hollwin och fastighetschef Henrik Pettersson. Ledningen redogjorde bl.a. f\u00f6r planeringen f\u00f6r sommars\u00e4songen 2021, f\u00f6rnyelse av arbetet med marknad och kommunikation, bolagets arbete med fastighets- och skogsfr\u00e5gor l\u00e4ngs kanalen och det stora p\u00e5g\u00e5ende renoveringsprojektet f\u00f6r att trygga s\u00e4kerhet f\u00f6r b\u00e5ttrafik och landbes\u00f6kare l\u00e4ngs kanalen.<\/p>\n<p><strong>Gemensamt m\u00f6te med presidierna f\u00f6r RUN och TSN<\/strong><br \/>\nTorsdagen fortsatte med gemensamt presidiem\u00f6te f\u00f6r presidierna i Regionutvecklingsn\u00e4mnden och Trafik- och samh\u00e4llsplaneringsn\u00e4mnden. Huvudfokus f\u00f6r m\u00f6tet var sk\u00e4rg\u00e5rdsfr\u00e5gor, fr\u00e5gor som i m\u00e5nga fall r\u00f6r b\u00e5da n\u00e4mndernas ansvarsomr\u00e5den. Det handlade bl.a. om att det \u00e4r dags att aktualitetspr\u00f6va det gemensamma utvecklingsprogrammet f\u00f6r kust och sk\u00e4rg\u00e5rd, ut\u00f6kad samverkan med Region Kalmar l\u00e4n och p\u00e5g\u00e5ende projekt kring h\u00e5llbar omst\u00e4llning av bes\u00f6ksn\u00e4ringen i sk\u00e4rg\u00e5rden.<\/p>\n<p><strong>Presidiem\u00f6te med regionutvecklingsn\u00e4mndens presidium<\/strong><br \/>\nDet gemensamma presidiem\u00f6tet f\u00f6ljdes av sammantr\u00e4de med enbart regionutvecklingsn\u00e4mndens presidium. Ut\u00f6ver beredning av kommande n\u00e4mndsammantr\u00e4de, inneh\u00f6ll m\u00f6tet bl.a. ett bes\u00f6k av Bildningsf\u00f6rbundet \u00d6sterg\u00f6tland genom verksamhetsledare Peter Frejhagen och styrelseordf\u00f6rande Gunilla Sigvardsdotter, som bl.a. redogjorde f\u00f6r resultatet f\u00f6r \u00d6sterg\u00f6tland i den nyligen genomf\u00f6rda s\u00e4rskilda granskningen av studief\u00f6rbunden. Presidiet diskuterade ocks\u00e5 det n\u00e4mndinitiativ som Kristdemokraterna och Moderaterna l\u00e4mnade in vid regionutvecklingsn\u00e4mndens februarisammantr\u00e4de, om att inr\u00e4tta ett n\u00e4tverk tillsammans med de \u00f6stg\u00f6tska kommunerna kring utbildnings- och kompetensf\u00f6rs\u00f6rjningsfr\u00e5gor.<\/p>\n<p>Nu \u00e4r det fredag eftermiddag och snart dags f\u00f6r helg. V\u00e4dret ser ut att bjuda p\u00e5 lite varmare temperaturer och en del solchanser, s\u00e5 tag chansen att m\u00f6ta den spirande v\u00e5ren i den vackra \u00f6stg\u00f6tska naturen. F\u00f6r utomhusaktiviteter \u00e4r det b\u00e4sta i det besv\u00e4rliga l\u00e4ge vi befinner oss i den tyv\u00e4rr stegrande tredje v\u00e5gen av Coronapandemin. Alltfler testas positivt och antalet som v\u00e5rdas p\u00e5 sjukhus \u00e4r \u00e5terigen p\u00e5 niv\u00e5er liknande tidigare toppar. Vaccinationerna p\u00e5g\u00e5r f\u00f6r fullt och takten \u00f6kas successivt, nu \u00e4r det alla \u00f6ver 60 \u00e5r som kan boka tid. Vi n\u00e4rmar oss allts\u00e5 f\u00f6rhoppningsvis b\u00e4ttre tider, men fram till dess \u00e4r det \u00e4n mer viktigt att h\u00e5lla i och h\u00e5lla ut! Trots allt hoppas jag att ni alla f\u00e5r en riktigt fin v\u00e5rhelg!<\/p>\n<p>Med v\u00e4nlig h\u00e4lsning<br \/>\nPer Larsson<br \/>\nOppositionsr\u00e5d och gruppledare<br \/>\nKristdemokraterna i Region \u00d6sterg\u00f6tland<br \/>\ntfn 010-103 72 84 (arb)<br \/>\ntfn 0702-88 21 34 (mobil)<br \/>\nper.larsson@regionostergotland.se<\/p>\n","protected":false},"excerpt":{"rendered":"<p>Hej! Det \u00e4r fredag igen och dags att summera den g\u00e5ngna veckan i regionpolitiken. Om f\u00f6rra veckan var lite p\u00e5sklovslugn, har intensiteten denna vecka v\u00e4gt upp det med r\u00e5ge! Det \u00e4r tydligt att den digitala m\u00f6tesformen m\u00f6jligg\u00f6r ibland n\u00e5got f\u00f6r m\u00e5nga m\u00f6ten p\u00e5 raken\u2026 Men, om det \u00e4r intressanta och givande m\u00f6ten, kan det l\u00e5ngvariga <a class=\"read-more-link\" href=\"https:\/\/wp.kristdemokraterna.se\/regionostergotland\/nyhetsbrev-vecka-15-4\/\">Read More<\/a><\/p>\n","protected":false},"author":737,"featured_media":0,"comment_status":"closed","ping_status":"closed","sticky":false,"template":"","format":"standard","meta":{"_acf_changed":false,"footnotes":""},"categories":[1],"tags":[],"class_list":["post-1627","post","type-post","status-publish","format-standard","hentry","category-nyheter"],"acf":[],"yoast_head":"<!-- This site is optimized with the Yoast SEO plugin v27.5 - https:\/\/yoast.com\/product\/yoast-seo-wordpress\/ -->\n<title>Nyhetsbrev vecka 15 - i Region \u00d6sterg\u00f6tland<\/title>\n<meta name=\"robots\" content=\"index, follow, max-snippet:-1, max-image-preview:large, max-video-preview:-1\" \/>\n<link rel=\"canonical\" href=\"https:\/\/wp.kristdemokraterna.se\/regionostergotland\/nyhetsbrev-vecka-15-4\/\" \/>\n<meta property=\"og:locale\" content=\"sv_SE\" \/>\n<meta property=\"og:type\" content=\"article\" \/>\n<meta property=\"og:title\" content=\"Nyhetsbrev vecka 15 - i Region \u00d6sterg\u00f6tland\" \/>\n<meta property=\"og:description\" content=\"Hej! Det \u00e4r fredag igen och dags att summera den g\u00e5ngna veckan i regionpolitiken. Om f\u00f6rra veckan var lite p\u00e5sklovslugn, har intensiteten denna vecka v\u00e4gt upp det med r\u00e5ge! Det \u00e4r tydligt att den digitala m\u00f6tesformen m\u00f6jligg\u00f6r ibland n\u00e5got f\u00f6r m\u00e5nga m\u00f6ten p\u00e5 raken\u2026 Men, om det \u00e4r intressanta och givande m\u00f6ten, kan det l\u00e5ngvariga Read More\" \/>\n<meta property=\"og:url\" content=\"https:\/\/wp.kristdemokraterna.se\/regionostergotland\/nyhetsbrev-vecka-15-4\/\" \/>\n<meta property=\"og:site_name\" content=\"i Region \u00d6sterg\u00f6tland\" \/>\n<meta property=\"article:published_time\" content=\"2021-04-16T11:18:34+00:00\" \/>\n<meta property=\"og:image\" content=\"https:\/\/wp.kristdemokraterna.se\/regionostergotland\/files\/2021\/04\/bild-nyhetsbrev-vecka-15-2021.jpg\" \/>\n\t<meta property=\"og:image:width\" content=\"2048\" \/>\n\t<meta property=\"og:image:height\" content=\"1165\" \/>\n\t<meta property=\"og:image:type\" content=\"image\/jpeg\" \/>\n<meta name=\"author\" content=\"regionostergotland\" \/>\n<meta name=\"twitter:card\" content=\"summary_large_image\" \/>\n<meta name=\"twitter:label1\" content=\"Skriven av\" \/>\n\t<meta name=\"twitter:data1\" content=\"regionostergotland\" \/>\n\t<meta name=\"twitter:label2\" content=\"Ber\u00e4knad l\u00e4stid\" \/>\n\t<meta name=\"twitter:data2\" content=\"7 minuter\" \/>\n<script type=\"application\/ld+json\" class=\"yoast-schema-graph\">{\"@context\":\"https:\\\/\\\/schema.org\",\"@graph\":[{\"@type\":\"Article\",\"@id\":\"https:\\\/\\\/wp.kristdemokraterna.se\\\/regionostergotland\\\/nyhetsbrev-vecka-15-4\\\/#article\",\"isPartOf\":{\"@id\":\"https:\\\/\\\/wp.kristdemokraterna.se\\\/regionostergotland\\\/nyhetsbrev-vecka-15-4\\\/\"},\"author\":{\"name\":\"regionostergotland\",\"@id\":\"https:\\\/\\\/wp.kristdemokraterna.se\\\/regionostergotland\\\/#\\\/schema\\\/person\\\/74c3c4f502fcc489722a7be0dfe0088c\"},\"headline\":\"Nyhetsbrev vecka 15\",\"datePublished\":\"2021-04-16T11:18:34+00:00\",\"mainEntityOfPage\":{\"@id\":\"https:\\\/\\\/wp.kristdemokraterna.se\\\/regionostergotland\\\/nyhetsbrev-vecka-15-4\\\/\"},\"wordCount\":1996,\"articleSection\":[\"Nyheter\"],\"inLanguage\":\"sv-SE\"},{\"@type\":\"WebPage\",\"@id\":\"https:\\\/\\\/wp.kristdemokraterna.se\\\/regionostergotland\\\/nyhetsbrev-vecka-15-4\\\/\",\"url\":\"https:\\\/\\\/wp.kristdemokraterna.se\\\/regionostergotland\\\/nyhetsbrev-vecka-15-4\\\/\",\"name\":\"Nyhetsbrev vecka 15 - i Region \u00d6sterg\u00f6tland\",\"isPartOf\":{\"@id\":\"https:\\\/\\\/wp.kristdemokraterna.se\\\/regionostergotland\\\/#website\"},\"datePublished\":\"2021-04-16T11:18:34+00:00\",\"author\":{\"@id\":\"https:\\\/\\\/wp.kristdemokraterna.se\\\/regionostergotland\\\/#\\\/schema\\\/person\\\/74c3c4f502fcc489722a7be0dfe0088c\"},\"breadcrumb\":{\"@id\":\"https:\\\/\\\/wp.kristdemokraterna.se\\\/regionostergotland\\\/nyhetsbrev-vecka-15-4\\\/#breadcrumb\"},\"inLanguage\":\"sv-SE\",\"potentialAction\":[{\"@type\":\"ReadAction\",\"target\":[\"https:\\\/\\\/wp.kristdemokraterna.se\\\/regionostergotland\\\/nyhetsbrev-vecka-15-4\\\/\"]}]},{\"@type\":\"BreadcrumbList\",\"@id\":\"https:\\\/\\\/wp.kristdemokraterna.se\\\/regionostergotland\\\/nyhetsbrev-vecka-15-4\\\/#breadcrumb\",\"itemListElement\":[{\"@type\":\"ListItem\",\"position\":1,\"name\":\"Hem\",\"item\":\"https:\\\/\\\/wp.kristdemokraterna.se\\\/regionostergotland\\\/\"},{\"@type\":\"ListItem\",\"position\":2,\"name\":\"Nyhetsbrev vecka 15\"}]},{\"@type\":\"WebSite\",\"@id\":\"https:\\\/\\\/wp.kristdemokraterna.se\\\/regionostergotland\\\/#website\",\"url\":\"https:\\\/\\\/wp.kristdemokraterna.se\\\/regionostergotland\\\/\",\"name\":\"i Region \u00d6sterg\u00f6tland\",\"description\":\"\",\"inLanguage\":\"sv-SE\"},{\"@type\":\"Person\",\"@id\":\"https:\\\/\\\/wp.kristdemokraterna.se\\\/regionostergotland\\\/#\\\/schema\\\/person\\\/74c3c4f502fcc489722a7be0dfe0088c\",\"name\":\"regionostergotland\",\"image\":{\"@type\":\"ImageObject\",\"inLanguage\":\"sv-SE\",\"@id\":\"https:\\\/\\\/secure.gravatar.com\\\/avatar\\\/8fb8f0a216e627554da57506bfaf78d677f45512f24f703e185ec701423b1e92?s=96&d=mm&r=g\",\"url\":\"https:\\\/\\\/secure.gravatar.com\\\/avatar\\\/8fb8f0a216e627554da57506bfaf78d677f45512f24f703e185ec701423b1e92?s=96&d=mm&r=g\",\"contentUrl\":\"https:\\\/\\\/secure.gravatar.com\\\/avatar\\\/8fb8f0a216e627554da57506bfaf78d677f45512f24f703e185ec701423b1e92?s=96&d=mm&r=g\",\"caption\":\"regionostergotland\"},\"url\":\"https:\\\/\\\/wp.kristdemokraterna.se\\\/regionostergotland\\\/author\\\/regionostergotland\\\/\"}]}<\/script>\n<!-- \/ Yoast SEO plugin. -->","yoast_head_json":{"title":"Nyhetsbrev vecka 15 - i Region \u00d6sterg\u00f6tland","robots":{"index":"index","follow":"follow","max-snippet":"max-snippet:-1","max-image-preview":"max-image-preview:large","max-video-preview":"max-video-preview:-1"},"canonical":"https:\/\/wp.kristdemokraterna.se\/regionostergotland\/nyhetsbrev-vecka-15-4\/","og_locale":"sv_SE","og_type":"article","og_title":"Nyhetsbrev vecka 15 - i Region \u00d6sterg\u00f6tland","og_description":"Hej! Det \u00e4r fredag igen och dags att summera den g\u00e5ngna veckan i regionpolitiken. Om f\u00f6rra veckan var lite p\u00e5sklovslugn, har intensiteten denna vecka v\u00e4gt upp det med r\u00e5ge! Det \u00e4r tydligt att den digitala m\u00f6tesformen m\u00f6jligg\u00f6r ibland n\u00e5got f\u00f6r m\u00e5nga m\u00f6ten p\u00e5 raken\u2026 Men, om det \u00e4r intressanta och givande m\u00f6ten, kan det l\u00e5ngvariga Read More","og_url":"https:\/\/wp.kristdemokraterna.se\/regionostergotland\/nyhetsbrev-vecka-15-4\/","og_site_name":"i Region \u00d6sterg\u00f6tland","article_published_time":"2021-04-16T11:18:34+00:00","og_image":[{"width":2048,"height":1165,"url":"https:\/\/wp.kristdemokraterna.se\/regionostergotland\/files\/2021\/04\/bild-nyhetsbrev-vecka-15-2021.jpg","type":"image\/jpeg"}],"author":"regionostergotland","twitter_card":"summary_large_image","twitter_misc":{"Skriven av":"regionostergotland","Ber\u00e4knad l\u00e4stid":"7 minuter"},"schema":{"@context":"https:\/\/schema.org","@graph":[{"@type":"Article","@id":"https:\/\/wp.kristdemokraterna.se\/regionostergotland\/nyhetsbrev-vecka-15-4\/#article","isPartOf":{"@id":"https:\/\/wp.kristdemokraterna.se\/regionostergotland\/nyhetsbrev-vecka-15-4\/"},"author":{"name":"regionostergotland","@id":"https:\/\/wp.kristdemokraterna.se\/regionostergotland\/#\/schema\/person\/74c3c4f502fcc489722a7be0dfe0088c"},"headline":"Nyhetsbrev vecka 15","datePublished":"2021-04-16T11:18:34+00:00","mainEntityOfPage":{"@id":"https:\/\/wp.kristdemokraterna.se\/regionostergotland\/nyhetsbrev-vecka-15-4\/"},"wordCount":1996,"articleSection":["Nyheter"],"inLanguage":"sv-SE"},{"@type":"WebPage","@id":"https:\/\/wp.kristdemokraterna.se\/regionostergotland\/nyhetsbrev-vecka-15-4\/","url":"https:\/\/wp.kristdemokraterna.se\/regionostergotland\/nyhetsbrev-vecka-15-4\/","name":"Nyhetsbrev vecka 15 - i Region \u00d6sterg\u00f6tland","isPartOf":{"@id":"https:\/\/wp.kristdemokraterna.se\/regionostergotland\/#website"},"datePublished":"2021-04-16T11:18:34+00:00","author":{"@id":"https:\/\/wp.kristdemokraterna.se\/regionostergotland\/#\/schema\/person\/74c3c4f502fcc489722a7be0dfe0088c"},"breadcrumb":{"@id":"https:\/\/wp.kristdemokraterna.se\/regionostergotland\/nyhetsbrev-vecka-15-4\/#breadcrumb"},"inLanguage":"sv-SE","potentialAction":[{"@type":"ReadAction","target":["https:\/\/wp.kristdemokraterna.se\/regionostergotland\/nyhetsbrev-vecka-15-4\/"]}]},{"@type":"BreadcrumbList","@id":"https:\/\/wp.kristdemokraterna.se\/regionostergotland\/nyhetsbrev-vecka-15-4\/#breadcrumb","itemListElement":[{"@type":"ListItem","position":1,"name":"Hem","item":"https:\/\/wp.kristdemokraterna.se\/regionostergotland\/"},{"@type":"ListItem","position":2,"name":"Nyhetsbrev vecka 15"}]},{"@type":"WebSite","@id":"https:\/\/wp.kristdemokraterna.se\/regionostergotland\/#website","url":"https:\/\/wp.kristdemokraterna.se\/regionostergotland\/","name":"i Region \u00d6sterg\u00f6tland","description":"","inLanguage":"sv-SE"},{"@type":"Person","@id":"https:\/\/wp.kristdemokraterna.se\/regionostergotland\/#\/schema\/person\/74c3c4f502fcc489722a7be0dfe0088c","name":"regionostergotland","image":{"@type":"ImageObject","inLanguage":"sv-SE","@id":"https:\/\/secure.gravatar.com\/avatar\/8fb8f0a216e627554da57506bfaf78d677f45512f24f703e185ec701423b1e92?s=96&d=mm&r=g","url":"https:\/\/secure.gravatar.com\/avatar\/8fb8f0a216e627554da57506bfaf78d677f45512f24f703e185ec701423b1e92?s=96&d=mm&r=g","contentUrl":"https:\/\/secure.gravatar.com\/avatar\/8fb8f0a216e627554da57506bfaf78d677f45512f24f703e185ec701423b1e92?s=96&d=mm&r=g","caption":"regionostergotland"},"url":"https:\/\/wp.kristdemokraterna.se\/regionostergotland\/author\/regionostergotland\/"}]}},"_links":{"self":[{"href":"https:\/\/wp.kristdemokraterna.se\/regionostergotland\/wp-json\/wp\/v2\/posts\/1627","targetHints":{"allow":["GET"]}}],"collection":[{"href":"https:\/\/wp.kristdemokraterna.se\/regionostergotland\/wp-json\/wp\/v2\/posts"}],"about":[{"href":"https:\/\/wp.kristdemokraterna.se\/regionostergotland\/wp-json\/wp\/v2\/types\/post"}],"author":[{"embeddable":true,"href":"https:\/\/wp.kristdemokraterna.se\/regionostergotland\/wp-json\/wp\/v2\/users\/737"}],"replies":[{"embeddable":true,"href":"https:\/\/wp.kristdemokraterna.se\/regionostergotland\/wp-json\/wp\/v2\/comments?post=1627"}],"version-history":[{"count":1,"href":"https:\/\/wp.kristdemokraterna.se\/regionostergotland\/wp-json\/wp\/v2\/posts\/1627\/revisions"}],"predecessor-version":[{"id":1629,"href":"https:\/\/wp.kristdemokraterna.se\/regionostergotland\/wp-json\/wp\/v2\/posts\/1627\/revisions\/1629"}],"wp:attachment":[{"href":"https:\/\/wp.kristdemokraterna.se\/regionostergotland\/wp-json\/wp\/v2\/media?parent=1627"}],"wp:term":[{"taxonomy":"category","embeddable":true,"href":"https:\/\/wp.kristdemokraterna.se\/regionostergotland\/wp-json\/wp\/v2\/categories?post=1627"},{"taxonomy":"post_tag","embeddable":true,"href":"https:\/\/wp.kristdemokraterna.se\/regionostergotland\/wp-json\/wp\/v2\/tags?post=1627"}],"curies":[{"name":"wp","href":"https:\/\/api.w.org\/{rel}","templated":true}]}}