{"id":1631,"date":"2021-04-23T11:45:55","date_gmt":"2021-04-23T09:45:55","guid":{"rendered":"https:\/\/wp.kristdemokraterna.se\/regionostergotland\/?p=1631"},"modified":"2021-04-23T11:45:55","modified_gmt":"2021-04-23T09:45:55","slug":"nyhetsbrev-vecka-16-4","status":"publish","type":"post","link":"https:\/\/wp.kristdemokraterna.se\/regionostergotland\/nyhetsbrev-vecka-16-4\/","title":{"rendered":"Nyhetsbrev vecka 16"},"content":{"rendered":"<p>Hej!<\/p>\n<p>Aprilv\u00e4dret har n\u00e5tt nya niv\u00e5er denna vecka med b\u00e5de h\u00e4rligt varmt f\u00f6rsommarv\u00e4der, och n\u00e5got mindre njutbart sn\u00f6 och bl\u00e5st runt noll grader p\u00e5 termometern\u2026 N\u00e4r det g\u00e4ller pandemin \u00e4r det ocks\u00e5 dessv\u00e4rre varierande nyheter, med dels \u00f6kad smittspridning och fler som beh\u00f6ver sjukhusv\u00e5rd, och dels en \u00f6kad vaccinationstakt, d\u00e4r nu drygt en fj\u00e4rdedel av \u00f6stg\u00f6tarna f\u00e5tt sin f\u00f6rsta vaccinationsdos. Det \u00e4r viktigt att vi alla nu hj\u00e4lps \u00e5t att h\u00e5lla i och h\u00e5lla ut och f\u00f6lja riktlinjer och rekommendationer! I regionpolitiken har veckan bl.a. bjudit p\u00e5 sammantr\u00e4de med regionfullm\u00e4ktige \u2013 om det och en del annat kommer h\u00e4r n\u00e5gra rader i veckans nyhetsbrev. Trevlig l\u00e4sning!<!--more--><\/p>\n<p><strong>M\u00f6te med Medicinska fakulteten vid Link\u00f6pings Universitet<\/strong><br \/>\nSom en del av veckans m\u00e5ndagsm\u00f6te med ledningarna f\u00f6r Kristdemokraterna och Moderaterna i regionen, tr\u00e4ffade vi fakultetsledningen f\u00f6r medicinska fakulteten vid Link\u00f6pings Universitet. Dekan Lena Jonasson, prodekanerna Anna Str\u00f6mberg, Anders Fridberger och Malin Lindqvist-Appell, vicedekan Jan-Erik Karlsson och kanslichef Anette Philipsson, ber\u00e4ttade bl.a. om hur utbildning, forskning, verksamhetsf\u00f6rlagd utbildning m.m. har fungerat under pandemin. Vi diskuterade ocks\u00e5 hur utbildning och forskning f\u00f6r medarbetare och studenter verksamma hos privata akt\u00f6rer som arbetar p\u00e5 uppdrag \u00e5t Region \u00d6sterg\u00f6tland, universitetets f\u00f6rh\u00e5llande till regionens p\u00e5g\u00e5ende om- och nybyggnationer och lokalf\u00f6rs\u00f6rjningsfr\u00e5gor i stort, m.m. V\u00e5ra b\u00e5da partier har under ett antal \u00e5r, regelbundet tr\u00e4ffat fakultetsledningen f\u00f6r medicinska fakulteten, och efter ett uppeh\u00e5ll f\u00f6rra \u00e5ret, k\u00e4ndes det bra att \u00e5terigen f\u00e5 m\u00f6jlighet till samtal och informationsutbyte.<\/p>\n<p><strong>F\u00f6rsta m\u00f6tet med regiongruppens Regionutvecklingsforum<\/strong><br \/>\nEfter att vi klarat av premi\u00e4rerna f\u00f6r regiongruppens H\u00e4lso- och sjukv\u00e5rdsforum och Trafikforum, var det i m\u00e5ndags kv\u00e4ll dags f\u00f6r f\u00f6rsta m\u00f6tet med Regionutvecklingsforum. Forumet samlar de ur regiongruppen som har politiska f\u00f6rtroendeuppdrag i regionen inom det regionala utvecklingsomr\u00e5det. Vid m\u00e5ndagskv\u00e4llens m\u00f6te tog vi bl.a. upp n\u00e5gra aktuella fr\u00e5gor i regionutvecklingsn\u00e4mnden och beredningen f\u00f6r folkh\u00e4lsa, men ocks\u00e5 n\u00e5gra mer l\u00e5ngsiktiga fr\u00e5gor r\u00f6rande s\u00e5v\u00e4l regional utveckling som kulturen i \u00d6sterg\u00f6tland. En ambition fr\u00e5n forumet \u00e4r ocks\u00e5 att spela in fler fr\u00e5gor till det p\u00e5g\u00e5ende arbetet med et regionala valprogrammet inf\u00f6r valet till regionfullm\u00e4ktige 2022.<\/p>\n<p><strong>Sammantr\u00e4de med regionfullm\u00e4ktige<\/strong><br \/>\nHela tisdagen \u00e4gnades \u00e5t \u00e5rets andra sammantr\u00e4de med regionfullm\u00e4ktige. Redan p\u00e5 tidig m\u00e5ndagskv\u00e4ll hade Kristdemokraternas regionfullm\u00e4ktigegrupp ett avst\u00e4mningsm\u00f6te inf\u00f6r fullm\u00e4ktigesammantr\u00e4det, med genomg\u00e5ng av handlingarna och ansvarsf\u00f6rdelning f\u00f6r m\u00f6tet. Huvud\u00e4rendet f\u00f6r sammantr\u00e4det var regionens \u00e5rsredovisning f\u00f6r 2020, d\u00e4r debatten naturligtvis kom att kretsa mycket kring pandemin, men d\u00e4r det \u00e4nd\u00e5 fanns utrymme att fr\u00e5n v\u00e5rt h\u00e5ll t.ex. lyfta \u00e5terst\u00e5ende problem med redan innan pandemin alltf\u00f6r l\u00e5nga k\u00f6er till v\u00e5rden (som inte blivit kortare) och behovet av fler utbildningsplatser inom yrkesh\u00f6gskolan f\u00f6r att mer framg\u00e5ngsrik m\u00f6ta \u00f6kad arbetsl\u00f6shet i pandemins sp\u00e5r. Debatten i olika \u00e4renden under dagen tog l\u00e4ngre tid \u00e4n ber\u00e4knat, vilket resulterade i att av de tio interpellationerna p\u00e5 dagordningen, endast den f\u00f6rsta p\u00e5 listan han debatteras. Det var en gemensam interpellation fr\u00e5n Kristdemokraterna och Moderaterna som Lena K\u00e4cker Johansson (KD) och Fredrik Sj\u00f6strand (M) l\u00e4mnat in om effekterna f\u00f6r patienterna av de p\u00e5g\u00e5ende f\u00f6r\u00e4ndringarna inom psykiatrin, n\u00e4r bl.a. flera patienter tvingas byta kontakt n\u00e4r v\u00e5rdvalet avskaffas. En debattartikel i fr\u00e5gan fr\u00e5n interpellanterna var publicerad i Norrk\u00f6pings-Tidningar samma dag som regionfullm\u00e4ktige, du kan l\u00e4sa den h\u00e4r: (<a href=\"https:\/\/nt.se\/asikter\/debatt\/artikel\/koalition-for-ostergotland-sviker-psykiatripatienterna\/rmx0o2mj\" target=\"_blank\" rel=\"noopener\">https:\/\/nt.se\/asikter\/debatt\/artikel\/koalition-for-ostergotland-sviker-psykiatripatienterna\/rmx0o2mj<\/a>). Och efter fullm\u00e4ktige rapporterade Corren om interpellationsdebatten i en nyhetsartikel, som finns h\u00e4r: (<a href=\"https:\/\/corren.se\/artikel\/splittrad-tilltro-till-forandringarna-inom-psykiatrin\/l6v0v99j\" target=\"_blank\" rel=\"noopener\">https:\/\/corren.se\/artikel\/splittrad-tilltro-till-forandringarna-inom-psykiatrin\/l6v0v99j<\/a>).<\/p>\n<p><strong>\u00c5rsst\u00e4mma och styrelsem\u00f6te med Almi \u00d6sterg\u00f6tland<\/strong><br \/>\nI onsdags h\u00f6lls \u00e5rsst\u00e4mma och efterf\u00f6ljande styrelsem\u00f6te med Almi \u00d6sterg\u00f6tland. P\u00e5 \u00e5rsst\u00e4mman, d\u00e4r de tv\u00e5 \u00e4garna, det statliga moderbolaget Almi samt Region \u00d6sterg\u00f6tland, \u00e4r representerade genom sina utsedda ombud, blev det \u00e4ven f\u00f6r oss i styrelsen, en intressant \u00e5terblick p\u00e5 det ovanliga \u00e5ret 2020. Under v\u00e5ren n\u00e4r pandemin br\u00f6t ut och m\u00e5nga f\u00f6retag direkt drabbades, \u00f6kade antalet utl\u00e5ningar och r\u00e5dgivningar enormt, och staplarna f\u00f6r kundkontakter och l\u00e5n sticker ut ordentligt. Sett \u00f6ver hela \u00e5ret stabiliserade sig l\u00e4get, och det kan ocks\u00e5 konstateras att flera branscher klarat sig bra under \u00e5ret, vissa till och med b\u00e4ttre \u00e4n vanligt. Precis som resten av samh\u00e4llet, har ocks\u00e5 Almi digitaliserats i snabbare takt, och en hel del arbetsformer har p\u00e5 s\u00e5 s\u00e4tt kunnat effektiviseras. P\u00e5 det efterf\u00f6ljande styrelsem\u00f6tet, \u00e5terv\u00e4nde vi till nul\u00e4ge, och fick bl.a. rapport om \u00e4nnu ett av Almis framg\u00e5ngsrika projekt f\u00f6r \u00f6kat framg\u00e5ngsrikt f\u00f6retagande i regionen. Denna g\u00e5ng s\u00e4rskilt inriktat p\u00e5 f\u00f6retagande p\u00e5 landsbygden, d\u00e4r fler \u00e4n 100 f\u00f6retag deltagit!<\/p>\n<p><strong>M\u00f6te med LRF om h\u00e5llbar hantering av \u00e5kermark<\/strong><br \/>\nI g\u00e5r torsdag f\u00f6rmiddag tr\u00e4ffade riksdagsledamot Magnus Oscarsson och jag f\u00f6retr\u00e4dare f\u00f6r LRF \u00d6sterg\u00f6tland f\u00f6r att diskutera h\u00e5llbar hantering av \u00e5kermark i \u00d6sterg\u00f6tland. Fr\u00e5n LRF deltog Jeanette Blackert, ordf\u00f6rande och Magnus Svensson, ledamot i LRF:s regionstyrelse i \u00d6sterg\u00f6tland samt Erik Erjeby, regionchef och Angelica Billevik, jurist fr\u00e5n LRF:s regionkontor. Det blev en intressant och givande diskussion om olika tillv\u00e4gag\u00e5ngss\u00e4tt f\u00f6r att m\u00f6jligg\u00f6ra fortsatt livsviktigt anv\u00e4ndande av den b\u00f6rdiga \u00f6stg\u00f6tska \u00e5kermarken. Vi fick medskick b\u00e5de till det nationella och regionala politiska arbetet. Tack f\u00f6r inbjudan och ett viktigt samtal!<\/p>\n<p>\u00c4ven om det f\u00f6r mig under fredagseftermiddagen \u00e5terst\u00e5r tv\u00e5 sammantr\u00e4den, n\u00e4rmar sig nu helgen. \u00c4ven om f\u00f6rsommarinslagen av aprilv\u00e4dret inte tycks bli s\u00e5 p\u00e5tagliga i helgen, verkar det heller inte bli s\u00e5 mycket sn\u00f6 och nollgrader. S\u00e5, det ska nog finnas chanser till en del utomhusaktiviteter! Oavsett v\u00e4derlek hoppas jag att ni alla f\u00e5r en trevlig helg!<\/p>\n<p>Med v\u00e4nlig h\u00e4lsning<br \/>\nPer Larsson<br \/>\nOppositionsr\u00e5d och gruppledare<br \/>\nKristdemokraterna i Region \u00d6sterg\u00f6tland<br \/>\ntfn 010-103 72 84 (arb)<br \/>\ntfn 0702-88 21 34 (mobil)<br \/>\nper.larsson@regionostergotland.se<\/p>\n<p>&nbsp;<\/p>\n","protected":false},"excerpt":{"rendered":"<p>Hej! Aprilv\u00e4dret har n\u00e5tt nya niv\u00e5er denna vecka med b\u00e5de h\u00e4rligt varmt f\u00f6rsommarv\u00e4der, och n\u00e5got mindre njutbart sn\u00f6 och bl\u00e5st runt noll grader p\u00e5 termometern\u2026 N\u00e4r det g\u00e4ller pandemin \u00e4r det ocks\u00e5 dessv\u00e4rre varierande nyheter, med dels \u00f6kad smittspridning och fler som beh\u00f6ver sjukhusv\u00e5rd, och dels en \u00f6kad vaccinationstakt, d\u00e4r nu drygt en fj\u00e4rdedel av <a class=\"read-more-link\" href=\"https:\/\/wp.kristdemokraterna.se\/regionostergotland\/nyhetsbrev-vecka-16-4\/\">Read More<\/a><\/p>\n","protected":false},"author":737,"featured_media":0,"comment_status":"closed","ping_status":"closed","sticky":false,"template":"","format":"standard","meta":{"_acf_changed":false,"footnotes":""},"categories":[1],"tags":[],"class_list":["post-1631","post","type-post","status-publish","format-standard","hentry","category-nyheter"],"acf":[],"yoast_head":"<!-- This site is optimized with the Yoast SEO plugin v27.5 - https:\/\/yoast.com\/product\/yoast-seo-wordpress\/ -->\n<title>Nyhetsbrev vecka 16 - i Region \u00d6sterg\u00f6tland<\/title>\n<meta name=\"robots\" content=\"index, follow, max-snippet:-1, max-image-preview:large, max-video-preview:-1\" \/>\n<link rel=\"canonical\" href=\"https:\/\/wp.kristdemokraterna.se\/regionostergotland\/nyhetsbrev-vecka-16-4\/\" \/>\n<meta property=\"og:locale\" content=\"sv_SE\" \/>\n<meta property=\"og:type\" content=\"article\" \/>\n<meta property=\"og:title\" content=\"Nyhetsbrev vecka 16 - i Region \u00d6sterg\u00f6tland\" \/>\n<meta property=\"og:description\" content=\"Hej! Aprilv\u00e4dret har n\u00e5tt nya niv\u00e5er denna vecka med b\u00e5de h\u00e4rligt varmt f\u00f6rsommarv\u00e4der, och n\u00e5got mindre njutbart sn\u00f6 och bl\u00e5st runt noll grader p\u00e5 termometern\u2026 N\u00e4r det g\u00e4ller pandemin \u00e4r det ocks\u00e5 dessv\u00e4rre varierande nyheter, med dels \u00f6kad smittspridning och fler som beh\u00f6ver sjukhusv\u00e5rd, och dels en \u00f6kad vaccinationstakt, d\u00e4r nu drygt en fj\u00e4rdedel av Read More\" \/>\n<meta property=\"og:url\" content=\"https:\/\/wp.kristdemokraterna.se\/regionostergotland\/nyhetsbrev-vecka-16-4\/\" \/>\n<meta property=\"og:site_name\" content=\"i Region \u00d6sterg\u00f6tland\" \/>\n<meta property=\"article:published_time\" content=\"2021-04-23T09:45:55+00:00\" \/>\n<meta property=\"og:image\" content=\"https:\/\/wp.kristdemokraterna.se\/regionostergotland\/files\/2021\/04\/bild-nyhetsbrev-vecka-16-2021.jpg\" \/>\n\t<meta property=\"og:image:width\" content=\"2048\" \/>\n\t<meta property=\"og:image:height\" content=\"1183\" \/>\n\t<meta property=\"og:image:type\" content=\"image\/jpeg\" \/>\n<meta name=\"author\" content=\"regionostergotland\" \/>\n<meta name=\"twitter:card\" content=\"summary_large_image\" \/>\n<meta name=\"twitter:label1\" content=\"Skriven av\" \/>\n\t<meta name=\"twitter:data1\" content=\"regionostergotland\" \/>\n\t<meta name=\"twitter:label2\" content=\"Ber\u00e4knad l\u00e4stid\" \/>\n\t<meta name=\"twitter:data2\" content=\"4 minuter\" \/>\n<script type=\"application\/ld+json\" class=\"yoast-schema-graph\">{\"@context\":\"https:\\\/\\\/schema.org\",\"@graph\":[{\"@type\":\"Article\",\"@id\":\"https:\\\/\\\/wp.kristdemokraterna.se\\\/regionostergotland\\\/nyhetsbrev-vecka-16-4\\\/#article\",\"isPartOf\":{\"@id\":\"https:\\\/\\\/wp.kristdemokraterna.se\\\/regionostergotland\\\/nyhetsbrev-vecka-16-4\\\/\"},\"author\":{\"name\":\"regionostergotland\",\"@id\":\"https:\\\/\\\/wp.kristdemokraterna.se\\\/regionostergotland\\\/#\\\/schema\\\/person\\\/74c3c4f502fcc489722a7be0dfe0088c\"},\"headline\":\"Nyhetsbrev vecka 16\",\"datePublished\":\"2021-04-23T09:45:55+00:00\",\"mainEntityOfPage\":{\"@id\":\"https:\\\/\\\/wp.kristdemokraterna.se\\\/regionostergotland\\\/nyhetsbrev-vecka-16-4\\\/\"},\"wordCount\":1118,\"articleSection\":[\"Nyheter\"],\"inLanguage\":\"sv-SE\"},{\"@type\":\"WebPage\",\"@id\":\"https:\\\/\\\/wp.kristdemokraterna.se\\\/regionostergotland\\\/nyhetsbrev-vecka-16-4\\\/\",\"url\":\"https:\\\/\\\/wp.kristdemokraterna.se\\\/regionostergotland\\\/nyhetsbrev-vecka-16-4\\\/\",\"name\":\"Nyhetsbrev vecka 16 - i Region \u00d6sterg\u00f6tland\",\"isPartOf\":{\"@id\":\"https:\\\/\\\/wp.kristdemokraterna.se\\\/regionostergotland\\\/#website\"},\"datePublished\":\"2021-04-23T09:45:55+00:00\",\"author\":{\"@id\":\"https:\\\/\\\/wp.kristdemokraterna.se\\\/regionostergotland\\\/#\\\/schema\\\/person\\\/74c3c4f502fcc489722a7be0dfe0088c\"},\"breadcrumb\":{\"@id\":\"https:\\\/\\\/wp.kristdemokraterna.se\\\/regionostergotland\\\/nyhetsbrev-vecka-16-4\\\/#breadcrumb\"},\"inLanguage\":\"sv-SE\",\"potentialAction\":[{\"@type\":\"ReadAction\",\"target\":[\"https:\\\/\\\/wp.kristdemokraterna.se\\\/regionostergotland\\\/nyhetsbrev-vecka-16-4\\\/\"]}]},{\"@type\":\"BreadcrumbList\",\"@id\":\"https:\\\/\\\/wp.kristdemokraterna.se\\\/regionostergotland\\\/nyhetsbrev-vecka-16-4\\\/#breadcrumb\",\"itemListElement\":[{\"@type\":\"ListItem\",\"position\":1,\"name\":\"Hem\",\"item\":\"https:\\\/\\\/wp.kristdemokraterna.se\\\/regionostergotland\\\/\"},{\"@type\":\"ListItem\",\"position\":2,\"name\":\"Nyhetsbrev vecka 16\"}]},{\"@type\":\"WebSite\",\"@id\":\"https:\\\/\\\/wp.kristdemokraterna.se\\\/regionostergotland\\\/#website\",\"url\":\"https:\\\/\\\/wp.kristdemokraterna.se\\\/regionostergotland\\\/\",\"name\":\"i Region \u00d6sterg\u00f6tland\",\"description\":\"\",\"inLanguage\":\"sv-SE\"},{\"@type\":\"Person\",\"@id\":\"https:\\\/\\\/wp.kristdemokraterna.se\\\/regionostergotland\\\/#\\\/schema\\\/person\\\/74c3c4f502fcc489722a7be0dfe0088c\",\"name\":\"regionostergotland\",\"image\":{\"@type\":\"ImageObject\",\"inLanguage\":\"sv-SE\",\"@id\":\"https:\\\/\\\/secure.gravatar.com\\\/avatar\\\/8fb8f0a216e627554da57506bfaf78d677f45512f24f703e185ec701423b1e92?s=96&d=mm&r=g\",\"url\":\"https:\\\/\\\/secure.gravatar.com\\\/avatar\\\/8fb8f0a216e627554da57506bfaf78d677f45512f24f703e185ec701423b1e92?s=96&d=mm&r=g\",\"contentUrl\":\"https:\\\/\\\/secure.gravatar.com\\\/avatar\\\/8fb8f0a216e627554da57506bfaf78d677f45512f24f703e185ec701423b1e92?s=96&d=mm&r=g\",\"caption\":\"regionostergotland\"},\"url\":\"https:\\\/\\\/wp.kristdemokraterna.se\\\/regionostergotland\\\/author\\\/regionostergotland\\\/\"}]}<\/script>\n<!-- \/ Yoast SEO plugin. -->","yoast_head_json":{"title":"Nyhetsbrev vecka 16 - i Region \u00d6sterg\u00f6tland","robots":{"index":"index","follow":"follow","max-snippet":"max-snippet:-1","max-image-preview":"max-image-preview:large","max-video-preview":"max-video-preview:-1"},"canonical":"https:\/\/wp.kristdemokraterna.se\/regionostergotland\/nyhetsbrev-vecka-16-4\/","og_locale":"sv_SE","og_type":"article","og_title":"Nyhetsbrev vecka 16 - i Region \u00d6sterg\u00f6tland","og_description":"Hej! Aprilv\u00e4dret har n\u00e5tt nya niv\u00e5er denna vecka med b\u00e5de h\u00e4rligt varmt f\u00f6rsommarv\u00e4der, och n\u00e5got mindre njutbart sn\u00f6 och bl\u00e5st runt noll grader p\u00e5 termometern\u2026 N\u00e4r det g\u00e4ller pandemin \u00e4r det ocks\u00e5 dessv\u00e4rre varierande nyheter, med dels \u00f6kad smittspridning och fler som beh\u00f6ver sjukhusv\u00e5rd, och dels en \u00f6kad vaccinationstakt, d\u00e4r nu drygt en fj\u00e4rdedel av Read More","og_url":"https:\/\/wp.kristdemokraterna.se\/regionostergotland\/nyhetsbrev-vecka-16-4\/","og_site_name":"i Region \u00d6sterg\u00f6tland","article_published_time":"2021-04-23T09:45:55+00:00","og_image":[{"width":2048,"height":1183,"url":"https:\/\/wp.kristdemokraterna.se\/regionostergotland\/files\/2021\/04\/bild-nyhetsbrev-vecka-16-2021.jpg","type":"image\/jpeg"}],"author":"regionostergotland","twitter_card":"summary_large_image","twitter_misc":{"Skriven av":"regionostergotland","Ber\u00e4knad l\u00e4stid":"4 minuter"},"schema":{"@context":"https:\/\/schema.org","@graph":[{"@type":"Article","@id":"https:\/\/wp.kristdemokraterna.se\/regionostergotland\/nyhetsbrev-vecka-16-4\/#article","isPartOf":{"@id":"https:\/\/wp.kristdemokraterna.se\/regionostergotland\/nyhetsbrev-vecka-16-4\/"},"author":{"name":"regionostergotland","@id":"https:\/\/wp.kristdemokraterna.se\/regionostergotland\/#\/schema\/person\/74c3c4f502fcc489722a7be0dfe0088c"},"headline":"Nyhetsbrev vecka 16","datePublished":"2021-04-23T09:45:55+00:00","mainEntityOfPage":{"@id":"https:\/\/wp.kristdemokraterna.se\/regionostergotland\/nyhetsbrev-vecka-16-4\/"},"wordCount":1118,"articleSection":["Nyheter"],"inLanguage":"sv-SE"},{"@type":"WebPage","@id":"https:\/\/wp.kristdemokraterna.se\/regionostergotland\/nyhetsbrev-vecka-16-4\/","url":"https:\/\/wp.kristdemokraterna.se\/regionostergotland\/nyhetsbrev-vecka-16-4\/","name":"Nyhetsbrev vecka 16 - i Region \u00d6sterg\u00f6tland","isPartOf":{"@id":"https:\/\/wp.kristdemokraterna.se\/regionostergotland\/#website"},"datePublished":"2021-04-23T09:45:55+00:00","author":{"@id":"https:\/\/wp.kristdemokraterna.se\/regionostergotland\/#\/schema\/person\/74c3c4f502fcc489722a7be0dfe0088c"},"breadcrumb":{"@id":"https:\/\/wp.kristdemokraterna.se\/regionostergotland\/nyhetsbrev-vecka-16-4\/#breadcrumb"},"inLanguage":"sv-SE","potentialAction":[{"@type":"ReadAction","target":["https:\/\/wp.kristdemokraterna.se\/regionostergotland\/nyhetsbrev-vecka-16-4\/"]}]},{"@type":"BreadcrumbList","@id":"https:\/\/wp.kristdemokraterna.se\/regionostergotland\/nyhetsbrev-vecka-16-4\/#breadcrumb","itemListElement":[{"@type":"ListItem","position":1,"name":"Hem","item":"https:\/\/wp.kristdemokraterna.se\/regionostergotland\/"},{"@type":"ListItem","position":2,"name":"Nyhetsbrev vecka 16"}]},{"@type":"WebSite","@id":"https:\/\/wp.kristdemokraterna.se\/regionostergotland\/#website","url":"https:\/\/wp.kristdemokraterna.se\/regionostergotland\/","name":"i Region \u00d6sterg\u00f6tland","description":"","inLanguage":"sv-SE"},{"@type":"Person","@id":"https:\/\/wp.kristdemokraterna.se\/regionostergotland\/#\/schema\/person\/74c3c4f502fcc489722a7be0dfe0088c","name":"regionostergotland","image":{"@type":"ImageObject","inLanguage":"sv-SE","@id":"https:\/\/secure.gravatar.com\/avatar\/8fb8f0a216e627554da57506bfaf78d677f45512f24f703e185ec701423b1e92?s=96&d=mm&r=g","url":"https:\/\/secure.gravatar.com\/avatar\/8fb8f0a216e627554da57506bfaf78d677f45512f24f703e185ec701423b1e92?s=96&d=mm&r=g","contentUrl":"https:\/\/secure.gravatar.com\/avatar\/8fb8f0a216e627554da57506bfaf78d677f45512f24f703e185ec701423b1e92?s=96&d=mm&r=g","caption":"regionostergotland"},"url":"https:\/\/wp.kristdemokraterna.se\/regionostergotland\/author\/regionostergotland\/"}]}},"_links":{"self":[{"href":"https:\/\/wp.kristdemokraterna.se\/regionostergotland\/wp-json\/wp\/v2\/posts\/1631","targetHints":{"allow":["GET"]}}],"collection":[{"href":"https:\/\/wp.kristdemokraterna.se\/regionostergotland\/wp-json\/wp\/v2\/posts"}],"about":[{"href":"https:\/\/wp.kristdemokraterna.se\/regionostergotland\/wp-json\/wp\/v2\/types\/post"}],"author":[{"embeddable":true,"href":"https:\/\/wp.kristdemokraterna.se\/regionostergotland\/wp-json\/wp\/v2\/users\/737"}],"replies":[{"embeddable":true,"href":"https:\/\/wp.kristdemokraterna.se\/regionostergotland\/wp-json\/wp\/v2\/comments?post=1631"}],"version-history":[{"count":1,"href":"https:\/\/wp.kristdemokraterna.se\/regionostergotland\/wp-json\/wp\/v2\/posts\/1631\/revisions"}],"predecessor-version":[{"id":1633,"href":"https:\/\/wp.kristdemokraterna.se\/regionostergotland\/wp-json\/wp\/v2\/posts\/1631\/revisions\/1633"}],"wp:attachment":[{"href":"https:\/\/wp.kristdemokraterna.se\/regionostergotland\/wp-json\/wp\/v2\/media?parent=1631"}],"wp:term":[{"taxonomy":"category","embeddable":true,"href":"https:\/\/wp.kristdemokraterna.se\/regionostergotland\/wp-json\/wp\/v2\/categories?post=1631"},{"taxonomy":"post_tag","embeddable":true,"href":"https:\/\/wp.kristdemokraterna.se\/regionostergotland\/wp-json\/wp\/v2\/tags?post=1631"}],"curies":[{"name":"wp","href":"https:\/\/api.w.org\/{rel}","templated":true}]}}