{"id":1635,"date":"2021-04-30T12:25:56","date_gmt":"2021-04-30T10:25:56","guid":{"rendered":"https:\/\/wp.kristdemokraterna.se\/regionostergotland\/?p=1635"},"modified":"2021-04-30T12:25:56","modified_gmt":"2021-04-30T10:25:56","slug":"nyhetsbrev-vecka-17-4","status":"publish","type":"post","link":"https:\/\/wp.kristdemokraterna.se\/regionostergotland\/nyhetsbrev-vecka-17-4\/","title":{"rendered":"Nyhetsbrev vecka 17"},"content":{"rendered":"<p>Hej!<\/p>\n<p>Det \u00e4r Valborgsm\u00e4ssoafton och \u00e4ven om v\u00e4dret har varit aprilm\u00e4ssigt skiftande, k\u00e4nns det bra att v\u00e5ren kalenderm\u00e4ssigt nu verkligen kan h\u00e4lsas v\u00e4lkommen! Ig\u00e5r presenterade Ebba Busch och Jacob Forssmed dessutom Kristdemokraternas ekonomiska v\u00e5rmotion, ocks\u00e5 ett v\u00e5rtecken, fyllt med flera v\u00e4lkomna insatser f\u00f6r h\u00e4lso- och sjukv\u00e5rden i en oerh\u00f6rt pressad tid! P\u00e5 den regionpolitiska fronten i \u00d6sterg\u00f6tland har ocks\u00e5 en hel del h\u00e4nt den g\u00e5ngna veckan, och n\u00e5gra glimtar kommer h\u00e4r i veckans nyhetsbrev. Trevlig l\u00e4sning!<!--more--><\/p>\n<p><strong>Extra styrelsem\u00f6te med M\u00e4lardalstrafik<\/strong><br \/>\nRedan f\u00f6rra fredagen, p\u00e5 seneftermiddagen efter att f\u00f6rra veckans nyhetsbrev skickats ut, var vi i styrelsen f\u00f6r M\u00e4lardalstrafik, inkallade till ett extra styrelsem\u00f6te. Politiska m\u00f6ten kl 17.00 en fredagseftermiddag \u00e4r inte s\u00e5 vanliga, men i digital form lite enklare att genomf\u00f6ra. Den senaste tiden har det varit n\u00e5gra extra sammantr\u00e4den med M\u00e4lardalstrafik, och i n\u00e4stkommande vecka v\u00e4ntar ytterligare ett. N\u00e5gra olika upphandlings- och avtalsfr\u00e5gor \u00e4r aktuella f\u00f6r den regionala t\u00e5gtrafiken mellan regionerna som gemensamt \u00e4ger M\u00e4lardalstrafik; Region \u00d6sterg\u00f6tland, Region S\u00f6rmland, Region \u00d6rebro l\u00e4n, Region V\u00e4stmanland, Region Uppsala och Region Stockholm. Eftersom det \u00e4n s\u00e5 l\u00e4nge \u00e4r sekretess \u00e4r det i nul\u00e4get inte m\u00f6jligt att redog\u00f6ra f\u00f6r n\u00e5gra detaljer, men det kan i alla fall konstateras att VD och tj\u00e4nstepersoner p\u00e5 M\u00e4lardalstrafik har gjort och forts\u00e4tter att g\u00f6ra ett imponerande arbete!<\/p>\n<p><strong>M\u00e5ndagsm\u00f6te med direkt\u00f6rsbes\u00f6k<\/strong><br \/>\nUngef\u00e4r en g\u00e5ng i m\u00e5naden g\u00e4stas m\u00e5ndagsm\u00f6tet f\u00f6r Kristdemokraterna och Moderaterna i regionen, av flera av regionens ledande direkt\u00f6rer. I m\u00e5ndags var det dags f\u00f6r april m\u00e5nads bes\u00f6k, och denna g\u00e5ng v\u00e4lkomnade vi regiondirekt\u00f6r Krister Bj\u00f6rkegren, h\u00e4lso- och sjukv\u00e5rdsdirekt\u00f6r Lena Lundgren, ekonomidirekt\u00f6r Josefin Bj\u00e4resten och v\u00e5rddirekt\u00f6r Jessica Frisk. Bland de \u00e4renden som togs upp var f\u00f6rst\u00e5s aktuellt l\u00e4ge f\u00f6r regionens hantering av Coronapandemin som \u00e4gnades mest tid, men ocks\u00e5 fr\u00e5gor kring sommarers\u00e4ttning till personalen i h\u00e4lso- och sjukv\u00e5rden och formerna f\u00f6r statens ekonomiska st\u00f6d\u00e5tg\u00e4rder till regionerna.<\/p>\n<p><strong>Dialog med Hemsl\u00f6jden i \u00d6sterg\u00f6tland<\/strong><br \/>\nVarje v\u00e5r har vi fr\u00e5n regionutvecklingsn\u00e4mndens presidium verksamhetsdialog med de akt\u00f6rer som har uppdrag fr\u00e5n Region \u00d6sterg\u00f6tland inom kultursamverkansmodellen, d.v.s. som f\u00e5r del av de statliga pengar via Kulturr\u00e5det som regionerna, sedan modellen inf\u00f6rdes, har att f\u00f6rdela mellan akt\u00f6rerna regionalt. Med de st\u00f6rsta akt\u00f6rerna, de stora regionala kulturinstitutionerna; \u00d6sterg\u00f6tlands Museum, \u00d6stg\u00f6tamusiken och Scenkonst \u00d6st, sker dialogerna gemensamt med Link\u00f6pings och Norrk\u00f6pings kommuner, som ocks\u00e5 \u00e4r med och finansierar verksamheten. F\u00f6r \u00f6vriga akt\u00f6rer \u00e4r det enbart regionen som \u00e4r uppdragsgivare och dialogpartner. Tidigare \u00e5r har dialogerna skett p\u00e5 plats hos respektive akt\u00f6r, vilket f\u00f6rst\u00e5s ger en extra dimension i att f\u00e5 inblick i verksamheten. I \u00e5r genomf\u00f6rdes samtliga dialoger digitalt. I tisdags f\u00f6rmiddag tr\u00e4ffade vi Hemsl\u00f6jden i \u00d6sterg\u00f6tland, d\u00e4r den ideella \u00d6sterg\u00f6tlands Hemsl\u00f6jdsf\u00f6rening \u00e4r mottagare av det regionala uppdraget och arbetsgivare f\u00f6r de tre regionala hemsl\u00f6jdskonsulenterna. Lotta Ahlvar, ordf\u00f6rande i f\u00f6reningen, Tobias Lindberg, vice ordf\u00f6rande och Nina B\u00e4ckman, hemsl\u00f6jdskonsulent med s\u00e4rskilt ansvar f\u00f6r barn och unga, deltog i dialogen fr\u00e5n Hemsl\u00f6jden. Vi fick en genomg\u00e5ng av \u00e5rets om g\u00e5tt, d\u00e4r f\u00f6rst\u00e5s pandemin p\u00e5verkat och f\u00f6r\u00e4ndrat verksamheten p\u00e5 olika s\u00e4tt. Digitala hj\u00e4lpmedel har anv\u00e4nts s\u00e5 mycket som m\u00f6jligt, men det \u00e4r inte alltid helt l\u00e4tt n\u00e4r det g\u00e4ller sl\u00f6jd och hantverk. Ett gl\u00e4dje\u00e4mne det g\u00e5ngna \u00e5ret \u00e4r den av Hemsl\u00f6jden utgivna boken \u00d6stg\u00f6takoftor, som s\u00e5lt mycket bra och dessutom r\u00f6nt internationell uppm\u00e4rksamhet! Planeringen fram\u00e5t, d\u00e5 pandemin f\u00f6rhoppningsvis inte s\u00e4tter upp lika m\u00e5nga hinder, p\u00e5g\u00e5r f\u00f6r fullt, och bland annat kommer regionens folkh\u00f6gskola Lunnevad att ut\u00f6ka sin nystartade hemsl\u00f6jdsinriktning p\u00e5 allm\u00e4n linje i samarbete med Hemsl\u00f6jden.<\/p>\n<p><strong>Dialog med Riksteatern \u00d6sterg\u00f6tland<\/strong><br \/>\nI tisdags eftermiddag fortsatte dialogerna med akt\u00f6rer inom kultursamverkansmodellen med Riksteatern \u00d6sterg\u00f6tland, som genom de lokala riksteaterf\u00f6reningarna i n\u00e4stan alla kommuner i \u00d6sterg\u00f6tland, arrangerar och f\u00f6rmedlar teaterf\u00f6rest\u00e4llningar i Riksteaterns regi. Fr\u00e5n Riksteatern deltog Ulf Th\u00f6rn, riksteaterkonsulent, Lena Lundman, ordf\u00f6rande i styrelsen, Jan-Olof Dahlstr\u00f6m, vice ordf\u00f6rande och Stefan Olsson, kass\u00f6r. \u00c4ven Riksteaterns verksamhet under 2020 p\u00e5verkades f\u00f6rst\u00e5s av pandemins olika restriktioner, men i den period i b\u00f6rjan av h\u00f6sten d\u00e5 smittspridningen var l\u00e5g, kunde det \u00e5rligt \u00e5terkommande arrangemanget Scengalej genomf\u00f6ras, som \u00e4r en utbudsdag d\u00e4r tillg\u00e4ngliga f\u00f6rest\u00e4llningar f\u00f6r barn och unga presenteras. \u00c4ven h\u00e4r p\u00e5g\u00e5r planeringen f\u00f6r fullt f\u00f6r en tid fram\u00e5t med l\u00e4ttade restriktioner!<\/p>\n<p><strong>Dialog med \u00d6sterg\u00f6tlands Arkivf\u00f6rbund<\/strong><br \/>\nTisdagseftermiddagen fortsatte med dialog med \u00d6sterg\u00f6tlands Arkivf\u00f6rbund. Eftersom jag sedan drygt ett \u00e5r \u00e4r invald som ledamot i styrelsen f\u00f6r arkivf\u00f6rbundet, har jag lite mer f\u00f6rdjupad grundkunskap om verksamheten. Albin Lindqvist, l\u00e4nsarkivarie och Ann-Kristin Eriksson, ordf\u00f6rande i styrelsen, var annars de som representerade arkivf\u00f6rbundet vid dialogen. \u00c4ven h\u00e4r har nya digitala m\u00f6jligheter pr\u00f6vats under pandemin, bl.a. med serien \u201dArkivr\u00f6ster\u201d p\u00e5 YouTube, d\u00e4r olika lokala arkiv i \u00d6sterg\u00f6tland presenterats. M\u00e5nga av de lokala arkiven kopplade till civilsamh\u00e4lle och n\u00e4ringsliv, som \u00e4r medlemsarkiv i arkivf\u00f6rbundet, har inte kunnat h\u00e5lla \u00f6ppet under \u00e5ret, d\u00e5 m\u00e5nga ideella som normalt sett sk\u00f6ter arkiv \u00e4r \u00f6ver 70 \u00e5r, medan andra, t.ex. kommunernas f\u00f6reningsarkiv, har b\u00e4ttre f\u00f6ruts\u00e4ttningar. Arkivf\u00f6rbundet har flera intressanta planer f\u00f6r utveckling fram\u00e5t, f\u00f6r att lyfta ett viktigt omr\u00e5de, mer sp\u00e4nnande \u00e4n man kan tro\u2026!<\/p>\n<p><strong>Sammantr\u00e4de med Politiska ledningsgruppen<\/strong><br \/>\nP\u00e5 onsdagen sammantr\u00e4dde regionens politiska ledningsgrupp (PLG), som samlar presidierna i regionens n\u00e4mnder, regionstyrelsen och regionfullm\u00e4ktige samt de partiers gruppledare som inte finns med i n\u00e5got av presidierna. En inneh\u00e5llsrik dagordning f\u00f6r m\u00f6tet, inneh\u00f6ll bland annat ett rej\u00e4lt pass om situationen som pandemin skapat med framskjuten v\u00e5rd och d\u00e4rmed f\u00f6rs\u00e4mrad tillg\u00e4nglighet. Tandv\u00e5rdsdirekt\u00f6r Anna Carin Dahlgren ber\u00e4ttade om Folktandv\u00e5rdens arbete under pandemin, och anstr\u00e4ngningar som gjorts f\u00f6r att f\u00f6rb\u00e4ttra tillg\u00e4ngligheten. Anders Tennlid och Mats Mellqvist fr\u00e5n h\u00e4lso- och sjukv\u00e5rdsenheten p\u00e5 regionledningskontoret informerade om \u00d6sterg\u00f6tlands l\u00e4ge f\u00f6r att uppn\u00e5 kraven f\u00f6r att f\u00e5 del av \u201dk\u00f6miljarden\u201d utifr\u00e5n de traditionella kriterierna, d\u00e4r det dock \u00e4r os\u00e4kert om det liksom 2020 ist\u00e4llet kommer att g\u00f6ras om till ers\u00e4ttning utifr\u00e5n befolkning, d\u00e5 pandemin skapat n\u00e4rmast om\u00f6jliga f\u00f6ruts\u00e4ttningar att uppn\u00e5 kraven. V\u00e5rddirekt\u00f6r Jessica Frisk gav ocks\u00e5 en allm\u00e4n genomg\u00e5ng av tillg\u00e4ngligheten inom den \u00f6stg\u00f6tska h\u00e4lso- och sjukv\u00e5rden. PLG fick ocks\u00e5 information om aktuellt l\u00e4ge n\u00e4r det g\u00e4ller Covid-19, d\u00e4r Richard Lundin fr\u00e5n regional s\u00e4rskild sjukv\u00e5rdsledning informerade om l\u00e4ge n\u00e4r det g\u00e4ller patienter i slutenv\u00e5rd, provtagning och framf\u00f6rallt vaccination, och kommunikationsdirekt\u00f6r Anna Bowall, presenterade genomf\u00f6rda, p\u00e5g\u00e5ende och planerade kommunikationsinsatser. Slutligen gav ekonomidirekt\u00f6r Josefin Bj\u00e4resten en aktuell l\u00e4gesrapport f\u00f6r regionens ekonomi, d\u00e4r trenden fr\u00e5n 2020 forts\u00e4tter att skatteh\u00f6jning, \u00f6kade statsbidrag och framskjuten v\u00e5rd ger ett ekonomiskt \u00f6verskott.<\/p>\n<p><strong>Workshop inf\u00f6r ny strategi f\u00f6r bes\u00f6ksn\u00e4ringen<\/strong><br \/>\nSom jag har ber\u00e4ttat om i n\u00e5gra tidigare nyhetsbrev, p\u00e5g\u00e5r just nu en uppdatering av regionen strategi f\u00f6r bes\u00f6ksn\u00e4ring, som antogs f\u00f6r snart fem \u00e5r sedan. Ambitionen \u00e4r att en ny, reviderad version av strategin ska kunna beslutas efter sommaren, och under v\u00e5ren har Eva Andersson (S), ordf\u00f6rande och jag som andre vice ordf\u00f6rande i regionutvecklingsn\u00e4mnden deltagit i ett par workshops med f\u00f6retr\u00e4dare f\u00f6r bes\u00f6ksn\u00e4ringen samt tj\u00e4nstepersoner fr\u00e5n kommuner och myndigheter i \u00d6sterg\u00f6tland. I g\u00e5r torsdag var det dags f\u00f6r workshop med politiska f\u00f6retr\u00e4dare fr\u00e5n kommunerna i \u00d6sterg\u00f6tland. \u00c4ven denna g\u00e5ng var det Johan Olofsson fr\u00e5n Svensk Destinationsutveckling som ledde workshopen. Efter en introduktion med bl.a. analys av l\u00e4get f\u00f6r bes\u00f6ksn\u00e4ringen innan, under och efter pandemin, andra globala och nationella trender f\u00f6r bes\u00f6ksn\u00e4ringen gavs deltagarna m\u00f6jlighet att reagera och komma med inspel. Vi fick ocks\u00e5 en kort information om den kommande nationella strategin f\u00f6r bes\u00f6ksn\u00e4ring vars f\u00e4rdigst\u00e4llande skjutits upp p\u00e5 grund av pandemin, samt m\u00f6jlighet att ge inspel p\u00e5 f\u00f6reslagna prioriteringar och framg\u00e5ngsfaktorer i den reviderade \u00f6stg\u00f6tska strategin. Ett bra och givande samtal, med viktiga inspel fr\u00e5n f\u00f6retr\u00e4darna f\u00f6r kommunerna!<\/p>\n<p><strong>Extra sammantr\u00e4de med regionstyrelsen om sommarers\u00e4ttning<\/strong><br \/>\nIdag p\u00e5 f\u00f6rmiddagen hade regionstyrelsen kallats in till extra sammantr\u00e4de, f\u00f6r att ta beslut om sommarers\u00e4ttning f\u00f6r personal inom h\u00e4lso- och sjukv\u00e5rden. Inf\u00f6r sommarperioden \u00e4r det \u00e4ven i normall\u00e4ge vissa bestyr med att f\u00e5 ihop semesterperioden, och ge medarbetare som slitit h\u00e5rt, m\u00f6jlighet till v\u00e4lf\u00f6rtj\u00e4nt vila och avkoppling. F\u00f6r andra \u00e5ret i rad \u00e4r l\u00e4get \u00e4n mer pressat med anledning av pandemin, och med tanke p\u00e5 att det egentligen inte blev n\u00e5gon \u2019paus\u2019 mellan andre och tredje v\u00e5gen, och den tredje v\u00e5gen dessutom har blivit mycket omfattande, \u00e4r behoven av andh\u00e4mtning \u00e4n st\u00f6rre. Samtidigt kvarst\u00e5r behov inom sjukv\u00e5rden, och \u00e4ven om vi hoppas att f\u00e4rre ska beh\u00f6va sjukhusv\u00e5rd fram\u00e5t sommaren, \u00e4r det viktigt att klara en tillr\u00e4cklig bemanning. D\u00e4rf\u00f6r tog regionstyrelsen idag beslut om extra ers\u00e4ttning f\u00f6r de som kan t\u00e4nka sig att t.ex. flytta semesterveckor f\u00f6r att kunna f\u00e5 tillr\u00e4ckligt stor personalstyrka under hela sommaren. Alla partier stod bakom beslutet, \u00e4ven om t.ex. vi fr\u00e5n Kristdemokraterna och Moderaterna kommer att l\u00e4mna en protokollsanteckning med n\u00e5gra synpunkter. Fr\u00e5n Kristdemokraterna deltog som vanligt ledamot Anders Eksmo och ers\u00e4ttare Martin Zetterlund, och \u00e4ven jag anv\u00e4nde min n\u00e4rvaror\u00e4tt som gruppledare.<\/p>\n<p>Nu v\u00e4ntar helg och det blir andra g\u00e5ngen vi f\u00e5r avst\u00e5 fr\u00e5n traditionellt valborgsfirande. Idag har dessutom Region \u00d6sterg\u00f6tland uppmanat alla \u00f6stg\u00f6tar till \u2019personlig lockdown\u2019, med ytterligare r\u00e5d och rekommendationer f\u00f6r att gemensamt f\u00f6rs\u00f6ka bromsa den nu mycket stora smittspridningen. Du kan l\u00e4sa mer om vilka r\u00e5d du b\u00f6r f\u00f6lja h\u00e4r: (<a href=\"https:\/\/regionostergotland.se\/Halsa-och-vard\/samlad-information-om-coronaviruset-i-ostergotland\/personlig-lockdown-for-dig-i-ostergotland\/\" target=\"_blank\" rel=\"noopener\">https:\/\/regionostergotland.se\/Halsa-och-vard\/samlad-information-om-coronaviruset-i-ostergotland\/personlig-lockdown-for-dig-i-ostergotland\/<\/a>). Med allt detta i beaktande, hoppas jag \u00e4nd\u00e5 att ni alla f\u00e5r en trevlig valborgshelg!<\/p>\n<p>Med v\u00e4nlig h\u00e4lsning<br \/>\nPer Larsson<br \/>\nOppositionsr\u00e5d och gruppledare<br \/>\nKristdemokraterna i Region \u00d6sterg\u00f6tland<br \/>\ntfn 010-103 72 84 (arb)<br \/>\ntfn 0702-88 21 34 (mobil)<br \/>\nper.larsson@regionostergotland.se<\/p>\n<p>&nbsp;<\/p>\n","protected":false},"excerpt":{"rendered":"<p>Hej! Det \u00e4r Valborgsm\u00e4ssoafton och \u00e4ven om v\u00e4dret har varit aprilm\u00e4ssigt skiftande, k\u00e4nns det bra att v\u00e5ren kalenderm\u00e4ssigt nu verkligen kan h\u00e4lsas v\u00e4lkommen! Ig\u00e5r presenterade Ebba Busch och Jacob Forssmed dessutom Kristdemokraternas ekonomiska v\u00e5rmotion, ocks\u00e5 ett v\u00e5rtecken, fyllt med flera v\u00e4lkomna insatser f\u00f6r h\u00e4lso- och sjukv\u00e5rden i en oerh\u00f6rt pressad tid! P\u00e5 den regionpolitiska fronten <a class=\"read-more-link\" href=\"https:\/\/wp.kristdemokraterna.se\/regionostergotland\/nyhetsbrev-vecka-17-4\/\">Read More<\/a><\/p>\n","protected":false},"author":737,"featured_media":0,"comment_status":"closed","ping_status":"closed","sticky":false,"template":"","format":"standard","meta":{"_acf_changed":false,"footnotes":""},"categories":[1],"tags":[],"class_list":["post-1635","post","type-post","status-publish","format-standard","hentry","category-nyheter"],"acf":[],"yoast_head":"<!-- This site is optimized with the Yoast SEO plugin v27.5 - https:\/\/yoast.com\/product\/yoast-seo-wordpress\/ -->\n<title>Nyhetsbrev vecka 17 - i Region \u00d6sterg\u00f6tland<\/title>\n<meta name=\"robots\" content=\"index, follow, max-snippet:-1, max-image-preview:large, max-video-preview:-1\" \/>\n<link rel=\"canonical\" href=\"https:\/\/wp.kristdemokraterna.se\/regionostergotland\/nyhetsbrev-vecka-17-4\/\" \/>\n<meta property=\"og:locale\" content=\"sv_SE\" \/>\n<meta property=\"og:type\" content=\"article\" \/>\n<meta property=\"og:title\" content=\"Nyhetsbrev vecka 17 - i Region \u00d6sterg\u00f6tland\" \/>\n<meta property=\"og:description\" content=\"Hej! Det \u00e4r Valborgsm\u00e4ssoafton och \u00e4ven om v\u00e4dret har varit aprilm\u00e4ssigt skiftande, k\u00e4nns det bra att v\u00e5ren kalenderm\u00e4ssigt nu verkligen kan h\u00e4lsas v\u00e4lkommen! Ig\u00e5r presenterade Ebba Busch och Jacob Forssmed dessutom Kristdemokraternas ekonomiska v\u00e5rmotion, ocks\u00e5 ett v\u00e5rtecken, fyllt med flera v\u00e4lkomna insatser f\u00f6r h\u00e4lso- och sjukv\u00e5rden i en oerh\u00f6rt pressad tid! P\u00e5 den regionpolitiska fronten Read More\" \/>\n<meta property=\"og:url\" content=\"https:\/\/wp.kristdemokraterna.se\/regionostergotland\/nyhetsbrev-vecka-17-4\/\" \/>\n<meta property=\"og:site_name\" content=\"i Region \u00d6sterg\u00f6tland\" \/>\n<meta property=\"article:published_time\" content=\"2021-04-30T10:25:56+00:00\" \/>\n<meta property=\"og:image\" content=\"https:\/\/wp.kristdemokraterna.se\/regionostergotland\/files\/2021\/04\/bild-nyhetsbrev-vecka-17-2021.jpg\" \/>\n\t<meta property=\"og:image:width\" content=\"2048\" \/>\n\t<meta property=\"og:image:height\" content=\"1175\" \/>\n\t<meta property=\"og:image:type\" content=\"image\/jpeg\" \/>\n<meta name=\"author\" content=\"regionostergotland\" \/>\n<meta name=\"twitter:card\" content=\"summary_large_image\" \/>\n<meta name=\"twitter:label1\" content=\"Skriven av\" \/>\n\t<meta name=\"twitter:data1\" content=\"regionostergotland\" \/>\n\t<meta name=\"twitter:label2\" content=\"Ber\u00e4knad l\u00e4stid\" \/>\n\t<meta name=\"twitter:data2\" content=\"7 minuter\" \/>\n<script type=\"application\/ld+json\" class=\"yoast-schema-graph\">{\"@context\":\"https:\\\/\\\/schema.org\",\"@graph\":[{\"@type\":\"Article\",\"@id\":\"https:\\\/\\\/wp.kristdemokraterna.se\\\/regionostergotland\\\/nyhetsbrev-vecka-17-4\\\/#article\",\"isPartOf\":{\"@id\":\"https:\\\/\\\/wp.kristdemokraterna.se\\\/regionostergotland\\\/nyhetsbrev-vecka-17-4\\\/\"},\"author\":{\"name\":\"regionostergotland\",\"@id\":\"https:\\\/\\\/wp.kristdemokraterna.se\\\/regionostergotland\\\/#\\\/schema\\\/person\\\/74c3c4f502fcc489722a7be0dfe0088c\"},\"headline\":\"Nyhetsbrev vecka 17\",\"datePublished\":\"2021-04-30T10:25:56+00:00\",\"mainEntityOfPage\":{\"@id\":\"https:\\\/\\\/wp.kristdemokraterna.se\\\/regionostergotland\\\/nyhetsbrev-vecka-17-4\\\/\"},\"wordCount\":1925,\"articleSection\":[\"Nyheter\"],\"inLanguage\":\"sv-SE\"},{\"@type\":\"WebPage\",\"@id\":\"https:\\\/\\\/wp.kristdemokraterna.se\\\/regionostergotland\\\/nyhetsbrev-vecka-17-4\\\/\",\"url\":\"https:\\\/\\\/wp.kristdemokraterna.se\\\/regionostergotland\\\/nyhetsbrev-vecka-17-4\\\/\",\"name\":\"Nyhetsbrev vecka 17 - i Region \u00d6sterg\u00f6tland\",\"isPartOf\":{\"@id\":\"https:\\\/\\\/wp.kristdemokraterna.se\\\/regionostergotland\\\/#website\"},\"datePublished\":\"2021-04-30T10:25:56+00:00\",\"author\":{\"@id\":\"https:\\\/\\\/wp.kristdemokraterna.se\\\/regionostergotland\\\/#\\\/schema\\\/person\\\/74c3c4f502fcc489722a7be0dfe0088c\"},\"breadcrumb\":{\"@id\":\"https:\\\/\\\/wp.kristdemokraterna.se\\\/regionostergotland\\\/nyhetsbrev-vecka-17-4\\\/#breadcrumb\"},\"inLanguage\":\"sv-SE\",\"potentialAction\":[{\"@type\":\"ReadAction\",\"target\":[\"https:\\\/\\\/wp.kristdemokraterna.se\\\/regionostergotland\\\/nyhetsbrev-vecka-17-4\\\/\"]}]},{\"@type\":\"BreadcrumbList\",\"@id\":\"https:\\\/\\\/wp.kristdemokraterna.se\\\/regionostergotland\\\/nyhetsbrev-vecka-17-4\\\/#breadcrumb\",\"itemListElement\":[{\"@type\":\"ListItem\",\"position\":1,\"name\":\"Hem\",\"item\":\"https:\\\/\\\/wp.kristdemokraterna.se\\\/regionostergotland\\\/\"},{\"@type\":\"ListItem\",\"position\":2,\"name\":\"Nyhetsbrev vecka 17\"}]},{\"@type\":\"WebSite\",\"@id\":\"https:\\\/\\\/wp.kristdemokraterna.se\\\/regionostergotland\\\/#website\",\"url\":\"https:\\\/\\\/wp.kristdemokraterna.se\\\/regionostergotland\\\/\",\"name\":\"i Region \u00d6sterg\u00f6tland\",\"description\":\"\",\"inLanguage\":\"sv-SE\"},{\"@type\":\"Person\",\"@id\":\"https:\\\/\\\/wp.kristdemokraterna.se\\\/regionostergotland\\\/#\\\/schema\\\/person\\\/74c3c4f502fcc489722a7be0dfe0088c\",\"name\":\"regionostergotland\",\"image\":{\"@type\":\"ImageObject\",\"inLanguage\":\"sv-SE\",\"@id\":\"https:\\\/\\\/secure.gravatar.com\\\/avatar\\\/8fb8f0a216e627554da57506bfaf78d677f45512f24f703e185ec701423b1e92?s=96&d=mm&r=g\",\"url\":\"https:\\\/\\\/secure.gravatar.com\\\/avatar\\\/8fb8f0a216e627554da57506bfaf78d677f45512f24f703e185ec701423b1e92?s=96&d=mm&r=g\",\"contentUrl\":\"https:\\\/\\\/secure.gravatar.com\\\/avatar\\\/8fb8f0a216e627554da57506bfaf78d677f45512f24f703e185ec701423b1e92?s=96&d=mm&r=g\",\"caption\":\"regionostergotland\"},\"url\":\"https:\\\/\\\/wp.kristdemokraterna.se\\\/regionostergotland\\\/author\\\/regionostergotland\\\/\"}]}<\/script>\n<!-- \/ Yoast SEO plugin. -->","yoast_head_json":{"title":"Nyhetsbrev vecka 17 - i Region \u00d6sterg\u00f6tland","robots":{"index":"index","follow":"follow","max-snippet":"max-snippet:-1","max-image-preview":"max-image-preview:large","max-video-preview":"max-video-preview:-1"},"canonical":"https:\/\/wp.kristdemokraterna.se\/regionostergotland\/nyhetsbrev-vecka-17-4\/","og_locale":"sv_SE","og_type":"article","og_title":"Nyhetsbrev vecka 17 - i Region \u00d6sterg\u00f6tland","og_description":"Hej! Det \u00e4r Valborgsm\u00e4ssoafton och \u00e4ven om v\u00e4dret har varit aprilm\u00e4ssigt skiftande, k\u00e4nns det bra att v\u00e5ren kalenderm\u00e4ssigt nu verkligen kan h\u00e4lsas v\u00e4lkommen! Ig\u00e5r presenterade Ebba Busch och Jacob Forssmed dessutom Kristdemokraternas ekonomiska v\u00e5rmotion, ocks\u00e5 ett v\u00e5rtecken, fyllt med flera v\u00e4lkomna insatser f\u00f6r h\u00e4lso- och sjukv\u00e5rden i en oerh\u00f6rt pressad tid! P\u00e5 den regionpolitiska fronten Read More","og_url":"https:\/\/wp.kristdemokraterna.se\/regionostergotland\/nyhetsbrev-vecka-17-4\/","og_site_name":"i Region \u00d6sterg\u00f6tland","article_published_time":"2021-04-30T10:25:56+00:00","og_image":[{"width":2048,"height":1175,"url":"https:\/\/wp.kristdemokraterna.se\/regionostergotland\/files\/2021\/04\/bild-nyhetsbrev-vecka-17-2021.jpg","type":"image\/jpeg"}],"author":"regionostergotland","twitter_card":"summary_large_image","twitter_misc":{"Skriven av":"regionostergotland","Ber\u00e4knad l\u00e4stid":"7 minuter"},"schema":{"@context":"https:\/\/schema.org","@graph":[{"@type":"Article","@id":"https:\/\/wp.kristdemokraterna.se\/regionostergotland\/nyhetsbrev-vecka-17-4\/#article","isPartOf":{"@id":"https:\/\/wp.kristdemokraterna.se\/regionostergotland\/nyhetsbrev-vecka-17-4\/"},"author":{"name":"regionostergotland","@id":"https:\/\/wp.kristdemokraterna.se\/regionostergotland\/#\/schema\/person\/74c3c4f502fcc489722a7be0dfe0088c"},"headline":"Nyhetsbrev vecka 17","datePublished":"2021-04-30T10:25:56+00:00","mainEntityOfPage":{"@id":"https:\/\/wp.kristdemokraterna.se\/regionostergotland\/nyhetsbrev-vecka-17-4\/"},"wordCount":1925,"articleSection":["Nyheter"],"inLanguage":"sv-SE"},{"@type":"WebPage","@id":"https:\/\/wp.kristdemokraterna.se\/regionostergotland\/nyhetsbrev-vecka-17-4\/","url":"https:\/\/wp.kristdemokraterna.se\/regionostergotland\/nyhetsbrev-vecka-17-4\/","name":"Nyhetsbrev vecka 17 - i Region \u00d6sterg\u00f6tland","isPartOf":{"@id":"https:\/\/wp.kristdemokraterna.se\/regionostergotland\/#website"},"datePublished":"2021-04-30T10:25:56+00:00","author":{"@id":"https:\/\/wp.kristdemokraterna.se\/regionostergotland\/#\/schema\/person\/74c3c4f502fcc489722a7be0dfe0088c"},"breadcrumb":{"@id":"https:\/\/wp.kristdemokraterna.se\/regionostergotland\/nyhetsbrev-vecka-17-4\/#breadcrumb"},"inLanguage":"sv-SE","potentialAction":[{"@type":"ReadAction","target":["https:\/\/wp.kristdemokraterna.se\/regionostergotland\/nyhetsbrev-vecka-17-4\/"]}]},{"@type":"BreadcrumbList","@id":"https:\/\/wp.kristdemokraterna.se\/regionostergotland\/nyhetsbrev-vecka-17-4\/#breadcrumb","itemListElement":[{"@type":"ListItem","position":1,"name":"Hem","item":"https:\/\/wp.kristdemokraterna.se\/regionostergotland\/"},{"@type":"ListItem","position":2,"name":"Nyhetsbrev vecka 17"}]},{"@type":"WebSite","@id":"https:\/\/wp.kristdemokraterna.se\/regionostergotland\/#website","url":"https:\/\/wp.kristdemokraterna.se\/regionostergotland\/","name":"i Region \u00d6sterg\u00f6tland","description":"","inLanguage":"sv-SE"},{"@type":"Person","@id":"https:\/\/wp.kristdemokraterna.se\/regionostergotland\/#\/schema\/person\/74c3c4f502fcc489722a7be0dfe0088c","name":"regionostergotland","image":{"@type":"ImageObject","inLanguage":"sv-SE","@id":"https:\/\/secure.gravatar.com\/avatar\/8fb8f0a216e627554da57506bfaf78d677f45512f24f703e185ec701423b1e92?s=96&d=mm&r=g","url":"https:\/\/secure.gravatar.com\/avatar\/8fb8f0a216e627554da57506bfaf78d677f45512f24f703e185ec701423b1e92?s=96&d=mm&r=g","contentUrl":"https:\/\/secure.gravatar.com\/avatar\/8fb8f0a216e627554da57506bfaf78d677f45512f24f703e185ec701423b1e92?s=96&d=mm&r=g","caption":"regionostergotland"},"url":"https:\/\/wp.kristdemokraterna.se\/regionostergotland\/author\/regionostergotland\/"}]}},"_links":{"self":[{"href":"https:\/\/wp.kristdemokraterna.se\/regionostergotland\/wp-json\/wp\/v2\/posts\/1635","targetHints":{"allow":["GET"]}}],"collection":[{"href":"https:\/\/wp.kristdemokraterna.se\/regionostergotland\/wp-json\/wp\/v2\/posts"}],"about":[{"href":"https:\/\/wp.kristdemokraterna.se\/regionostergotland\/wp-json\/wp\/v2\/types\/post"}],"author":[{"embeddable":true,"href":"https:\/\/wp.kristdemokraterna.se\/regionostergotland\/wp-json\/wp\/v2\/users\/737"}],"replies":[{"embeddable":true,"href":"https:\/\/wp.kristdemokraterna.se\/regionostergotland\/wp-json\/wp\/v2\/comments?post=1635"}],"version-history":[{"count":1,"href":"https:\/\/wp.kristdemokraterna.se\/regionostergotland\/wp-json\/wp\/v2\/posts\/1635\/revisions"}],"predecessor-version":[{"id":1637,"href":"https:\/\/wp.kristdemokraterna.se\/regionostergotland\/wp-json\/wp\/v2\/posts\/1635\/revisions\/1637"}],"wp:attachment":[{"href":"https:\/\/wp.kristdemokraterna.se\/regionostergotland\/wp-json\/wp\/v2\/media?parent=1635"}],"wp:term":[{"taxonomy":"category","embeddable":true,"href":"https:\/\/wp.kristdemokraterna.se\/regionostergotland\/wp-json\/wp\/v2\/categories?post=1635"},{"taxonomy":"post_tag","embeddable":true,"href":"https:\/\/wp.kristdemokraterna.se\/regionostergotland\/wp-json\/wp\/v2\/tags?post=1635"}],"curies":[{"name":"wp","href":"https:\/\/api.w.org\/{rel}","templated":true}]}}