{"id":1639,"date":"2021-05-07T16:00:34","date_gmt":"2021-05-07T14:00:34","guid":{"rendered":"https:\/\/wp.kristdemokraterna.se\/regionostergotland\/?p=1639"},"modified":"2021-05-07T16:00:34","modified_gmt":"2021-05-07T14:00:34","slug":"nyhetsbrev-vecka-18-6","status":"publish","type":"post","link":"https:\/\/wp.kristdemokraterna.se\/regionostergotland\/nyhetsbrev-vecka-18-6\/","title":{"rendered":"Nyhetsbrev vecka 18"},"content":{"rendered":"<p>Hej!<\/p>\n<p>Den f\u00f6rsta hela arbetsveckan i maj ligger snart bakom oss. Trots att maj \u00e4nd\u00e5 f\u00e5r anses vara den f\u00f6rsta sommarm\u00e5naden, har det varit alltf\u00f6r m\u00e5nga inslag av h\u00f6st- och vinterk\u00e4nsla i veckan\u2026 Det har ocks\u00e5 varit f\u00f6rsta veckan med p\u00e5bjuden \u2019personlig lockdown\u2019 i \u00d6sterg\u00f6tland med anledning av den omfattande smittspridningen. Ett litet ljus i m\u00f6rkret \u00e4r dock att antalet som testats positivt den senaste veckan har minskat n\u00e5got, vilket vi f\u00e5r hoppas \u00e4r b\u00f6rjan p\u00e5 en ned\u00e5tg\u00e5ende trend. Positivt \u00e4r f\u00f6rst\u00e5s ocks\u00e5 att vaccinationerna fortg\u00e5r p\u00e5 ett riktigt bra s\u00e4tt i \u00d6sterg\u00f6tland, och d\u00e4r nu drygt 40 procent av befolkningen f\u00e5tt den f\u00f6rsta dosen vaccin. P\u00e5 den regionpolitiska fronten har det varit en intensiv och inneh\u00e5llsrik vecka, och h\u00e4r kommer en resum\u00e9 i veckans nyhetsbrev. Trevlig l\u00e4sning!<!--more--><\/p>\n<p><strong>Kristdemokraternas remissvar p\u00e5 regional utvecklingsstrategi inl\u00e4mnat<\/strong><br \/>\nRedan f\u00f6rra fredagen var det sista dag att skicka in yttrande p\u00e5 remissversionen av ny regional utvecklingsstrategi f\u00f6r \u00d6sterg\u00f6tland. M\u00e5nga instanser har formulerat remissvar, kommuner, myndigheter, andra regioner, organisationer och flera av de politiska partierna i \u00d6sterg\u00f6tland. Kristdemokraterna i \u00d6sterg\u00f6tland \u00e4r en av alla dem som s\u00e4nt in ett remissvar, efter diskussioner under v\u00e5ren i bl.a. regiongruppen och det kommunpolitiska n\u00e4tverket. Vi lyfter bland annat ett st\u00e4rkt landsbygdsperspektiv, vikten av kommunikationer i hela regionen och \u00f6ver regiongr\u00e4nsen s\u00f6derut och betydelsen av den b\u00f6rdiga \u00f6stg\u00f6tska \u00e5kermarken ur s\u00e5v\u00e4l folkh\u00e4lso-, h\u00e5llbarhets- och f\u00f6rs\u00f6rjningsperspektiv. Du kan l\u00e4sa v\u00e5rt remissyttrande h\u00e4r: (<a href=\"https:\/\/dokument.regionostergotland.se\/regsam\/Utvecklingsstrategi%20%C3%96sterg%C3%B6tland\/Remissvar\/2021-04-30%20KD%20remissvar%20R%C3%96%20utvecklingsstrategi%20f%C3%B6r%20%C3%96sterg%C3%B6tland.pdf\" target=\"_blank\" rel=\"noopener\">https:\/\/dokument.regionostergotland.se\/regsam\/Utvecklingsstrategi%20%C3%96sterg%C3%B6tland\/Remissvar\/2021-04-30%20KD%20remissvar%20R%C3%96%20utvecklingsstrategi%20f%C3%B6r%20%C3%96sterg%C3%B6tland.pdf<\/a>)<\/p>\n<p><strong>Regionalt kompetensforum med inbjudna riksdagsledam\u00f6ter<\/strong><br \/>\nI m\u00e5ndags eftermiddag var det tr\u00e4ff igen f\u00f6r Regionalt kompetensforum, som samlar regionala akt\u00f6rer inom utbildnings- och kompetensf\u00f6rs\u00f6rjningsomr\u00e5det. En g\u00e5ng om \u00e5ret brukar de \u00f6stg\u00f6tska riksdagsledam\u00f6terna bjudas in till forumet, f\u00f6r information och dialog. I m\u00e5ndags var det dags f\u00f6r \u00e5rets tr\u00e4ff. Sex av riksdagsledam\u00f6terna p\u00e5 \u00f6stg\u00f6tab\u00e4nken i riksdagen hade h\u00f6rsammat inbjudan, d\u00e4ribland Kristdemokraternas Magnus Oscarsson. Efter inledande v\u00e4lkomstord fr\u00e5n Martin Toll\u00e9n (S) och mig fr\u00e5n regionutvecklingsn\u00e4mndens presidium, fick riksdagsledam\u00f6terna en b\u00e5de inneh\u00e5llsrik och effektiv presentation av Regionalt kompetensforum, deltagarna och de aktuella fr\u00e5gor forumet arbetar med. L\u00e4get p\u00e5 arbetsmarknaden i \u00d6sterg\u00f6tland, statistik \u00f6ver utbildning i regionen, betydelsen av studie- och yrkesv\u00e4gledning, fr\u00e5gan om att bli b\u00e4ttre p\u00e5 att f\u00f6rs\u00f6rja arbetsmarknaden med relevanta utbildningar, var n\u00e5gra av de fr\u00e5geomr\u00e5den som forumets medlemmar fr\u00e5n n\u00e4ringslivsorganisationer, arbetsgivareorganisationer, fackliga organisationer, myndigheter, utbildningsanordnare m.fl. lyfte fram.<\/p>\n<p><strong>M\u00f6te med V\u00e5rdf\u00f6rbundet i \u00d6sterg\u00f6tland<\/strong><br \/>\nM\u00e5ndagseftermiddagen fortsatte med ett intressant m\u00f6te med ledningen f\u00f6r V\u00e5rdf\u00f6rbundet i \u00d6sterg\u00f6tland, ordf\u00f6rande Emma Klingvall och vice ordf\u00f6rande Helene Esping, som under april och maj tr\u00e4ffar alla politiska partier i Region \u00d6sterg\u00f6tland. N\u00e5got de brukar g\u00f6ra en eller tv\u00e5 g\u00e5nger om \u00e5ret. Fr\u00e5n Kristdemokraterna var det denna g\u00e5ng Anders Eksmo, ledamot i regionstyrelsen och jag som tr\u00e4ffade V\u00e5rdf\u00f6rbundet. Det blev ett bra samtal om den pressade situationen f\u00f6r personalen i v\u00e5rden, och diskussion om m\u00f6jlighet f\u00f6r \u00e5terh\u00e4mtning, arbetstidsmodeller, digitalisering och automatisering. Flera bra medskick till oss fr\u00e5n V\u00e5rdf\u00f6rbundet, och ocks\u00e5 m\u00f6jlighet f\u00f6r oss att lyfta fram nationella och regionala f\u00f6rslag fr\u00e5n Kristdemokraterna n\u00e4r det g\u00e4ller t.ex. \u00e5terh\u00e4mtning. Tack f\u00f6r ett givande samtal!<\/p>\n<p><strong>Regiongruppens digitala turn\u00e9 g\u00e4stade Link\u00f6ping<\/strong><br \/>\nSom jag ber\u00e4ttat om i flera tidigare nyhetsbrev, genomf\u00f6r vi fr\u00e5n regiongruppen under v\u00e5ren en digital turn\u00e9 till Kristdemokraternas partiavdelningar i \u00d6sterg\u00f6tland, f\u00f6r att f\u00e5nga upp id\u00e9er och f\u00f6rslag till det kommande regionala valprogrammet inf\u00f6r regionvalet 2022. I m\u00e5ndags kv\u00e4ll hade turen kommit till Kristdemokraterna i Link\u00f6ping, d\u00e4r en engagerad grupp fr\u00e5n s\u00e5v\u00e4l den kommunpolitiska gruppen som partiavdelningens styrelse sl\u00f6t upp och skickade med oss flera olika id\u00e9er inom de flesta av regionens olika ansvarsomr\u00e5den. Tack s\u00e5 mycket f\u00f6r det!<\/p>\n<p><strong>Debattartikel om motion fr\u00e5n KD och M om analys av energibehov<\/strong><br \/>\nI tisdagens utg\u00e5va av tidningen Folkbladet hade vi fr\u00e5n Kristdemokraterna och Moderaterna i regionen, genom Jan Owe-Larsson (M) och mig, en debattartikel utifr\u00e5n den motion vi l\u00e4mnat in till regionfullm\u00e4ktige om att regionalt g\u00f6ra en analys av energibehov, d\u00e4r vi ocks\u00e5 konstaterar att det \u00e4r ett fatalt misstag att st\u00e4nga fossilfria k\u00e4rnkraftverk. Du kan l\u00e4sa hela debattartikeln h\u00e4r: (<a href=\"https:\/\/folkbladet.se\/asikter\/debatt\/artikel\/fatala-misstag-att-stanga-fossilfria-karnkraftverk\/jnx40kmr\" target=\"_blank\" rel=\"noopener\">https:\/\/folkbladet.se\/asikter\/debatt\/artikel\/fatala-misstag-att-stanga-fossilfria-karnkraftverk\/jnx40kmr<\/a>).<\/p>\n<p><strong>Regionutvecklingsn\u00e4mndens presidium i m\u00f6te med regionens skolor<\/strong><br \/>\nP\u00e5 tisdagsf\u00f6rmiddagen hade regionutvecklingsn\u00e4mndens presidium tre m\u00f6ten p\u00e5 rad. Ett ordinarie presidiem\u00f6te, f\u00f6ljt av ett m\u00f6te med rektor f\u00f6r Lunnevads folkh\u00f6gskola och ett m\u00f6te med skolchef f\u00f6r Naturbruksgymnasiet i \u00d6sterg\u00f6tland. Vid det ordinarie presidiem\u00f6tet fick vi bl.a. en uppdatering av arbetet med att revidera regionens strategi f\u00f6r smart specialisering fr\u00e5n ansvarig strateg Niklas Tideklev och information om p\u00e5g\u00e5ende diskussioner kring f\u00f6r\u00e4ndring av strukturfondspartnerskapen som prioriterar mellan ans\u00f6kningar fr\u00e5n EU:s strukturfonder inf\u00f6r den kommande nya budgetperioden i EU, fr\u00e5n enhetschef Lotten Carlsson. N\u00e4r det g\u00e4ller regionens skolor, gav b\u00e5de Lunnevads rektor Lena Sahrblom och Naturbruksgymnasiets skolchef Ingela Appelsved, aktuell information om skolornas hantering av Covid-19, med bl.a. distansundervisning, men ocks\u00e5 i b\u00e5da fallen positiva signaler kring ans\u00f6kningar inf\u00f6r n\u00e4sta l\u00e4s\u00e5r.<\/p>\n<p><strong>Justering av regionfullm\u00e4ktiges protokoll<\/strong><br \/>\nPrecis som vid regionfullm\u00e4ktiges sammantr\u00e4de i februari, fick jag vid fullm\u00e4ktigem\u00f6tet i april, hoppa in som justeringsperson och r\u00f6str\u00e4knare i st\u00e4llet f\u00f6r Elvira Wibeck, som i egenskap av andre vice ordf\u00f6rande i regionfullm\u00e4ktige, normalt sett har uppdraget, men \u00e4r f\u00f6r\u00e4ldraledig under v\u00e5ren. I tisdags eftermiddag intr\u00e4ffade d\u00e4rf\u00f6r veckans enda fysiska bes\u00f6k i regionhuset, f\u00f6r att s\u00e4tta min signatur p\u00e5 101 sidor fullm\u00e4ktigeprotokoll fr\u00e5n 20 april. Extra trevligt att p\u00e5 flera sidor l\u00e4sa om inl\u00e4gg, yrkanden, protokollsanteckningar, interpellation och motioner fr\u00e5n Kristdemokraterna!<\/p>\n<p><strong>Kristdemokraternas gruppm\u00f6te g\u00e4stades av tandv\u00e5rdsdirekt\u00f6r<\/strong><br \/>\nI tisdags kv\u00e4ll var det dags f\u00f6r maj m\u00e5nads gruppm\u00f6te f\u00f6r Kristdemokraternas regiongrupp. Som vanligt inleddes kv\u00e4llen med n\u00e4mndvisa gruppm\u00f6ten tillsammans med Moderaterna f\u00f6r f\u00f6rberedelser inf\u00f6r kommande n\u00e4mndsammantr\u00e4den. D\u00e4refter f\u00f6ljde Kristdemokraternas eget gruppm\u00f6te, som inleddes med m\u00e5nadens g\u00e4st, tandv\u00e5rdsdirekt\u00f6r Anna Carin Dahlgren fr\u00e5n Folktandv\u00e5rden, som ber\u00e4ttade om hur pandemin p\u00e5verkat tandv\u00e5rden, men ocks\u00e5 gav en allm\u00e4n introduktion till Folktandv\u00e5rden och olika utvecklingsplaner fram\u00e5t. Gruppm\u00f6tet samtalade ocks\u00e5 om bl.a. kommande politiska ageranden, aktuellt l\u00e4ge avseende Covid-19 och situationen f\u00f6r tillg\u00e4nglighet och framskjuten v\u00e5rd i \u00d6sterg\u00f6tland.<\/p>\n<p><strong>Heldigitalt sammantr\u00e4de med regionutvecklingsn\u00e4mnden<\/strong><br \/>\nSedan november 2020 har regionutvecklingsn\u00e4mndens sammantr\u00e4den genomf\u00f6rts p\u00e5 Zoom, men ordf\u00f6rande Eva Andersson (S), jag som andre vice ordf\u00f6rande och regionutvecklingsdirekt\u00f6r Richard Wid\u00e9n har varit p\u00e5 plats fysiskt i Sessionssalen tillsammans med n\u00e4mndsekreterare Anna Nordstr\u00f6m. I onsdags n\u00e4r n\u00e4mndens majsammantr\u00e4de genomf\u00f6rdes, var dock Anna ensam i Sessionssalen och alla \u00f6vriga deltog hemifr\u00e5n via Zoom, med tanke p\u00e5 den f\u00f6rra fredagen aviserade \u2019personliga lockdown\u2019 som ska r\u00e5da i \u00d6sterg\u00f6tland under minst tv\u00e5 veckor. Antalet besluts\u00e4renden var inte m\u00e5nga denna m\u00e5nad, men desto flera informationspunkter. Bland annat information kring flera kommande projekt finansierade av EU:s strukturfonder, bl.a. kopplade till \u00e5terh\u00e4mtning efter pandemin inom React EU. M\u00f6tet g\u00e4stades ocks\u00e5 av Mats Philipsson, vd f\u00f6r Almi \u00d6sterg\u00f6tland, som informerade om Almis arbete med r\u00e5dgivning och utl\u00e5ning till sm\u00e5 och mellanstora f\u00f6retag, s\u00e5v\u00e4l \u00e5tg\u00e4rder med anledning av pandemin, som ordinarie verksamhet. N\u00e4mnden fick ocks\u00e5 en f\u00f6redragning av nya regionala st\u00f6dformer inom kulturomr\u00e5det och de extra \u00e5terh\u00e4mtningsmedel som beslutats med anledning av pandemin.<\/p>\n<p><strong>M\u00f6te med regionutvecklingsn\u00e4mndens kunskapsgrupp Kultur och friluftsliv<\/strong><br \/>\nDirekt efter onsdagens sammantr\u00e4de med regionutvecklingsn\u00e4mnden, h\u00f6lls sammantr\u00e4den med tv\u00e5 av n\u00e4mndens tre kunskapsgrupper. Vi tre i n\u00e4mndens presidium leder varsin kunskapsgrupp, och jag har uppdraget att sammankalla kunskapsgruppen Kultur och friluftsliv. Vid onsdagens m\u00f6te fick vi en introduktion till kunskapsgruppens ena bevakningsomr\u00e5de, friluftsliv. Ansvarig strateg i regionen, Anne Heder\u00e9n g\u00e4stade m\u00f6tet, liksom Johan Henriksson (L), ordf\u00f6rande f\u00f6r natur- och friluftsr\u00e5det, som sorterar under n\u00e4mnden. De informerade om r\u00e5dets arbete, olika p\u00e5g\u00e5ende satsningar p\u00e5 \u00d6stg\u00f6taleden men ocks\u00e5 mer generella fr\u00e5gor kring friluftslivsomr\u00e5dets koppling till folkh\u00e4lsa, samh\u00e4llsplanering, landsbygdsutveckling och bes\u00f6ksn\u00e4ring.<\/p>\n<p><strong>\u201dF\u00f6ssta tossdan\u201d \u2013 premi\u00e4r f\u00f6r miniutbildning med East Sweden Business Region<\/strong><br \/>\nI g\u00e5r torsdag var det premi\u00e4r f\u00f6r en serie miniutbildningar arrangerade av East Sweden Business Region, som \u00e4r ett n\u00e4tverk f\u00f6r akt\u00f6rer inom n\u00e4ringslivets st\u00f6dsystem i \u00d6sterg\u00f6tland, med en l\u00e5ng rad medlemmar fr\u00e5n bl.a. kommunernas n\u00e4ringslivskontor, regionala n\u00e4ringslivsorganisationer, teknikparker m.fl. Region \u00d6sterg\u00f6tland samordnar och leder n\u00e4tverket med Cecilia Hunnershage Sandgren, strateg p\u00e5 enheten f\u00f6r regional tillv\u00e4xt, i spetsen. Tanken \u00e4r att den f\u00f6rsta torsdagen i varje m\u00e5nad bjuda in till en halvtimmes miniutbildning klockan \u00e5tta p\u00e5 morgonen. Premi\u00e4rtillf\u00e4llet ig\u00e5r hade Norrk\u00f6ping Science Park som \u00e4mne, d\u00e4r vice vd Jonas Nilsson presenterade verksamheten, n\u00e5gra uppm\u00e4rksammade f\u00f6retag som sprungit ur parken och vilka fokus- och profilomr\u00e5den man arbetar med fram\u00e5t.<\/p>\n<p><strong>Kulturarvsdagen v\u00e5ren 2021<\/strong><br \/>\nTorsdagen fortsatte med Kulturarvsdagen arrangerad av \u00d6sterg\u00f6tlands Museum. P\u00e5 programmet stod bl.a. information om vad som \u00e4r p\u00e5 g\u00e5ng med ombyggnation och f\u00f6r\u00e4ndringar p\u00e5 \u00d6sterg\u00f6tlands Museum fram till \u00e5ter\u00f6ppnandet i november, fr\u00e5n museichef Olof Hermelin och avdelningschef Gabriela Huk. Det bj\u00f6ds ocks\u00e5 en f\u00f6redragning fr\u00e5n Johan Graffman, som p\u00e5 Sveriges Hembygdsf\u00f6rbunds uppdrag gjort en f\u00f6rstudie om f\u00f6ruts\u00e4ttningarna att st\u00e4rka omr\u00e5dets position inom bes\u00f6ksn\u00e4ringen. Marie \u00d6stholm fr\u00e5n Svenska industriminnesf\u00f6reningen talade om arbetet att g\u00f6ra historiska industrimilj\u00f6er till attraktiva bes\u00f6ksm\u00e5l, och som avslutning p\u00e5 dagen fick vi se en film fr\u00e5n n\u00e4r \u00d6sterg\u00f6tlands Arkivf\u00f6rbund nyligen delade ut \u00e5rets kulturarvspris till Carina Jarhall f\u00f6r sitt engagemang som ordf\u00f6rande i F\u00f6reningen Bersbo Koppargruvor. Filmen fr\u00e5n utdelningen finns att se h\u00e4r: (<a href=\"https:\/\/youtu.be\/VeuEBmSGKIE\" target=\"_blank\" rel=\"noopener\">https:\/\/youtu.be\/VeuEBmSGKIE<\/a>).<\/p>\n<p><strong>Kulturn\u00e4tverk mellan Region \u00d6sterg\u00f6tland och kommunerna i \u00d6sterg\u00f6tland<\/strong><br \/>\nIdag fredag h\u00f6lls \u00e5rets andra m\u00f6te med Kulturn\u00e4tverket mellan kulturpolitiskt ansvariga f\u00f6rtroendevalda och tj\u00e4nstpersoner i regionen och kommunerna i \u00d6sterg\u00f6tland. P\u00e5 dagordningen stod bl.a. en f\u00f6redragning fr\u00e5n Hanna Borgdal vid Myndigheten f\u00f6r kulturanalys, kring den \u00f6versyn som myndigheten har gjort om pandemins p\u00e5verkan p\u00e5 kulturomr\u00e5det och vilka \u00e5tg\u00e4rder och insatser som vidtagits p\u00e5 olika politiska niv\u00e5er f\u00f6r att m\u00f6ta konsekvenserna f\u00f6r kulturlivet. Varje kommun fick ocks\u00e5 m\u00f6jlighet att presentera aktuellt l\u00e4ge f\u00f6r kulturen i respektive kommun kopplat till pandemins p\u00e5verkan, men ocks\u00e5 mer fram\u00e5tsyftande planer p\u00e5 l\u00e4ngre sikt. \u00c4ven n\u00e5gra informationspunkter fr\u00e5n regionen hanns med, bl.a. kring de nya regionala st\u00f6dformerna som nyligen beslutats.<\/p>\n<p>Just nu ser det i v\u00e4derprognosen ut som att det finns en del solchanser i helgen och n\u00e5got h\u00f6gre temperatur \u00e4n vad flera av veckans arbetsdagar bjudit p\u00e5. Om det h\u00e5ller i sig hoppas jag att m\u00e5nga av oss f\u00e5r chans att ge oss ut i den spirande \u00f6stg\u00f6tska naturen! I vilket fall som helst \u00f6nskar jag er alla en fin helg!<\/p>\n<p>Med v\u00e4nlig h\u00e4lsning<br \/>\nPer Larsson<br \/>\nOppositionsr\u00e5d och gruppledare<br \/>\nKristdemokraterna i Region \u00d6sterg\u00f6tland<br \/>\ntfn 010-103 72 84 (arb)<br \/>\ntfn 0702-88 21 34 (mobil)<br \/>\nper.larsson@regionostergotland.se<\/p>\n<p>&nbsp;<\/p>\n","protected":false},"excerpt":{"rendered":"<p>Hej! Den f\u00f6rsta hela arbetsveckan i maj ligger snart bakom oss. Trots att maj \u00e4nd\u00e5 f\u00e5r anses vara den f\u00f6rsta sommarm\u00e5naden, har det varit alltf\u00f6r m\u00e5nga inslag av h\u00f6st- och vinterk\u00e4nsla i veckan\u2026 Det har ocks\u00e5 varit f\u00f6rsta veckan med p\u00e5bjuden \u2019personlig lockdown\u2019 i \u00d6sterg\u00f6tland med anledning av den omfattande smittspridningen. Ett litet ljus i <a class=\"read-more-link\" href=\"https:\/\/wp.kristdemokraterna.se\/regionostergotland\/nyhetsbrev-vecka-18-6\/\">Read More<\/a><\/p>\n","protected":false},"author":737,"featured_media":0,"comment_status":"closed","ping_status":"closed","sticky":false,"template":"","format":"standard","meta":{"_acf_changed":false,"footnotes":""},"categories":[1],"tags":[],"class_list":["post-1639","post","type-post","status-publish","format-standard","hentry","category-nyheter"],"acf":[],"yoast_head":"<!-- This site is optimized with the Yoast SEO plugin v27.5 - https:\/\/yoast.com\/product\/yoast-seo-wordpress\/ -->\n<title>Nyhetsbrev vecka 18 - i Region \u00d6sterg\u00f6tland<\/title>\n<meta name=\"robots\" content=\"index, follow, max-snippet:-1, max-image-preview:large, max-video-preview:-1\" \/>\n<link rel=\"canonical\" href=\"https:\/\/wp.kristdemokraterna.se\/regionostergotland\/nyhetsbrev-vecka-18-6\/\" \/>\n<meta property=\"og:locale\" content=\"sv_SE\" \/>\n<meta property=\"og:type\" content=\"article\" \/>\n<meta property=\"og:title\" content=\"Nyhetsbrev vecka 18 - i Region \u00d6sterg\u00f6tland\" \/>\n<meta property=\"og:description\" content=\"Hej! Den f\u00f6rsta hela arbetsveckan i maj ligger snart bakom oss. Trots att maj \u00e4nd\u00e5 f\u00e5r anses vara den f\u00f6rsta sommarm\u00e5naden, har det varit alltf\u00f6r m\u00e5nga inslag av h\u00f6st- och vinterk\u00e4nsla i veckan\u2026 Det har ocks\u00e5 varit f\u00f6rsta veckan med p\u00e5bjuden \u2019personlig lockdown\u2019 i \u00d6sterg\u00f6tland med anledning av den omfattande smittspridningen. Ett litet ljus i Read More\" \/>\n<meta property=\"og:url\" content=\"https:\/\/wp.kristdemokraterna.se\/regionostergotland\/nyhetsbrev-vecka-18-6\/\" \/>\n<meta property=\"og:site_name\" content=\"i Region \u00d6sterg\u00f6tland\" \/>\n<meta property=\"article:published_time\" content=\"2021-05-07T14:00:34+00:00\" \/>\n<meta property=\"og:image\" content=\"https:\/\/wp.kristdemokraterna.se\/regionostergotland\/files\/2021\/05\/bild-nyhetsbrev-vecka-18-2021.jpg\" \/>\n\t<meta property=\"og:image:width\" content=\"2048\" \/>\n\t<meta property=\"og:image:height\" content=\"1287\" \/>\n\t<meta property=\"og:image:type\" content=\"image\/jpeg\" \/>\n<meta name=\"author\" content=\"regionostergotland\" \/>\n<meta name=\"twitter:card\" content=\"summary_large_image\" \/>\n<meta name=\"twitter:label1\" content=\"Skriven av\" \/>\n\t<meta name=\"twitter:data1\" content=\"regionostergotland\" \/>\n\t<meta name=\"twitter:label2\" content=\"Ber\u00e4knad l\u00e4stid\" \/>\n\t<meta name=\"twitter:data2\" content=\"8 minuter\" \/>\n<script type=\"application\/ld+json\" class=\"yoast-schema-graph\">{\"@context\":\"https:\\\/\\\/schema.org\",\"@graph\":[{\"@type\":\"Article\",\"@id\":\"https:\\\/\\\/wp.kristdemokraterna.se\\\/regionostergotland\\\/nyhetsbrev-vecka-18-6\\\/#article\",\"isPartOf\":{\"@id\":\"https:\\\/\\\/wp.kristdemokraterna.se\\\/regionostergotland\\\/nyhetsbrev-vecka-18-6\\\/\"},\"author\":{\"name\":\"regionostergotland\",\"@id\":\"https:\\\/\\\/wp.kristdemokraterna.se\\\/regionostergotland\\\/#\\\/schema\\\/person\\\/74c3c4f502fcc489722a7be0dfe0088c\"},\"headline\":\"Nyhetsbrev vecka 18\",\"datePublished\":\"2021-05-07T14:00:34+00:00\",\"mainEntityOfPage\":{\"@id\":\"https:\\\/\\\/wp.kristdemokraterna.se\\\/regionostergotland\\\/nyhetsbrev-vecka-18-6\\\/\"},\"wordCount\":2114,\"articleSection\":[\"Nyheter\"],\"inLanguage\":\"sv-SE\"},{\"@type\":\"WebPage\",\"@id\":\"https:\\\/\\\/wp.kristdemokraterna.se\\\/regionostergotland\\\/nyhetsbrev-vecka-18-6\\\/\",\"url\":\"https:\\\/\\\/wp.kristdemokraterna.se\\\/regionostergotland\\\/nyhetsbrev-vecka-18-6\\\/\",\"name\":\"Nyhetsbrev vecka 18 - i Region \u00d6sterg\u00f6tland\",\"isPartOf\":{\"@id\":\"https:\\\/\\\/wp.kristdemokraterna.se\\\/regionostergotland\\\/#website\"},\"datePublished\":\"2021-05-07T14:00:34+00:00\",\"author\":{\"@id\":\"https:\\\/\\\/wp.kristdemokraterna.se\\\/regionostergotland\\\/#\\\/schema\\\/person\\\/74c3c4f502fcc489722a7be0dfe0088c\"},\"breadcrumb\":{\"@id\":\"https:\\\/\\\/wp.kristdemokraterna.se\\\/regionostergotland\\\/nyhetsbrev-vecka-18-6\\\/#breadcrumb\"},\"inLanguage\":\"sv-SE\",\"potentialAction\":[{\"@type\":\"ReadAction\",\"target\":[\"https:\\\/\\\/wp.kristdemokraterna.se\\\/regionostergotland\\\/nyhetsbrev-vecka-18-6\\\/\"]}]},{\"@type\":\"BreadcrumbList\",\"@id\":\"https:\\\/\\\/wp.kristdemokraterna.se\\\/regionostergotland\\\/nyhetsbrev-vecka-18-6\\\/#breadcrumb\",\"itemListElement\":[{\"@type\":\"ListItem\",\"position\":1,\"name\":\"Hem\",\"item\":\"https:\\\/\\\/wp.kristdemokraterna.se\\\/regionostergotland\\\/\"},{\"@type\":\"ListItem\",\"position\":2,\"name\":\"Nyhetsbrev vecka 18\"}]},{\"@type\":\"WebSite\",\"@id\":\"https:\\\/\\\/wp.kristdemokraterna.se\\\/regionostergotland\\\/#website\",\"url\":\"https:\\\/\\\/wp.kristdemokraterna.se\\\/regionostergotland\\\/\",\"name\":\"i Region \u00d6sterg\u00f6tland\",\"description\":\"\",\"inLanguage\":\"sv-SE\"},{\"@type\":\"Person\",\"@id\":\"https:\\\/\\\/wp.kristdemokraterna.se\\\/regionostergotland\\\/#\\\/schema\\\/person\\\/74c3c4f502fcc489722a7be0dfe0088c\",\"name\":\"regionostergotland\",\"image\":{\"@type\":\"ImageObject\",\"inLanguage\":\"sv-SE\",\"@id\":\"https:\\\/\\\/secure.gravatar.com\\\/avatar\\\/8fb8f0a216e627554da57506bfaf78d677f45512f24f703e185ec701423b1e92?s=96&d=mm&r=g\",\"url\":\"https:\\\/\\\/secure.gravatar.com\\\/avatar\\\/8fb8f0a216e627554da57506bfaf78d677f45512f24f703e185ec701423b1e92?s=96&d=mm&r=g\",\"contentUrl\":\"https:\\\/\\\/secure.gravatar.com\\\/avatar\\\/8fb8f0a216e627554da57506bfaf78d677f45512f24f703e185ec701423b1e92?s=96&d=mm&r=g\",\"caption\":\"regionostergotland\"},\"url\":\"https:\\\/\\\/wp.kristdemokraterna.se\\\/regionostergotland\\\/author\\\/regionostergotland\\\/\"}]}<\/script>\n<!-- \/ Yoast SEO plugin. -->","yoast_head_json":{"title":"Nyhetsbrev vecka 18 - i Region \u00d6sterg\u00f6tland","robots":{"index":"index","follow":"follow","max-snippet":"max-snippet:-1","max-image-preview":"max-image-preview:large","max-video-preview":"max-video-preview:-1"},"canonical":"https:\/\/wp.kristdemokraterna.se\/regionostergotland\/nyhetsbrev-vecka-18-6\/","og_locale":"sv_SE","og_type":"article","og_title":"Nyhetsbrev vecka 18 - i Region \u00d6sterg\u00f6tland","og_description":"Hej! Den f\u00f6rsta hela arbetsveckan i maj ligger snart bakom oss. Trots att maj \u00e4nd\u00e5 f\u00e5r anses vara den f\u00f6rsta sommarm\u00e5naden, har det varit alltf\u00f6r m\u00e5nga inslag av h\u00f6st- och vinterk\u00e4nsla i veckan\u2026 Det har ocks\u00e5 varit f\u00f6rsta veckan med p\u00e5bjuden \u2019personlig lockdown\u2019 i \u00d6sterg\u00f6tland med anledning av den omfattande smittspridningen. Ett litet ljus i Read More","og_url":"https:\/\/wp.kristdemokraterna.se\/regionostergotland\/nyhetsbrev-vecka-18-6\/","og_site_name":"i Region \u00d6sterg\u00f6tland","article_published_time":"2021-05-07T14:00:34+00:00","og_image":[{"width":2048,"height":1287,"url":"https:\/\/wp.kristdemokraterna.se\/regionostergotland\/files\/2021\/05\/bild-nyhetsbrev-vecka-18-2021.jpg","type":"image\/jpeg"}],"author":"regionostergotland","twitter_card":"summary_large_image","twitter_misc":{"Skriven av":"regionostergotland","Ber\u00e4knad l\u00e4stid":"8 minuter"},"schema":{"@context":"https:\/\/schema.org","@graph":[{"@type":"Article","@id":"https:\/\/wp.kristdemokraterna.se\/regionostergotland\/nyhetsbrev-vecka-18-6\/#article","isPartOf":{"@id":"https:\/\/wp.kristdemokraterna.se\/regionostergotland\/nyhetsbrev-vecka-18-6\/"},"author":{"name":"regionostergotland","@id":"https:\/\/wp.kristdemokraterna.se\/regionostergotland\/#\/schema\/person\/74c3c4f502fcc489722a7be0dfe0088c"},"headline":"Nyhetsbrev vecka 18","datePublished":"2021-05-07T14:00:34+00:00","mainEntityOfPage":{"@id":"https:\/\/wp.kristdemokraterna.se\/regionostergotland\/nyhetsbrev-vecka-18-6\/"},"wordCount":2114,"articleSection":["Nyheter"],"inLanguage":"sv-SE"},{"@type":"WebPage","@id":"https:\/\/wp.kristdemokraterna.se\/regionostergotland\/nyhetsbrev-vecka-18-6\/","url":"https:\/\/wp.kristdemokraterna.se\/regionostergotland\/nyhetsbrev-vecka-18-6\/","name":"Nyhetsbrev vecka 18 - i Region \u00d6sterg\u00f6tland","isPartOf":{"@id":"https:\/\/wp.kristdemokraterna.se\/regionostergotland\/#website"},"datePublished":"2021-05-07T14:00:34+00:00","author":{"@id":"https:\/\/wp.kristdemokraterna.se\/regionostergotland\/#\/schema\/person\/74c3c4f502fcc489722a7be0dfe0088c"},"breadcrumb":{"@id":"https:\/\/wp.kristdemokraterna.se\/regionostergotland\/nyhetsbrev-vecka-18-6\/#breadcrumb"},"inLanguage":"sv-SE","potentialAction":[{"@type":"ReadAction","target":["https:\/\/wp.kristdemokraterna.se\/regionostergotland\/nyhetsbrev-vecka-18-6\/"]}]},{"@type":"BreadcrumbList","@id":"https:\/\/wp.kristdemokraterna.se\/regionostergotland\/nyhetsbrev-vecka-18-6\/#breadcrumb","itemListElement":[{"@type":"ListItem","position":1,"name":"Hem","item":"https:\/\/wp.kristdemokraterna.se\/regionostergotland\/"},{"@type":"ListItem","position":2,"name":"Nyhetsbrev vecka 18"}]},{"@type":"WebSite","@id":"https:\/\/wp.kristdemokraterna.se\/regionostergotland\/#website","url":"https:\/\/wp.kristdemokraterna.se\/regionostergotland\/","name":"i Region \u00d6sterg\u00f6tland","description":"","inLanguage":"sv-SE"},{"@type":"Person","@id":"https:\/\/wp.kristdemokraterna.se\/regionostergotland\/#\/schema\/person\/74c3c4f502fcc489722a7be0dfe0088c","name":"regionostergotland","image":{"@type":"ImageObject","inLanguage":"sv-SE","@id":"https:\/\/secure.gravatar.com\/avatar\/8fb8f0a216e627554da57506bfaf78d677f45512f24f703e185ec701423b1e92?s=96&d=mm&r=g","url":"https:\/\/secure.gravatar.com\/avatar\/8fb8f0a216e627554da57506bfaf78d677f45512f24f703e185ec701423b1e92?s=96&d=mm&r=g","contentUrl":"https:\/\/secure.gravatar.com\/avatar\/8fb8f0a216e627554da57506bfaf78d677f45512f24f703e185ec701423b1e92?s=96&d=mm&r=g","caption":"regionostergotland"},"url":"https:\/\/wp.kristdemokraterna.se\/regionostergotland\/author\/regionostergotland\/"}]}},"_links":{"self":[{"href":"https:\/\/wp.kristdemokraterna.se\/regionostergotland\/wp-json\/wp\/v2\/posts\/1639","targetHints":{"allow":["GET"]}}],"collection":[{"href":"https:\/\/wp.kristdemokraterna.se\/regionostergotland\/wp-json\/wp\/v2\/posts"}],"about":[{"href":"https:\/\/wp.kristdemokraterna.se\/regionostergotland\/wp-json\/wp\/v2\/types\/post"}],"author":[{"embeddable":true,"href":"https:\/\/wp.kristdemokraterna.se\/regionostergotland\/wp-json\/wp\/v2\/users\/737"}],"replies":[{"embeddable":true,"href":"https:\/\/wp.kristdemokraterna.se\/regionostergotland\/wp-json\/wp\/v2\/comments?post=1639"}],"version-history":[{"count":1,"href":"https:\/\/wp.kristdemokraterna.se\/regionostergotland\/wp-json\/wp\/v2\/posts\/1639\/revisions"}],"predecessor-version":[{"id":1641,"href":"https:\/\/wp.kristdemokraterna.se\/regionostergotland\/wp-json\/wp\/v2\/posts\/1639\/revisions\/1641"}],"wp:attachment":[{"href":"https:\/\/wp.kristdemokraterna.se\/regionostergotland\/wp-json\/wp\/v2\/media?parent=1639"}],"wp:term":[{"taxonomy":"category","embeddable":true,"href":"https:\/\/wp.kristdemokraterna.se\/regionostergotland\/wp-json\/wp\/v2\/categories?post=1639"},{"taxonomy":"post_tag","embeddable":true,"href":"https:\/\/wp.kristdemokraterna.se\/regionostergotland\/wp-json\/wp\/v2\/tags?post=1639"}],"curies":[{"name":"wp","href":"https:\/\/api.w.org\/{rel}","templated":true}]}}